{"id":3678,"date":"2025-07-07T11:13:31","date_gmt":"2025-07-07T11:13:31","guid":{"rendered":"https:\/\/univers.tg\/?p=3678"},"modified":"2025-07-07T11:13:33","modified_gmt":"2025-07-07T11:13:33","slug":"foire-adjafi-une-programmation-musicale-exceptionnelle-pour-la-13e-edition","status":"publish","type":"post","link":"https:\/\/univers.tg\/index.php\/2025\/07\/07\/foire-adjafi-une-programmation-musicale-exceptionnelle-pour-la-13e-edition\/","title":{"rendered":"Foire Adjafi : une programmation musicale exceptionnelle pour la 13e \u00e9dition"},"content":{"rendered":"\n<p><\/p>\n\n\n\n<p>La 13e \u00e9dition de la Foire Adjafi, pr\u00e9vue du 21 ao\u00fbt au 7 septembre 2025 \u00e0 Ago\u00e8-Nyiv\u00e9, entend marquer un moment festif et culturel avec une s\u00e9rie de concerts pens\u00e9s pour f\u00e9d\u00e9rer les jeunes autour de l\u2019entrepreneuriat. Sous le th\u00e8me \u00ab Am\u00e9liorer le packaging des produits togolais pour une meilleure comp\u00e9titivit\u00e9 des TPME sur le march\u00e9 de la ZLECAF \u00bb, l\u2019\u00e9v\u00e9nement mettra en avant, au-del\u00e0 des expositions, une programmation musicale forte. Dans une intetMarius Maxime Komlan Minasseh, pr\u00e9sident du comit\u00e9 d\u2019organisation, affirme : \u00ab Les concerts, pour parler comme au football, c\u2019est notre force de frappe. Nous nous adressons \u00e0 un public jeune, et nous consid\u00e9rons notre foire comme une f\u00eate annuelle des jeunes entrepreneurs \u00bb.<\/p>\n\n\n\n<p>Le ton est donc donn\u00e9, l&rsquo;\u00e9dition 2025 de la Foire Adjafi ne sera pas uniquement un carrefour \u00e9conomique, mais \u00e9galement un espace festif o\u00f9 se croisent talents musicaux et initiatives entrepreneuriales. \u00ab Nous allons offrir une programmation exceptionnelle cette ann\u00e9e encore, avec des artistes togolais tr\u00e8s suivis, et si tout se passe bien, avec un ou des artistes de la sous-r\u00e9gion \u00bb, ajoute M. Minasseh. Cette orientation vise \u00e0 attirer un public plus large, renforcer l\u2019aura de l\u2019\u00e9v\u00e9nement et permettre une meilleure visibilit\u00e9 des produits locaux expos\u00e9s.<\/p>\n\n\n\n<p>Ce volet musical s\u2019inscrit dans une strat\u00e9gie globale qui reconna\u00eet le r\u00f4le central de la jeunesse dans l\u2019\u00e9cosyst\u00e8me entrepreneurial togolais. \u00ab Nous f\u00eatons la jeunesse, l\u2019entrepreneuriat, et toutes les valeurs qui permettent aux jeunes de r\u00e9clamer et obtenir leur autonomie \u00bb, explique le pr\u00e9sident du comit\u00e9. L\u2019id\u00e9e est de cr\u00e9er un environnement festif, stimulant et propice aux \u00e9changes, \u00e0 la d\u00e9couverte et \u00e0 l\u2019engagement du grand public autour des TPME.<\/p>\n\n\n\n<p>En parall\u00e8le de ces animations, un salon professionnel de la musique est \u00e9galement pr\u00e9vu. Il r\u00e9unira des acteurs de l\u2019industrie musicale autour de panels pour identifier les opportunit\u00e9s \u00e9conomiques de ce secteur dans le contexte de la ZLECAF. \u00ab Apr\u00e8s 12 ans, on a voulu mettre en place un cadre pour permettre \u00e0 cette industrie de se d\u00e9velopper \u00e9galement, et de structurer des opportunit\u00e9s d\u2019emplois pour les jeunes Togolais \u00bb, pr\u00e9cise M. Minasseh.<\/p>\n\n\n\n<p>Avec ce programme \u00e9toff\u00e9, la Foire Adjafi version 2025 ambitionne de renforcer son positionnement comme un \u00e9v\u00e9nement hybride : \u00e0 la fois vitrine de l\u2019entrepreneuriat jeune, centre de formation et lieu de divertissement populaire. Un pari que le comit\u00e9 d\u2019organisation entend relever avec \u00e9nergie, innovation et ouverture sur le continent africain.<\/p>\n","protected":false},"excerpt":{"rendered":"<p>La 13e \u00e9dition de la Foire Adjafi, pr\u00e9vue du 21 ao\u00fbt au 7 septembre 2025 \u00e0 Ago\u00e8-Nyiv\u00e9, entend marquer un moment festif et culturel avec une s\u00e9rie de concerts pens\u00e9s pour f\u00e9d\u00e9rer les jeunes autour de l\u2019entrepreneuriat. Sous le th\u00e8me \u00ab Am\u00e9liorer le packaging des produits togolais pour une meilleure comp\u00e9titivit\u00e9 des TPME sur le<\/p>\n","protected":false},"author":5,"featured_media":3679,"comment_status":"open","ping_status":"open","sticky":false,"template":"","format":"standard","meta":{"footnotes":""},"categories":[3],"tags":[69,319],"class_list":["post-3678","post","type-post","status-publish","format-standard","has-post-thumbnail","hentry","category-societe","tag-foire-adjafi","tag-zlecaf"],"yoast_head":"<!-- This site is optimized with the Yoast SEO plugin v26.4 - https:\/\/yoast.com\/wordpress\/plugins\/seo\/ -->\n<title>Foire Adjafi : une programmation musicale exceptionnelle pour la 13e \u00e9dition - UNIVERS.TG<\/title>\n<meta name=\"description\" content=\"La 13e \u00e9dition de la Foire Adjafi, pr\u00e9vue du 21 ao\u00fbt au 7 septembre 2025 \u00e0 Ago\u00e8-Nyiv\u00e9, entend marquer un moment festif et culturel avec une s\u00e9rie de concerts pens\u00e9s pour f\u00e9d\u00e9rer les jeunes autour de l\u2019entrepreneuriat\" \/>\n<meta name=\"robots\" content=\"index, follow, max-snippet:-1, max-image-preview:large, max-video-preview:-1\" \/>\n<link rel=\"canonical\" href=\"https:\/\/univers.tg\/index.php\/2025\/07\/07\/foire-adjafi-une-programmation-musicale-exceptionnelle-pour-la-13e-edition\/\" \/>\n<meta property=\"og:locale\" content=\"fr_FR\" \/>\n<meta property=\"og:type\" content=\"article\" \/>\n<meta property=\"og:title\" content=\"Foire Adjafi : une programmation musicale exceptionnelle pour la 13e \u00e9dition - UNIVERS.TG\" \/>\n<meta property=\"og:description\" content=\"La 13e \u00e9dition de la Foire Adjafi, pr\u00e9vue du 21 ao\u00fbt au 7 septembre 2025 \u00e0 Ago\u00e8-Nyiv\u00e9, entend marquer un moment festif et culturel avec une s\u00e9rie de concerts pens\u00e9s pour f\u00e9d\u00e9rer les jeunes autour de l\u2019entrepreneuriat\" \/>\n<meta property=\"og:url\" content=\"https:\/\/univers.tg\/index.php\/2025\/07\/07\/foire-adjafi-une-programmation-musicale-exceptionnelle-pour-la-13e-edition\/\" \/>\n<meta property=\"og:site_name\" content=\"UNIVERS.TG\" \/>\n<meta property=\"article:published_time\" content=\"2025-07-07T11:13:31+00:00\" \/>\n<meta property=\"article:modified_time\" content=\"2025-07-07T11:13:33+00:00\" \/>\n<meta property=\"og:image\" content=\"https:\/\/univers.tg\/wp-content\/uploads\/2025\/07\/IMG-20250706-WA0063.jpg?wsr\" \/>\n\t<meta property=\"og:image:width\" content=\"1080\" \/>\n\t<meta property=\"og:image:height\" content=\"720\" \/>\n\t<meta property=\"og:image:type\" content=\"image\/jpeg\" \/>\n<meta name=\"author\" content=\"Jeremy Ahossou\" \/>\n<meta name=\"twitter:card\" content=\"summary_large_image\" \/>\n<meta name=\"twitter:label1\" content=\"\u00c9crit par\" \/>\n\t<meta name=\"twitter:data1\" content=\"Jeremy Ahossou\" \/>\n\t<meta name=\"twitter:label2\" content=\"Dur\u00e9e de lecture estim\u00e9e\" \/>\n\t<meta name=\"twitter:data2\" content=\"3 minutes\" \/>\n<script type=\"application\/ld+json\" class=\"yoast-schema-graph\">{\"@context\":\"https:\/\/schema.org\",\"@graph\":[{\"@type\":\"WebPage\",\"@id\":\"https:\/\/univers.tg\/index.php\/2025\/07\/07\/foire-adjafi-une-programmation-musicale-exceptionnelle-pour-la-13e-edition\/\",\"url\":\"https:\/\/univers.tg\/index.php\/2025\/07\/07\/foire-adjafi-une-programmation-musicale-exceptionnelle-pour-la-13e-edition\/\",\"name\":\"Foire Adjafi : une programmation musicale exceptionnelle pour la 13e \u00e9dition - UNIVERS.TG\",\"isPartOf\":{\"@id\":\"https:\/\/univers.tg\/#website\"},\"primaryImageOfPage\":{\"@id\":\"https:\/\/univers.tg\/index.php\/2025\/07\/07\/foire-adjafi-une-programmation-musicale-exceptionnelle-pour-la-13e-edition\/#primaryimage\"},\"image\":{\"@id\":\"https:\/\/univers.tg\/index.php\/2025\/07\/07\/foire-adjafi-une-programmation-musicale-exceptionnelle-pour-la-13e-edition\/#primaryimage\"},\"thumbnailUrl\":\"https:\/\/univers.tg\/wp-content\/uploads\/2025\/07\/IMG-20250706-WA0063.jpg?wsr\",\"datePublished\":\"2025-07-07T11:13:31+00:00\",\"dateModified\":\"2025-07-07T11:13:33+00:00\",\"author\":{\"@id\":\"https:\/\/univers.tg\/#\/schema\/person\/7630d7826904ffdd55c0d13d178b97eb\"},\"description\":\"La 13e \u00e9dition de la Foire Adjafi, pr\u00e9vue du 21 ao\u00fbt au 7 septembre 2025 \u00e0 Ago\u00e8-Nyiv\u00e9, entend marquer un moment festif et culturel avec une s\u00e9rie de concerts pens\u00e9s pour f\u00e9d\u00e9rer les jeunes autour de l\u2019entrepreneuriat\",\"breadcrumb\":{\"@id\":\"https:\/\/univers.tg\/index.php\/2025\/07\/07\/foire-adjafi-une-programmation-musicale-exceptionnelle-pour-la-13e-edition\/#breadcrumb\"},\"inLanguage\":\"fr-FR\",\"potentialAction\":[{\"@type\":\"ReadAction\",\"target\":[\"https:\/\/univers.tg\/index.php\/2025\/07\/07\/foire-adjafi-une-programmation-musicale-exceptionnelle-pour-la-13e-edition\/\"]}]},{\"@type\":\"ImageObject\",\"inLanguage\":\"fr-FR\",\"@id\":\"https:\/\/univers.tg\/index.php\/2025\/07\/07\/foire-adjafi-une-programmation-musicale-exceptionnelle-pour-la-13e-edition\/#primaryimage\",\"url\":\"https:\/\/univers.tg\/wp-content\/uploads\/2025\/07\/IMG-20250706-WA0063.jpg?wsr\",\"contentUrl\":\"https:\/\/univers.tg\/wp-content\/uploads\/2025\/07\/IMG-20250706-WA0063.jpg?wsr\",\"width\":1080,\"height\":720},{\"@type\":\"BreadcrumbList\",\"@id\":\"https:\/\/univers.tg\/index.php\/2025\/07\/07\/foire-adjafi-une-programmation-musicale-exceptionnelle-pour-la-13e-edition\/#breadcrumb\",\"itemListElement\":[{\"@type\":\"ListItem\",\"position\":1,\"name\":\"Accueil\",\"item\":\"https:\/\/univers.tg\/\"},{\"@type\":\"ListItem\",\"position\":2,\"name\":\"Foire Adjafi : une programmation musicale exceptionnelle pour la 13e \u00e9dition\"}]},{\"@type\":\"WebSite\",\"@id\":\"https:\/\/univers.tg\/#website\",\"url\":\"https:\/\/univers.tg\/\",\"name\":\"UNIVERS.TG\",\"description\":\"AUTORISATION HAAC N\u00b0 0123\/02-2024\/PL\/P\",\"potentialAction\":[{\"@type\":\"SearchAction\",\"target\":{\"@type\":\"EntryPoint\",\"urlTemplate\":\"https:\/\/univers.tg\/?s={search_term_string}\"},\"query-input\":{\"@type\":\"PropertyValueSpecification\",\"valueRequired\":true,\"valueName\":\"search_term_string\"}}],\"inLanguage\":\"fr-FR\"},{\"@type\":\"Person\",\"@id\":\"https:\/\/univers.tg\/#\/schema\/person\/7630d7826904ffdd55c0d13d178b97eb\",\"name\":\"Jeremy Ahossou\",\"image\":{\"@type\":\"ImageObject\",\"inLanguage\":\"fr-FR\",\"@id\":\"https:\/\/univers.tg\/#\/schema\/person\/image\/\",\"url\":\"https:\/\/secure.gravatar.com\/avatar\/b9367486cc4651720458a662d192721c9d7cc1f4afe379e49612ab1a610e08ca?s=96&d=mm&r=g\",\"contentUrl\":\"https:\/\/secure.gravatar.com\/avatar\/b9367486cc4651720458a662d192721c9d7cc1f4afe379e49612ab1a610e08ca?s=96&d=mm&r=g\",\"caption\":\"Jeremy Ahossou\"},\"url\":\"https:\/\/univers.tg\/index.php\/author\/jeremy-ahossou\/\"}]}<\/script>\n<!-- \/ Yoast SEO plugin. -->","yoast_head_json":{"title":"Foire Adjafi : une programmation musicale exceptionnelle pour la 13e \u00e9dition - UNIVERS.TG","description":"La 13e \u00e9dition de la Foire Adjafi, pr\u00e9vue du 21 ao\u00fbt au 7 septembre 2025 \u00e0 Ago\u00e8-Nyiv\u00e9, entend marquer un moment festif et culturel avec une s\u00e9rie de concerts pens\u00e9s pour f\u00e9d\u00e9rer les jeunes autour de l\u2019entrepreneuriat","robots":{"index":"index","follow":"follow","max-snippet":"max-snippet:-1","max-image-preview":"max-image-preview:large","max-video-preview":"max-video-preview:-1"},"canonical":"https:\/\/univers.tg\/index.php\/2025\/07\/07\/foire-adjafi-une-programmation-musicale-exceptionnelle-pour-la-13e-edition\/","og_locale":"fr_FR","og_type":"article","og_title":"Foire Adjafi : une programmation musicale exceptionnelle pour la 13e \u00e9dition - UNIVERS.TG","og_description":"La 13e \u00e9dition de la Foire Adjafi, pr\u00e9vue du 21 ao\u00fbt au 7 septembre 2025 \u00e0 Ago\u00e8-Nyiv\u00e9, entend marquer un moment festif et culturel avec une s\u00e9rie de concerts pens\u00e9s pour f\u00e9d\u00e9rer les jeunes autour de l\u2019entrepreneuriat","og_url":"https:\/\/univers.tg\/index.php\/2025\/07\/07\/foire-adjafi-une-programmation-musicale-exceptionnelle-pour-la-13e-edition\/","og_site_name":"UNIVERS.TG","article_published_time":"2025-07-07T11:13:31+00:00","article_modified_time":"2025-07-07T11:13:33+00:00","og_image":[{"width":1080,"height":720,"url":"https:\/\/univers.tg\/wp-content\/uploads\/2025\/07\/IMG-20250706-WA0063.jpg?wsr","type":"image\/jpeg"}],"author":"Jeremy Ahossou","twitter_card":"summary_large_image","twitter_misc":{"\u00c9crit par":"Jeremy Ahossou","Dur\u00e9e de lecture estim\u00e9e":"3 minutes"},"schema":{"@context":"https:\/\/schema.org","@graph":[{"@type":"WebPage","@id":"https:\/\/univers.tg\/index.php\/2025\/07\/07\/foire-adjafi-une-programmation-musicale-exceptionnelle-pour-la-13e-edition\/","url":"https:\/\/univers.tg\/index.php\/2025\/07\/07\/foire-adjafi-une-programmation-musicale-exceptionnelle-pour-la-13e-edition\/","name":"Foire Adjafi : une programmation musicale exceptionnelle pour la 13e \u00e9dition - UNIVERS.TG","isPartOf":{"@id":"https:\/\/univers.tg\/#website"},"primaryImageOfPage":{"@id":"https:\/\/univers.tg\/index.php\/2025\/07\/07\/foire-adjafi-une-programmation-musicale-exceptionnelle-pour-la-13e-edition\/#primaryimage"},"image":{"@id":"https:\/\/univers.tg\/index.php\/2025\/07\/07\/foire-adjafi-une-programmation-musicale-exceptionnelle-pour-la-13e-edition\/#primaryimage"},"thumbnailUrl":"https:\/\/univers.tg\/wp-content\/uploads\/2025\/07\/IMG-20250706-WA0063.jpg?wsr","datePublished":"2025-07-07T11:13:31+00:00","dateModified":"2025-07-07T11:13:33+00:00","author":{"@id":"https:\/\/univers.tg\/#\/schema\/person\/7630d7826904ffdd55c0d13d178b97eb"},"description":"La 13e \u00e9dition de la Foire Adjafi, pr\u00e9vue du 21 ao\u00fbt au 7 septembre 2025 \u00e0 Ago\u00e8-Nyiv\u00e9, entend marquer un moment festif et culturel avec une s\u00e9rie de concerts pens\u00e9s pour f\u00e9d\u00e9rer les jeunes autour de l\u2019entrepreneuriat","breadcrumb":{"@id":"https:\/\/univers.tg\/index.php\/2025\/07\/07\/foire-adjafi-une-programmation-musicale-exceptionnelle-pour-la-13e-edition\/#breadcrumb"},"inLanguage":"fr-FR","potentialAction":[{"@type":"ReadAction","target":["https:\/\/univers.tg\/index.php\/2025\/07\/07\/foire-adjafi-une-programmation-musicale-exceptionnelle-pour-la-13e-edition\/"]}]},{"@type":"ImageObject","inLanguage":"fr-FR","@id":"https:\/\/univers.tg\/index.php\/2025\/07\/07\/foire-adjafi-une-programmation-musicale-exceptionnelle-pour-la-13e-edition\/#primaryimage","url":"https:\/\/univers.tg\/wp-content\/uploads\/2025\/07\/IMG-20250706-WA0063.jpg?wsr","contentUrl":"https:\/\/univers.tg\/wp-content\/uploads\/2025\/07\/IMG-20250706-WA0063.jpg?wsr","width":1080,"height":720},{"@type":"BreadcrumbList","@id":"https:\/\/univers.tg\/index.php\/2025\/07\/07\/foire-adjafi-une-programmation-musicale-exceptionnelle-pour-la-13e-edition\/#breadcrumb","itemListElement":[{"@type":"ListItem","position":1,"name":"Accueil","item":"https:\/\/univers.tg\/"},{"@type":"ListItem","position":2,"name":"Foire Adjafi : une programmation musicale exceptionnelle pour la 13e \u00e9dition"}]},{"@type":"WebSite","@id":"https:\/\/univers.tg\/#website","url":"https:\/\/univers.tg\/","name":"UNIVERS.TG","description":"AUTORISATION HAAC N\u00b0 0123\/02-2024\/PL\/P","potentialAction":[{"@type":"SearchAction","target":{"@type":"EntryPoint","urlTemplate":"https:\/\/univers.tg\/?s={search_term_string}"},"query-input":{"@type":"PropertyValueSpecification","valueRequired":true,"valueName":"search_term_string"}}],"inLanguage":"fr-FR"},{"@type":"Person","@id":"https:\/\/univers.tg\/#\/schema\/person\/7630d7826904ffdd55c0d13d178b97eb","name":"Jeremy Ahossou","image":{"@type":"ImageObject","inLanguage":"fr-FR","@id":"https:\/\/univers.tg\/#\/schema\/person\/image\/","url":"https:\/\/secure.gravatar.com\/avatar\/b9367486cc4651720458a662d192721c9d7cc1f4afe379e49612ab1a610e08ca?s=96&d=mm&r=g","contentUrl":"https:\/\/secure.gravatar.com\/avatar\/b9367486cc4651720458a662d192721c9d7cc1f4afe379e49612ab1a610e08ca?s=96&d=mm&r=g","caption":"Jeremy Ahossou"},"url":"https:\/\/univers.tg\/index.php\/author\/jeremy-ahossou\/"}]}},"_links":{"self":[{"href":"https:\/\/univers.tg\/index.php\/wp-json\/wp\/v2\/posts\/3678","targetHints":{"allow":["GET"]}}],"collection":[{"href":"https:\/\/univers.tg\/index.php\/wp-json\/wp\/v2\/posts"}],"about":[{"href":"https:\/\/univers.tg\/index.php\/wp-json\/wp\/v2\/types\/post"}],"author":[{"embeddable":true,"href":"https:\/\/univers.tg\/index.php\/wp-json\/wp\/v2\/users\/5"}],"replies":[{"embeddable":true,"href":"https:\/\/univers.tg\/index.php\/wp-json\/wp\/v2\/comments?post=3678"}],"version-history":[{"count":1,"href":"https:\/\/univers.tg\/index.php\/wp-json\/wp\/v2\/posts\/3678\/revisions"}],"predecessor-version":[{"id":3680,"href":"https:\/\/univers.tg\/index.php\/wp-json\/wp\/v2\/posts\/3678\/revisions\/3680"}],"wp:featuredmedia":[{"embeddable":true,"href":"https:\/\/univers.tg\/index.php\/wp-json\/wp\/v2\/media\/3679"}],"wp:attachment":[{"href":"https:\/\/univers.tg\/index.php\/wp-json\/wp\/v2\/media?parent=3678"}],"wp:term":[{"taxonomy":"category","embeddable":true,"href":"https:\/\/univers.tg\/index.php\/wp-json\/wp\/v2\/categories?post=3678"},{"taxonomy":"post_tag","embeddable":true,"href":"https:\/\/univers.tg\/index.php\/wp-json\/wp\/v2\/tags?post=3678"}],"curies":[{"name":"wp","href":"https:\/\/api.w.org\/{rel}","templated":true}]}}