{"id":378,"date":"2024-06-07T08:57:37","date_gmt":"2024-06-07T08:57:37","guid":{"rendered":"https:\/\/univers.tg\/?p=378"},"modified":"2024-06-07T08:57:39","modified_gmt":"2024-06-07T08:57:39","slug":"la-gtpme-pmi-et-rtpe-annoncent-la-premiere-semaine-nationale-des-tpme","status":"publish","type":"post","link":"https:\/\/univers.tg\/index.php\/2024\/06\/07\/la-gtpme-pmi-et-rtpe-annoncent-la-premiere-semaine-nationale-des-tpme\/","title":{"rendered":"La GTPME\/PMI et RTPE annoncent la premi\u00e8re semaine nationale des TPME"},"content":{"rendered":"\n<p><\/p>\n\n\n\n<p>Le Togo accueillera en juin la premi\u00e8re \u00e9dition de la semaine nationale des tr\u00e8s petites, petites et moyennes entreprises (TPME). Cet \u00e9v\u00e9nement, organis\u00e9 par GTPME\/PMI et RTPE avec le soutien de la GIZ et d&rsquo;IYBA-SEED, se d\u00e9roule sous le th\u00e8me : \u00ab\u00a0Charte des TPME, levier de d\u00e9veloppement et de croissance\u00a0\u00bb. Il vise \u00e0 informer et sensibiliser les acteurs cl\u00e9s sur les avantages et obligations de cette charte.<\/p>\n\n\n\n<p>Les organisateurs pr\u00e9voient une semaine dynamique d&rsquo;\u00e9changes et de r\u00e9flexions pour les TPME. Les participants discuteront des d\u00e9fis communs et chercheront \u00e0 d\u00e9velopper une strat\u00e9gie collective de r\u00e9silience. Un groupe de discussion se concentrera \u00e9galement sur la cr\u00e9ation d&rsquo;une plateforme de dialogue entre les femmes entrepreneures.<\/p>\n\n\n\n<p>Cette semaine nationale r\u00e9unira des entrepreneurs, des institutions publiques et priv\u00e9es, des partenaires techniques et financiers, ainsi que des organisations patronales dans diverses r\u00e9gions du Togo. Les \u00e9v\u00e9nements principaux se tiendront le 10 juin \u00e0 Kara, le 12 juin \u00e0 Atakpam\u00e9, et le 14 juin \u00e0 Ts\u00e9vi\u00e9.<\/p>\n\n\n\n<p>Les activit\u00e9s pr\u00e9vues incluent des panels, des sessions de brainstorming, des d\u00e9bats en pl\u00e9ni\u00e8re et des d\u00e9jeuners de r\u00e9seautage. Ces moments offriront aux participants un cadre priv\u00e9-priv\u00e9 propice aux informations, aux prospections et aux \u00e9changes. Les int\u00e9ress\u00e9s sont invit\u00e9s \u00e0 s&rsquo;inscrire via les associations et fa\u00eeti\u00e8res de TPME partenaires.<\/p>\n\n\n\n<p>Dans le cadre de sa feuille de route 2020-2025, le gouvernement togolais a lanc\u00e9 une charte en 2022 pour moderniser le pays et renforcer ses structures. Cette charte vise sp\u00e9cifiquement le soutien aux TPME, avec des mesures sur le financement, l&rsquo;acc\u00e8s aux march\u00e9s publics, la promotion de la sous-traitance, et la formalisation des entreprises.<\/p>\n\n\n\n<p>L&rsquo;objectif de cette charte est d&rsquo;offrir un soutien multiforme aux TPME, de promouvoir une culture de qualit\u00e9, de renforcer leur comp\u00e9titivit\u00e9, et d&rsquo;am\u00e9liorer la formation et la gestion des ressources humaines. Cette initiative montre l&rsquo;engagement du gouvernement \u00e0 stimuler le d\u00e9veloppement \u00e9conomique \u00e0 travers le renforcement des TPME.<\/p>\n","protected":false},"excerpt":{"rendered":"<p>Le Togo accueillera en juin la premi\u00e8re \u00e9dition de la semaine nationale des tr\u00e8s petites, petites et moyennes entreprises (TPME). Cet \u00e9v\u00e9nement, organis\u00e9 par GTPME\/PMI et RTPE avec le soutien de la GIZ et d&rsquo;IYBA-SEED, se d\u00e9roule sous le th\u00e8me : \u00ab\u00a0Charte des TPME, levier de d\u00e9veloppement et de croissance\u00a0\u00bb. Il vise \u00e0 informer et<\/p>\n","protected":false},"author":5,"featured_media":379,"comment_status":"open","ping_status":"open","sticky":false,"template":"","format":"standard","meta":{"footnotes":""},"categories":[2],"tags":[],"class_list":["post-378","post","type-post","status-publish","format-standard","has-post-thumbnail","hentry","category-economie"],"yoast_head":"<!-- This site is optimized with the Yoast SEO plugin v26.4 - https:\/\/yoast.com\/wordpress\/plugins\/seo\/ -->\n<title>La GTPME\/PMI et RTPE annoncent la premi\u00e8re semaine nationale des TPME - UNIVERS.TG<\/title>\n<meta name=\"robots\" content=\"index, follow, max-snippet:-1, max-image-preview:large, max-video-preview:-1\" \/>\n<link rel=\"canonical\" href=\"https:\/\/univers.tg\/index.php\/2024\/06\/07\/la-gtpme-pmi-et-rtpe-annoncent-la-premiere-semaine-nationale-des-tpme\/\" \/>\n<meta property=\"og:locale\" content=\"fr_FR\" \/>\n<meta property=\"og:type\" content=\"article\" \/>\n<meta property=\"og:title\" content=\"La GTPME\/PMI et RTPE annoncent la premi\u00e8re semaine nationale des TPME - UNIVERS.TG\" \/>\n<meta property=\"og:description\" content=\"Le Togo accueillera en juin la premi\u00e8re \u00e9dition de la semaine nationale des tr\u00e8s petites, petites et moyennes entreprises (TPME). Cet \u00e9v\u00e9nement, organis\u00e9 par GTPME\/PMI et RTPE avec le soutien de la GIZ et d&rsquo;IYBA-SEED, se d\u00e9roule sous le th\u00e8me : \u00ab\u00a0Charte des TPME, levier de d\u00e9veloppement et de croissance\u00a0\u00bb. Il vise \u00e0 informer et\" \/>\n<meta property=\"og:url\" content=\"https:\/\/univers.tg\/index.php\/2024\/06\/07\/la-gtpme-pmi-et-rtpe-annoncent-la-premiere-semaine-nationale-des-tpme\/\" \/>\n<meta property=\"og:site_name\" content=\"UNIVERS.TG\" \/>\n<meta property=\"article:published_time\" content=\"2024-06-07T08:57:37+00:00\" \/>\n<meta property=\"article:modified_time\" content=\"2024-06-07T08:57:39+00:00\" \/>\n<meta property=\"og:image\" content=\"https:\/\/univers.tg\/wp-content\/uploads\/2024\/06\/IMG-20240607-WA0000.jpg\" \/>\n\t<meta property=\"og:image:width\" content=\"1080\" \/>\n\t<meta property=\"og:image:height\" content=\"864\" \/>\n\t<meta property=\"og:image:type\" content=\"image\/jpeg\" \/>\n<meta name=\"author\" content=\"Jeremy Ahossou\" \/>\n<meta name=\"twitter:card\" content=\"summary_large_image\" \/>\n<meta name=\"twitter:label1\" content=\"\u00c9crit par\" \/>\n\t<meta name=\"twitter:data1\" content=\"Jeremy Ahossou\" \/>\n\t<meta name=\"twitter:label2\" content=\"Dur\u00e9e de lecture estim\u00e9e\" \/>\n\t<meta name=\"twitter:data2\" content=\"2 minutes\" \/>\n<script type=\"application\/ld+json\" class=\"yoast-schema-graph\">{\"@context\":\"https:\/\/schema.org\",\"@graph\":[{\"@type\":\"WebPage\",\"@id\":\"https:\/\/univers.tg\/index.php\/2024\/06\/07\/la-gtpme-pmi-et-rtpe-annoncent-la-premiere-semaine-nationale-des-tpme\/\",\"url\":\"https:\/\/univers.tg\/index.php\/2024\/06\/07\/la-gtpme-pmi-et-rtpe-annoncent-la-premiere-semaine-nationale-des-tpme\/\",\"name\":\"La GTPME\/PMI et RTPE annoncent la premi\u00e8re semaine nationale des TPME - UNIVERS.TG\",\"isPartOf\":{\"@id\":\"https:\/\/univers.tg\/#website\"},\"primaryImageOfPage\":{\"@id\":\"https:\/\/univers.tg\/index.php\/2024\/06\/07\/la-gtpme-pmi-et-rtpe-annoncent-la-premiere-semaine-nationale-des-tpme\/#primaryimage\"},\"image\":{\"@id\":\"https:\/\/univers.tg\/index.php\/2024\/06\/07\/la-gtpme-pmi-et-rtpe-annoncent-la-premiere-semaine-nationale-des-tpme\/#primaryimage\"},\"thumbnailUrl\":\"https:\/\/univers.tg\/wp-content\/uploads\/2024\/06\/IMG-20240607-WA0000.jpg?wsr\",\"datePublished\":\"2024-06-07T08:57:37+00:00\",\"dateModified\":\"2024-06-07T08:57:39+00:00\",\"author\":{\"@id\":\"https:\/\/univers.tg\/#\/schema\/person\/7630d7826904ffdd55c0d13d178b97eb\"},\"breadcrumb\":{\"@id\":\"https:\/\/univers.tg\/index.php\/2024\/06\/07\/la-gtpme-pmi-et-rtpe-annoncent-la-premiere-semaine-nationale-des-tpme\/#breadcrumb\"},\"inLanguage\":\"fr-FR\",\"potentialAction\":[{\"@type\":\"ReadAction\",\"target\":[\"https:\/\/univers.tg\/index.php\/2024\/06\/07\/la-gtpme-pmi-et-rtpe-annoncent-la-premiere-semaine-nationale-des-tpme\/\"]}]},{\"@type\":\"ImageObject\",\"inLanguage\":\"fr-FR\",\"@id\":\"https:\/\/univers.tg\/index.php\/2024\/06\/07\/la-gtpme-pmi-et-rtpe-annoncent-la-premiere-semaine-nationale-des-tpme\/#primaryimage\",\"url\":\"https:\/\/univers.tg\/wp-content\/uploads\/2024\/06\/IMG-20240607-WA0000.jpg?wsr\",\"contentUrl\":\"https:\/\/univers.tg\/wp-content\/uploads\/2024\/06\/IMG-20240607-WA0000.jpg?wsr\",\"width\":1080,\"height\":864},{\"@type\":\"BreadcrumbList\",\"@id\":\"https:\/\/univers.tg\/index.php\/2024\/06\/07\/la-gtpme-pmi-et-rtpe-annoncent-la-premiere-semaine-nationale-des-tpme\/#breadcrumb\",\"itemListElement\":[{\"@type\":\"ListItem\",\"position\":1,\"name\":\"Accueil\",\"item\":\"https:\/\/univers.tg\/\"},{\"@type\":\"ListItem\",\"position\":2,\"name\":\"La GTPME\/PMI et RTPE annoncent la premi\u00e8re semaine nationale des TPME\"}]},{\"@type\":\"WebSite\",\"@id\":\"https:\/\/univers.tg\/#website\",\"url\":\"https:\/\/univers.tg\/\",\"name\":\"UNIVERS.TG\",\"description\":\"AUTORISATION HAAC N\u00b0 0123\/02-2024\/PL\/P\",\"potentialAction\":[{\"@type\":\"SearchAction\",\"target\":{\"@type\":\"EntryPoint\",\"urlTemplate\":\"https:\/\/univers.tg\/?s={search_term_string}\"},\"query-input\":{\"@type\":\"PropertyValueSpecification\",\"valueRequired\":true,\"valueName\":\"search_term_string\"}}],\"inLanguage\":\"fr-FR\"},{\"@type\":\"Person\",\"@id\":\"https:\/\/univers.tg\/#\/schema\/person\/7630d7826904ffdd55c0d13d178b97eb\",\"name\":\"Jeremy Ahossou\",\"image\":{\"@type\":\"ImageObject\",\"inLanguage\":\"fr-FR\",\"@id\":\"https:\/\/univers.tg\/#\/schema\/person\/image\/\",\"url\":\"https:\/\/secure.gravatar.com\/avatar\/b9367486cc4651720458a662d192721c9d7cc1f4afe379e49612ab1a610e08ca?s=96&d=mm&r=g\",\"contentUrl\":\"https:\/\/secure.gravatar.com\/avatar\/b9367486cc4651720458a662d192721c9d7cc1f4afe379e49612ab1a610e08ca?s=96&d=mm&r=g\",\"caption\":\"Jeremy Ahossou\"},\"url\":\"https:\/\/univers.tg\/index.php\/author\/jeremy-ahossou\/\"}]}<\/script>\n<!-- \/ Yoast SEO plugin. -->","yoast_head_json":{"title":"La GTPME\/PMI et RTPE annoncent la premi\u00e8re semaine nationale des TPME - UNIVERS.TG","robots":{"index":"index","follow":"follow","max-snippet":"max-snippet:-1","max-image-preview":"max-image-preview:large","max-video-preview":"max-video-preview:-1"},"canonical":"https:\/\/univers.tg\/index.php\/2024\/06\/07\/la-gtpme-pmi-et-rtpe-annoncent-la-premiere-semaine-nationale-des-tpme\/","og_locale":"fr_FR","og_type":"article","og_title":"La GTPME\/PMI et RTPE annoncent la premi\u00e8re semaine nationale des TPME - UNIVERS.TG","og_description":"Le Togo accueillera en juin la premi\u00e8re \u00e9dition de la semaine nationale des tr\u00e8s petites, petites et moyennes entreprises (TPME). Cet \u00e9v\u00e9nement, organis\u00e9 par GTPME\/PMI et RTPE avec le soutien de la GIZ et d&rsquo;IYBA-SEED, se d\u00e9roule sous le th\u00e8me : \u00ab\u00a0Charte des TPME, levier de d\u00e9veloppement et de croissance\u00a0\u00bb. Il vise \u00e0 informer et","og_url":"https:\/\/univers.tg\/index.php\/2024\/06\/07\/la-gtpme-pmi-et-rtpe-annoncent-la-premiere-semaine-nationale-des-tpme\/","og_site_name":"UNIVERS.TG","article_published_time":"2024-06-07T08:57:37+00:00","article_modified_time":"2024-06-07T08:57:39+00:00","og_image":[{"width":1080,"height":864,"url":"https:\/\/univers.tg\/wp-content\/uploads\/2024\/06\/IMG-20240607-WA0000.jpg","type":"image\/jpeg"}],"author":"Jeremy Ahossou","twitter_card":"summary_large_image","twitter_misc":{"\u00c9crit par":"Jeremy Ahossou","Dur\u00e9e de lecture estim\u00e9e":"2 minutes"},"schema":{"@context":"https:\/\/schema.org","@graph":[{"@type":"WebPage","@id":"https:\/\/univers.tg\/index.php\/2024\/06\/07\/la-gtpme-pmi-et-rtpe-annoncent-la-premiere-semaine-nationale-des-tpme\/","url":"https:\/\/univers.tg\/index.php\/2024\/06\/07\/la-gtpme-pmi-et-rtpe-annoncent-la-premiere-semaine-nationale-des-tpme\/","name":"La GTPME\/PMI et RTPE annoncent la premi\u00e8re semaine nationale des TPME - UNIVERS.TG","isPartOf":{"@id":"https:\/\/univers.tg\/#website"},"primaryImageOfPage":{"@id":"https:\/\/univers.tg\/index.php\/2024\/06\/07\/la-gtpme-pmi-et-rtpe-annoncent-la-premiere-semaine-nationale-des-tpme\/#primaryimage"},"image":{"@id":"https:\/\/univers.tg\/index.php\/2024\/06\/07\/la-gtpme-pmi-et-rtpe-annoncent-la-premiere-semaine-nationale-des-tpme\/#primaryimage"},"thumbnailUrl":"https:\/\/univers.tg\/wp-content\/uploads\/2024\/06\/IMG-20240607-WA0000.jpg?wsr","datePublished":"2024-06-07T08:57:37+00:00","dateModified":"2024-06-07T08:57:39+00:00","author":{"@id":"https:\/\/univers.tg\/#\/schema\/person\/7630d7826904ffdd55c0d13d178b97eb"},"breadcrumb":{"@id":"https:\/\/univers.tg\/index.php\/2024\/06\/07\/la-gtpme-pmi-et-rtpe-annoncent-la-premiere-semaine-nationale-des-tpme\/#breadcrumb"},"inLanguage":"fr-FR","potentialAction":[{"@type":"ReadAction","target":["https:\/\/univers.tg\/index.php\/2024\/06\/07\/la-gtpme-pmi-et-rtpe-annoncent-la-premiere-semaine-nationale-des-tpme\/"]}]},{"@type":"ImageObject","inLanguage":"fr-FR","@id":"https:\/\/univers.tg\/index.php\/2024\/06\/07\/la-gtpme-pmi-et-rtpe-annoncent-la-premiere-semaine-nationale-des-tpme\/#primaryimage","url":"https:\/\/univers.tg\/wp-content\/uploads\/2024\/06\/IMG-20240607-WA0000.jpg?wsr","contentUrl":"https:\/\/univers.tg\/wp-content\/uploads\/2024\/06\/IMG-20240607-WA0000.jpg?wsr","width":1080,"height":864},{"@type":"BreadcrumbList","@id":"https:\/\/univers.tg\/index.php\/2024\/06\/07\/la-gtpme-pmi-et-rtpe-annoncent-la-premiere-semaine-nationale-des-tpme\/#breadcrumb","itemListElement":[{"@type":"ListItem","position":1,"name":"Accueil","item":"https:\/\/univers.tg\/"},{"@type":"ListItem","position":2,"name":"La GTPME\/PMI et RTPE annoncent la premi\u00e8re semaine nationale des TPME"}]},{"@type":"WebSite","@id":"https:\/\/univers.tg\/#website","url":"https:\/\/univers.tg\/","name":"UNIVERS.TG","description":"AUTORISATION HAAC N\u00b0 0123\/02-2024\/PL\/P","potentialAction":[{"@type":"SearchAction","target":{"@type":"EntryPoint","urlTemplate":"https:\/\/univers.tg\/?s={search_term_string}"},"query-input":{"@type":"PropertyValueSpecification","valueRequired":true,"valueName":"search_term_string"}}],"inLanguage":"fr-FR"},{"@type":"Person","@id":"https:\/\/univers.tg\/#\/schema\/person\/7630d7826904ffdd55c0d13d178b97eb","name":"Jeremy Ahossou","image":{"@type":"ImageObject","inLanguage":"fr-FR","@id":"https:\/\/univers.tg\/#\/schema\/person\/image\/","url":"https:\/\/secure.gravatar.com\/avatar\/b9367486cc4651720458a662d192721c9d7cc1f4afe379e49612ab1a610e08ca?s=96&d=mm&r=g","contentUrl":"https:\/\/secure.gravatar.com\/avatar\/b9367486cc4651720458a662d192721c9d7cc1f4afe379e49612ab1a610e08ca?s=96&d=mm&r=g","caption":"Jeremy Ahossou"},"url":"https:\/\/univers.tg\/index.php\/author\/jeremy-ahossou\/"}]}},"_links":{"self":[{"href":"https:\/\/univers.tg\/index.php\/wp-json\/wp\/v2\/posts\/378","targetHints":{"allow":["GET"]}}],"collection":[{"href":"https:\/\/univers.tg\/index.php\/wp-json\/wp\/v2\/posts"}],"about":[{"href":"https:\/\/univers.tg\/index.php\/wp-json\/wp\/v2\/types\/post"}],"author":[{"embeddable":true,"href":"https:\/\/univers.tg\/index.php\/wp-json\/wp\/v2\/users\/5"}],"replies":[{"embeddable":true,"href":"https:\/\/univers.tg\/index.php\/wp-json\/wp\/v2\/comments?post=378"}],"version-history":[{"count":1,"href":"https:\/\/univers.tg\/index.php\/wp-json\/wp\/v2\/posts\/378\/revisions"}],"predecessor-version":[{"id":380,"href":"https:\/\/univers.tg\/index.php\/wp-json\/wp\/v2\/posts\/378\/revisions\/380"}],"wp:featuredmedia":[{"embeddable":true,"href":"https:\/\/univers.tg\/index.php\/wp-json\/wp\/v2\/media\/379"}],"wp:attachment":[{"href":"https:\/\/univers.tg\/index.php\/wp-json\/wp\/v2\/media?parent=378"}],"wp:term":[{"taxonomy":"category","embeddable":true,"href":"https:\/\/univers.tg\/index.php\/wp-json\/wp\/v2\/categories?post=378"},{"taxonomy":"post_tag","embeddable":true,"href":"https:\/\/univers.tg\/index.php\/wp-json\/wp\/v2\/tags?post=378"}],"curies":[{"name":"wp","href":"https:\/\/api.w.org\/{rel}","templated":true}]}}