{"id":4085,"date":"2025-08-08T08:52:33","date_gmt":"2025-08-08T08:52:33","guid":{"rendered":"https:\/\/univers.tg\/?p=4085"},"modified":"2025-08-08T08:52:35","modified_gmt":"2025-08-08T08:52:35","slug":"la-cci-togo-inaugure-un-nouveau-siege-regional-a-dapaong","status":"publish","type":"post","link":"https:\/\/univers.tg\/index.php\/2025\/08\/08\/la-cci-togo-inaugure-un-nouveau-siege-regional-a-dapaong\/","title":{"rendered":"La CCI-Togo inaugure un nouveau si\u00e8ge r\u00e9gional \u00e0 Dapaong"},"content":{"rendered":"\n<p><\/p>\n\n\n\n<p>La Chambre de commerce et d\u2019industrie du Togo (CCI-Togo) a officiellement inaugur\u00e9, le mercredi 6 ao\u00fbt 2025, les nouveaux locaux de sa d\u00e9l\u00e9gation r\u00e9gionale des Savanes \u00e0 Dapaong. La c\u00e9r\u00e9monie s\u2019est d\u00e9roul\u00e9e en pr\u00e9sence du pr\u00e9sident de l\u2019institution, Jos\u00e9 Kwassi Symenouh, et du gouverneur de la r\u00e9gion, Affoh Atcha-Dedji. Cette infrastructure moderne marque une \u00e9tape importante dans le processus de d\u00e9centralisation des services de la CCI-Togo.<\/p>\n\n\n\n<p>Le nouveau b\u00e2timent vise \u00e0 offrir un cadre de travail fonctionnel et accessible aux op\u00e9rateurs \u00e9conomiques de la r\u00e9gion. Il s\u2019inscrit dans une strat\u00e9gie globale de la Chambre visant \u00e0 rapprocher davantage ses services des acteurs \u00e9conomiques locaux pour un accompagnement mieux adapt\u00e9 \u00e0 leurs besoins.<\/p>\n\n\n\n<p>\u00ab\u202f\u00c0 travers cette infrastructure, nous affirmons notre engagement \u00e0 accompagner le d\u00e9veloppement \u00e9conomique local et \u00e0 renforcer la comp\u00e9titivit\u00e9 des entreprises togolaises, partout sur le territoire\u202f\u00bb, a d\u00e9clar\u00e9 le pr\u00e9sident Jos\u00e9 Kwassi Symenouh. La CCI-Togo entend ainsi renforcer son r\u00f4le d\u2019interface entre les entreprises et les pouvoirs publics tout en soutenant les initiatives de d\u00e9veloppement r\u00e9gional.<\/p>\n","protected":false},"excerpt":{"rendered":"<p>La Chambre de commerce et d\u2019industrie du Togo (CCI-Togo) a officiellement inaugur\u00e9, le mercredi 6 ao\u00fbt 2025, les nouveaux locaux de sa d\u00e9l\u00e9gation r\u00e9gionale des Savanes \u00e0 Dapaong. La c\u00e9r\u00e9monie s\u2019est d\u00e9roul\u00e9e en pr\u00e9sence du pr\u00e9sident de l\u2019institution, Jos\u00e9 Kwassi Symenouh, et du gouverneur de la r\u00e9gion, Affoh Atcha-Dedji. Cette infrastructure moderne marque une \u00e9tape<\/p>\n","protected":false},"author":5,"featured_media":4086,"comment_status":"open","ping_status":"open","sticky":false,"template":"","format":"standard","meta":{"footnotes":""},"categories":[2],"tags":[],"class_list":["post-4085","post","type-post","status-publish","format-standard","has-post-thumbnail","hentry","category-economie"],"yoast_head":"<!-- This site is optimized with the Yoast SEO plugin v26.4 - https:\/\/yoast.com\/wordpress\/plugins\/seo\/ -->\n<title>La CCI-Togo inaugure un nouveau si\u00e8ge r\u00e9gional \u00e0 Dapaong - UNIVERS.TG<\/title>\n<meta name=\"robots\" content=\"index, follow, max-snippet:-1, max-image-preview:large, max-video-preview:-1\" \/>\n<link rel=\"canonical\" href=\"https:\/\/univers.tg\/index.php\/2025\/08\/08\/la-cci-togo-inaugure-un-nouveau-siege-regional-a-dapaong\/\" \/>\n<meta property=\"og:locale\" content=\"fr_FR\" \/>\n<meta property=\"og:type\" content=\"article\" \/>\n<meta property=\"og:title\" content=\"La CCI-Togo inaugure un nouveau si\u00e8ge r\u00e9gional \u00e0 Dapaong - UNIVERS.TG\" \/>\n<meta property=\"og:description\" content=\"La Chambre de commerce et d\u2019industrie du Togo (CCI-Togo) a officiellement inaugur\u00e9, le mercredi 6 ao\u00fbt 2025, les nouveaux locaux de sa d\u00e9l\u00e9gation r\u00e9gionale des Savanes \u00e0 Dapaong. La c\u00e9r\u00e9monie s\u2019est d\u00e9roul\u00e9e en pr\u00e9sence du pr\u00e9sident de l\u2019institution, Jos\u00e9 Kwassi Symenouh, et du gouverneur de la r\u00e9gion, Affoh Atcha-Dedji. Cette infrastructure moderne marque une \u00e9tape\" \/>\n<meta property=\"og:url\" content=\"https:\/\/univers.tg\/index.php\/2025\/08\/08\/la-cci-togo-inaugure-un-nouveau-siege-regional-a-dapaong\/\" \/>\n<meta property=\"og:site_name\" content=\"UNIVERS.TG\" \/>\n<meta property=\"article:published_time\" content=\"2025-08-08T08:52:33+00:00\" \/>\n<meta property=\"article:modified_time\" content=\"2025-08-08T08:52:35+00:00\" \/>\n<meta property=\"og:image\" content=\"https:\/\/univers.tg\/wp-content\/uploads\/2025\/08\/4cb5ea7a61ead838efec24559c21c7de_L.jpg?wsr\" \/>\n\t<meta property=\"og:image:width\" content=\"500\" \/>\n\t<meta property=\"og:image:height\" content=\"281\" \/>\n\t<meta property=\"og:image:type\" content=\"image\/jpeg\" \/>\n<meta name=\"author\" content=\"Jeremy Ahossou\" \/>\n<meta name=\"twitter:card\" content=\"summary_large_image\" \/>\n<meta name=\"twitter:label1\" content=\"\u00c9crit par\" \/>\n\t<meta name=\"twitter:data1\" content=\"Jeremy Ahossou\" \/>\n\t<meta name=\"twitter:label2\" content=\"Dur\u00e9e de lecture estim\u00e9e\" \/>\n\t<meta name=\"twitter:data2\" content=\"2 minutes\" \/>\n<script type=\"application\/ld+json\" class=\"yoast-schema-graph\">{\"@context\":\"https:\/\/schema.org\",\"@graph\":[{\"@type\":\"WebPage\",\"@id\":\"https:\/\/univers.tg\/index.php\/2025\/08\/08\/la-cci-togo-inaugure-un-nouveau-siege-regional-a-dapaong\/\",\"url\":\"https:\/\/univers.tg\/index.php\/2025\/08\/08\/la-cci-togo-inaugure-un-nouveau-siege-regional-a-dapaong\/\",\"name\":\"La CCI-Togo inaugure un nouveau si\u00e8ge r\u00e9gional \u00e0 Dapaong - UNIVERS.TG\",\"isPartOf\":{\"@id\":\"https:\/\/univers.tg\/#website\"},\"primaryImageOfPage\":{\"@id\":\"https:\/\/univers.tg\/index.php\/2025\/08\/08\/la-cci-togo-inaugure-un-nouveau-siege-regional-a-dapaong\/#primaryimage\"},\"image\":{\"@id\":\"https:\/\/univers.tg\/index.php\/2025\/08\/08\/la-cci-togo-inaugure-un-nouveau-siege-regional-a-dapaong\/#primaryimage\"},\"thumbnailUrl\":\"https:\/\/univers.tg\/wp-content\/uploads\/2025\/08\/4cb5ea7a61ead838efec24559c21c7de_L.jpg?wsr\",\"datePublished\":\"2025-08-08T08:52:33+00:00\",\"dateModified\":\"2025-08-08T08:52:35+00:00\",\"author\":{\"@id\":\"https:\/\/univers.tg\/#\/schema\/person\/7630d7826904ffdd55c0d13d178b97eb\"},\"breadcrumb\":{\"@id\":\"https:\/\/univers.tg\/index.php\/2025\/08\/08\/la-cci-togo-inaugure-un-nouveau-siege-regional-a-dapaong\/#breadcrumb\"},\"inLanguage\":\"fr-FR\",\"potentialAction\":[{\"@type\":\"ReadAction\",\"target\":[\"https:\/\/univers.tg\/index.php\/2025\/08\/08\/la-cci-togo-inaugure-un-nouveau-siege-regional-a-dapaong\/\"]}]},{\"@type\":\"ImageObject\",\"inLanguage\":\"fr-FR\",\"@id\":\"https:\/\/univers.tg\/index.php\/2025\/08\/08\/la-cci-togo-inaugure-un-nouveau-siege-regional-a-dapaong\/#primaryimage\",\"url\":\"https:\/\/univers.tg\/wp-content\/uploads\/2025\/08\/4cb5ea7a61ead838efec24559c21c7de_L.jpg?wsr\",\"contentUrl\":\"https:\/\/univers.tg\/wp-content\/uploads\/2025\/08\/4cb5ea7a61ead838efec24559c21c7de_L.jpg?wsr\",\"width\":500,\"height\":281},{\"@type\":\"BreadcrumbList\",\"@id\":\"https:\/\/univers.tg\/index.php\/2025\/08\/08\/la-cci-togo-inaugure-un-nouveau-siege-regional-a-dapaong\/#breadcrumb\",\"itemListElement\":[{\"@type\":\"ListItem\",\"position\":1,\"name\":\"Accueil\",\"item\":\"https:\/\/univers.tg\/\"},{\"@type\":\"ListItem\",\"position\":2,\"name\":\"La CCI-Togo inaugure un nouveau si\u00e8ge r\u00e9gional \u00e0 Dapaong\"}]},{\"@type\":\"WebSite\",\"@id\":\"https:\/\/univers.tg\/#website\",\"url\":\"https:\/\/univers.tg\/\",\"name\":\"UNIVERS.TG\",\"description\":\"AUTORISATION HAAC N\u00b0 0123\/02-2024\/PL\/P\",\"potentialAction\":[{\"@type\":\"SearchAction\",\"target\":{\"@type\":\"EntryPoint\",\"urlTemplate\":\"https:\/\/univers.tg\/?s={search_term_string}\"},\"query-input\":{\"@type\":\"PropertyValueSpecification\",\"valueRequired\":true,\"valueName\":\"search_term_string\"}}],\"inLanguage\":\"fr-FR\"},{\"@type\":\"Person\",\"@id\":\"https:\/\/univers.tg\/#\/schema\/person\/7630d7826904ffdd55c0d13d178b97eb\",\"name\":\"Jeremy Ahossou\",\"image\":{\"@type\":\"ImageObject\",\"inLanguage\":\"fr-FR\",\"@id\":\"https:\/\/univers.tg\/#\/schema\/person\/image\/\",\"url\":\"https:\/\/secure.gravatar.com\/avatar\/b9367486cc4651720458a662d192721c9d7cc1f4afe379e49612ab1a610e08ca?s=96&d=mm&r=g\",\"contentUrl\":\"https:\/\/secure.gravatar.com\/avatar\/b9367486cc4651720458a662d192721c9d7cc1f4afe379e49612ab1a610e08ca?s=96&d=mm&r=g\",\"caption\":\"Jeremy Ahossou\"},\"url\":\"https:\/\/univers.tg\/index.php\/author\/jeremy-ahossou\/\"}]}<\/script>\n<!-- \/ Yoast SEO plugin. -->","yoast_head_json":{"title":"La CCI-Togo inaugure un nouveau si\u00e8ge r\u00e9gional \u00e0 Dapaong - UNIVERS.TG","robots":{"index":"index","follow":"follow","max-snippet":"max-snippet:-1","max-image-preview":"max-image-preview:large","max-video-preview":"max-video-preview:-1"},"canonical":"https:\/\/univers.tg\/index.php\/2025\/08\/08\/la-cci-togo-inaugure-un-nouveau-siege-regional-a-dapaong\/","og_locale":"fr_FR","og_type":"article","og_title":"La CCI-Togo inaugure un nouveau si\u00e8ge r\u00e9gional \u00e0 Dapaong - UNIVERS.TG","og_description":"La Chambre de commerce et d\u2019industrie du Togo (CCI-Togo) a officiellement inaugur\u00e9, le mercredi 6 ao\u00fbt 2025, les nouveaux locaux de sa d\u00e9l\u00e9gation r\u00e9gionale des Savanes \u00e0 Dapaong. La c\u00e9r\u00e9monie s\u2019est d\u00e9roul\u00e9e en pr\u00e9sence du pr\u00e9sident de l\u2019institution, Jos\u00e9 Kwassi Symenouh, et du gouverneur de la r\u00e9gion, Affoh Atcha-Dedji. Cette infrastructure moderne marque une \u00e9tape","og_url":"https:\/\/univers.tg\/index.php\/2025\/08\/08\/la-cci-togo-inaugure-un-nouveau-siege-regional-a-dapaong\/","og_site_name":"UNIVERS.TG","article_published_time":"2025-08-08T08:52:33+00:00","article_modified_time":"2025-08-08T08:52:35+00:00","og_image":[{"width":500,"height":281,"url":"https:\/\/univers.tg\/wp-content\/uploads\/2025\/08\/4cb5ea7a61ead838efec24559c21c7de_L.jpg?wsr","type":"image\/jpeg"}],"author":"Jeremy Ahossou","twitter_card":"summary_large_image","twitter_misc":{"\u00c9crit par":"Jeremy Ahossou","Dur\u00e9e de lecture estim\u00e9e":"2 minutes"},"schema":{"@context":"https:\/\/schema.org","@graph":[{"@type":"WebPage","@id":"https:\/\/univers.tg\/index.php\/2025\/08\/08\/la-cci-togo-inaugure-un-nouveau-siege-regional-a-dapaong\/","url":"https:\/\/univers.tg\/index.php\/2025\/08\/08\/la-cci-togo-inaugure-un-nouveau-siege-regional-a-dapaong\/","name":"La CCI-Togo inaugure un nouveau si\u00e8ge r\u00e9gional \u00e0 Dapaong - UNIVERS.TG","isPartOf":{"@id":"https:\/\/univers.tg\/#website"},"primaryImageOfPage":{"@id":"https:\/\/univers.tg\/index.php\/2025\/08\/08\/la-cci-togo-inaugure-un-nouveau-siege-regional-a-dapaong\/#primaryimage"},"image":{"@id":"https:\/\/univers.tg\/index.php\/2025\/08\/08\/la-cci-togo-inaugure-un-nouveau-siege-regional-a-dapaong\/#primaryimage"},"thumbnailUrl":"https:\/\/univers.tg\/wp-content\/uploads\/2025\/08\/4cb5ea7a61ead838efec24559c21c7de_L.jpg?wsr","datePublished":"2025-08-08T08:52:33+00:00","dateModified":"2025-08-08T08:52:35+00:00","author":{"@id":"https:\/\/univers.tg\/#\/schema\/person\/7630d7826904ffdd55c0d13d178b97eb"},"breadcrumb":{"@id":"https:\/\/univers.tg\/index.php\/2025\/08\/08\/la-cci-togo-inaugure-un-nouveau-siege-regional-a-dapaong\/#breadcrumb"},"inLanguage":"fr-FR","potentialAction":[{"@type":"ReadAction","target":["https:\/\/univers.tg\/index.php\/2025\/08\/08\/la-cci-togo-inaugure-un-nouveau-siege-regional-a-dapaong\/"]}]},{"@type":"ImageObject","inLanguage":"fr-FR","@id":"https:\/\/univers.tg\/index.php\/2025\/08\/08\/la-cci-togo-inaugure-un-nouveau-siege-regional-a-dapaong\/#primaryimage","url":"https:\/\/univers.tg\/wp-content\/uploads\/2025\/08\/4cb5ea7a61ead838efec24559c21c7de_L.jpg?wsr","contentUrl":"https:\/\/univers.tg\/wp-content\/uploads\/2025\/08\/4cb5ea7a61ead838efec24559c21c7de_L.jpg?wsr","width":500,"height":281},{"@type":"BreadcrumbList","@id":"https:\/\/univers.tg\/index.php\/2025\/08\/08\/la-cci-togo-inaugure-un-nouveau-siege-regional-a-dapaong\/#breadcrumb","itemListElement":[{"@type":"ListItem","position":1,"name":"Accueil","item":"https:\/\/univers.tg\/"},{"@type":"ListItem","position":2,"name":"La CCI-Togo inaugure un nouveau si\u00e8ge r\u00e9gional \u00e0 Dapaong"}]},{"@type":"WebSite","@id":"https:\/\/univers.tg\/#website","url":"https:\/\/univers.tg\/","name":"UNIVERS.TG","description":"AUTORISATION HAAC N\u00b0 0123\/02-2024\/PL\/P","potentialAction":[{"@type":"SearchAction","target":{"@type":"EntryPoint","urlTemplate":"https:\/\/univers.tg\/?s={search_term_string}"},"query-input":{"@type":"PropertyValueSpecification","valueRequired":true,"valueName":"search_term_string"}}],"inLanguage":"fr-FR"},{"@type":"Person","@id":"https:\/\/univers.tg\/#\/schema\/person\/7630d7826904ffdd55c0d13d178b97eb","name":"Jeremy Ahossou","image":{"@type":"ImageObject","inLanguage":"fr-FR","@id":"https:\/\/univers.tg\/#\/schema\/person\/image\/","url":"https:\/\/secure.gravatar.com\/avatar\/b9367486cc4651720458a662d192721c9d7cc1f4afe379e49612ab1a610e08ca?s=96&d=mm&r=g","contentUrl":"https:\/\/secure.gravatar.com\/avatar\/b9367486cc4651720458a662d192721c9d7cc1f4afe379e49612ab1a610e08ca?s=96&d=mm&r=g","caption":"Jeremy Ahossou"},"url":"https:\/\/univers.tg\/index.php\/author\/jeremy-ahossou\/"}]}},"_links":{"self":[{"href":"https:\/\/univers.tg\/index.php\/wp-json\/wp\/v2\/posts\/4085","targetHints":{"allow":["GET"]}}],"collection":[{"href":"https:\/\/univers.tg\/index.php\/wp-json\/wp\/v2\/posts"}],"about":[{"href":"https:\/\/univers.tg\/index.php\/wp-json\/wp\/v2\/types\/post"}],"author":[{"embeddable":true,"href":"https:\/\/univers.tg\/index.php\/wp-json\/wp\/v2\/users\/5"}],"replies":[{"embeddable":true,"href":"https:\/\/univers.tg\/index.php\/wp-json\/wp\/v2\/comments?post=4085"}],"version-history":[{"count":1,"href":"https:\/\/univers.tg\/index.php\/wp-json\/wp\/v2\/posts\/4085\/revisions"}],"predecessor-version":[{"id":4087,"href":"https:\/\/univers.tg\/index.php\/wp-json\/wp\/v2\/posts\/4085\/revisions\/4087"}],"wp:featuredmedia":[{"embeddable":true,"href":"https:\/\/univers.tg\/index.php\/wp-json\/wp\/v2\/media\/4086"}],"wp:attachment":[{"href":"https:\/\/univers.tg\/index.php\/wp-json\/wp\/v2\/media?parent=4085"}],"wp:term":[{"taxonomy":"category","embeddable":true,"href":"https:\/\/univers.tg\/index.php\/wp-json\/wp\/v2\/categories?post=4085"},{"taxonomy":"post_tag","embeddable":true,"href":"https:\/\/univers.tg\/index.php\/wp-json\/wp\/v2\/tags?post=4085"}],"curies":[{"name":"wp","href":"https:\/\/api.w.org\/{rel}","templated":true}]}}