{"id":4132,"date":"2025-08-11T19:37:06","date_gmt":"2025-08-11T19:37:06","guid":{"rendered":"https:\/\/univers.tg\/?p=4132"},"modified":"2025-08-11T19:37:07","modified_gmt":"2025-08-11T19:37:07","slug":"faure-gnassingbe-echange-avec-les-artistes-togolais-pour-la-valorisation-de-la-musique","status":"publish","type":"post","link":"https:\/\/univers.tg\/index.php\/2025\/08\/11\/faure-gnassingbe-echange-avec-les-artistes-togolais-pour-la-valorisation-de-la-musique\/","title":{"rendered":"Faure Gnassingb\u00e9 \u00e9change avec les artistes togolais pour la valorisation de la musique"},"content":{"rendered":"\n<p><\/p>\n\n\n\n<p>Les artistes de la chanson togolaise ont rencontr\u00e9, ce week-end \u00e0 Lom\u00e9 2, le Pr\u00e9sident du Conseil, Faure Essozimna Gnassingb\u00e9. Cette rencontre, plac\u00e9e sous le signe du dialogue et de l\u2019ouverture, a permis d\u2019aborder les enjeux et perspectives de la musique nationale. Le chef de l\u2019\u00c9tat a r\u00e9affirm\u00e9 sa volont\u00e9 d\u2019accompagner les acteurs culturels dans leurs projets afin de promouvoir le patrimoine artistique togolais.<\/p>\n\n\n\n<p>Dans une ambiance conviviale, les \u00e9changes ont port\u00e9 sur les d\u00e9fis du secteur musical et les moyens de le dynamiser. Les artistes ont exprim\u00e9 leurs besoins et propos\u00e9 des pistes d\u2019action pour renforcer leur contribution au rayonnement culturel du pays. Le Pr\u00e9sident du Conseil s\u2019est montr\u00e9 attentif, soulignant que la musique est un vecteur important de l\u2019identit\u00e9 et de l\u2019image du Togo sur la sc\u00e8ne internationale.<\/p>\n\n\n\n<p>Ce dialogue direct a permis \u00e0 chaque participant de s\u2019exprimer librement sur les r\u00e9alit\u00e9s du m\u00e9tier et les opportunit\u00e9s de d\u00e9veloppement<\/p>\n","protected":false},"excerpt":{"rendered":"<p>Les artistes de la chanson togolaise ont rencontr\u00e9, ce week-end \u00e0 Lom\u00e9 2, le Pr\u00e9sident du Conseil, Faure Essozimna Gnassingb\u00e9. Cette rencontre, plac\u00e9e sous le signe du dialogue et de l\u2019ouverture, a permis d\u2019aborder les enjeux et perspectives de la musique nationale. Le chef de l\u2019\u00c9tat a r\u00e9affirm\u00e9 sa volont\u00e9 d\u2019accompagner les acteurs culturels dans<\/p>\n","protected":false},"author":5,"featured_media":4133,"comment_status":"open","ping_status":"open","sticky":false,"template":"","format":"standard","meta":{"footnotes":""},"categories":[3],"tags":[],"class_list":["post-4132","post","type-post","status-publish","format-standard","has-post-thumbnail","hentry","category-societe"],"yoast_head":"<!-- This site is optimized with the Yoast SEO plugin v26.4 - https:\/\/yoast.com\/wordpress\/plugins\/seo\/ -->\n<title>Faure Gnassingb\u00e9 \u00e9change avec les artistes togolais pour la valorisation de la musique - UNIVERS.TG<\/title>\n<meta name=\"robots\" content=\"index, follow, max-snippet:-1, max-image-preview:large, max-video-preview:-1\" \/>\n<link rel=\"canonical\" href=\"https:\/\/univers.tg\/index.php\/2025\/08\/11\/faure-gnassingbe-echange-avec-les-artistes-togolais-pour-la-valorisation-de-la-musique\/\" \/>\n<meta property=\"og:locale\" content=\"fr_FR\" \/>\n<meta property=\"og:type\" content=\"article\" \/>\n<meta property=\"og:title\" content=\"Faure Gnassingb\u00e9 \u00e9change avec les artistes togolais pour la valorisation de la musique - UNIVERS.TG\" \/>\n<meta property=\"og:description\" content=\"Les artistes de la chanson togolaise ont rencontr\u00e9, ce week-end \u00e0 Lom\u00e9 2, le Pr\u00e9sident du Conseil, Faure Essozimna Gnassingb\u00e9. Cette rencontre, plac\u00e9e sous le signe du dialogue et de l\u2019ouverture, a permis d\u2019aborder les enjeux et perspectives de la musique nationale. Le chef de l\u2019\u00c9tat a r\u00e9affirm\u00e9 sa volont\u00e9 d\u2019accompagner les acteurs culturels dans\" \/>\n<meta property=\"og:url\" content=\"https:\/\/univers.tg\/index.php\/2025\/08\/11\/faure-gnassingbe-echange-avec-les-artistes-togolais-pour-la-valorisation-de-la-musique\/\" \/>\n<meta property=\"og:site_name\" content=\"UNIVERS.TG\" \/>\n<meta property=\"article:published_time\" content=\"2025-08-11T19:37:06+00:00\" \/>\n<meta property=\"article:modified_time\" content=\"2025-08-11T19:37:07+00:00\" \/>\n<meta property=\"og:image\" content=\"https:\/\/univers.tg\/wp-content\/uploads\/2025\/08\/1000628223-2.jpg?wsr\" \/>\n\t<meta property=\"og:image:width\" content=\"1139\" \/>\n\t<meta property=\"og:image:height\" content=\"824\" \/>\n\t<meta property=\"og:image:type\" content=\"image\/jpeg\" \/>\n<meta name=\"author\" content=\"Jeremy Ahossou\" \/>\n<meta name=\"twitter:card\" content=\"summary_large_image\" \/>\n<meta name=\"twitter:label1\" content=\"\u00c9crit par\" \/>\n\t<meta name=\"twitter:data1\" content=\"Jeremy Ahossou\" \/>\n\t<meta name=\"twitter:label2\" content=\"Dur\u00e9e de lecture estim\u00e9e\" \/>\n\t<meta name=\"twitter:data2\" content=\"1 minute\" \/>\n<script type=\"application\/ld+json\" class=\"yoast-schema-graph\">{\"@context\":\"https:\/\/schema.org\",\"@graph\":[{\"@type\":\"WebPage\",\"@id\":\"https:\/\/univers.tg\/index.php\/2025\/08\/11\/faure-gnassingbe-echange-avec-les-artistes-togolais-pour-la-valorisation-de-la-musique\/\",\"url\":\"https:\/\/univers.tg\/index.php\/2025\/08\/11\/faure-gnassingbe-echange-avec-les-artistes-togolais-pour-la-valorisation-de-la-musique\/\",\"name\":\"Faure Gnassingb\u00e9 \u00e9change avec les artistes togolais pour la valorisation de la musique - UNIVERS.TG\",\"isPartOf\":{\"@id\":\"https:\/\/univers.tg\/#website\"},\"primaryImageOfPage\":{\"@id\":\"https:\/\/univers.tg\/index.php\/2025\/08\/11\/faure-gnassingbe-echange-avec-les-artistes-togolais-pour-la-valorisation-de-la-musique\/#primaryimage\"},\"image\":{\"@id\":\"https:\/\/univers.tg\/index.php\/2025\/08\/11\/faure-gnassingbe-echange-avec-les-artistes-togolais-pour-la-valorisation-de-la-musique\/#primaryimage\"},\"thumbnailUrl\":\"https:\/\/univers.tg\/wp-content\/uploads\/2025\/08\/1000628223-2.jpg?wsr\",\"datePublished\":\"2025-08-11T19:37:06+00:00\",\"dateModified\":\"2025-08-11T19:37:07+00:00\",\"author\":{\"@id\":\"https:\/\/univers.tg\/#\/schema\/person\/7630d7826904ffdd55c0d13d178b97eb\"},\"breadcrumb\":{\"@id\":\"https:\/\/univers.tg\/index.php\/2025\/08\/11\/faure-gnassingbe-echange-avec-les-artistes-togolais-pour-la-valorisation-de-la-musique\/#breadcrumb\"},\"inLanguage\":\"fr-FR\",\"potentialAction\":[{\"@type\":\"ReadAction\",\"target\":[\"https:\/\/univers.tg\/index.php\/2025\/08\/11\/faure-gnassingbe-echange-avec-les-artistes-togolais-pour-la-valorisation-de-la-musique\/\"]}]},{\"@type\":\"ImageObject\",\"inLanguage\":\"fr-FR\",\"@id\":\"https:\/\/univers.tg\/index.php\/2025\/08\/11\/faure-gnassingbe-echange-avec-les-artistes-togolais-pour-la-valorisation-de-la-musique\/#primaryimage\",\"url\":\"https:\/\/univers.tg\/wp-content\/uploads\/2025\/08\/1000628223-2.jpg?wsr\",\"contentUrl\":\"https:\/\/univers.tg\/wp-content\/uploads\/2025\/08\/1000628223-2.jpg?wsr\",\"width\":1139,\"height\":824},{\"@type\":\"BreadcrumbList\",\"@id\":\"https:\/\/univers.tg\/index.php\/2025\/08\/11\/faure-gnassingbe-echange-avec-les-artistes-togolais-pour-la-valorisation-de-la-musique\/#breadcrumb\",\"itemListElement\":[{\"@type\":\"ListItem\",\"position\":1,\"name\":\"Accueil\",\"item\":\"https:\/\/univers.tg\/\"},{\"@type\":\"ListItem\",\"position\":2,\"name\":\"Faure Gnassingb\u00e9 \u00e9change avec les artistes togolais pour la valorisation de la musique\"}]},{\"@type\":\"WebSite\",\"@id\":\"https:\/\/univers.tg\/#website\",\"url\":\"https:\/\/univers.tg\/\",\"name\":\"UNIVERS.TG\",\"description\":\"AUTORISATION HAAC N\u00b0 0123\/02-2024\/PL\/P\",\"potentialAction\":[{\"@type\":\"SearchAction\",\"target\":{\"@type\":\"EntryPoint\",\"urlTemplate\":\"https:\/\/univers.tg\/?s={search_term_string}\"},\"query-input\":{\"@type\":\"PropertyValueSpecification\",\"valueRequired\":true,\"valueName\":\"search_term_string\"}}],\"inLanguage\":\"fr-FR\"},{\"@type\":\"Person\",\"@id\":\"https:\/\/univers.tg\/#\/schema\/person\/7630d7826904ffdd55c0d13d178b97eb\",\"name\":\"Jeremy Ahossou\",\"image\":{\"@type\":\"ImageObject\",\"inLanguage\":\"fr-FR\",\"@id\":\"https:\/\/univers.tg\/#\/schema\/person\/image\/\",\"url\":\"https:\/\/secure.gravatar.com\/avatar\/b9367486cc4651720458a662d192721c9d7cc1f4afe379e49612ab1a610e08ca?s=96&d=mm&r=g\",\"contentUrl\":\"https:\/\/secure.gravatar.com\/avatar\/b9367486cc4651720458a662d192721c9d7cc1f4afe379e49612ab1a610e08ca?s=96&d=mm&r=g\",\"caption\":\"Jeremy Ahossou\"},\"url\":\"https:\/\/univers.tg\/index.php\/author\/jeremy-ahossou\/\"}]}<\/script>\n<!-- \/ Yoast SEO plugin. -->","yoast_head_json":{"title":"Faure Gnassingb\u00e9 \u00e9change avec les artistes togolais pour la valorisation de la musique - UNIVERS.TG","robots":{"index":"index","follow":"follow","max-snippet":"max-snippet:-1","max-image-preview":"max-image-preview:large","max-video-preview":"max-video-preview:-1"},"canonical":"https:\/\/univers.tg\/index.php\/2025\/08\/11\/faure-gnassingbe-echange-avec-les-artistes-togolais-pour-la-valorisation-de-la-musique\/","og_locale":"fr_FR","og_type":"article","og_title":"Faure Gnassingb\u00e9 \u00e9change avec les artistes togolais pour la valorisation de la musique - UNIVERS.TG","og_description":"Les artistes de la chanson togolaise ont rencontr\u00e9, ce week-end \u00e0 Lom\u00e9 2, le Pr\u00e9sident du Conseil, Faure Essozimna Gnassingb\u00e9. Cette rencontre, plac\u00e9e sous le signe du dialogue et de l\u2019ouverture, a permis d\u2019aborder les enjeux et perspectives de la musique nationale. Le chef de l\u2019\u00c9tat a r\u00e9affirm\u00e9 sa volont\u00e9 d\u2019accompagner les acteurs culturels dans","og_url":"https:\/\/univers.tg\/index.php\/2025\/08\/11\/faure-gnassingbe-echange-avec-les-artistes-togolais-pour-la-valorisation-de-la-musique\/","og_site_name":"UNIVERS.TG","article_published_time":"2025-08-11T19:37:06+00:00","article_modified_time":"2025-08-11T19:37:07+00:00","og_image":[{"width":1139,"height":824,"url":"https:\/\/univers.tg\/wp-content\/uploads\/2025\/08\/1000628223-2.jpg?wsr","type":"image\/jpeg"}],"author":"Jeremy Ahossou","twitter_card":"summary_large_image","twitter_misc":{"\u00c9crit par":"Jeremy Ahossou","Dur\u00e9e de lecture estim\u00e9e":"1 minute"},"schema":{"@context":"https:\/\/schema.org","@graph":[{"@type":"WebPage","@id":"https:\/\/univers.tg\/index.php\/2025\/08\/11\/faure-gnassingbe-echange-avec-les-artistes-togolais-pour-la-valorisation-de-la-musique\/","url":"https:\/\/univers.tg\/index.php\/2025\/08\/11\/faure-gnassingbe-echange-avec-les-artistes-togolais-pour-la-valorisation-de-la-musique\/","name":"Faure Gnassingb\u00e9 \u00e9change avec les artistes togolais pour la valorisation de la musique - UNIVERS.TG","isPartOf":{"@id":"https:\/\/univers.tg\/#website"},"primaryImageOfPage":{"@id":"https:\/\/univers.tg\/index.php\/2025\/08\/11\/faure-gnassingbe-echange-avec-les-artistes-togolais-pour-la-valorisation-de-la-musique\/#primaryimage"},"image":{"@id":"https:\/\/univers.tg\/index.php\/2025\/08\/11\/faure-gnassingbe-echange-avec-les-artistes-togolais-pour-la-valorisation-de-la-musique\/#primaryimage"},"thumbnailUrl":"https:\/\/univers.tg\/wp-content\/uploads\/2025\/08\/1000628223-2.jpg?wsr","datePublished":"2025-08-11T19:37:06+00:00","dateModified":"2025-08-11T19:37:07+00:00","author":{"@id":"https:\/\/univers.tg\/#\/schema\/person\/7630d7826904ffdd55c0d13d178b97eb"},"breadcrumb":{"@id":"https:\/\/univers.tg\/index.php\/2025\/08\/11\/faure-gnassingbe-echange-avec-les-artistes-togolais-pour-la-valorisation-de-la-musique\/#breadcrumb"},"inLanguage":"fr-FR","potentialAction":[{"@type":"ReadAction","target":["https:\/\/univers.tg\/index.php\/2025\/08\/11\/faure-gnassingbe-echange-avec-les-artistes-togolais-pour-la-valorisation-de-la-musique\/"]}]},{"@type":"ImageObject","inLanguage":"fr-FR","@id":"https:\/\/univers.tg\/index.php\/2025\/08\/11\/faure-gnassingbe-echange-avec-les-artistes-togolais-pour-la-valorisation-de-la-musique\/#primaryimage","url":"https:\/\/univers.tg\/wp-content\/uploads\/2025\/08\/1000628223-2.jpg?wsr","contentUrl":"https:\/\/univers.tg\/wp-content\/uploads\/2025\/08\/1000628223-2.jpg?wsr","width":1139,"height":824},{"@type":"BreadcrumbList","@id":"https:\/\/univers.tg\/index.php\/2025\/08\/11\/faure-gnassingbe-echange-avec-les-artistes-togolais-pour-la-valorisation-de-la-musique\/#breadcrumb","itemListElement":[{"@type":"ListItem","position":1,"name":"Accueil","item":"https:\/\/univers.tg\/"},{"@type":"ListItem","position":2,"name":"Faure Gnassingb\u00e9 \u00e9change avec les artistes togolais pour la valorisation de la musique"}]},{"@type":"WebSite","@id":"https:\/\/univers.tg\/#website","url":"https:\/\/univers.tg\/","name":"UNIVERS.TG","description":"AUTORISATION HAAC N\u00b0 0123\/02-2024\/PL\/P","potentialAction":[{"@type":"SearchAction","target":{"@type":"EntryPoint","urlTemplate":"https:\/\/univers.tg\/?s={search_term_string}"},"query-input":{"@type":"PropertyValueSpecification","valueRequired":true,"valueName":"search_term_string"}}],"inLanguage":"fr-FR"},{"@type":"Person","@id":"https:\/\/univers.tg\/#\/schema\/person\/7630d7826904ffdd55c0d13d178b97eb","name":"Jeremy Ahossou","image":{"@type":"ImageObject","inLanguage":"fr-FR","@id":"https:\/\/univers.tg\/#\/schema\/person\/image\/","url":"https:\/\/secure.gravatar.com\/avatar\/b9367486cc4651720458a662d192721c9d7cc1f4afe379e49612ab1a610e08ca?s=96&d=mm&r=g","contentUrl":"https:\/\/secure.gravatar.com\/avatar\/b9367486cc4651720458a662d192721c9d7cc1f4afe379e49612ab1a610e08ca?s=96&d=mm&r=g","caption":"Jeremy Ahossou"},"url":"https:\/\/univers.tg\/index.php\/author\/jeremy-ahossou\/"}]}},"_links":{"self":[{"href":"https:\/\/univers.tg\/index.php\/wp-json\/wp\/v2\/posts\/4132","targetHints":{"allow":["GET"]}}],"collection":[{"href":"https:\/\/univers.tg\/index.php\/wp-json\/wp\/v2\/posts"}],"about":[{"href":"https:\/\/univers.tg\/index.php\/wp-json\/wp\/v2\/types\/post"}],"author":[{"embeddable":true,"href":"https:\/\/univers.tg\/index.php\/wp-json\/wp\/v2\/users\/5"}],"replies":[{"embeddable":true,"href":"https:\/\/univers.tg\/index.php\/wp-json\/wp\/v2\/comments?post=4132"}],"version-history":[{"count":1,"href":"https:\/\/univers.tg\/index.php\/wp-json\/wp\/v2\/posts\/4132\/revisions"}],"predecessor-version":[{"id":4134,"href":"https:\/\/univers.tg\/index.php\/wp-json\/wp\/v2\/posts\/4132\/revisions\/4134"}],"wp:featuredmedia":[{"embeddable":true,"href":"https:\/\/univers.tg\/index.php\/wp-json\/wp\/v2\/media\/4133"}],"wp:attachment":[{"href":"https:\/\/univers.tg\/index.php\/wp-json\/wp\/v2\/media?parent=4132"}],"wp:term":[{"taxonomy":"category","embeddable":true,"href":"https:\/\/univers.tg\/index.php\/wp-json\/wp\/v2\/categories?post=4132"},{"taxonomy":"post_tag","embeddable":true,"href":"https:\/\/univers.tg\/index.php\/wp-json\/wp\/v2\/tags?post=4132"}],"curies":[{"name":"wp","href":"https:\/\/api.w.org\/{rel}","templated":true}]}}