{"id":4142,"date":"2025-08-12T06:46:32","date_gmt":"2025-08-12T06:46:32","guid":{"rendered":"https:\/\/univers.tg\/?p=4142"},"modified":"2025-08-12T06:46:33","modified_gmt":"2025-08-12T06:46:33","slug":"togo-8-000-soldats-deployes-pour-securiser-la-region-des-savanes","status":"publish","type":"post","link":"https:\/\/univers.tg\/index.php\/2025\/08\/12\/togo-8-000-soldats-deployes-pour-securiser-la-region-des-savanes\/","title":{"rendered":"Togo : 8 000 soldats d\u00e9ploy\u00e9s pour s\u00e9curiser la r\u00e9gion des Savanes"},"content":{"rendered":"\n<p><\/p>\n\n\n\n<p>Le ministre togolais des Affaires \u00e9trang\u00e8res, Prof Robert Dussey, a exprim\u00e9 son inqui\u00e9tude face \u00e0 l\u2019escalade des attaques terroristes dans la r\u00e9gion des Savanes depuis le d\u00e9but de l\u2019ann\u00e9e 2025. Il a d\u00e9nonc\u00e9 une recrudescence marqu\u00e9e entre mai et juin, p\u00e9riode durant laquelle 15 attaques ont \u00e9t\u00e9 recens\u00e9es, tout en assurant que l\u2019\u00c9tat intensifie ses efforts pour prot\u00e9ger les populations.<\/p>\n\n\n\n<p>Selon les chiffres communiqu\u00e9s par le ministre, ces attaques ont co\u00fbt\u00e9 la vie \u00e0 62 personnes, dont 54 civils et 8 membres des forces de d\u00e9fense et de s\u00e9curit\u00e9. Cette situation met en lumi\u00e8re la gravit\u00e9 de la menace qui p\u00e8se sur cette partie du pays, frontali\u00e8re avec le Burkina Faso, et particuli\u00e8rement expos\u00e9e aux incursions arm\u00e9es.<\/p>\n\n\n\n<p>Pour faire face \u00e0 cette ins\u00e9curit\u00e9, le gouvernement togolais a mobilis\u00e9 8 000 soldats dans la r\u00e9gion des Savanes. En compl\u00e9ment, un \u00e9tat d\u2019urgence s\u00e9curitaire, en vigueur depuis 2022, continue de permettre aux forces arm\u00e9es d\u2019op\u00e9rer avec plus de flexibilit\u00e9 et de r\u00e9activit\u00e9 face aux menaces.<\/p>\n\n\n\n<p>La premi\u00e8re attaque recens\u00e9e dans cette zone remonte \u00e0 la nuit du 9 au 10 novembre 2021, lorsque des assaillants venus du Burkina Faso avaient cibl\u00e9 un poste militaire \u00e0 Sanloaga, dans la pr\u00e9fecture de Kpendjal. Les soldats togolais avaient alors r\u00e9ussi \u00e0 repousser l\u2019attaque, mais depuis, la r\u00e9gion reste en alerte permanente.<\/p>\n","protected":false},"excerpt":{"rendered":"<p>Le ministre togolais des Affaires \u00e9trang\u00e8res, Prof Robert Dussey, a exprim\u00e9 son inqui\u00e9tude face \u00e0 l\u2019escalade des attaques terroristes dans la r\u00e9gion des Savanes depuis le d\u00e9but de l\u2019ann\u00e9e 2025. Il a d\u00e9nonc\u00e9 une recrudescence marqu\u00e9e entre mai et juin, p\u00e9riode durant laquelle 15 attaques ont \u00e9t\u00e9 recens\u00e9es, tout en assurant que l\u2019\u00c9tat intensifie ses<\/p>\n","protected":false},"author":5,"featured_media":4143,"comment_status":"open","ping_status":"open","sticky":false,"template":"","format":"standard","meta":{"footnotes":""},"categories":[390],"tags":[392,393,391],"class_list":["post-4142","post","type-post","status-publish","format-standard","has-post-thumbnail","hentry","category-securite","tag-savanes","tag-securise","tag-soldats"],"yoast_head":"<!-- This site is optimized with the Yoast SEO plugin v26.4 - https:\/\/yoast.com\/wordpress\/plugins\/seo\/ -->\n<title>Togo : 8 000 soldats d\u00e9ploy\u00e9s pour s\u00e9curiser la r\u00e9gion des Savanes - UNIVERS.TG<\/title>\n<meta name=\"description\" content=\"ministre togolais des Affaires \u00e9trang\u00e8res, Prof Robert Dussey, a exprim\u00e9 son inqui\u00e9tude face \u00e0 l\u2019escalade des attaques terroristes dans la r\u00e9gion des Savanes\" \/>\n<meta name=\"robots\" content=\"index, follow, max-snippet:-1, max-image-preview:large, max-video-preview:-1\" \/>\n<link rel=\"canonical\" href=\"https:\/\/univers.tg\/index.php\/2025\/08\/12\/togo-8-000-soldats-deployes-pour-securiser-la-region-des-savanes\/\" \/>\n<meta property=\"og:locale\" content=\"fr_FR\" \/>\n<meta property=\"og:type\" content=\"article\" \/>\n<meta property=\"og:title\" content=\"Togo : 8 000 soldats d\u00e9ploy\u00e9s pour s\u00e9curiser la r\u00e9gion des Savanes - UNIVERS.TG\" \/>\n<meta property=\"og:description\" content=\"ministre togolais des Affaires \u00e9trang\u00e8res, Prof Robert Dussey, a exprim\u00e9 son inqui\u00e9tude face \u00e0 l\u2019escalade des attaques terroristes dans la r\u00e9gion des Savanes\" \/>\n<meta property=\"og:url\" content=\"https:\/\/univers.tg\/index.php\/2025\/08\/12\/togo-8-000-soldats-deployes-pour-securiser-la-region-des-savanes\/\" \/>\n<meta property=\"og:site_name\" content=\"UNIVERS.TG\" \/>\n<meta property=\"article:published_time\" content=\"2025-08-12T06:46:32+00:00\" \/>\n<meta property=\"article:modified_time\" content=\"2025-08-12T06:46:33+00:00\" \/>\n<meta property=\"og:image\" content=\"https:\/\/univers.tg\/wp-content\/uploads\/2025\/08\/25c0d2dc-5b08-43f2-8583-70b3d9d96533.jpeg?wsr\" \/>\n\t<meta property=\"og:image:width\" content=\"1200\" \/>\n\t<meta property=\"og:image:height\" content=\"695\" \/>\n\t<meta property=\"og:image:type\" content=\"image\/jpeg\" \/>\n<meta name=\"author\" content=\"Jeremy Ahossou\" \/>\n<meta name=\"twitter:card\" content=\"summary_large_image\" \/>\n<meta name=\"twitter:label1\" content=\"\u00c9crit par\" \/>\n\t<meta name=\"twitter:data1\" content=\"Jeremy Ahossou\" \/>\n\t<meta name=\"twitter:label2\" content=\"Dur\u00e9e de lecture estim\u00e9e\" \/>\n\t<meta name=\"twitter:data2\" content=\"2 minutes\" \/>\n<script type=\"application\/ld+json\" class=\"yoast-schema-graph\">{\"@context\":\"https:\/\/schema.org\",\"@graph\":[{\"@type\":\"WebPage\",\"@id\":\"https:\/\/univers.tg\/index.php\/2025\/08\/12\/togo-8-000-soldats-deployes-pour-securiser-la-region-des-savanes\/\",\"url\":\"https:\/\/univers.tg\/index.php\/2025\/08\/12\/togo-8-000-soldats-deployes-pour-securiser-la-region-des-savanes\/\",\"name\":\"Togo : 8 000 soldats d\u00e9ploy\u00e9s pour s\u00e9curiser la r\u00e9gion des Savanes - UNIVERS.TG\",\"isPartOf\":{\"@id\":\"https:\/\/univers.tg\/#website\"},\"primaryImageOfPage\":{\"@id\":\"https:\/\/univers.tg\/index.php\/2025\/08\/12\/togo-8-000-soldats-deployes-pour-securiser-la-region-des-savanes\/#primaryimage\"},\"image\":{\"@id\":\"https:\/\/univers.tg\/index.php\/2025\/08\/12\/togo-8-000-soldats-deployes-pour-securiser-la-region-des-savanes\/#primaryimage\"},\"thumbnailUrl\":\"https:\/\/univers.tg\/wp-content\/uploads\/2025\/08\/25c0d2dc-5b08-43f2-8583-70b3d9d96533.jpeg?wsr\",\"datePublished\":\"2025-08-12T06:46:32+00:00\",\"dateModified\":\"2025-08-12T06:46:33+00:00\",\"author\":{\"@id\":\"https:\/\/univers.tg\/#\/schema\/person\/7630d7826904ffdd55c0d13d178b97eb\"},\"description\":\"ministre togolais des Affaires \u00e9trang\u00e8res, Prof Robert Dussey, a exprim\u00e9 son inqui\u00e9tude face \u00e0 l\u2019escalade des attaques terroristes dans la r\u00e9gion des Savanes\",\"breadcrumb\":{\"@id\":\"https:\/\/univers.tg\/index.php\/2025\/08\/12\/togo-8-000-soldats-deployes-pour-securiser-la-region-des-savanes\/#breadcrumb\"},\"inLanguage\":\"fr-FR\",\"potentialAction\":[{\"@type\":\"ReadAction\",\"target\":[\"https:\/\/univers.tg\/index.php\/2025\/08\/12\/togo-8-000-soldats-deployes-pour-securiser-la-region-des-savanes\/\"]}]},{\"@type\":\"ImageObject\",\"inLanguage\":\"fr-FR\",\"@id\":\"https:\/\/univers.tg\/index.php\/2025\/08\/12\/togo-8-000-soldats-deployes-pour-securiser-la-region-des-savanes\/#primaryimage\",\"url\":\"https:\/\/univers.tg\/wp-content\/uploads\/2025\/08\/25c0d2dc-5b08-43f2-8583-70b3d9d96533.jpeg?wsr\",\"contentUrl\":\"https:\/\/univers.tg\/wp-content\/uploads\/2025\/08\/25c0d2dc-5b08-43f2-8583-70b3d9d96533.jpeg?wsr\",\"width\":1200,\"height\":695},{\"@type\":\"BreadcrumbList\",\"@id\":\"https:\/\/univers.tg\/index.php\/2025\/08\/12\/togo-8-000-soldats-deployes-pour-securiser-la-region-des-savanes\/#breadcrumb\",\"itemListElement\":[{\"@type\":\"ListItem\",\"position\":1,\"name\":\"Accueil\",\"item\":\"https:\/\/univers.tg\/\"},{\"@type\":\"ListItem\",\"position\":2,\"name\":\"Togo : 8 000 soldats d\u00e9ploy\u00e9s pour s\u00e9curiser la r\u00e9gion des Savanes\"}]},{\"@type\":\"WebSite\",\"@id\":\"https:\/\/univers.tg\/#website\",\"url\":\"https:\/\/univers.tg\/\",\"name\":\"UNIVERS.TG\",\"description\":\"AUTORISATION HAAC N\u00b0 0123\/02-2024\/PL\/P\",\"potentialAction\":[{\"@type\":\"SearchAction\",\"target\":{\"@type\":\"EntryPoint\",\"urlTemplate\":\"https:\/\/univers.tg\/?s={search_term_string}\"},\"query-input\":{\"@type\":\"PropertyValueSpecification\",\"valueRequired\":true,\"valueName\":\"search_term_string\"}}],\"inLanguage\":\"fr-FR\"},{\"@type\":\"Person\",\"@id\":\"https:\/\/univers.tg\/#\/schema\/person\/7630d7826904ffdd55c0d13d178b97eb\",\"name\":\"Jeremy Ahossou\",\"image\":{\"@type\":\"ImageObject\",\"inLanguage\":\"fr-FR\",\"@id\":\"https:\/\/univers.tg\/#\/schema\/person\/image\/\",\"url\":\"https:\/\/secure.gravatar.com\/avatar\/b9367486cc4651720458a662d192721c9d7cc1f4afe379e49612ab1a610e08ca?s=96&d=mm&r=g\",\"contentUrl\":\"https:\/\/secure.gravatar.com\/avatar\/b9367486cc4651720458a662d192721c9d7cc1f4afe379e49612ab1a610e08ca?s=96&d=mm&r=g\",\"caption\":\"Jeremy Ahossou\"},\"url\":\"https:\/\/univers.tg\/index.php\/author\/jeremy-ahossou\/\"}]}<\/script>\n<!-- \/ Yoast SEO plugin. -->","yoast_head_json":{"title":"Togo : 8 000 soldats d\u00e9ploy\u00e9s pour s\u00e9curiser la r\u00e9gion des Savanes - UNIVERS.TG","description":"ministre togolais des Affaires \u00e9trang\u00e8res, Prof Robert Dussey, a exprim\u00e9 son inqui\u00e9tude face \u00e0 l\u2019escalade des attaques terroristes dans la r\u00e9gion des Savanes","robots":{"index":"index","follow":"follow","max-snippet":"max-snippet:-1","max-image-preview":"max-image-preview:large","max-video-preview":"max-video-preview:-1"},"canonical":"https:\/\/univers.tg\/index.php\/2025\/08\/12\/togo-8-000-soldats-deployes-pour-securiser-la-region-des-savanes\/","og_locale":"fr_FR","og_type":"article","og_title":"Togo : 8 000 soldats d\u00e9ploy\u00e9s pour s\u00e9curiser la r\u00e9gion des Savanes - UNIVERS.TG","og_description":"ministre togolais des Affaires \u00e9trang\u00e8res, Prof Robert Dussey, a exprim\u00e9 son inqui\u00e9tude face \u00e0 l\u2019escalade des attaques terroristes dans la r\u00e9gion des Savanes","og_url":"https:\/\/univers.tg\/index.php\/2025\/08\/12\/togo-8-000-soldats-deployes-pour-securiser-la-region-des-savanes\/","og_site_name":"UNIVERS.TG","article_published_time":"2025-08-12T06:46:32+00:00","article_modified_time":"2025-08-12T06:46:33+00:00","og_image":[{"width":1200,"height":695,"url":"https:\/\/univers.tg\/wp-content\/uploads\/2025\/08\/25c0d2dc-5b08-43f2-8583-70b3d9d96533.jpeg?wsr","type":"image\/jpeg"}],"author":"Jeremy Ahossou","twitter_card":"summary_large_image","twitter_misc":{"\u00c9crit par":"Jeremy Ahossou","Dur\u00e9e de lecture estim\u00e9e":"2 minutes"},"schema":{"@context":"https:\/\/schema.org","@graph":[{"@type":"WebPage","@id":"https:\/\/univers.tg\/index.php\/2025\/08\/12\/togo-8-000-soldats-deployes-pour-securiser-la-region-des-savanes\/","url":"https:\/\/univers.tg\/index.php\/2025\/08\/12\/togo-8-000-soldats-deployes-pour-securiser-la-region-des-savanes\/","name":"Togo : 8 000 soldats d\u00e9ploy\u00e9s pour s\u00e9curiser la r\u00e9gion des Savanes - UNIVERS.TG","isPartOf":{"@id":"https:\/\/univers.tg\/#website"},"primaryImageOfPage":{"@id":"https:\/\/univers.tg\/index.php\/2025\/08\/12\/togo-8-000-soldats-deployes-pour-securiser-la-region-des-savanes\/#primaryimage"},"image":{"@id":"https:\/\/univers.tg\/index.php\/2025\/08\/12\/togo-8-000-soldats-deployes-pour-securiser-la-region-des-savanes\/#primaryimage"},"thumbnailUrl":"https:\/\/univers.tg\/wp-content\/uploads\/2025\/08\/25c0d2dc-5b08-43f2-8583-70b3d9d96533.jpeg?wsr","datePublished":"2025-08-12T06:46:32+00:00","dateModified":"2025-08-12T06:46:33+00:00","author":{"@id":"https:\/\/univers.tg\/#\/schema\/person\/7630d7826904ffdd55c0d13d178b97eb"},"description":"ministre togolais des Affaires \u00e9trang\u00e8res, Prof Robert Dussey, a exprim\u00e9 son inqui\u00e9tude face \u00e0 l\u2019escalade des attaques terroristes dans la r\u00e9gion des Savanes","breadcrumb":{"@id":"https:\/\/univers.tg\/index.php\/2025\/08\/12\/togo-8-000-soldats-deployes-pour-securiser-la-region-des-savanes\/#breadcrumb"},"inLanguage":"fr-FR","potentialAction":[{"@type":"ReadAction","target":["https:\/\/univers.tg\/index.php\/2025\/08\/12\/togo-8-000-soldats-deployes-pour-securiser-la-region-des-savanes\/"]}]},{"@type":"ImageObject","inLanguage":"fr-FR","@id":"https:\/\/univers.tg\/index.php\/2025\/08\/12\/togo-8-000-soldats-deployes-pour-securiser-la-region-des-savanes\/#primaryimage","url":"https:\/\/univers.tg\/wp-content\/uploads\/2025\/08\/25c0d2dc-5b08-43f2-8583-70b3d9d96533.jpeg?wsr","contentUrl":"https:\/\/univers.tg\/wp-content\/uploads\/2025\/08\/25c0d2dc-5b08-43f2-8583-70b3d9d96533.jpeg?wsr","width":1200,"height":695},{"@type":"BreadcrumbList","@id":"https:\/\/univers.tg\/index.php\/2025\/08\/12\/togo-8-000-soldats-deployes-pour-securiser-la-region-des-savanes\/#breadcrumb","itemListElement":[{"@type":"ListItem","position":1,"name":"Accueil","item":"https:\/\/univers.tg\/"},{"@type":"ListItem","position":2,"name":"Togo : 8 000 soldats d\u00e9ploy\u00e9s pour s\u00e9curiser la r\u00e9gion des Savanes"}]},{"@type":"WebSite","@id":"https:\/\/univers.tg\/#website","url":"https:\/\/univers.tg\/","name":"UNIVERS.TG","description":"AUTORISATION HAAC N\u00b0 0123\/02-2024\/PL\/P","potentialAction":[{"@type":"SearchAction","target":{"@type":"EntryPoint","urlTemplate":"https:\/\/univers.tg\/?s={search_term_string}"},"query-input":{"@type":"PropertyValueSpecification","valueRequired":true,"valueName":"search_term_string"}}],"inLanguage":"fr-FR"},{"@type":"Person","@id":"https:\/\/univers.tg\/#\/schema\/person\/7630d7826904ffdd55c0d13d178b97eb","name":"Jeremy Ahossou","image":{"@type":"ImageObject","inLanguage":"fr-FR","@id":"https:\/\/univers.tg\/#\/schema\/person\/image\/","url":"https:\/\/secure.gravatar.com\/avatar\/b9367486cc4651720458a662d192721c9d7cc1f4afe379e49612ab1a610e08ca?s=96&d=mm&r=g","contentUrl":"https:\/\/secure.gravatar.com\/avatar\/b9367486cc4651720458a662d192721c9d7cc1f4afe379e49612ab1a610e08ca?s=96&d=mm&r=g","caption":"Jeremy Ahossou"},"url":"https:\/\/univers.tg\/index.php\/author\/jeremy-ahossou\/"}]}},"_links":{"self":[{"href":"https:\/\/univers.tg\/index.php\/wp-json\/wp\/v2\/posts\/4142","targetHints":{"allow":["GET"]}}],"collection":[{"href":"https:\/\/univers.tg\/index.php\/wp-json\/wp\/v2\/posts"}],"about":[{"href":"https:\/\/univers.tg\/index.php\/wp-json\/wp\/v2\/types\/post"}],"author":[{"embeddable":true,"href":"https:\/\/univers.tg\/index.php\/wp-json\/wp\/v2\/users\/5"}],"replies":[{"embeddable":true,"href":"https:\/\/univers.tg\/index.php\/wp-json\/wp\/v2\/comments?post=4142"}],"version-history":[{"count":1,"href":"https:\/\/univers.tg\/index.php\/wp-json\/wp\/v2\/posts\/4142\/revisions"}],"predecessor-version":[{"id":4144,"href":"https:\/\/univers.tg\/index.php\/wp-json\/wp\/v2\/posts\/4142\/revisions\/4144"}],"wp:featuredmedia":[{"embeddable":true,"href":"https:\/\/univers.tg\/index.php\/wp-json\/wp\/v2\/media\/4143"}],"wp:attachment":[{"href":"https:\/\/univers.tg\/index.php\/wp-json\/wp\/v2\/media?parent=4142"}],"wp:term":[{"taxonomy":"category","embeddable":true,"href":"https:\/\/univers.tg\/index.php\/wp-json\/wp\/v2\/categories?post=4142"},{"taxonomy":"post_tag","embeddable":true,"href":"https:\/\/univers.tg\/index.php\/wp-json\/wp\/v2\/tags?post=4142"}],"curies":[{"name":"wp","href":"https:\/\/api.w.org\/{rel}","templated":true}]}}