{"id":4182,"date":"2025-08-13T13:06:00","date_gmt":"2025-08-13T13:06:00","guid":{"rendered":"https:\/\/univers.tg\/?p=4182"},"modified":"2025-08-13T13:47:00","modified_gmt":"2025-08-13T13:47:00","slug":"crefer-annonce-sa-rentree-2025-avec-de-nouveaux-modules-de-formation-en-energie-et-batiment","status":"publish","type":"post","link":"https:\/\/univers.tg\/index.php\/2025\/08\/13\/crefer-annonce-sa-rentree-2025-avec-de-nouveaux-modules-de-formation-en-energie-et-batiment\/","title":{"rendered":"CREFER annonce sa rentr\u00e9e 2025 avec de nouveaux modules de formation en \u00e9nergie et b\u00e2timent"},"content":{"rendered":"\n<p><\/p>\n\n\n\n<p><a href=\"https:\/\/univers.tg\/index.php\/2024\/09\/17\/le-crefer-lance-sa-rentree-2024-2025-avec-optimisme-et-engagement\/\">Le Centre R\u00e9gional d\u2019\u00c9tudes et de Formation en \u00c9nergie Renouvelable (CREFER)<\/a> a pr\u00e9sent\u00e9 ce mercredi 13 ao\u00fbt 2025, lors d\u2019une conf\u00e9rence de presse, les grandes lignes de sa prochaine rentr\u00e9e acad\u00e9mique. L\u2019\u00e9v\u00e9nement, plac\u00e9 sous le th\u00e8me \u00ab Pr\u00e9parer les talents de demain dans les m\u00e9tiers de l\u2019\u00e9nergie au Togo et dans la sous-r\u00e9gion \u00bb, a permis de d\u00e9voiler les nouvelles fili\u00e8res, les dates de reprise des cours et les activit\u00e9s pr\u00e9vues pour accueillir le public.<\/p>\n\n\n\n<p>Dans sa d\u00e9claration, le Directeur G\u00e9n\u00e9ral, Komlan Awute, a rappel\u00e9 que le CREFER forme depuis plusieurs ann\u00e9es des professionnels capables de r\u00e9pondre aux d\u00e9fis \u00e9nerg\u00e9tiques actuels. \u00ab Notre objectif est de proposer des formations de qualit\u00e9, adapt\u00e9es aux r\u00e9alit\u00e9s du terrain, en mettant l\u2019accent sur la pratique et l\u2019acquisition de comp\u00e9tences directement exploitables sur le march\u00e9 \u00bb, a-t-il soulign\u00e9. Les enseignements sont con\u00e7us en collaboration avec des entreprises et des experts, afin de garantir une meilleure insertion professionnelle.<\/p>\n\n\n\n<figure class=\"wp-block-image size-large\"><img loading=\"lazy\" decoding=\"async\" width=\"1024\" height=\"768\" src=\"https:\/\/univers.tg\/wp-content\/uploads\/2025\/08\/PXL_20250813_093352616.NIGHT_-1024x768.jpg?wsr\" alt=\"\" class=\"wp-image-4183\" srcset=\"https:\/\/univers.tg\/wp-content\/uploads\/2025\/08\/PXL_20250813_093352616.NIGHT_-1024x768.jpg 1024w, https:\/\/univers.tg\/wp-content\/uploads\/2025\/08\/PXL_20250813_093352616.NIGHT_-300x225.jpg 300w, https:\/\/univers.tg\/wp-content\/uploads\/2025\/08\/PXL_20250813_093352616.NIGHT_-768x576.jpg 768w, https:\/\/univers.tg\/wp-content\/uploads\/2025\/08\/PXL_20250813_093352616.NIGHT_-1536x1152.jpg 1536w, https:\/\/univers.tg\/wp-content\/uploads\/2025\/08\/PXL_20250813_093352616.NIGHT_-2048x1536.jpg 2048w, https:\/\/univers.tg\/wp-content\/uploads\/2025\/08\/PXL_20250813_093352616.NIGHT_-720x540.jpg 720w\" sizes=\"auto, (max-width: 1024px) 100vw, 1024px\" \/><\/figure>\n\n\n\n<p>Pour la rentr\u00e9e 2025, le CREFER enrichit son offre avec des modules suppl\u00e9mentaires dans le secteur du b\u00e2timent. \u00ab Nous formons d\u00e9j\u00e0 en \u00e9lectricit\u00e9 b\u00e2timent et industrielle, en \u00e9nergie solaire, en efficacit\u00e9 \u00e9nerg\u00e9tique. Cette ann\u00e9e, nous ajoutons la plomberie, la climatisation et le froid, des m\u00e9tiers tr\u00e8s demand\u00e9s sur le march\u00e9 togolais \u00bb, a expliqu\u00e9 M. Awute. Ces formations visent \u00e0 pr\u00e9parer les jeunes \u00e0 l\u2019emploi salari\u00e9 ou \u00e0 l\u2019auto-emploi, avec des comp\u00e9tences pratiques pour r\u00e9pondre aux besoins r\u00e9els du pays.<\/p>\n\n\n\n<p>L\u2019\u00e9tablissement se distingue par un dispositif unique de stages garantis pour tous les apprenants. \u00ab Aucun \u00e9tudiant ne termine sa formation sans stage. Nous avons des centaines d\u2019entreprises partenaires qui accueillent nos dipl\u00f4m\u00e9s, ce qui facilite leur int\u00e9gration professionnelle \u00bb, a affirm\u00e9 le Directeur G\u00e9n\u00e9ral. Les candidats peuvent int\u00e9grer le centre \u00e0 partir du niveau BEPC, BAC ou m\u00eame avec un dipl\u00f4me universitaire, pour acqu\u00e9rir une qualification technique.<\/p>\n\n\n\n<p>Cr\u00e9\u00e9 en 2019 par l\u2019entreprise EGENT Togo, le CREFER propose trois ordres de formation : le BT \u00e9lectrotechnique, le CAP en \u00e9lectricit\u00e9 d\u2019\u00e9quipements et les formations modulaires. Celles-ci couvrent l\u2019\u00e9lectricit\u00e9 b\u00e2timent et industrielle, le biogaz, \u00e9nergie solaire Photovolta\u00efque, l\u2019efficacit\u00e9 \u00e9nerg\u00e9tique, ainsi que la fili\u00e8re SST regroupant la t\u00e9l\u00e9surveillance et les t\u00e9l\u00e9communications. Tous les programmes incluent une phase th\u00e9orique, des travaux pratiques et un stage obligatoire.<\/p>\n\n\n\n<figure class=\"wp-block-image size-full\"><img loading=\"lazy\" decoding=\"async\" width=\"800\" height=\"425\" src=\"https:\/\/univers.tg\/wp-content\/uploads\/2025\/08\/686256509f3cb-1.jpg?wsr\" alt=\"\" class=\"wp-image-4186\" srcset=\"https:\/\/univers.tg\/wp-content\/uploads\/2025\/08\/686256509f3cb-1.jpg 800w, https:\/\/univers.tg\/wp-content\/uploads\/2025\/08\/686256509f3cb-1-300x159.jpg 300w, https:\/\/univers.tg\/wp-content\/uploads\/2025\/08\/686256509f3cb-1-768x408.jpg 768w\" sizes=\"auto, (max-width: 800px) 100vw, 800px\" \/><\/figure>\n\n\n\n<p>Les dates retenues pour la prochaine rentr\u00e9e sont le 15 septembre 2025 pour les fili\u00e8res CAP et BT, et le 13 octobre 2025 pour les formations modulaires. En pr\u00e9lude, le CREFER organise une journ\u00e9e portes ouvertes du 18 au 23 ao\u00fbt 2025, afin de permettre aux visiteurs de d\u00e9couvrir les modules de formation, les infrastructures, les ateliers et les \u00e9quipements p\u00e9dagogiques.<\/p>\n\n\n\n<p>\u00ab Former des techniciens comp\u00e9tents, autonomiser la jeunesse africaine et vulgariser les m\u00e9tiers li\u00e9s aux \u00e9nergies renouvelables. Plus de professionnels qualifi\u00e9s sur le terrain, c\u2019est aussi un plus pour notre pays et pour toute la sous-r\u00e9gion. \u00bb, a confi\u00e9 le Directeur P\u00e9dagogique, Achille Kloutse. Le CREFER ambitionne de rester un acteur incontournable dans la formation technique au Togo et au-del\u00e0.<\/p>\n\n\n\n<p>Pour information, le si\u00e8ge social du CREFER est situ\u00e9 \u00e0 Lom\u00e9, Togo, au quartier Totsi Gblenkom\u00e9, pr\u00e8s de la salle de r\u00e9union des T\u00e9moins de J\u00e9hovah. L\u2019annexe se trouve au bord des pav\u00e9s de Totsi, non loin de l\u2019agence TogoCom. Pour tout renseignement, le centre est joignable aux num\u00e9ros (+228) 91 20 43 73 et (+228) 92 53 14 55.<\/p>\n","protected":false},"excerpt":{"rendered":"<p>Le Centre R\u00e9gional d\u2019\u00c9tudes et de Formation en \u00c9nergie Renouvelable (CREFER) a pr\u00e9sent\u00e9 ce mercredi 13 ao\u00fbt 2025, lors d\u2019une conf\u00e9rence de presse, les grandes lignes de sa prochaine rentr\u00e9e acad\u00e9mique. L\u2019\u00e9v\u00e9nement, plac\u00e9 sous le th\u00e8me \u00ab Pr\u00e9parer les talents de demain dans les m\u00e9tiers de l\u2019\u00e9nergie au Togo et dans la sous-r\u00e9gion \u00bb, a<\/p>\n","protected":false},"author":5,"featured_media":4184,"comment_status":"open","ping_status":"open","sticky":false,"template":"","format":"standard","meta":{"footnotes":""},"categories":[7],"tags":[54,403,184],"class_list":["post-4182","post","type-post","status-publish","format-standard","has-post-thumbnail","hentry","category-education","tag-crefer","tag-energie-renouvelable","tag-formation"],"yoast_head":"<!-- This site is optimized with the Yoast SEO plugin v26.4 - https:\/\/yoast.com\/wordpress\/plugins\/seo\/ -->\n<title>CREFER annonce sa rentr\u00e9e 2025 avec de nouveaux modules de formation en \u00e9nergie et b\u00e2timent - UNIVERS.TG<\/title>\n<meta name=\"description\" content=\"Le Centre R\u00e9gional d\u2019\u00c9tudes et de Formation en \u00c9nergie Renouvelable (CREFER) a pr\u00e9sent\u00e9 ce mercredi 13 ao\u00fbt 2025, lors d\u2019une conf\u00e9rence de presse, les grandes lignes de sa prochaine rentr\u00e9e acad\u00e9mique\" \/>\n<meta name=\"robots\" content=\"index, follow, max-snippet:-1, max-image-preview:large, max-video-preview:-1\" \/>\n<link rel=\"canonical\" href=\"https:\/\/univers.tg\/index.php\/2025\/08\/13\/crefer-annonce-sa-rentree-2025-avec-de-nouveaux-modules-de-formation-en-energie-et-batiment\/\" \/>\n<meta property=\"og:locale\" content=\"fr_FR\" \/>\n<meta property=\"og:type\" content=\"article\" \/>\n<meta property=\"og:title\" content=\"CREFER annonce sa rentr\u00e9e 2025 avec de nouveaux modules de formation en \u00e9nergie et b\u00e2timent - UNIVERS.TG\" \/>\n<meta property=\"og:description\" content=\"Le Centre R\u00e9gional d\u2019\u00c9tudes et de Formation en \u00c9nergie Renouvelable (CREFER) a pr\u00e9sent\u00e9 ce mercredi 13 ao\u00fbt 2025, lors d\u2019une conf\u00e9rence de presse, les grandes lignes de sa prochaine rentr\u00e9e acad\u00e9mique\" \/>\n<meta property=\"og:url\" content=\"https:\/\/univers.tg\/index.php\/2025\/08\/13\/crefer-annonce-sa-rentree-2025-avec-de-nouveaux-modules-de-formation-en-energie-et-batiment\/\" \/>\n<meta property=\"og:site_name\" content=\"UNIVERS.TG\" \/>\n<meta property=\"article:published_time\" content=\"2025-08-13T13:06:00+00:00\" \/>\n<meta property=\"article:modified_time\" content=\"2025-08-13T13:47:00+00:00\" \/>\n<meta property=\"og:image\" content=\"https:\/\/univers.tg\/wp-content\/uploads\/2025\/08\/IMG-20250813-WA0007.jpg?wsr\" \/>\n\t<meta property=\"og:image:width\" content=\"1008\" \/>\n\t<meta property=\"og:image:height\" content=\"756\" \/>\n\t<meta property=\"og:image:type\" content=\"image\/jpeg\" \/>\n<meta name=\"author\" content=\"Jeremy Ahossou\" \/>\n<meta name=\"twitter:card\" content=\"summary_large_image\" \/>\n<meta name=\"twitter:label1\" content=\"\u00c9crit par\" \/>\n\t<meta name=\"twitter:data1\" content=\"Jeremy Ahossou\" \/>\n\t<meta name=\"twitter:label2\" content=\"Dur\u00e9e de lecture estim\u00e9e\" \/>\n\t<meta name=\"twitter:data2\" content=\"4 minutes\" \/>\n<script type=\"application\/ld+json\" class=\"yoast-schema-graph\">{\"@context\":\"https:\/\/schema.org\",\"@graph\":[{\"@type\":\"WebPage\",\"@id\":\"https:\/\/univers.tg\/index.php\/2025\/08\/13\/crefer-annonce-sa-rentree-2025-avec-de-nouveaux-modules-de-formation-en-energie-et-batiment\/\",\"url\":\"https:\/\/univers.tg\/index.php\/2025\/08\/13\/crefer-annonce-sa-rentree-2025-avec-de-nouveaux-modules-de-formation-en-energie-et-batiment\/\",\"name\":\"CREFER annonce sa rentr\u00e9e 2025 avec de nouveaux modules de formation en \u00e9nergie et b\u00e2timent - UNIVERS.TG\",\"isPartOf\":{\"@id\":\"https:\/\/univers.tg\/#website\"},\"primaryImageOfPage\":{\"@id\":\"https:\/\/univers.tg\/index.php\/2025\/08\/13\/crefer-annonce-sa-rentree-2025-avec-de-nouveaux-modules-de-formation-en-energie-et-batiment\/#primaryimage\"},\"image\":{\"@id\":\"https:\/\/univers.tg\/index.php\/2025\/08\/13\/crefer-annonce-sa-rentree-2025-avec-de-nouveaux-modules-de-formation-en-energie-et-batiment\/#primaryimage\"},\"thumbnailUrl\":\"https:\/\/univers.tg\/wp-content\/uploads\/2025\/08\/IMG-20250813-WA0007.jpg?wsr\",\"datePublished\":\"2025-08-13T13:06:00+00:00\",\"dateModified\":\"2025-08-13T13:47:00+00:00\",\"author\":{\"@id\":\"https:\/\/univers.tg\/#\/schema\/person\/7630d7826904ffdd55c0d13d178b97eb\"},\"description\":\"Le Centre R\u00e9gional d\u2019\u00c9tudes et de Formation en \u00c9nergie Renouvelable (CREFER) a pr\u00e9sent\u00e9 ce mercredi 13 ao\u00fbt 2025, lors d\u2019une conf\u00e9rence de presse, les grandes lignes de sa prochaine rentr\u00e9e acad\u00e9mique\",\"breadcrumb\":{\"@id\":\"https:\/\/univers.tg\/index.php\/2025\/08\/13\/crefer-annonce-sa-rentree-2025-avec-de-nouveaux-modules-de-formation-en-energie-et-batiment\/#breadcrumb\"},\"inLanguage\":\"fr-FR\",\"potentialAction\":[{\"@type\":\"ReadAction\",\"target\":[\"https:\/\/univers.tg\/index.php\/2025\/08\/13\/crefer-annonce-sa-rentree-2025-avec-de-nouveaux-modules-de-formation-en-energie-et-batiment\/\"]}]},{\"@type\":\"ImageObject\",\"inLanguage\":\"fr-FR\",\"@id\":\"https:\/\/univers.tg\/index.php\/2025\/08\/13\/crefer-annonce-sa-rentree-2025-avec-de-nouveaux-modules-de-formation-en-energie-et-batiment\/#primaryimage\",\"url\":\"https:\/\/univers.tg\/wp-content\/uploads\/2025\/08\/IMG-20250813-WA0007.jpg?wsr\",\"contentUrl\":\"https:\/\/univers.tg\/wp-content\/uploads\/2025\/08\/IMG-20250813-WA0007.jpg?wsr\",\"width\":1008,\"height\":756},{\"@type\":\"BreadcrumbList\",\"@id\":\"https:\/\/univers.tg\/index.php\/2025\/08\/13\/crefer-annonce-sa-rentree-2025-avec-de-nouveaux-modules-de-formation-en-energie-et-batiment\/#breadcrumb\",\"itemListElement\":[{\"@type\":\"ListItem\",\"position\":1,\"name\":\"Accueil\",\"item\":\"https:\/\/univers.tg\/\"},{\"@type\":\"ListItem\",\"position\":2,\"name\":\"CREFER annonce sa rentr\u00e9e 2025 avec de nouveaux modules de formation en \u00e9nergie et b\u00e2timent\"}]},{\"@type\":\"WebSite\",\"@id\":\"https:\/\/univers.tg\/#website\",\"url\":\"https:\/\/univers.tg\/\",\"name\":\"UNIVERS.TG\",\"description\":\"AUTORISATION HAAC N\u00b0 0123\/02-2024\/PL\/P\",\"potentialAction\":[{\"@type\":\"SearchAction\",\"target\":{\"@type\":\"EntryPoint\",\"urlTemplate\":\"https:\/\/univers.tg\/?s={search_term_string}\"},\"query-input\":{\"@type\":\"PropertyValueSpecification\",\"valueRequired\":true,\"valueName\":\"search_term_string\"}}],\"inLanguage\":\"fr-FR\"},{\"@type\":\"Person\",\"@id\":\"https:\/\/univers.tg\/#\/schema\/person\/7630d7826904ffdd55c0d13d178b97eb\",\"name\":\"Jeremy Ahossou\",\"image\":{\"@type\":\"ImageObject\",\"inLanguage\":\"fr-FR\",\"@id\":\"https:\/\/univers.tg\/#\/schema\/person\/image\/\",\"url\":\"https:\/\/secure.gravatar.com\/avatar\/b9367486cc4651720458a662d192721c9d7cc1f4afe379e49612ab1a610e08ca?s=96&d=mm&r=g\",\"contentUrl\":\"https:\/\/secure.gravatar.com\/avatar\/b9367486cc4651720458a662d192721c9d7cc1f4afe379e49612ab1a610e08ca?s=96&d=mm&r=g\",\"caption\":\"Jeremy Ahossou\"},\"url\":\"https:\/\/univers.tg\/index.php\/author\/jeremy-ahossou\/\"}]}<\/script>\n<!-- \/ Yoast SEO plugin. -->","yoast_head_json":{"title":"CREFER annonce sa rentr\u00e9e 2025 avec de nouveaux modules de formation en \u00e9nergie et b\u00e2timent - UNIVERS.TG","description":"Le Centre R\u00e9gional d\u2019\u00c9tudes et de Formation en \u00c9nergie Renouvelable (CREFER) a pr\u00e9sent\u00e9 ce mercredi 13 ao\u00fbt 2025, lors d\u2019une conf\u00e9rence de presse, les grandes lignes de sa prochaine rentr\u00e9e acad\u00e9mique","robots":{"index":"index","follow":"follow","max-snippet":"max-snippet:-1","max-image-preview":"max-image-preview:large","max-video-preview":"max-video-preview:-1"},"canonical":"https:\/\/univers.tg\/index.php\/2025\/08\/13\/crefer-annonce-sa-rentree-2025-avec-de-nouveaux-modules-de-formation-en-energie-et-batiment\/","og_locale":"fr_FR","og_type":"article","og_title":"CREFER annonce sa rentr\u00e9e 2025 avec de nouveaux modules de formation en \u00e9nergie et b\u00e2timent - UNIVERS.TG","og_description":"Le Centre R\u00e9gional d\u2019\u00c9tudes et de Formation en \u00c9nergie Renouvelable (CREFER) a pr\u00e9sent\u00e9 ce mercredi 13 ao\u00fbt 2025, lors d\u2019une conf\u00e9rence de presse, les grandes lignes de sa prochaine rentr\u00e9e acad\u00e9mique","og_url":"https:\/\/univers.tg\/index.php\/2025\/08\/13\/crefer-annonce-sa-rentree-2025-avec-de-nouveaux-modules-de-formation-en-energie-et-batiment\/","og_site_name":"UNIVERS.TG","article_published_time":"2025-08-13T13:06:00+00:00","article_modified_time":"2025-08-13T13:47:00+00:00","og_image":[{"width":1008,"height":756,"url":"https:\/\/univers.tg\/wp-content\/uploads\/2025\/08\/IMG-20250813-WA0007.jpg?wsr","type":"image\/jpeg"}],"author":"Jeremy Ahossou","twitter_card":"summary_large_image","twitter_misc":{"\u00c9crit par":"Jeremy Ahossou","Dur\u00e9e de lecture estim\u00e9e":"4 minutes"},"schema":{"@context":"https:\/\/schema.org","@graph":[{"@type":"WebPage","@id":"https:\/\/univers.tg\/index.php\/2025\/08\/13\/crefer-annonce-sa-rentree-2025-avec-de-nouveaux-modules-de-formation-en-energie-et-batiment\/","url":"https:\/\/univers.tg\/index.php\/2025\/08\/13\/crefer-annonce-sa-rentree-2025-avec-de-nouveaux-modules-de-formation-en-energie-et-batiment\/","name":"CREFER annonce sa rentr\u00e9e 2025 avec de nouveaux modules de formation en \u00e9nergie et b\u00e2timent - UNIVERS.TG","isPartOf":{"@id":"https:\/\/univers.tg\/#website"},"primaryImageOfPage":{"@id":"https:\/\/univers.tg\/index.php\/2025\/08\/13\/crefer-annonce-sa-rentree-2025-avec-de-nouveaux-modules-de-formation-en-energie-et-batiment\/#primaryimage"},"image":{"@id":"https:\/\/univers.tg\/index.php\/2025\/08\/13\/crefer-annonce-sa-rentree-2025-avec-de-nouveaux-modules-de-formation-en-energie-et-batiment\/#primaryimage"},"thumbnailUrl":"https:\/\/univers.tg\/wp-content\/uploads\/2025\/08\/IMG-20250813-WA0007.jpg?wsr","datePublished":"2025-08-13T13:06:00+00:00","dateModified":"2025-08-13T13:47:00+00:00","author":{"@id":"https:\/\/univers.tg\/#\/schema\/person\/7630d7826904ffdd55c0d13d178b97eb"},"description":"Le Centre R\u00e9gional d\u2019\u00c9tudes et de Formation en \u00c9nergie Renouvelable (CREFER) a pr\u00e9sent\u00e9 ce mercredi 13 ao\u00fbt 2025, lors d\u2019une conf\u00e9rence de presse, les grandes lignes de sa prochaine rentr\u00e9e acad\u00e9mique","breadcrumb":{"@id":"https:\/\/univers.tg\/index.php\/2025\/08\/13\/crefer-annonce-sa-rentree-2025-avec-de-nouveaux-modules-de-formation-en-energie-et-batiment\/#breadcrumb"},"inLanguage":"fr-FR","potentialAction":[{"@type":"ReadAction","target":["https:\/\/univers.tg\/index.php\/2025\/08\/13\/crefer-annonce-sa-rentree-2025-avec-de-nouveaux-modules-de-formation-en-energie-et-batiment\/"]}]},{"@type":"ImageObject","inLanguage":"fr-FR","@id":"https:\/\/univers.tg\/index.php\/2025\/08\/13\/crefer-annonce-sa-rentree-2025-avec-de-nouveaux-modules-de-formation-en-energie-et-batiment\/#primaryimage","url":"https:\/\/univers.tg\/wp-content\/uploads\/2025\/08\/IMG-20250813-WA0007.jpg?wsr","contentUrl":"https:\/\/univers.tg\/wp-content\/uploads\/2025\/08\/IMG-20250813-WA0007.jpg?wsr","width":1008,"height":756},{"@type":"BreadcrumbList","@id":"https:\/\/univers.tg\/index.php\/2025\/08\/13\/crefer-annonce-sa-rentree-2025-avec-de-nouveaux-modules-de-formation-en-energie-et-batiment\/#breadcrumb","itemListElement":[{"@type":"ListItem","position":1,"name":"Accueil","item":"https:\/\/univers.tg\/"},{"@type":"ListItem","position":2,"name":"CREFER annonce sa rentr\u00e9e 2025 avec de nouveaux modules de formation en \u00e9nergie et b\u00e2timent"}]},{"@type":"WebSite","@id":"https:\/\/univers.tg\/#website","url":"https:\/\/univers.tg\/","name":"UNIVERS.TG","description":"AUTORISATION HAAC N\u00b0 0123\/02-2024\/PL\/P","potentialAction":[{"@type":"SearchAction","target":{"@type":"EntryPoint","urlTemplate":"https:\/\/univers.tg\/?s={search_term_string}"},"query-input":{"@type":"PropertyValueSpecification","valueRequired":true,"valueName":"search_term_string"}}],"inLanguage":"fr-FR"},{"@type":"Person","@id":"https:\/\/univers.tg\/#\/schema\/person\/7630d7826904ffdd55c0d13d178b97eb","name":"Jeremy Ahossou","image":{"@type":"ImageObject","inLanguage":"fr-FR","@id":"https:\/\/univers.tg\/#\/schema\/person\/image\/","url":"https:\/\/secure.gravatar.com\/avatar\/b9367486cc4651720458a662d192721c9d7cc1f4afe379e49612ab1a610e08ca?s=96&d=mm&r=g","contentUrl":"https:\/\/secure.gravatar.com\/avatar\/b9367486cc4651720458a662d192721c9d7cc1f4afe379e49612ab1a610e08ca?s=96&d=mm&r=g","caption":"Jeremy Ahossou"},"url":"https:\/\/univers.tg\/index.php\/author\/jeremy-ahossou\/"}]}},"_links":{"self":[{"href":"https:\/\/univers.tg\/index.php\/wp-json\/wp\/v2\/posts\/4182","targetHints":{"allow":["GET"]}}],"collection":[{"href":"https:\/\/univers.tg\/index.php\/wp-json\/wp\/v2\/posts"}],"about":[{"href":"https:\/\/univers.tg\/index.php\/wp-json\/wp\/v2\/types\/post"}],"author":[{"embeddable":true,"href":"https:\/\/univers.tg\/index.php\/wp-json\/wp\/v2\/users\/5"}],"replies":[{"embeddable":true,"href":"https:\/\/univers.tg\/index.php\/wp-json\/wp\/v2\/comments?post=4182"}],"version-history":[{"count":5,"href":"https:\/\/univers.tg\/index.php\/wp-json\/wp\/v2\/posts\/4182\/revisions"}],"predecessor-version":[{"id":4193,"href":"https:\/\/univers.tg\/index.php\/wp-json\/wp\/v2\/posts\/4182\/revisions\/4193"}],"wp:featuredmedia":[{"embeddable":true,"href":"https:\/\/univers.tg\/index.php\/wp-json\/wp\/v2\/media\/4184"}],"wp:attachment":[{"href":"https:\/\/univers.tg\/index.php\/wp-json\/wp\/v2\/media?parent=4182"}],"wp:term":[{"taxonomy":"category","embeddable":true,"href":"https:\/\/univers.tg\/index.php\/wp-json\/wp\/v2\/categories?post=4182"},{"taxonomy":"post_tag","embeddable":true,"href":"https:\/\/univers.tg\/index.php\/wp-json\/wp\/v2\/tags?post=4182"}],"curies":[{"name":"wp","href":"https:\/\/api.w.org\/{rel}","templated":true}]}}