{"id":4241,"date":"2025-08-16T15:51:13","date_gmt":"2025-08-16T15:51:13","guid":{"rendered":"https:\/\/univers.tg\/?p=4241"},"modified":"2025-08-16T15:55:12","modified_gmt":"2025-08-16T15:55:12","slug":"afit-mme-agathe-koumealo-telou-reelue-pour-un-mandat-de-trois-ans","status":"publish","type":"post","link":"https:\/\/univers.tg\/index.php\/2025\/08\/16\/afit-mme-agathe-koumealo-telou-reelue-pour-un-mandat-de-trois-ans\/","title":{"rendered":"AFIT : Mme Agathe Koumealo Telou r\u00e9\u00e9lue pour un mandat de trois ans"},"content":{"rendered":"\n<p>Les fonctionnaires togolais travaillant dans les organisations internationales se sont retrouv\u00e9s \u00e0 Lom\u00e9 le samedi 16 ao\u00fbt 2025 pour l\u2019Assembl\u00e9e g\u00e9n\u00e9rale annuelle de l\u2019Association des Fonctionnaires Internationaux Togolais (AFIT). Plac\u00e9e sous le th\u00e8me \u00ab Renforcer l\u2019impact des Togolais dans la fonction publique internationale \u00bb, cette rencontre a permis de dresser le bilan des activit\u00e9s men\u00e9es depuis la cr\u00e9ation de l\u2019association en 2020 et de renouveler les instances dirigeantes.<\/p>\n\n\n\n<figure class=\"wp-block-gallery has-nested-images columns-default is-cropped wp-block-gallery-1 is-layout-flex wp-block-gallery-is-layout-flex\">\n<figure class=\"wp-block-image size-large\"><img loading=\"lazy\" decoding=\"async\" width=\"1008\" height=\"756\" data-id=\"4243\" src=\"https:\/\/univers.tg\/wp-content\/uploads\/2025\/08\/IMG-20250816-WA0002.jpg\" alt=\"Les membres du Bureau sortant \" class=\"wp-image-4243\" srcset=\"https:\/\/univers.tg\/wp-content\/uploads\/2025\/08\/IMG-20250816-WA0002.jpg 1008w, https:\/\/univers.tg\/wp-content\/uploads\/2025\/08\/IMG-20250816-WA0002-300x225.jpg 300w, https:\/\/univers.tg\/wp-content\/uploads\/2025\/08\/IMG-20250816-WA0002-768x576.jpg 768w, https:\/\/univers.tg\/wp-content\/uploads\/2025\/08\/IMG-20250816-WA0002-720x540.jpg 720w\" sizes=\"auto, (max-width: 1008px) 100vw, 1008px\" \/><\/figure>\n<\/figure>\n\n\n\n<p>\u00c0 l\u2019issue des travaux, une nouvelle \u00e9quipe de sept membres a \u00e9t\u00e9 \u00e9lue pour diriger l\u2019association. Agathe Koumealo Telou, fonctionnaire des Nations Unies bas\u00e9e \u00e0 Dakar, a \u00e9t\u00e9 r\u00e9\u00e9lue pr\u00e9sidente pour un mandat de trois ans. Ce choix refl\u00e8te la volont\u00e9 des membres de poursuivre les actions engag\u00e9es et de renforcer leur impact au Togo et \u00e0 l\u2019international.<\/p>\n\n\n\n<p>\u00ab L\u2019\u00e9quipe a \u00e9t\u00e9 reconduite pour trois ans afin d\u2019amplifier l\u2019action sur le terrain, \u00e0 travers des projets concrets au Togo, mais aussi pour renforcer la fraternit\u00e9 et la solidarit\u00e9 entre les Togolaises et Togolais fonctionnaires internationaux. Notre vision est de passer d\u2019environ 200 membres \u00e0 pr\u00e8s de 400. Pour cela, nous travaillerons avec les autorit\u00e9s, notamment le minist\u00e8re des Affaires \u00e9trang\u00e8res, l\u2019ANPE, l\u2019ANVT et le Conseil national de la jeunesse \u00bb, a d\u00e9clar\u00e9 Mme Telou apr\u00e8s son \u00e9lection.<\/p>\n\n\n\n<p>Elle a \u00e9galement soulign\u00e9 l\u2019importance de collaborer avec le monde universitaire. \u00ab Nous voulons \u00e9tablir des partenariats \u00e9troits avec les universit\u00e9s afin que les \u00e9tudiants et jeunes cadres d\u00e9couvrent la fonction publique internationale et s\u2019y int\u00e9ressent davantage \u00bb, a-t-elle ajout\u00e9.<\/p>\n\n\n\n<figure class=\"wp-block-gallery has-nested-images columns-default is-cropped wp-block-gallery-2 is-layout-flex wp-block-gallery-is-layout-flex\">\n<figure class=\"wp-block-image size-large\"><img loading=\"lazy\" decoding=\"async\" width=\"1008\" height=\"756\" data-id=\"4247\" src=\"https:\/\/univers.tg\/wp-content\/uploads\/2025\/08\/IMG-20250816-WA0000.jpg\" alt=\"\" class=\"wp-image-4247\" srcset=\"https:\/\/univers.tg\/wp-content\/uploads\/2025\/08\/IMG-20250816-WA0000.jpg 1008w, https:\/\/univers.tg\/wp-content\/uploads\/2025\/08\/IMG-20250816-WA0000-300x225.jpg 300w, https:\/\/univers.tg\/wp-content\/uploads\/2025\/08\/IMG-20250816-WA0000-768x576.jpg 768w, https:\/\/univers.tg\/wp-content\/uploads\/2025\/08\/IMG-20250816-WA0000-720x540.jpg 720w\" sizes=\"auto, (max-width: 1008px) 100vw, 1008px\" \/><\/figure>\n\n\n\n<figure class=\"wp-block-image size-large\"><img loading=\"lazy\" decoding=\"async\" width=\"1008\" height=\"756\" data-id=\"4245\" src=\"https:\/\/univers.tg\/wp-content\/uploads\/2025\/08\/IMG-20250816-WA0004.jpg\" alt=\"\" class=\"wp-image-4245\" srcset=\"https:\/\/univers.tg\/wp-content\/uploads\/2025\/08\/IMG-20250816-WA0004.jpg 1008w, https:\/\/univers.tg\/wp-content\/uploads\/2025\/08\/IMG-20250816-WA0004-300x225.jpg 300w, https:\/\/univers.tg\/wp-content\/uploads\/2025\/08\/IMG-20250816-WA0004-768x576.jpg 768w, https:\/\/univers.tg\/wp-content\/uploads\/2025\/08\/IMG-20250816-WA0004-720x540.jpg 720w\" sizes=\"auto, (max-width: 1008px) 100vw, 1008px\" \/><\/figure>\n\n\n\n<figure class=\"wp-block-image size-large\"><img loading=\"lazy\" decoding=\"async\" width=\"1008\" height=\"756\" data-id=\"4246\" src=\"https:\/\/univers.tg\/wp-content\/uploads\/2025\/08\/IMG-20250816-WA0001.jpg\" alt=\"\" class=\"wp-image-4246\" srcset=\"https:\/\/univers.tg\/wp-content\/uploads\/2025\/08\/IMG-20250816-WA0001.jpg 1008w, https:\/\/univers.tg\/wp-content\/uploads\/2025\/08\/IMG-20250816-WA0001-300x225.jpg 300w, https:\/\/univers.tg\/wp-content\/uploads\/2025\/08\/IMG-20250816-WA0001-768x576.jpg 768w, https:\/\/univers.tg\/wp-content\/uploads\/2025\/08\/IMG-20250816-WA0001-720x540.jpg 720w\" sizes=\"auto, (max-width: 1008px) 100vw, 1008px\" \/><\/figure>\n<\/figure>\n\n\n\n<p>En dressant le bilan des cinq premi\u00e8res ann\u00e9es de l\u2019AFIT, la pr\u00e9sidente a rappel\u00e9 que l\u2019association a d\u00e9j\u00e0 r\u00e9alis\u00e9 des actions concr\u00e8tes au Togo. Elle a cit\u00e9 la construction d\u2019un b\u00e2timent scolaire de trois classes, \u00e9quip\u00e9 de bureaux, de tables-bancs et d\u2019une biblioth\u00e8que, offert en 2025 \u00e0 la pr\u00e9fecture de T\u00f4ne. Elle a \u00e9galement \u00e9voqu\u00e9 le dialogue interg\u00e9n\u00e9rationnel instaur\u00e9 avec la jeunesse togolaise lors des assembl\u00e9es g\u00e9n\u00e9rales annuelles.<\/p>\n\n\n\n<p>Mme Telou a aussi mis en avant les partenariats \u00e9tablis depuis la cr\u00e9ation de l\u2019association. \u00ab Nous avons sign\u00e9 des conventions avec le minist\u00e8re des Affaires \u00e9trang\u00e8res, l\u2019ANPE, l\u2019ANVT et le CNJ, ce qui nous permet de mieux accompagner les Togolais candidats aux concours internationaux. Mais au-del\u00e0 de tout cela, notre plus grand acquis reste la fraternit\u00e9 et la solidarit\u00e9 entre nos membres, qui s\u2019entraident partout o\u00f9 ils travaillent et vivent \u00bb, a-t-elle confi\u00e9.<\/p>\n\n\n\n<p>Fond\u00e9e en ao\u00fbt 2020, l\u2019AFIT a pour mission de promouvoir la fraternit\u00e9 entre fonctionnaires internationaux togolais, de soutenir les talents nationaux et d\u2019accro\u00eetre la pr\u00e9sence du Togo dans les organisations internationales. Avec ce nouveau mandat, Mme Telou et son \u00e9quipe entendent consolider ces acquis et donner un nouvel \u00e9lan \u00e0 leur action.<\/p>\n","protected":false},"excerpt":{"rendered":"<p>Les fonctionnaires togolais travaillant dans les organisations internationales se sont retrouv\u00e9s \u00e0 Lom\u00e9 le samedi 16 ao\u00fbt 2025 pour l\u2019Assembl\u00e9e g\u00e9n\u00e9rale annuelle de l\u2019Association des Fonctionnaires Internationaux Togolais (AFIT). Plac\u00e9e sous le th\u00e8me \u00ab Renforcer l\u2019impact des Togolais dans la fonction publique internationale \u00bb, cette rencontre a permis de dresser le bilan des activit\u00e9s men\u00e9es<\/p>\n","protected":false},"author":5,"featured_media":4242,"comment_status":"open","ping_status":"open","sticky":false,"template":"","format":"standard","meta":{"footnotes":""},"categories":[374],"tags":[418,419],"class_list":["post-4241","post","type-post","status-publish","format-standard","has-post-thumbnail","hentry","category-international","tag-afit","tag-agathe-koumealo-telou"],"yoast_head":"<!-- This site is optimized with the Yoast SEO plugin v26.4 - https:\/\/yoast.com\/wordpress\/plugins\/seo\/ -->\n<title>AFIT : Mme Agathe Koumealo Telou r\u00e9\u00e9lue pour un mandat de trois ans - UNIVERS.TG<\/title>\n<meta name=\"description\" content=\"onctionnaires togolais travaillant dans les organisations internationales se sont retrouv\u00e9s \u00e0 Lom\u00e9 le samedi 16 ao\u00fbt 2025 pour l\u2019Assembl\u00e9e g\u00e9n\u00e9rale annuelle de l\u2019Association des Fonctionnaires Internationaux Togolais (AFIT)\" \/>\n<meta name=\"robots\" content=\"index, follow, max-snippet:-1, max-image-preview:large, max-video-preview:-1\" \/>\n<link rel=\"canonical\" href=\"https:\/\/univers.tg\/index.php\/2025\/08\/16\/afit-mme-agathe-koumealo-telou-reelue-pour-un-mandat-de-trois-ans\/\" \/>\n<meta property=\"og:locale\" content=\"fr_FR\" \/>\n<meta property=\"og:type\" content=\"article\" \/>\n<meta property=\"og:title\" content=\"AFIT : Mme Agathe Koumealo Telou r\u00e9\u00e9lue pour un mandat de trois ans - UNIVERS.TG\" \/>\n<meta property=\"og:description\" content=\"onctionnaires togolais travaillant dans les organisations internationales se sont retrouv\u00e9s \u00e0 Lom\u00e9 le samedi 16 ao\u00fbt 2025 pour l\u2019Assembl\u00e9e g\u00e9n\u00e9rale annuelle de l\u2019Association des Fonctionnaires Internationaux Togolais (AFIT)\" \/>\n<meta property=\"og:url\" content=\"https:\/\/univers.tg\/index.php\/2025\/08\/16\/afit-mme-agathe-koumealo-telou-reelue-pour-un-mandat-de-trois-ans\/\" \/>\n<meta property=\"og:site_name\" content=\"UNIVERS.TG\" \/>\n<meta property=\"article:published_time\" content=\"2025-08-16T15:51:13+00:00\" \/>\n<meta property=\"article:modified_time\" content=\"2025-08-16T15:55:12+00:00\" \/>\n<meta property=\"og:image\" content=\"https:\/\/univers.tg\/wp-content\/uploads\/2025\/08\/IMG-20250816-WA0003.jpg?wsr\" \/>\n\t<meta property=\"og:image:width\" content=\"1008\" \/>\n\t<meta property=\"og:image:height\" content=\"756\" \/>\n\t<meta property=\"og:image:type\" content=\"image\/jpeg\" \/>\n<meta name=\"author\" content=\"Jeremy Ahossou\" \/>\n<meta name=\"twitter:card\" content=\"summary_large_image\" \/>\n<meta name=\"twitter:label1\" content=\"\u00c9crit par\" \/>\n\t<meta name=\"twitter:data1\" content=\"Jeremy Ahossou\" \/>\n\t<meta name=\"twitter:label2\" content=\"Dur\u00e9e de lecture estim\u00e9e\" \/>\n\t<meta name=\"twitter:data2\" content=\"4 minutes\" \/>\n<script type=\"application\/ld+json\" class=\"yoast-schema-graph\">{\"@context\":\"https:\/\/schema.org\",\"@graph\":[{\"@type\":\"WebPage\",\"@id\":\"https:\/\/univers.tg\/index.php\/2025\/08\/16\/afit-mme-agathe-koumealo-telou-reelue-pour-un-mandat-de-trois-ans\/\",\"url\":\"https:\/\/univers.tg\/index.php\/2025\/08\/16\/afit-mme-agathe-koumealo-telou-reelue-pour-un-mandat-de-trois-ans\/\",\"name\":\"AFIT : Mme Agathe Koumealo Telou r\u00e9\u00e9lue pour un mandat de trois ans - UNIVERS.TG\",\"isPartOf\":{\"@id\":\"https:\/\/univers.tg\/#website\"},\"primaryImageOfPage\":{\"@id\":\"https:\/\/univers.tg\/index.php\/2025\/08\/16\/afit-mme-agathe-koumealo-telou-reelue-pour-un-mandat-de-trois-ans\/#primaryimage\"},\"image\":{\"@id\":\"https:\/\/univers.tg\/index.php\/2025\/08\/16\/afit-mme-agathe-koumealo-telou-reelue-pour-un-mandat-de-trois-ans\/#primaryimage\"},\"thumbnailUrl\":\"https:\/\/univers.tg\/wp-content\/uploads\/2025\/08\/IMG-20250816-WA0003.jpg?wsr\",\"datePublished\":\"2025-08-16T15:51:13+00:00\",\"dateModified\":\"2025-08-16T15:55:12+00:00\",\"author\":{\"@id\":\"https:\/\/univers.tg\/#\/schema\/person\/7630d7826904ffdd55c0d13d178b97eb\"},\"description\":\"onctionnaires togolais travaillant dans les organisations internationales se sont retrouv\u00e9s \u00e0 Lom\u00e9 le samedi 16 ao\u00fbt 2025 pour l\u2019Assembl\u00e9e g\u00e9n\u00e9rale annuelle de l\u2019Association des Fonctionnaires Internationaux Togolais (AFIT)\",\"breadcrumb\":{\"@id\":\"https:\/\/univers.tg\/index.php\/2025\/08\/16\/afit-mme-agathe-koumealo-telou-reelue-pour-un-mandat-de-trois-ans\/#breadcrumb\"},\"inLanguage\":\"fr-FR\",\"potentialAction\":[{\"@type\":\"ReadAction\",\"target\":[\"https:\/\/univers.tg\/index.php\/2025\/08\/16\/afit-mme-agathe-koumealo-telou-reelue-pour-un-mandat-de-trois-ans\/\"]}]},{\"@type\":\"ImageObject\",\"inLanguage\":\"fr-FR\",\"@id\":\"https:\/\/univers.tg\/index.php\/2025\/08\/16\/afit-mme-agathe-koumealo-telou-reelue-pour-un-mandat-de-trois-ans\/#primaryimage\",\"url\":\"https:\/\/univers.tg\/wp-content\/uploads\/2025\/08\/IMG-20250816-WA0003.jpg?wsr\",\"contentUrl\":\"https:\/\/univers.tg\/wp-content\/uploads\/2025\/08\/IMG-20250816-WA0003.jpg?wsr\",\"width\":1008,\"height\":756},{\"@type\":\"BreadcrumbList\",\"@id\":\"https:\/\/univers.tg\/index.php\/2025\/08\/16\/afit-mme-agathe-koumealo-telou-reelue-pour-un-mandat-de-trois-ans\/#breadcrumb\",\"itemListElement\":[{\"@type\":\"ListItem\",\"position\":1,\"name\":\"Accueil\",\"item\":\"https:\/\/univers.tg\/\"},{\"@type\":\"ListItem\",\"position\":2,\"name\":\"AFIT : Mme Agathe Koumealo Telou r\u00e9\u00e9lue pour un mandat de trois ans\"}]},{\"@type\":\"WebSite\",\"@id\":\"https:\/\/univers.tg\/#website\",\"url\":\"https:\/\/univers.tg\/\",\"name\":\"UNIVERS.TG\",\"description\":\"AUTORISATION HAAC N\u00b0 0123\/02-2024\/PL\/P\",\"potentialAction\":[{\"@type\":\"SearchAction\",\"target\":{\"@type\":\"EntryPoint\",\"urlTemplate\":\"https:\/\/univers.tg\/?s={search_term_string}\"},\"query-input\":{\"@type\":\"PropertyValueSpecification\",\"valueRequired\":true,\"valueName\":\"search_term_string\"}}],\"inLanguage\":\"fr-FR\"},{\"@type\":\"Person\",\"@id\":\"https:\/\/univers.tg\/#\/schema\/person\/7630d7826904ffdd55c0d13d178b97eb\",\"name\":\"Jeremy Ahossou\",\"image\":{\"@type\":\"ImageObject\",\"inLanguage\":\"fr-FR\",\"@id\":\"https:\/\/univers.tg\/#\/schema\/person\/image\/\",\"url\":\"https:\/\/secure.gravatar.com\/avatar\/b9367486cc4651720458a662d192721c9d7cc1f4afe379e49612ab1a610e08ca?s=96&d=mm&r=g\",\"contentUrl\":\"https:\/\/secure.gravatar.com\/avatar\/b9367486cc4651720458a662d192721c9d7cc1f4afe379e49612ab1a610e08ca?s=96&d=mm&r=g\",\"caption\":\"Jeremy Ahossou\"},\"url\":\"https:\/\/univers.tg\/index.php\/author\/jeremy-ahossou\/\"}]}<\/script>\n<!-- \/ Yoast SEO plugin. -->","yoast_head_json":{"title":"AFIT : Mme Agathe Koumealo Telou r\u00e9\u00e9lue pour un mandat de trois ans - UNIVERS.TG","description":"onctionnaires togolais travaillant dans les organisations internationales se sont retrouv\u00e9s \u00e0 Lom\u00e9 le samedi 16 ao\u00fbt 2025 pour l\u2019Assembl\u00e9e g\u00e9n\u00e9rale annuelle de l\u2019Association des Fonctionnaires Internationaux Togolais (AFIT)","robots":{"index":"index","follow":"follow","max-snippet":"max-snippet:-1","max-image-preview":"max-image-preview:large","max-video-preview":"max-video-preview:-1"},"canonical":"https:\/\/univers.tg\/index.php\/2025\/08\/16\/afit-mme-agathe-koumealo-telou-reelue-pour-un-mandat-de-trois-ans\/","og_locale":"fr_FR","og_type":"article","og_title":"AFIT : Mme Agathe Koumealo Telou r\u00e9\u00e9lue pour un mandat de trois ans - UNIVERS.TG","og_description":"onctionnaires togolais travaillant dans les organisations internationales se sont retrouv\u00e9s \u00e0 Lom\u00e9 le samedi 16 ao\u00fbt 2025 pour l\u2019Assembl\u00e9e g\u00e9n\u00e9rale annuelle de l\u2019Association des Fonctionnaires Internationaux Togolais (AFIT)","og_url":"https:\/\/univers.tg\/index.php\/2025\/08\/16\/afit-mme-agathe-koumealo-telou-reelue-pour-un-mandat-de-trois-ans\/","og_site_name":"UNIVERS.TG","article_published_time":"2025-08-16T15:51:13+00:00","article_modified_time":"2025-08-16T15:55:12+00:00","og_image":[{"width":1008,"height":756,"url":"https:\/\/univers.tg\/wp-content\/uploads\/2025\/08\/IMG-20250816-WA0003.jpg?wsr","type":"image\/jpeg"}],"author":"Jeremy Ahossou","twitter_card":"summary_large_image","twitter_misc":{"\u00c9crit par":"Jeremy Ahossou","Dur\u00e9e de lecture estim\u00e9e":"4 minutes"},"schema":{"@context":"https:\/\/schema.org","@graph":[{"@type":"WebPage","@id":"https:\/\/univers.tg\/index.php\/2025\/08\/16\/afit-mme-agathe-koumealo-telou-reelue-pour-un-mandat-de-trois-ans\/","url":"https:\/\/univers.tg\/index.php\/2025\/08\/16\/afit-mme-agathe-koumealo-telou-reelue-pour-un-mandat-de-trois-ans\/","name":"AFIT : Mme Agathe Koumealo Telou r\u00e9\u00e9lue pour un mandat de trois ans - UNIVERS.TG","isPartOf":{"@id":"https:\/\/univers.tg\/#website"},"primaryImageOfPage":{"@id":"https:\/\/univers.tg\/index.php\/2025\/08\/16\/afit-mme-agathe-koumealo-telou-reelue-pour-un-mandat-de-trois-ans\/#primaryimage"},"image":{"@id":"https:\/\/univers.tg\/index.php\/2025\/08\/16\/afit-mme-agathe-koumealo-telou-reelue-pour-un-mandat-de-trois-ans\/#primaryimage"},"thumbnailUrl":"https:\/\/univers.tg\/wp-content\/uploads\/2025\/08\/IMG-20250816-WA0003.jpg?wsr","datePublished":"2025-08-16T15:51:13+00:00","dateModified":"2025-08-16T15:55:12+00:00","author":{"@id":"https:\/\/univers.tg\/#\/schema\/person\/7630d7826904ffdd55c0d13d178b97eb"},"description":"onctionnaires togolais travaillant dans les organisations internationales se sont retrouv\u00e9s \u00e0 Lom\u00e9 le samedi 16 ao\u00fbt 2025 pour l\u2019Assembl\u00e9e g\u00e9n\u00e9rale annuelle de l\u2019Association des Fonctionnaires Internationaux Togolais (AFIT)","breadcrumb":{"@id":"https:\/\/univers.tg\/index.php\/2025\/08\/16\/afit-mme-agathe-koumealo-telou-reelue-pour-un-mandat-de-trois-ans\/#breadcrumb"},"inLanguage":"fr-FR","potentialAction":[{"@type":"ReadAction","target":["https:\/\/univers.tg\/index.php\/2025\/08\/16\/afit-mme-agathe-koumealo-telou-reelue-pour-un-mandat-de-trois-ans\/"]}]},{"@type":"ImageObject","inLanguage":"fr-FR","@id":"https:\/\/univers.tg\/index.php\/2025\/08\/16\/afit-mme-agathe-koumealo-telou-reelue-pour-un-mandat-de-trois-ans\/#primaryimage","url":"https:\/\/univers.tg\/wp-content\/uploads\/2025\/08\/IMG-20250816-WA0003.jpg?wsr","contentUrl":"https:\/\/univers.tg\/wp-content\/uploads\/2025\/08\/IMG-20250816-WA0003.jpg?wsr","width":1008,"height":756},{"@type":"BreadcrumbList","@id":"https:\/\/univers.tg\/index.php\/2025\/08\/16\/afit-mme-agathe-koumealo-telou-reelue-pour-un-mandat-de-trois-ans\/#breadcrumb","itemListElement":[{"@type":"ListItem","position":1,"name":"Accueil","item":"https:\/\/univers.tg\/"},{"@type":"ListItem","position":2,"name":"AFIT : Mme Agathe Koumealo Telou r\u00e9\u00e9lue pour un mandat de trois ans"}]},{"@type":"WebSite","@id":"https:\/\/univers.tg\/#website","url":"https:\/\/univers.tg\/","name":"UNIVERS.TG","description":"AUTORISATION HAAC N\u00b0 0123\/02-2024\/PL\/P","potentialAction":[{"@type":"SearchAction","target":{"@type":"EntryPoint","urlTemplate":"https:\/\/univers.tg\/?s={search_term_string}"},"query-input":{"@type":"PropertyValueSpecification","valueRequired":true,"valueName":"search_term_string"}}],"inLanguage":"fr-FR"},{"@type":"Person","@id":"https:\/\/univers.tg\/#\/schema\/person\/7630d7826904ffdd55c0d13d178b97eb","name":"Jeremy Ahossou","image":{"@type":"ImageObject","inLanguage":"fr-FR","@id":"https:\/\/univers.tg\/#\/schema\/person\/image\/","url":"https:\/\/secure.gravatar.com\/avatar\/b9367486cc4651720458a662d192721c9d7cc1f4afe379e49612ab1a610e08ca?s=96&d=mm&r=g","contentUrl":"https:\/\/secure.gravatar.com\/avatar\/b9367486cc4651720458a662d192721c9d7cc1f4afe379e49612ab1a610e08ca?s=96&d=mm&r=g","caption":"Jeremy Ahossou"},"url":"https:\/\/univers.tg\/index.php\/author\/jeremy-ahossou\/"}]}},"_links":{"self":[{"href":"https:\/\/univers.tg\/index.php\/wp-json\/wp\/v2\/posts\/4241","targetHints":{"allow":["GET"]}}],"collection":[{"href":"https:\/\/univers.tg\/index.php\/wp-json\/wp\/v2\/posts"}],"about":[{"href":"https:\/\/univers.tg\/index.php\/wp-json\/wp\/v2\/types\/post"}],"author":[{"embeddable":true,"href":"https:\/\/univers.tg\/index.php\/wp-json\/wp\/v2\/users\/5"}],"replies":[{"embeddable":true,"href":"https:\/\/univers.tg\/index.php\/wp-json\/wp\/v2\/comments?post=4241"}],"version-history":[{"count":2,"href":"https:\/\/univers.tg\/index.php\/wp-json\/wp\/v2\/posts\/4241\/revisions"}],"predecessor-version":[{"id":4248,"href":"https:\/\/univers.tg\/index.php\/wp-json\/wp\/v2\/posts\/4241\/revisions\/4248"}],"wp:featuredmedia":[{"embeddable":true,"href":"https:\/\/univers.tg\/index.php\/wp-json\/wp\/v2\/media\/4242"}],"wp:attachment":[{"href":"https:\/\/univers.tg\/index.php\/wp-json\/wp\/v2\/media?parent=4241"}],"wp:term":[{"taxonomy":"category","embeddable":true,"href":"https:\/\/univers.tg\/index.php\/wp-json\/wp\/v2\/categories?post=4241"},{"taxonomy":"post_tag","embeddable":true,"href":"https:\/\/univers.tg\/index.php\/wp-json\/wp\/v2\/tags?post=4241"}],"curies":[{"name":"wp","href":"https:\/\/api.w.org\/{rel}","templated":true}]}}