{"id":4256,"date":"2025-08-18T20:49:54","date_gmt":"2025-08-18T20:49:54","guid":{"rendered":"https:\/\/univers.tg\/?p=4256"},"modified":"2025-08-18T22:38:29","modified_gmt":"2025-08-18T22:38:29","slug":"golfe7-un-employe-decapite-son-responsable-et-jette-la-tete-dans-une-retenue-deau","status":"publish","type":"post","link":"https:\/\/univers.tg\/index.php\/2025\/08\/18\/golfe7-un-employe-decapite-son-responsable-et-jette-la-tete-dans-une-retenue-deau\/","title":{"rendered":"Golfe7: un employ\u00e9 d\u00e9capite son responsable et jette la t\u00eate dans une retenue d\u2019eau"},"content":{"rendered":"\n<p><\/p>\n\n\n\n<p>Une trag\u00e9die a boulevers\u00e9 la commune Golfe 7 ce lundi 18 ao\u00fbt 2025. \u00c0 S\u00e9gb\u00e9gan, dans le canton d\u2019Aflao Sagbado, un responsable d\u2019une unit\u00e9 de fabrication de sachets d\u2019eau potable, commun\u00e9ment appel\u00e9s pure water, a \u00e9t\u00e9 sauvagement assassin\u00e9 par l\u2019un de ses employ\u00e9s.<\/p>\n\n\n\n<p>Selon les informations rapport\u00e9es par le m\u00e9dia L\u2019Int\u00e9gral, l\u2019agression s\u2019est produite alors que la victime comptait les recettes de la journ\u00e9e en pr\u00e9sence de son collaborateur. Arm\u00e9 d\u2019un coupe-coupe, ce dernier aurait tranch\u00e9 la t\u00eate de son patron dans des circonstances encore difficiles \u00e0 expliquer.<\/p>\n\n\n\n<p>Apr\u00e8s avoir commis l\u2019irr\u00e9parable, le jeune assassin s\u2019est dirig\u00e9 vers la retenue d\u2019eau du balissime o\u00f9 il a jet\u00e9 la t\u00eate de la victime. Elle a finalement \u00e9t\u00e9 d\u00e9couverte par les habitants du quartier, provoquant une vive \u00e9motion et une grande indignation.<\/p>\n\n\n\n<p>Le pr\u00e9sum\u00e9 meurtrier a rapidement \u00e9t\u00e9 interpell\u00e9 par les forces de l\u2019ordre. Il se trouve actuellement sous la garde de la gendarmerie de Sagbado en attendant la suite de la proc\u00e9dure judiciaire.<\/p>\n","protected":false},"excerpt":{"rendered":"<p>Une trag\u00e9die a boulevers\u00e9 la commune Golfe 7 ce lundi 18 ao\u00fbt 2025. \u00c0 S\u00e9gb\u00e9gan, dans le canton d\u2019Aflao Sagbado, un responsable d\u2019une unit\u00e9 de fabrication de sachets d\u2019eau potable, commun\u00e9ment appel\u00e9s pure water, a \u00e9t\u00e9 sauvagement assassin\u00e9 par l\u2019un de ses employ\u00e9s. Selon les informations rapport\u00e9es par le m\u00e9dia L\u2019Int\u00e9gral, l\u2019agression s\u2019est produite alors<\/p>\n","protected":false},"author":5,"featured_media":4259,"comment_status":"open","ping_status":"open","sticky":false,"template":"","format":"standard","meta":{"footnotes":""},"categories":[390],"tags":[421],"class_list":["post-4256","post","type-post","status-publish","format-standard","has-post-thumbnail","hentry","category-securite","tag-golfe7-2"],"yoast_head":"<!-- This site is optimized with the Yoast SEO plugin v26.4 - https:\/\/yoast.com\/wordpress\/plugins\/seo\/ -->\n<title>Golfe7: un employ\u00e9 d\u00e9capite son responsable et jette la t\u00eate dans une retenue d\u2019eau - UNIVERS.TG<\/title>\n<meta name=\"robots\" content=\"index, follow, max-snippet:-1, max-image-preview:large, max-video-preview:-1\" \/>\n<link rel=\"canonical\" href=\"https:\/\/univers.tg\/index.php\/2025\/08\/18\/golfe7-un-employe-decapite-son-responsable-et-jette-la-tete-dans-une-retenue-deau\/\" \/>\n<meta property=\"og:locale\" content=\"fr_FR\" \/>\n<meta property=\"og:type\" content=\"article\" \/>\n<meta property=\"og:title\" content=\"Golfe7: un employ\u00e9 d\u00e9capite son responsable et jette la t\u00eate dans une retenue d\u2019eau - UNIVERS.TG\" \/>\n<meta property=\"og:description\" content=\"Une trag\u00e9die a boulevers\u00e9 la commune Golfe 7 ce lundi 18 ao\u00fbt 2025. \u00c0 S\u00e9gb\u00e9gan, dans le canton d\u2019Aflao Sagbado, un responsable d\u2019une unit\u00e9 de fabrication de sachets d\u2019eau potable, commun\u00e9ment appel\u00e9s pure water, a \u00e9t\u00e9 sauvagement assassin\u00e9 par l\u2019un de ses employ\u00e9s. Selon les informations rapport\u00e9es par le m\u00e9dia L\u2019Int\u00e9gral, l\u2019agression s\u2019est produite alors\" \/>\n<meta property=\"og:url\" content=\"https:\/\/univers.tg\/index.php\/2025\/08\/18\/golfe7-un-employe-decapite-son-responsable-et-jette-la-tete-dans-une-retenue-deau\/\" \/>\n<meta property=\"og:site_name\" content=\"UNIVERS.TG\" \/>\n<meta property=\"article:published_time\" content=\"2025-08-18T20:49:54+00:00\" \/>\n<meta property=\"article:modified_time\" content=\"2025-08-18T22:38:29+00:00\" \/>\n<meta property=\"og:image\" content=\"https:\/\/univers.tg\/wp-content\/uploads\/2025\/08\/drame-222-1.jpg?wsr\" \/>\n\t<meta property=\"og:image:width\" content=\"800\" \/>\n\t<meta property=\"og:image:height\" content=\"600\" \/>\n\t<meta property=\"og:image:type\" content=\"image\/jpeg\" \/>\n<meta name=\"author\" content=\"Jeremy Ahossou\" \/>\n<meta name=\"twitter:card\" content=\"summary_large_image\" \/>\n<meta name=\"twitter:label1\" content=\"\u00c9crit par\" \/>\n\t<meta name=\"twitter:data1\" content=\"Jeremy Ahossou\" \/>\n\t<meta name=\"twitter:label2\" content=\"Dur\u00e9e de lecture estim\u00e9e\" \/>\n\t<meta name=\"twitter:data2\" content=\"2 minutes\" \/>\n<script type=\"application\/ld+json\" class=\"yoast-schema-graph\">{\"@context\":\"https:\/\/schema.org\",\"@graph\":[{\"@type\":\"WebPage\",\"@id\":\"https:\/\/univers.tg\/index.php\/2025\/08\/18\/golfe7-un-employe-decapite-son-responsable-et-jette-la-tete-dans-une-retenue-deau\/\",\"url\":\"https:\/\/univers.tg\/index.php\/2025\/08\/18\/golfe7-un-employe-decapite-son-responsable-et-jette-la-tete-dans-une-retenue-deau\/\",\"name\":\"Golfe7: un employ\u00e9 d\u00e9capite son responsable et jette la t\u00eate dans une retenue d\u2019eau - UNIVERS.TG\",\"isPartOf\":{\"@id\":\"https:\/\/univers.tg\/#website\"},\"primaryImageOfPage\":{\"@id\":\"https:\/\/univers.tg\/index.php\/2025\/08\/18\/golfe7-un-employe-decapite-son-responsable-et-jette-la-tete-dans-une-retenue-deau\/#primaryimage\"},\"image\":{\"@id\":\"https:\/\/univers.tg\/index.php\/2025\/08\/18\/golfe7-un-employe-decapite-son-responsable-et-jette-la-tete-dans-une-retenue-deau\/#primaryimage\"},\"thumbnailUrl\":\"https:\/\/univers.tg\/wp-content\/uploads\/2025\/08\/drame-222-1.jpg?wsr\",\"datePublished\":\"2025-08-18T20:49:54+00:00\",\"dateModified\":\"2025-08-18T22:38:29+00:00\",\"author\":{\"@id\":\"https:\/\/univers.tg\/#\/schema\/person\/7630d7826904ffdd55c0d13d178b97eb\"},\"breadcrumb\":{\"@id\":\"https:\/\/univers.tg\/index.php\/2025\/08\/18\/golfe7-un-employe-decapite-son-responsable-et-jette-la-tete-dans-une-retenue-deau\/#breadcrumb\"},\"inLanguage\":\"fr-FR\",\"potentialAction\":[{\"@type\":\"ReadAction\",\"target\":[\"https:\/\/univers.tg\/index.php\/2025\/08\/18\/golfe7-un-employe-decapite-son-responsable-et-jette-la-tete-dans-une-retenue-deau\/\"]}]},{\"@type\":\"ImageObject\",\"inLanguage\":\"fr-FR\",\"@id\":\"https:\/\/univers.tg\/index.php\/2025\/08\/18\/golfe7-un-employe-decapite-son-responsable-et-jette-la-tete-dans-une-retenue-deau\/#primaryimage\",\"url\":\"https:\/\/univers.tg\/wp-content\/uploads\/2025\/08\/drame-222-1.jpg?wsr\",\"contentUrl\":\"https:\/\/univers.tg\/wp-content\/uploads\/2025\/08\/drame-222-1.jpg?wsr\",\"width\":800,\"height\":600},{\"@type\":\"BreadcrumbList\",\"@id\":\"https:\/\/univers.tg\/index.php\/2025\/08\/18\/golfe7-un-employe-decapite-son-responsable-et-jette-la-tete-dans-une-retenue-deau\/#breadcrumb\",\"itemListElement\":[{\"@type\":\"ListItem\",\"position\":1,\"name\":\"Accueil\",\"item\":\"https:\/\/univers.tg\/\"},{\"@type\":\"ListItem\",\"position\":2,\"name\":\"Golfe7: un employ\u00e9 d\u00e9capite son responsable et jette la t\u00eate dans une retenue d\u2019eau\"}]},{\"@type\":\"WebSite\",\"@id\":\"https:\/\/univers.tg\/#website\",\"url\":\"https:\/\/univers.tg\/\",\"name\":\"UNIVERS.TG\",\"description\":\"AUTORISATION HAAC N\u00b0 0123\/02-2024\/PL\/P\",\"potentialAction\":[{\"@type\":\"SearchAction\",\"target\":{\"@type\":\"EntryPoint\",\"urlTemplate\":\"https:\/\/univers.tg\/?s={search_term_string}\"},\"query-input\":{\"@type\":\"PropertyValueSpecification\",\"valueRequired\":true,\"valueName\":\"search_term_string\"}}],\"inLanguage\":\"fr-FR\"},{\"@type\":\"Person\",\"@id\":\"https:\/\/univers.tg\/#\/schema\/person\/7630d7826904ffdd55c0d13d178b97eb\",\"name\":\"Jeremy Ahossou\",\"image\":{\"@type\":\"ImageObject\",\"inLanguage\":\"fr-FR\",\"@id\":\"https:\/\/univers.tg\/#\/schema\/person\/image\/\",\"url\":\"https:\/\/secure.gravatar.com\/avatar\/b9367486cc4651720458a662d192721c9d7cc1f4afe379e49612ab1a610e08ca?s=96&d=mm&r=g\",\"contentUrl\":\"https:\/\/secure.gravatar.com\/avatar\/b9367486cc4651720458a662d192721c9d7cc1f4afe379e49612ab1a610e08ca?s=96&d=mm&r=g\",\"caption\":\"Jeremy Ahossou\"},\"url\":\"https:\/\/univers.tg\/index.php\/author\/jeremy-ahossou\/\"}]}<\/script>\n<!-- \/ Yoast SEO plugin. -->","yoast_head_json":{"title":"Golfe7: un employ\u00e9 d\u00e9capite son responsable et jette la t\u00eate dans une retenue d\u2019eau - UNIVERS.TG","robots":{"index":"index","follow":"follow","max-snippet":"max-snippet:-1","max-image-preview":"max-image-preview:large","max-video-preview":"max-video-preview:-1"},"canonical":"https:\/\/univers.tg\/index.php\/2025\/08\/18\/golfe7-un-employe-decapite-son-responsable-et-jette-la-tete-dans-une-retenue-deau\/","og_locale":"fr_FR","og_type":"article","og_title":"Golfe7: un employ\u00e9 d\u00e9capite son responsable et jette la t\u00eate dans une retenue d\u2019eau - UNIVERS.TG","og_description":"Une trag\u00e9die a boulevers\u00e9 la commune Golfe 7 ce lundi 18 ao\u00fbt 2025. \u00c0 S\u00e9gb\u00e9gan, dans le canton d\u2019Aflao Sagbado, un responsable d\u2019une unit\u00e9 de fabrication de sachets d\u2019eau potable, commun\u00e9ment appel\u00e9s pure water, a \u00e9t\u00e9 sauvagement assassin\u00e9 par l\u2019un de ses employ\u00e9s. Selon les informations rapport\u00e9es par le m\u00e9dia L\u2019Int\u00e9gral, l\u2019agression s\u2019est produite alors","og_url":"https:\/\/univers.tg\/index.php\/2025\/08\/18\/golfe7-un-employe-decapite-son-responsable-et-jette-la-tete-dans-une-retenue-deau\/","og_site_name":"UNIVERS.TG","article_published_time":"2025-08-18T20:49:54+00:00","article_modified_time":"2025-08-18T22:38:29+00:00","og_image":[{"width":800,"height":600,"url":"https:\/\/univers.tg\/wp-content\/uploads\/2025\/08\/drame-222-1.jpg?wsr","type":"image\/jpeg"}],"author":"Jeremy Ahossou","twitter_card":"summary_large_image","twitter_misc":{"\u00c9crit par":"Jeremy Ahossou","Dur\u00e9e de lecture estim\u00e9e":"2 minutes"},"schema":{"@context":"https:\/\/schema.org","@graph":[{"@type":"WebPage","@id":"https:\/\/univers.tg\/index.php\/2025\/08\/18\/golfe7-un-employe-decapite-son-responsable-et-jette-la-tete-dans-une-retenue-deau\/","url":"https:\/\/univers.tg\/index.php\/2025\/08\/18\/golfe7-un-employe-decapite-son-responsable-et-jette-la-tete-dans-une-retenue-deau\/","name":"Golfe7: un employ\u00e9 d\u00e9capite son responsable et jette la t\u00eate dans une retenue d\u2019eau - UNIVERS.TG","isPartOf":{"@id":"https:\/\/univers.tg\/#website"},"primaryImageOfPage":{"@id":"https:\/\/univers.tg\/index.php\/2025\/08\/18\/golfe7-un-employe-decapite-son-responsable-et-jette-la-tete-dans-une-retenue-deau\/#primaryimage"},"image":{"@id":"https:\/\/univers.tg\/index.php\/2025\/08\/18\/golfe7-un-employe-decapite-son-responsable-et-jette-la-tete-dans-une-retenue-deau\/#primaryimage"},"thumbnailUrl":"https:\/\/univers.tg\/wp-content\/uploads\/2025\/08\/drame-222-1.jpg?wsr","datePublished":"2025-08-18T20:49:54+00:00","dateModified":"2025-08-18T22:38:29+00:00","author":{"@id":"https:\/\/univers.tg\/#\/schema\/person\/7630d7826904ffdd55c0d13d178b97eb"},"breadcrumb":{"@id":"https:\/\/univers.tg\/index.php\/2025\/08\/18\/golfe7-un-employe-decapite-son-responsable-et-jette-la-tete-dans-une-retenue-deau\/#breadcrumb"},"inLanguage":"fr-FR","potentialAction":[{"@type":"ReadAction","target":["https:\/\/univers.tg\/index.php\/2025\/08\/18\/golfe7-un-employe-decapite-son-responsable-et-jette-la-tete-dans-une-retenue-deau\/"]}]},{"@type":"ImageObject","inLanguage":"fr-FR","@id":"https:\/\/univers.tg\/index.php\/2025\/08\/18\/golfe7-un-employe-decapite-son-responsable-et-jette-la-tete-dans-une-retenue-deau\/#primaryimage","url":"https:\/\/univers.tg\/wp-content\/uploads\/2025\/08\/drame-222-1.jpg?wsr","contentUrl":"https:\/\/univers.tg\/wp-content\/uploads\/2025\/08\/drame-222-1.jpg?wsr","width":800,"height":600},{"@type":"BreadcrumbList","@id":"https:\/\/univers.tg\/index.php\/2025\/08\/18\/golfe7-un-employe-decapite-son-responsable-et-jette-la-tete-dans-une-retenue-deau\/#breadcrumb","itemListElement":[{"@type":"ListItem","position":1,"name":"Accueil","item":"https:\/\/univers.tg\/"},{"@type":"ListItem","position":2,"name":"Golfe7: un employ\u00e9 d\u00e9capite son responsable et jette la t\u00eate dans une retenue d\u2019eau"}]},{"@type":"WebSite","@id":"https:\/\/univers.tg\/#website","url":"https:\/\/univers.tg\/","name":"UNIVERS.TG","description":"AUTORISATION HAAC N\u00b0 0123\/02-2024\/PL\/P","potentialAction":[{"@type":"SearchAction","target":{"@type":"EntryPoint","urlTemplate":"https:\/\/univers.tg\/?s={search_term_string}"},"query-input":{"@type":"PropertyValueSpecification","valueRequired":true,"valueName":"search_term_string"}}],"inLanguage":"fr-FR"},{"@type":"Person","@id":"https:\/\/univers.tg\/#\/schema\/person\/7630d7826904ffdd55c0d13d178b97eb","name":"Jeremy Ahossou","image":{"@type":"ImageObject","inLanguage":"fr-FR","@id":"https:\/\/univers.tg\/#\/schema\/person\/image\/","url":"https:\/\/secure.gravatar.com\/avatar\/b9367486cc4651720458a662d192721c9d7cc1f4afe379e49612ab1a610e08ca?s=96&d=mm&r=g","contentUrl":"https:\/\/secure.gravatar.com\/avatar\/b9367486cc4651720458a662d192721c9d7cc1f4afe379e49612ab1a610e08ca?s=96&d=mm&r=g","caption":"Jeremy Ahossou"},"url":"https:\/\/univers.tg\/index.php\/author\/jeremy-ahossou\/"}]}},"_links":{"self":[{"href":"https:\/\/univers.tg\/index.php\/wp-json\/wp\/v2\/posts\/4256","targetHints":{"allow":["GET"]}}],"collection":[{"href":"https:\/\/univers.tg\/index.php\/wp-json\/wp\/v2\/posts"}],"about":[{"href":"https:\/\/univers.tg\/index.php\/wp-json\/wp\/v2\/types\/post"}],"author":[{"embeddable":true,"href":"https:\/\/univers.tg\/index.php\/wp-json\/wp\/v2\/users\/5"}],"replies":[{"embeddable":true,"href":"https:\/\/univers.tg\/index.php\/wp-json\/wp\/v2\/comments?post=4256"}],"version-history":[{"count":1,"href":"https:\/\/univers.tg\/index.php\/wp-json\/wp\/v2\/posts\/4256\/revisions"}],"predecessor-version":[{"id":4258,"href":"https:\/\/univers.tg\/index.php\/wp-json\/wp\/v2\/posts\/4256\/revisions\/4258"}],"wp:featuredmedia":[{"embeddable":true,"href":"https:\/\/univers.tg\/index.php\/wp-json\/wp\/v2\/media\/4259"}],"wp:attachment":[{"href":"https:\/\/univers.tg\/index.php\/wp-json\/wp\/v2\/media?parent=4256"}],"wp:term":[{"taxonomy":"category","embeddable":true,"href":"https:\/\/univers.tg\/index.php\/wp-json\/wp\/v2\/categories?post=4256"},{"taxonomy":"post_tag","embeddable":true,"href":"https:\/\/univers.tg\/index.php\/wp-json\/wp\/v2\/tags?post=4256"}],"curies":[{"name":"wp","href":"https:\/\/api.w.org\/{rel}","templated":true}]}}