{"id":562,"date":"2024-08-09T13:28:47","date_gmt":"2024-08-09T13:28:47","guid":{"rendered":"https:\/\/univers.tg\/?p=562"},"modified":"2024-08-09T23:11:01","modified_gmt":"2024-08-09T23:11:01","slug":"foire-adjafi-un-forum-a-atakpame-donne-le-coup-denvoi-de-la-12e-edition","status":"publish","type":"post","link":"https:\/\/univers.tg\/index.php\/2024\/08\/09\/foire-adjafi-un-forum-a-atakpame-donne-le-coup-denvoi-de-la-12e-edition\/","title":{"rendered":"Foire Adjafi : Un Forum \u00e0 Atakpam\u00e9 donne le coup d&rsquo;envoi de la 12e \u00c9dition"},"content":{"rendered":"\n<p>Le forum de lancement de la 12e \u00e9dition de la foire Adjafi, d\u00e9di\u00e9e aux jeunes entrepreneurs, s&rsquo;est d\u00e9roul\u00e9 les 7 et 8 ao\u00fbt \u00e0 Atakpam\u00e9, dans la r\u00e9gion des Plateaux. Cet \u00e9v\u00e9nement marque le d\u00e9but des festivit\u00e9s qui se poursuivront du 22 ao\u00fbt au 8 septembre \u00e0 Lom\u00e9, sous le th\u00e8me \u00ab La ZLECAF pour stimuler la commercialisation de nos produits transform\u00e9s et p\u00e9renniser les acquis \u00bb. Organis\u00e9 par le comit\u00e9 d&rsquo;organisation de la foire Adjafi, le forum a rassembl\u00e9 plus d&rsquo;une soixantaine de participants.<img loading=\"lazy\" decoding=\"async\" width=\"1000\" height=\"565\" class=\"wp-image-564\" style=\"width: 1000px;\" src=\"https:\/\/univers.tg\/wp-content\/uploads\/2024\/08\/FB_IMG_1723210043843.jpg\" alt=\"\" srcset=\"https:\/\/univers.tg\/wp-content\/uploads\/2024\/08\/FB_IMG_1723210043843.jpg 1698w, https:\/\/univers.tg\/wp-content\/uploads\/2024\/08\/FB_IMG_1723210043843-300x170.jpg 300w, https:\/\/univers.tg\/wp-content\/uploads\/2024\/08\/FB_IMG_1723210043843-1024x579.jpg 1024w, https:\/\/univers.tg\/wp-content\/uploads\/2024\/08\/FB_IMG_1723210043843-768x434.jpg 768w, https:\/\/univers.tg\/wp-content\/uploads\/2024\/08\/FB_IMG_1723210043843-1536x868.jpg 1536w\" sizes=\"auto, (max-width: 1000px) 100vw, 1000px\" \/><\/p>\n\n\n\n<p>Durant ces deux jours, plusieurs communications ont \u00e9t\u00e9 pr\u00e9sent\u00e9es, visant \u00e0 \u00e9clairer les participants sur les enjeux \u00e9conomiques actuels. Le Directeur R\u00e9gional du Minist\u00e8re en charge du commerce, M. TOUH Moise, a brillamment d\u00e9velopp\u00e9 le th\u00e8me \u00ab Quelle politique pour le Togo, membre de la ZLECAF, pour appr\u00e9hender et capturer les b\u00e9n\u00e9fices du commerce international ? \u00bb. Cette intervention a permis aux participants de mieux comprendre les strat\u00e9gies nationales en mati\u00e8re de commerce international.<\/p>\n\n\n\n<p>Les discussions ont \u00e9galement port\u00e9 sur les opportunit\u00e9s offertes par la ZLECAF pour les tr\u00e8s petites, petites et moyennes entreprises (TPME). Une autre communication intitul\u00e9e \u00ab La ZLECAF : une opportunit\u00e9 pour les TPME de cr\u00e9er des cha\u00eenes de valeurs r\u00e9gionales et continentales \u00bb a mis en lumi\u00e8re les possibilit\u00e9s pour les entrepreneurs togolais de s&rsquo;int\u00e9grer dans des cha\u00eenes de valeurs plus larges, favorisant ainsi la croissance et la comp\u00e9titivit\u00e9 du secteur priv\u00e9<img loading=\"lazy\" decoding=\"async\" width=\"1000\" height=\"667\" class=\"wp-image-565\" style=\"width: 1000px;\" src=\"https:\/\/univers.tg\/wp-content\/uploads\/2024\/08\/FB_IMG_1723210055013.jpg\" alt=\"\" srcset=\"https:\/\/univers.tg\/wp-content\/uploads\/2024\/08\/FB_IMG_1723210055013.jpg 1440w, https:\/\/univers.tg\/wp-content\/uploads\/2024\/08\/FB_IMG_1723210055013-300x200.jpg 300w, https:\/\/univers.tg\/wp-content\/uploads\/2024\/08\/FB_IMG_1723210055013-1024x683.jpg 1024w, https:\/\/univers.tg\/wp-content\/uploads\/2024\/08\/FB_IMG_1723210055013-768x512.jpg 768w\" sizes=\"auto, (max-width: 1000px) 100vw, 1000px\" \/>.<\/p>\n\n\n\n<p>Les participants, compos\u00e9s majoritairement de jeunes entrepreneurs et de chefs de TPME, ont exprim\u00e9 leur satisfaction \u00e0 l&rsquo;issue de ces deux jours de forum. Ils ont \u00e9galement \u00e9t\u00e9 sensibilis\u00e9s sur la mise en \u0153uvre de la charte nationale des TPME, un cadre jug\u00e9 favorable pour le d\u00e9veloppement du secteur priv\u00e9 au Togo. Cette charte vise \u00e0 renforcer la comp\u00e9titivit\u00e9 et \u00e0 soutenir la croissance des entreprises locales.<\/p>\n\n\n\n<p>Cet \u00e9v\u00e9nement, qui a inaugur\u00e9 la douzi\u00e8me \u00e9dition de la foire Adjafi, est per\u00e7u comme une \u00e9tape cruciale pour les jeunes entrepreneurs togolais. Il leur offre non seulement une plateforme d&rsquo;\u00e9changes et de r\u00e9flexion, mais aussi une opportunit\u00e9 de se pr\u00e9parer pour la foire elle-m\u00eame, o\u00f9 ils pourront exposer leurs produits et services, et ainsi capter de nouveaux march\u00e9s dans le cadre de la ZLECAF.<\/p>\n\n\n\n<p>Jeremy Ahossou<\/p>\n","protected":false},"excerpt":{"rendered":"<p>Le forum de lancement de la 12e \u00e9dition de la foire Adjafi, d\u00e9di\u00e9e aux jeunes entrepreneurs, s&rsquo;est d\u00e9roul\u00e9 les 7 et 8 ao\u00fbt \u00e0 Atakpam\u00e9, dans la r\u00e9gion des Plateaux. Cet \u00e9v\u00e9nement marque le d\u00e9but des festivit\u00e9s qui se poursuivront du 22 ao\u00fbt au 8 septembre \u00e0 Lom\u00e9, sous le th\u00e8me \u00ab La ZLECAF pour<\/p>\n","protected":false},"author":5,"featured_media":568,"comment_status":"open","ping_status":"open","sticky":false,"template":"","format":"standard","meta":{"footnotes":""},"categories":[2],"tags":[],"class_list":["post-562","post","type-post","status-publish","format-standard","has-post-thumbnail","hentry","category-economie"],"yoast_head":"<!-- This site is optimized with the Yoast SEO plugin v26.4 - https:\/\/yoast.com\/wordpress\/plugins\/seo\/ -->\n<title>Foire Adjafi : Un Forum \u00e0 Atakpam\u00e9 donne le coup d&#039;envoi de la 12e \u00c9dition - UNIVERS.TG<\/title>\n<meta name=\"robots\" content=\"index, follow, max-snippet:-1, max-image-preview:large, max-video-preview:-1\" \/>\n<link rel=\"canonical\" href=\"https:\/\/univers.tg\/index.php\/2024\/08\/09\/foire-adjafi-un-forum-a-atakpame-donne-le-coup-denvoi-de-la-12e-edition\/\" \/>\n<meta property=\"og:locale\" content=\"fr_FR\" \/>\n<meta property=\"og:type\" content=\"article\" \/>\n<meta property=\"og:title\" content=\"Foire Adjafi : Un Forum \u00e0 Atakpam\u00e9 donne le coup d&#039;envoi de la 12e \u00c9dition - UNIVERS.TG\" \/>\n<meta property=\"og:description\" content=\"Le forum de lancement de la 12e \u00e9dition de la foire Adjafi, d\u00e9di\u00e9e aux jeunes entrepreneurs, s&rsquo;est d\u00e9roul\u00e9 les 7 et 8 ao\u00fbt \u00e0 Atakpam\u00e9, dans la r\u00e9gion des Plateaux. Cet \u00e9v\u00e9nement marque le d\u00e9but des festivit\u00e9s qui se poursuivront du 22 ao\u00fbt au 8 septembre \u00e0 Lom\u00e9, sous le th\u00e8me \u00ab La ZLECAF pour\" \/>\n<meta property=\"og:url\" content=\"https:\/\/univers.tg\/index.php\/2024\/08\/09\/foire-adjafi-un-forum-a-atakpame-donne-le-coup-denvoi-de-la-12e-edition\/\" \/>\n<meta property=\"og:site_name\" content=\"UNIVERS.TG\" \/>\n<meta property=\"article:published_time\" content=\"2024-08-09T13:28:47+00:00\" \/>\n<meta property=\"article:modified_time\" content=\"2024-08-09T23:11:01+00:00\" \/>\n<meta property=\"og:image\" content=\"https:\/\/univers.tg\/wp-content\/uploads\/2024\/08\/IMG-20240809-WA0003.jpg\" \/>\n\t<meta property=\"og:image:width\" content=\"1440\" \/>\n\t<meta property=\"og:image:height\" content=\"960\" \/>\n\t<meta property=\"og:image:type\" content=\"image\/jpeg\" \/>\n<meta name=\"author\" content=\"Jeremy Ahossou\" \/>\n<meta name=\"twitter:card\" content=\"summary_large_image\" \/>\n<meta name=\"twitter:label1\" content=\"\u00c9crit par\" \/>\n\t<meta name=\"twitter:data1\" content=\"Jeremy Ahossou\" \/>\n\t<meta name=\"twitter:label2\" content=\"Dur\u00e9e de lecture estim\u00e9e\" \/>\n\t<meta name=\"twitter:data2\" content=\"3 minutes\" \/>\n<script type=\"application\/ld+json\" class=\"yoast-schema-graph\">{\"@context\":\"https:\/\/schema.org\",\"@graph\":[{\"@type\":\"WebPage\",\"@id\":\"https:\/\/univers.tg\/index.php\/2024\/08\/09\/foire-adjafi-un-forum-a-atakpame-donne-le-coup-denvoi-de-la-12e-edition\/\",\"url\":\"https:\/\/univers.tg\/index.php\/2024\/08\/09\/foire-adjafi-un-forum-a-atakpame-donne-le-coup-denvoi-de-la-12e-edition\/\",\"name\":\"Foire Adjafi : Un Forum \u00e0 Atakpam\u00e9 donne le coup d'envoi de la 12e \u00c9dition - UNIVERS.TG\",\"isPartOf\":{\"@id\":\"https:\/\/univers.tg\/#website\"},\"primaryImageOfPage\":{\"@id\":\"https:\/\/univers.tg\/index.php\/2024\/08\/09\/foire-adjafi-un-forum-a-atakpame-donne-le-coup-denvoi-de-la-12e-edition\/#primaryimage\"},\"image\":{\"@id\":\"https:\/\/univers.tg\/index.php\/2024\/08\/09\/foire-adjafi-un-forum-a-atakpame-donne-le-coup-denvoi-de-la-12e-edition\/#primaryimage\"},\"thumbnailUrl\":\"https:\/\/univers.tg\/wp-content\/uploads\/2024\/08\/IMG-20240809-WA0003.jpg?wsr\",\"datePublished\":\"2024-08-09T13:28:47+00:00\",\"dateModified\":\"2024-08-09T23:11:01+00:00\",\"author\":{\"@id\":\"https:\/\/univers.tg\/#\/schema\/person\/7630d7826904ffdd55c0d13d178b97eb\"},\"breadcrumb\":{\"@id\":\"https:\/\/univers.tg\/index.php\/2024\/08\/09\/foire-adjafi-un-forum-a-atakpame-donne-le-coup-denvoi-de-la-12e-edition\/#breadcrumb\"},\"inLanguage\":\"fr-FR\",\"potentialAction\":[{\"@type\":\"ReadAction\",\"target\":[\"https:\/\/univers.tg\/index.php\/2024\/08\/09\/foire-adjafi-un-forum-a-atakpame-donne-le-coup-denvoi-de-la-12e-edition\/\"]}]},{\"@type\":\"ImageObject\",\"inLanguage\":\"fr-FR\",\"@id\":\"https:\/\/univers.tg\/index.php\/2024\/08\/09\/foire-adjafi-un-forum-a-atakpame-donne-le-coup-denvoi-de-la-12e-edition\/#primaryimage\",\"url\":\"https:\/\/univers.tg\/wp-content\/uploads\/2024\/08\/IMG-20240809-WA0003.jpg?wsr\",\"contentUrl\":\"https:\/\/univers.tg\/wp-content\/uploads\/2024\/08\/IMG-20240809-WA0003.jpg?wsr\",\"width\":1440,\"height\":960},{\"@type\":\"BreadcrumbList\",\"@id\":\"https:\/\/univers.tg\/index.php\/2024\/08\/09\/foire-adjafi-un-forum-a-atakpame-donne-le-coup-denvoi-de-la-12e-edition\/#breadcrumb\",\"itemListElement\":[{\"@type\":\"ListItem\",\"position\":1,\"name\":\"Accueil\",\"item\":\"https:\/\/univers.tg\/\"},{\"@type\":\"ListItem\",\"position\":2,\"name\":\"Foire Adjafi : Un Forum \u00e0 Atakpam\u00e9 donne le coup d&rsquo;envoi de la 12e \u00c9dition\"}]},{\"@type\":\"WebSite\",\"@id\":\"https:\/\/univers.tg\/#website\",\"url\":\"https:\/\/univers.tg\/\",\"name\":\"UNIVERS.TG\",\"description\":\"AUTORISATION HAAC N\u00b0 0123\/02-2024\/PL\/P\",\"potentialAction\":[{\"@type\":\"SearchAction\",\"target\":{\"@type\":\"EntryPoint\",\"urlTemplate\":\"https:\/\/univers.tg\/?s={search_term_string}\"},\"query-input\":{\"@type\":\"PropertyValueSpecification\",\"valueRequired\":true,\"valueName\":\"search_term_string\"}}],\"inLanguage\":\"fr-FR\"},{\"@type\":\"Person\",\"@id\":\"https:\/\/univers.tg\/#\/schema\/person\/7630d7826904ffdd55c0d13d178b97eb\",\"name\":\"Jeremy Ahossou\",\"image\":{\"@type\":\"ImageObject\",\"inLanguage\":\"fr-FR\",\"@id\":\"https:\/\/univers.tg\/#\/schema\/person\/image\/\",\"url\":\"https:\/\/secure.gravatar.com\/avatar\/b9367486cc4651720458a662d192721c9d7cc1f4afe379e49612ab1a610e08ca?s=96&d=mm&r=g\",\"contentUrl\":\"https:\/\/secure.gravatar.com\/avatar\/b9367486cc4651720458a662d192721c9d7cc1f4afe379e49612ab1a610e08ca?s=96&d=mm&r=g\",\"caption\":\"Jeremy Ahossou\"},\"url\":\"https:\/\/univers.tg\/index.php\/author\/jeremy-ahossou\/\"}]}<\/script>\n<!-- \/ Yoast SEO plugin. -->","yoast_head_json":{"title":"Foire Adjafi : Un Forum \u00e0 Atakpam\u00e9 donne le coup d'envoi de la 12e \u00c9dition - UNIVERS.TG","robots":{"index":"index","follow":"follow","max-snippet":"max-snippet:-1","max-image-preview":"max-image-preview:large","max-video-preview":"max-video-preview:-1"},"canonical":"https:\/\/univers.tg\/index.php\/2024\/08\/09\/foire-adjafi-un-forum-a-atakpame-donne-le-coup-denvoi-de-la-12e-edition\/","og_locale":"fr_FR","og_type":"article","og_title":"Foire Adjafi : Un Forum \u00e0 Atakpam\u00e9 donne le coup d'envoi de la 12e \u00c9dition - UNIVERS.TG","og_description":"Le forum de lancement de la 12e \u00e9dition de la foire Adjafi, d\u00e9di\u00e9e aux jeunes entrepreneurs, s&rsquo;est d\u00e9roul\u00e9 les 7 et 8 ao\u00fbt \u00e0 Atakpam\u00e9, dans la r\u00e9gion des Plateaux. Cet \u00e9v\u00e9nement marque le d\u00e9but des festivit\u00e9s qui se poursuivront du 22 ao\u00fbt au 8 septembre \u00e0 Lom\u00e9, sous le th\u00e8me \u00ab La ZLECAF pour","og_url":"https:\/\/univers.tg\/index.php\/2024\/08\/09\/foire-adjafi-un-forum-a-atakpame-donne-le-coup-denvoi-de-la-12e-edition\/","og_site_name":"UNIVERS.TG","article_published_time":"2024-08-09T13:28:47+00:00","article_modified_time":"2024-08-09T23:11:01+00:00","og_image":[{"width":1440,"height":960,"url":"https:\/\/univers.tg\/wp-content\/uploads\/2024\/08\/IMG-20240809-WA0003.jpg","type":"image\/jpeg"}],"author":"Jeremy Ahossou","twitter_card":"summary_large_image","twitter_misc":{"\u00c9crit par":"Jeremy Ahossou","Dur\u00e9e de lecture estim\u00e9e":"3 minutes"},"schema":{"@context":"https:\/\/schema.org","@graph":[{"@type":"WebPage","@id":"https:\/\/univers.tg\/index.php\/2024\/08\/09\/foire-adjafi-un-forum-a-atakpame-donne-le-coup-denvoi-de-la-12e-edition\/","url":"https:\/\/univers.tg\/index.php\/2024\/08\/09\/foire-adjafi-un-forum-a-atakpame-donne-le-coup-denvoi-de-la-12e-edition\/","name":"Foire Adjafi : Un Forum \u00e0 Atakpam\u00e9 donne le coup d'envoi de la 12e \u00c9dition - UNIVERS.TG","isPartOf":{"@id":"https:\/\/univers.tg\/#website"},"primaryImageOfPage":{"@id":"https:\/\/univers.tg\/index.php\/2024\/08\/09\/foire-adjafi-un-forum-a-atakpame-donne-le-coup-denvoi-de-la-12e-edition\/#primaryimage"},"image":{"@id":"https:\/\/univers.tg\/index.php\/2024\/08\/09\/foire-adjafi-un-forum-a-atakpame-donne-le-coup-denvoi-de-la-12e-edition\/#primaryimage"},"thumbnailUrl":"https:\/\/univers.tg\/wp-content\/uploads\/2024\/08\/IMG-20240809-WA0003.jpg?wsr","datePublished":"2024-08-09T13:28:47+00:00","dateModified":"2024-08-09T23:11:01+00:00","author":{"@id":"https:\/\/univers.tg\/#\/schema\/person\/7630d7826904ffdd55c0d13d178b97eb"},"breadcrumb":{"@id":"https:\/\/univers.tg\/index.php\/2024\/08\/09\/foire-adjafi-un-forum-a-atakpame-donne-le-coup-denvoi-de-la-12e-edition\/#breadcrumb"},"inLanguage":"fr-FR","potentialAction":[{"@type":"ReadAction","target":["https:\/\/univers.tg\/index.php\/2024\/08\/09\/foire-adjafi-un-forum-a-atakpame-donne-le-coup-denvoi-de-la-12e-edition\/"]}]},{"@type":"ImageObject","inLanguage":"fr-FR","@id":"https:\/\/univers.tg\/index.php\/2024\/08\/09\/foire-adjafi-un-forum-a-atakpame-donne-le-coup-denvoi-de-la-12e-edition\/#primaryimage","url":"https:\/\/univers.tg\/wp-content\/uploads\/2024\/08\/IMG-20240809-WA0003.jpg?wsr","contentUrl":"https:\/\/univers.tg\/wp-content\/uploads\/2024\/08\/IMG-20240809-WA0003.jpg?wsr","width":1440,"height":960},{"@type":"BreadcrumbList","@id":"https:\/\/univers.tg\/index.php\/2024\/08\/09\/foire-adjafi-un-forum-a-atakpame-donne-le-coup-denvoi-de-la-12e-edition\/#breadcrumb","itemListElement":[{"@type":"ListItem","position":1,"name":"Accueil","item":"https:\/\/univers.tg\/"},{"@type":"ListItem","position":2,"name":"Foire Adjafi : Un Forum \u00e0 Atakpam\u00e9 donne le coup d&rsquo;envoi de la 12e \u00c9dition"}]},{"@type":"WebSite","@id":"https:\/\/univers.tg\/#website","url":"https:\/\/univers.tg\/","name":"UNIVERS.TG","description":"AUTORISATION HAAC N\u00b0 0123\/02-2024\/PL\/P","potentialAction":[{"@type":"SearchAction","target":{"@type":"EntryPoint","urlTemplate":"https:\/\/univers.tg\/?s={search_term_string}"},"query-input":{"@type":"PropertyValueSpecification","valueRequired":true,"valueName":"search_term_string"}}],"inLanguage":"fr-FR"},{"@type":"Person","@id":"https:\/\/univers.tg\/#\/schema\/person\/7630d7826904ffdd55c0d13d178b97eb","name":"Jeremy Ahossou","image":{"@type":"ImageObject","inLanguage":"fr-FR","@id":"https:\/\/univers.tg\/#\/schema\/person\/image\/","url":"https:\/\/secure.gravatar.com\/avatar\/b9367486cc4651720458a662d192721c9d7cc1f4afe379e49612ab1a610e08ca?s=96&d=mm&r=g","contentUrl":"https:\/\/secure.gravatar.com\/avatar\/b9367486cc4651720458a662d192721c9d7cc1f4afe379e49612ab1a610e08ca?s=96&d=mm&r=g","caption":"Jeremy Ahossou"},"url":"https:\/\/univers.tg\/index.php\/author\/jeremy-ahossou\/"}]}},"_links":{"self":[{"href":"https:\/\/univers.tg\/index.php\/wp-json\/wp\/v2\/posts\/562","targetHints":{"allow":["GET"]}}],"collection":[{"href":"https:\/\/univers.tg\/index.php\/wp-json\/wp\/v2\/posts"}],"about":[{"href":"https:\/\/univers.tg\/index.php\/wp-json\/wp\/v2\/types\/post"}],"author":[{"embeddable":true,"href":"https:\/\/univers.tg\/index.php\/wp-json\/wp\/v2\/users\/5"}],"replies":[{"embeddable":true,"href":"https:\/\/univers.tg\/index.php\/wp-json\/wp\/v2\/comments?post=562"}],"version-history":[{"count":3,"href":"https:\/\/univers.tg\/index.php\/wp-json\/wp\/v2\/posts\/562\/revisions"}],"predecessor-version":[{"id":570,"href":"https:\/\/univers.tg\/index.php\/wp-json\/wp\/v2\/posts\/562\/revisions\/570"}],"wp:featuredmedia":[{"embeddable":true,"href":"https:\/\/univers.tg\/index.php\/wp-json\/wp\/v2\/media\/568"}],"wp:attachment":[{"href":"https:\/\/univers.tg\/index.php\/wp-json\/wp\/v2\/media?parent=562"}],"wp:term":[{"taxonomy":"category","embeddable":true,"href":"https:\/\/univers.tg\/index.php\/wp-json\/wp\/v2\/categories?post=562"},{"taxonomy":"post_tag","embeddable":true,"href":"https:\/\/univers.tg\/index.php\/wp-json\/wp\/v2\/tags?post=562"}],"curies":[{"name":"wp","href":"https:\/\/api.w.org\/{rel}","templated":true}]}}