{"id":6798,"date":"2026-01-19T12:19:25","date_gmt":"2026-01-19T12:19:25","guid":{"rendered":"https:\/\/univers.tg\/?p=6798"},"modified":"2026-01-19T12:19:27","modified_gmt":"2026-01-19T12:19:27","slug":"lenrolement-biometrique-demarre-dans-les-prefectures-de-zio-et-de-lave","status":"publish","type":"post","link":"https:\/\/univers.tg\/index.php\/2026\/01\/19\/lenrolement-biometrique-demarre-dans-les-prefectures-de-zio-et-de-lave\/","title":{"rendered":"L&rsquo;enr\u00f4lement biom\u00e9trique d\u00e9marre dans les pr\u00e9fectures de Zio et de l\u2019Av\u00e9"},"content":{"rendered":"\n<p><\/p>\n\n\n\n<p>La campagne nationale d\u2019enr\u00f4lement pour l\u2019obtention de la carte biom\u00e9trique franchit une nouvelle \u00e9tape dans la r\u00e9gion Maritime. L\u2019op\u00e9ration a officiellement d\u00e9but\u00e9 ce lundi 19 janvier 2026 dans les pr\u00e9fectures de Zio et de l\u2019Av\u00e9, marquant ainsi l\u2019extension progressive du processus d\u2019identification num\u00e9rique \u00e0 l\u2019ensemble du territoire togolais.<\/p>\n\n\n\n<p>Avant le lancement effectif sur le terrain, un atelier consacr\u00e9 au m\u00e9canisme de gestion des plaintes a \u00e9t\u00e9 organis\u00e9 \u00e0 Ts\u00e9vi\u00e9 en d\u00e9but de semaine. Cette rencontre, initi\u00e9e par le minist\u00e8re de l\u2019Efficacit\u00e9 du service public et de la Transformation num\u00e9rique \u00e0 travers l\u2019Agence nationale d\u2019identification (ANID), visait \u00e0 renforcer la transparence du processus et \u00e0 instaurer un climat de confiance avec les populations concern\u00e9es.<\/p>\n\n\n\n<p>Comme dans les autres localit\u00e9s d\u00e9j\u00e0 couvertes, l\u2019enr\u00f4lement permettra l\u2019attribution d\u2019un Num\u00e9ro d\u2019identification unique (NIU) \u00e0 chaque r\u00e9sident. Ce num\u00e9ro constituera une cl\u00e9 d\u2019acc\u00e8s essentielle aux services publics, priv\u00e9s et sociaux, notamment dans les domaines de l\u2019\u00e9ducation, de la sant\u00e9, de la s\u00e9curit\u00e9 sociale, des pensions, de la finance ou encore des transferts mon\u00e9taires. Il contribuera \u00e9galement \u00e0 la mise en place d\u2019une base de donn\u00e9es nationale centralis\u00e9e, s\u00e9curis\u00e9e et fiable.<\/p>\n\n\n\n<p>La mise en \u0153uvre de l\u2019op\u00e9ration est assur\u00e9e par l\u2019ANID dans le cadre du projet e-ID Togo, avec l\u2019appui de l\u2019INSEED pour le d\u00e9ploiement du personnel sur le terrain. Tous les r\u00e9sidents sont \u00e9ligibles, y compris les enfants de z\u00e9ro \u00e0 cinq ans, enregistrables \u00e0 partir du NIU d\u2019un parent. Financ\u00e9 par la Banque mondiale \u00e0 hauteur de 72 millions de dollars via le projet WURI-Togo, cet enregistrement biom\u00e9trique appara\u00eet comme un levier majeur de l\u2019inclusion sociale, dans un pays o\u00f9 moins de 15 % de la population dispose actuellement d\u2019une carte nationale d\u2019identit\u00e9.<\/p>\n\n\n\n<p><\/p>\n","protected":false},"excerpt":{"rendered":"<p>La campagne nationale d\u2019enr\u00f4lement pour l\u2019obtention de la carte biom\u00e9trique franchit une nouvelle \u00e9tape dans la r\u00e9gion Maritime. L\u2019op\u00e9ration a officiellement d\u00e9but\u00e9 ce lundi 19 janvier 2026 dans les pr\u00e9fectures de Zio et de l\u2019Av\u00e9, marquant ainsi l\u2019extension progressive du processus d\u2019identification num\u00e9rique \u00e0 l\u2019ensemble du territoire togolais. Avant le lancement effectif sur le terrain,<\/p>\n","protected":false},"author":5,"featured_media":6799,"comment_status":"open","ping_status":"open","sticky":false,"template":"","format":"standard","meta":{"footnotes":""},"categories":[3],"tags":[],"class_list":["post-6798","post","type-post","status-publish","format-standard","has-post-thumbnail","hentry","category-societe"],"yoast_head":"<!-- This site is optimized with the Yoast SEO plugin v26.4 - https:\/\/yoast.com\/wordpress\/plugins\/seo\/ -->\n<title>L&#039;enr\u00f4lement biom\u00e9trique d\u00e9marre dans les pr\u00e9fectures de Zio et de l\u2019Av\u00e9 - UNIVERS.TG<\/title>\n<meta name=\"description\" content=\"La campagne nationale d\u2019enr\u00f4lement pour l\u2019obtention de la carte biom\u00e9trique franchit une nouvelle \u00e9tape dans la r\u00e9gion Maritime\" \/>\n<meta name=\"robots\" content=\"index, follow, max-snippet:-1, max-image-preview:large, max-video-preview:-1\" \/>\n<link rel=\"canonical\" href=\"https:\/\/univers.tg\/index.php\/2026\/01\/19\/lenrolement-biometrique-demarre-dans-les-prefectures-de-zio-et-de-lave\/\" \/>\n<meta property=\"og:locale\" content=\"fr_FR\" \/>\n<meta property=\"og:type\" content=\"article\" \/>\n<meta property=\"og:title\" content=\"L&#039;enr\u00f4lement biom\u00e9trique d\u00e9marre dans les pr\u00e9fectures de Zio et de l\u2019Av\u00e9 - UNIVERS.TG\" \/>\n<meta property=\"og:description\" content=\"La campagne nationale d\u2019enr\u00f4lement pour l\u2019obtention de la carte biom\u00e9trique franchit une nouvelle \u00e9tape dans la r\u00e9gion Maritime\" \/>\n<meta property=\"og:url\" content=\"https:\/\/univers.tg\/index.php\/2026\/01\/19\/lenrolement-biometrique-demarre-dans-les-prefectures-de-zio-et-de-lave\/\" \/>\n<meta property=\"og:site_name\" content=\"UNIVERS.TG\" \/>\n<meta property=\"article:published_time\" content=\"2026-01-19T12:19:25+00:00\" \/>\n<meta property=\"article:modified_time\" content=\"2026-01-19T12:19:27+00:00\" \/>\n<meta property=\"og:image\" content=\"https:\/\/univers.tg\/wp-content\/uploads\/2026\/01\/La-phase-de-prise-des-empreites-de-liris-au-cours-de-lenregistrement.Photo-Edjare.Texte-de-HOEDANOU-660x400-1.jpg?wsr\" \/>\n\t<meta property=\"og:image:width\" content=\"660\" \/>\n\t<meta property=\"og:image:height\" content=\"400\" \/>\n\t<meta property=\"og:image:type\" content=\"image\/jpeg\" \/>\n<meta name=\"author\" content=\"Jeremy Ahossou\" \/>\n<meta name=\"twitter:card\" content=\"summary_large_image\" \/>\n<meta name=\"twitter:label1\" content=\"\u00c9crit par\" \/>\n\t<meta name=\"twitter:data1\" content=\"Jeremy Ahossou\" \/>\n\t<meta name=\"twitter:label2\" content=\"Dur\u00e9e de lecture estim\u00e9e\" \/>\n\t<meta name=\"twitter:data2\" content=\"2 minutes\" \/>\n<script type=\"application\/ld+json\" class=\"yoast-schema-graph\">{\"@context\":\"https:\/\/schema.org\",\"@graph\":[{\"@type\":\"WebPage\",\"@id\":\"https:\/\/univers.tg\/index.php\/2026\/01\/19\/lenrolement-biometrique-demarre-dans-les-prefectures-de-zio-et-de-lave\/\",\"url\":\"https:\/\/univers.tg\/index.php\/2026\/01\/19\/lenrolement-biometrique-demarre-dans-les-prefectures-de-zio-et-de-lave\/\",\"name\":\"L'enr\u00f4lement biom\u00e9trique d\u00e9marre dans les pr\u00e9fectures de Zio et de l\u2019Av\u00e9 - UNIVERS.TG\",\"isPartOf\":{\"@id\":\"https:\/\/univers.tg\/#website\"},\"primaryImageOfPage\":{\"@id\":\"https:\/\/univers.tg\/index.php\/2026\/01\/19\/lenrolement-biometrique-demarre-dans-les-prefectures-de-zio-et-de-lave\/#primaryimage\"},\"image\":{\"@id\":\"https:\/\/univers.tg\/index.php\/2026\/01\/19\/lenrolement-biometrique-demarre-dans-les-prefectures-de-zio-et-de-lave\/#primaryimage\"},\"thumbnailUrl\":\"https:\/\/univers.tg\/wp-content\/uploads\/2026\/01\/La-phase-de-prise-des-empreites-de-liris-au-cours-de-lenregistrement.Photo-Edjare.Texte-de-HOEDANOU-660x400-1.jpg?wsr\",\"datePublished\":\"2026-01-19T12:19:25+00:00\",\"dateModified\":\"2026-01-19T12:19:27+00:00\",\"author\":{\"@id\":\"https:\/\/univers.tg\/#\/schema\/person\/7630d7826904ffdd55c0d13d178b97eb\"},\"description\":\"La campagne nationale d\u2019enr\u00f4lement pour l\u2019obtention de la carte biom\u00e9trique franchit une nouvelle \u00e9tape dans la r\u00e9gion Maritime\",\"breadcrumb\":{\"@id\":\"https:\/\/univers.tg\/index.php\/2026\/01\/19\/lenrolement-biometrique-demarre-dans-les-prefectures-de-zio-et-de-lave\/#breadcrumb\"},\"inLanguage\":\"fr-FR\",\"potentialAction\":[{\"@type\":\"ReadAction\",\"target\":[\"https:\/\/univers.tg\/index.php\/2026\/01\/19\/lenrolement-biometrique-demarre-dans-les-prefectures-de-zio-et-de-lave\/\"]}]},{\"@type\":\"ImageObject\",\"inLanguage\":\"fr-FR\",\"@id\":\"https:\/\/univers.tg\/index.php\/2026\/01\/19\/lenrolement-biometrique-demarre-dans-les-prefectures-de-zio-et-de-lave\/#primaryimage\",\"url\":\"https:\/\/univers.tg\/wp-content\/uploads\/2026\/01\/La-phase-de-prise-des-empreites-de-liris-au-cours-de-lenregistrement.Photo-Edjare.Texte-de-HOEDANOU-660x400-1.jpg?wsr\",\"contentUrl\":\"https:\/\/univers.tg\/wp-content\/uploads\/2026\/01\/La-phase-de-prise-des-empreites-de-liris-au-cours-de-lenregistrement.Photo-Edjare.Texte-de-HOEDANOU-660x400-1.jpg?wsr\",\"width\":660,\"height\":400},{\"@type\":\"BreadcrumbList\",\"@id\":\"https:\/\/univers.tg\/index.php\/2026\/01\/19\/lenrolement-biometrique-demarre-dans-les-prefectures-de-zio-et-de-lave\/#breadcrumb\",\"itemListElement\":[{\"@type\":\"ListItem\",\"position\":1,\"name\":\"Accueil\",\"item\":\"https:\/\/univers.tg\/\"},{\"@type\":\"ListItem\",\"position\":2,\"name\":\"L&rsquo;enr\u00f4lement biom\u00e9trique d\u00e9marre dans les pr\u00e9fectures de Zio et de l\u2019Av\u00e9\"}]},{\"@type\":\"WebSite\",\"@id\":\"https:\/\/univers.tg\/#website\",\"url\":\"https:\/\/univers.tg\/\",\"name\":\"UNIVERS.TG\",\"description\":\"AUTORISATION HAAC N\u00b0 0123\/02-2024\/PL\/P\",\"potentialAction\":[{\"@type\":\"SearchAction\",\"target\":{\"@type\":\"EntryPoint\",\"urlTemplate\":\"https:\/\/univers.tg\/?s={search_term_string}\"},\"query-input\":{\"@type\":\"PropertyValueSpecification\",\"valueRequired\":true,\"valueName\":\"search_term_string\"}}],\"inLanguage\":\"fr-FR\"},{\"@type\":\"Person\",\"@id\":\"https:\/\/univers.tg\/#\/schema\/person\/7630d7826904ffdd55c0d13d178b97eb\",\"name\":\"Jeremy Ahossou\",\"image\":{\"@type\":\"ImageObject\",\"inLanguage\":\"fr-FR\",\"@id\":\"https:\/\/univers.tg\/#\/schema\/person\/image\/\",\"url\":\"https:\/\/secure.gravatar.com\/avatar\/b9367486cc4651720458a662d192721c9d7cc1f4afe379e49612ab1a610e08ca?s=96&d=mm&r=g\",\"contentUrl\":\"https:\/\/secure.gravatar.com\/avatar\/b9367486cc4651720458a662d192721c9d7cc1f4afe379e49612ab1a610e08ca?s=96&d=mm&r=g\",\"caption\":\"Jeremy Ahossou\"},\"url\":\"https:\/\/univers.tg\/index.php\/author\/jeremy-ahossou\/\"}]}<\/script>\n<!-- \/ Yoast SEO plugin. -->","yoast_head_json":{"title":"L'enr\u00f4lement biom\u00e9trique d\u00e9marre dans les pr\u00e9fectures de Zio et de l\u2019Av\u00e9 - UNIVERS.TG","description":"La campagne nationale d\u2019enr\u00f4lement pour l\u2019obtention de la carte biom\u00e9trique franchit une nouvelle \u00e9tape dans la r\u00e9gion Maritime","robots":{"index":"index","follow":"follow","max-snippet":"max-snippet:-1","max-image-preview":"max-image-preview:large","max-video-preview":"max-video-preview:-1"},"canonical":"https:\/\/univers.tg\/index.php\/2026\/01\/19\/lenrolement-biometrique-demarre-dans-les-prefectures-de-zio-et-de-lave\/","og_locale":"fr_FR","og_type":"article","og_title":"L'enr\u00f4lement biom\u00e9trique d\u00e9marre dans les pr\u00e9fectures de Zio et de l\u2019Av\u00e9 - UNIVERS.TG","og_description":"La campagne nationale d\u2019enr\u00f4lement pour l\u2019obtention de la carte biom\u00e9trique franchit une nouvelle \u00e9tape dans la r\u00e9gion Maritime","og_url":"https:\/\/univers.tg\/index.php\/2026\/01\/19\/lenrolement-biometrique-demarre-dans-les-prefectures-de-zio-et-de-lave\/","og_site_name":"UNIVERS.TG","article_published_time":"2026-01-19T12:19:25+00:00","article_modified_time":"2026-01-19T12:19:27+00:00","og_image":[{"width":660,"height":400,"url":"https:\/\/univers.tg\/wp-content\/uploads\/2026\/01\/La-phase-de-prise-des-empreites-de-liris-au-cours-de-lenregistrement.Photo-Edjare.Texte-de-HOEDANOU-660x400-1.jpg?wsr","type":"image\/jpeg"}],"author":"Jeremy Ahossou","twitter_card":"summary_large_image","twitter_misc":{"\u00c9crit par":"Jeremy Ahossou","Dur\u00e9e de lecture estim\u00e9e":"2 minutes"},"schema":{"@context":"https:\/\/schema.org","@graph":[{"@type":"WebPage","@id":"https:\/\/univers.tg\/index.php\/2026\/01\/19\/lenrolement-biometrique-demarre-dans-les-prefectures-de-zio-et-de-lave\/","url":"https:\/\/univers.tg\/index.php\/2026\/01\/19\/lenrolement-biometrique-demarre-dans-les-prefectures-de-zio-et-de-lave\/","name":"L'enr\u00f4lement biom\u00e9trique d\u00e9marre dans les pr\u00e9fectures de Zio et de l\u2019Av\u00e9 - UNIVERS.TG","isPartOf":{"@id":"https:\/\/univers.tg\/#website"},"primaryImageOfPage":{"@id":"https:\/\/univers.tg\/index.php\/2026\/01\/19\/lenrolement-biometrique-demarre-dans-les-prefectures-de-zio-et-de-lave\/#primaryimage"},"image":{"@id":"https:\/\/univers.tg\/index.php\/2026\/01\/19\/lenrolement-biometrique-demarre-dans-les-prefectures-de-zio-et-de-lave\/#primaryimage"},"thumbnailUrl":"https:\/\/univers.tg\/wp-content\/uploads\/2026\/01\/La-phase-de-prise-des-empreites-de-liris-au-cours-de-lenregistrement.Photo-Edjare.Texte-de-HOEDANOU-660x400-1.jpg?wsr","datePublished":"2026-01-19T12:19:25+00:00","dateModified":"2026-01-19T12:19:27+00:00","author":{"@id":"https:\/\/univers.tg\/#\/schema\/person\/7630d7826904ffdd55c0d13d178b97eb"},"description":"La campagne nationale d\u2019enr\u00f4lement pour l\u2019obtention de la carte biom\u00e9trique franchit une nouvelle \u00e9tape dans la r\u00e9gion Maritime","breadcrumb":{"@id":"https:\/\/univers.tg\/index.php\/2026\/01\/19\/lenrolement-biometrique-demarre-dans-les-prefectures-de-zio-et-de-lave\/#breadcrumb"},"inLanguage":"fr-FR","potentialAction":[{"@type":"ReadAction","target":["https:\/\/univers.tg\/index.php\/2026\/01\/19\/lenrolement-biometrique-demarre-dans-les-prefectures-de-zio-et-de-lave\/"]}]},{"@type":"ImageObject","inLanguage":"fr-FR","@id":"https:\/\/univers.tg\/index.php\/2026\/01\/19\/lenrolement-biometrique-demarre-dans-les-prefectures-de-zio-et-de-lave\/#primaryimage","url":"https:\/\/univers.tg\/wp-content\/uploads\/2026\/01\/La-phase-de-prise-des-empreites-de-liris-au-cours-de-lenregistrement.Photo-Edjare.Texte-de-HOEDANOU-660x400-1.jpg?wsr","contentUrl":"https:\/\/univers.tg\/wp-content\/uploads\/2026\/01\/La-phase-de-prise-des-empreites-de-liris-au-cours-de-lenregistrement.Photo-Edjare.Texte-de-HOEDANOU-660x400-1.jpg?wsr","width":660,"height":400},{"@type":"BreadcrumbList","@id":"https:\/\/univers.tg\/index.php\/2026\/01\/19\/lenrolement-biometrique-demarre-dans-les-prefectures-de-zio-et-de-lave\/#breadcrumb","itemListElement":[{"@type":"ListItem","position":1,"name":"Accueil","item":"https:\/\/univers.tg\/"},{"@type":"ListItem","position":2,"name":"L&rsquo;enr\u00f4lement biom\u00e9trique d\u00e9marre dans les pr\u00e9fectures de Zio et de l\u2019Av\u00e9"}]},{"@type":"WebSite","@id":"https:\/\/univers.tg\/#website","url":"https:\/\/univers.tg\/","name":"UNIVERS.TG","description":"AUTORISATION HAAC N\u00b0 0123\/02-2024\/PL\/P","potentialAction":[{"@type":"SearchAction","target":{"@type":"EntryPoint","urlTemplate":"https:\/\/univers.tg\/?s={search_term_string}"},"query-input":{"@type":"PropertyValueSpecification","valueRequired":true,"valueName":"search_term_string"}}],"inLanguage":"fr-FR"},{"@type":"Person","@id":"https:\/\/univers.tg\/#\/schema\/person\/7630d7826904ffdd55c0d13d178b97eb","name":"Jeremy Ahossou","image":{"@type":"ImageObject","inLanguage":"fr-FR","@id":"https:\/\/univers.tg\/#\/schema\/person\/image\/","url":"https:\/\/secure.gravatar.com\/avatar\/b9367486cc4651720458a662d192721c9d7cc1f4afe379e49612ab1a610e08ca?s=96&d=mm&r=g","contentUrl":"https:\/\/secure.gravatar.com\/avatar\/b9367486cc4651720458a662d192721c9d7cc1f4afe379e49612ab1a610e08ca?s=96&d=mm&r=g","caption":"Jeremy Ahossou"},"url":"https:\/\/univers.tg\/index.php\/author\/jeremy-ahossou\/"}]}},"_links":{"self":[{"href":"https:\/\/univers.tg\/index.php\/wp-json\/wp\/v2\/posts\/6798","targetHints":{"allow":["GET"]}}],"collection":[{"href":"https:\/\/univers.tg\/index.php\/wp-json\/wp\/v2\/posts"}],"about":[{"href":"https:\/\/univers.tg\/index.php\/wp-json\/wp\/v2\/types\/post"}],"author":[{"embeddable":true,"href":"https:\/\/univers.tg\/index.php\/wp-json\/wp\/v2\/users\/5"}],"replies":[{"embeddable":true,"href":"https:\/\/univers.tg\/index.php\/wp-json\/wp\/v2\/comments?post=6798"}],"version-history":[{"count":1,"href":"https:\/\/univers.tg\/index.php\/wp-json\/wp\/v2\/posts\/6798\/revisions"}],"predecessor-version":[{"id":6800,"href":"https:\/\/univers.tg\/index.php\/wp-json\/wp\/v2\/posts\/6798\/revisions\/6800"}],"wp:featuredmedia":[{"embeddable":true,"href":"https:\/\/univers.tg\/index.php\/wp-json\/wp\/v2\/media\/6799"}],"wp:attachment":[{"href":"https:\/\/univers.tg\/index.php\/wp-json\/wp\/v2\/media?parent=6798"}],"wp:term":[{"taxonomy":"category","embeddable":true,"href":"https:\/\/univers.tg\/index.php\/wp-json\/wp\/v2\/categories?post=6798"},{"taxonomy":"post_tag","embeddable":true,"href":"https:\/\/univers.tg\/index.php\/wp-json\/wp\/v2\/tags?post=6798"}],"curies":[{"name":"wp","href":"https:\/\/api.w.org\/{rel}","templated":true}]}}