{"id":6804,"date":"2026-01-19T14:07:50","date_gmt":"2026-01-19T14:07:50","guid":{"rendered":"https:\/\/univers.tg\/?p=6804"},"modified":"2026-01-19T14:07:52","modified_gmt":"2026-01-19T14:07:52","slug":"claude-le-roy-sauve-la-can-maroc-2025-ce-quil-a-dit-a-sadio-mane","status":"publish","type":"post","link":"https:\/\/univers.tg\/index.php\/2026\/01\/19\/claude-le-roy-sauve-la-can-maroc-2025-ce-quil-a-dit-a-sadio-mane\/","title":{"rendered":"Claude Le Roy sauve la CAN Maroc 2025. Ce qu&rsquo;il a dit \u00e0 Sadio man\u00e9"},"content":{"rendered":"\n<p>Au plus fort de la tension lors de la finale de la CAN Maroc 2025, alors que le S\u00e9n\u00e9gal contestait une d\u00e9cision arbitrale li\u00e9e \u00e0 un but refus\u00e9, c\u2019est l\u2019intervention d\u00e9cisive de Claude Le Roy qui a permis d\u2019\u00e9viter le pire. Selon des t\u00e9moignages, le technicien fran\u00e7ais aurait conseill\u00e9 \u00e0 Sadio Man\u00e9 de ramener ses co\u00e9quipiers sur le terrain, alors que le risque d\u2019une interruption d\u00e9finitive du match planait.<\/p>\n\n\n\n<p>Face \u00e0 l\u2019incompr\u00e9hension du staff s\u00e9n\u00e9galais, qui d\u00e9non\u00e7ait une injustice de la VAR non signal\u00e9e \u00e0 l\u2019arbitre central, Claude Le Roy aurait tenu un discours d\u2019apaisement. \u00ab Dans le football, il y a souvent des injustices. Dis \u00e0 tes camarades de revenir sur le terrain et de reprendre le match. Tout est possible \u00bb, aurait-il confi\u00e9 \u00e0 Sadio Man\u00e9, l\u2019invitant \u00e0 privil\u00e9gier l\u2019esprit sportif et la poursuite du jeu.<\/p>\n\n\n\n<p>Sadio Man\u00e9 a alors rejoint les vestiaires pour convaincre ses partenaires de reprendre la rencontre. La suite appartient d\u00e9sormais \u00e0 l\u2019histoire : le match est all\u00e9 \u00e0 son terme et le S\u00e9n\u00e9gal a \u00e9t\u00e9 sacr\u00e9 champion d\u2019Afrique 2025. Un d\u00e9nouement heureux qui doit beaucoup au sang-froid et \u00e0 l\u2019exp\u00e9rience de Claude Le Roy, salu\u00e9 pour avoir contribu\u00e9 \u00e0 sauver la finale et, au-del\u00e0, la CAN Maroc 2025.<\/p>\n\n\n\n<p><\/p>\n","protected":false},"excerpt":{"rendered":"<p>Au plus fort de la tension lors de la finale de la CAN Maroc 2025, alors que le S\u00e9n\u00e9gal contestait une d\u00e9cision arbitrale li\u00e9e \u00e0 un but refus\u00e9, c\u2019est l\u2019intervention d\u00e9cisive de Claude Le Roy qui a permis d\u2019\u00e9viter le pire. Selon des t\u00e9moignages, le technicien fran\u00e7ais aurait conseill\u00e9 \u00e0 Sadio Man\u00e9 de ramener ses<\/p>\n","protected":false},"author":5,"featured_media":6805,"comment_status":"open","ping_status":"open","sticky":false,"template":"","format":"standard","meta":{"footnotes":""},"categories":[526],"tags":[],"class_list":["post-6804","post","type-post","status-publish","format-standard","has-post-thumbnail","hentry","category-football"],"yoast_head":"<!-- This site is optimized with the Yoast SEO plugin v26.4 - https:\/\/yoast.com\/wordpress\/plugins\/seo\/ -->\n<title>Claude Le Roy sauve la CAN Maroc 2025. Ce qu&#039;il a dit \u00e0 Sadio man\u00e9 - UNIVERS.TG<\/title>\n<meta name=\"description\" content=\"Au plus fort de la tension lors de la finale de la CAN Maroc 2025, alors que le S\u00e9n\u00e9gal contestait une d\u00e9cision arbitrale li\u00e9e \u00e0 un but refus\u00e9, c\u2019est l\u2019intervention d\u00e9cisive de Claude Le Roy qui a permis d\u2019\u00e9viter le pire\" \/>\n<meta name=\"robots\" content=\"index, follow, max-snippet:-1, max-image-preview:large, max-video-preview:-1\" \/>\n<link rel=\"canonical\" href=\"https:\/\/univers.tg\/index.php\/2026\/01\/19\/claude-le-roy-sauve-la-can-maroc-2025-ce-quil-a-dit-a-sadio-mane\/\" \/>\n<meta property=\"og:locale\" content=\"fr_FR\" \/>\n<meta property=\"og:type\" content=\"article\" \/>\n<meta property=\"og:title\" content=\"Claude Le Roy sauve la CAN Maroc 2025. Ce qu&#039;il a dit \u00e0 Sadio man\u00e9 - UNIVERS.TG\" \/>\n<meta property=\"og:description\" content=\"Au plus fort de la tension lors de la finale de la CAN Maroc 2025, alors que le S\u00e9n\u00e9gal contestait une d\u00e9cision arbitrale li\u00e9e \u00e0 un but refus\u00e9, c\u2019est l\u2019intervention d\u00e9cisive de Claude Le Roy qui a permis d\u2019\u00e9viter le pire\" \/>\n<meta property=\"og:url\" content=\"https:\/\/univers.tg\/index.php\/2026\/01\/19\/claude-le-roy-sauve-la-can-maroc-2025-ce-quil-a-dit-a-sadio-mane\/\" \/>\n<meta property=\"og:site_name\" content=\"UNIVERS.TG\" \/>\n<meta property=\"article:published_time\" content=\"2026-01-19T14:07:50+00:00\" \/>\n<meta property=\"article:modified_time\" content=\"2026-01-19T14:07:52+00:00\" \/>\n<meta property=\"og:image\" content=\"https:\/\/univers.tg\/wp-content\/uploads\/2026\/01\/1768831337300.jpg?wsr\" \/>\n\t<meta property=\"og:image:width\" content=\"720\" \/>\n\t<meta property=\"og:image:height\" content=\"557\" \/>\n\t<meta property=\"og:image:type\" content=\"image\/jpeg\" \/>\n<meta name=\"author\" content=\"Jeremy Ahossou\" \/>\n<meta name=\"twitter:card\" content=\"summary_large_image\" \/>\n<meta name=\"twitter:label1\" content=\"\u00c9crit par\" \/>\n\t<meta name=\"twitter:data1\" content=\"Jeremy Ahossou\" \/>\n\t<meta name=\"twitter:label2\" content=\"Dur\u00e9e de lecture estim\u00e9e\" \/>\n\t<meta name=\"twitter:data2\" content=\"2 minutes\" \/>\n<script type=\"application\/ld+json\" class=\"yoast-schema-graph\">{\"@context\":\"https:\/\/schema.org\",\"@graph\":[{\"@type\":\"WebPage\",\"@id\":\"https:\/\/univers.tg\/index.php\/2026\/01\/19\/claude-le-roy-sauve-la-can-maroc-2025-ce-quil-a-dit-a-sadio-mane\/\",\"url\":\"https:\/\/univers.tg\/index.php\/2026\/01\/19\/claude-le-roy-sauve-la-can-maroc-2025-ce-quil-a-dit-a-sadio-mane\/\",\"name\":\"Claude Le Roy sauve la CAN Maroc 2025. Ce qu'il a dit \u00e0 Sadio man\u00e9 - UNIVERS.TG\",\"isPartOf\":{\"@id\":\"https:\/\/univers.tg\/#website\"},\"primaryImageOfPage\":{\"@id\":\"https:\/\/univers.tg\/index.php\/2026\/01\/19\/claude-le-roy-sauve-la-can-maroc-2025-ce-quil-a-dit-a-sadio-mane\/#primaryimage\"},\"image\":{\"@id\":\"https:\/\/univers.tg\/index.php\/2026\/01\/19\/claude-le-roy-sauve-la-can-maroc-2025-ce-quil-a-dit-a-sadio-mane\/#primaryimage\"},\"thumbnailUrl\":\"https:\/\/univers.tg\/wp-content\/uploads\/2026\/01\/1768831337300.jpg?wsr\",\"datePublished\":\"2026-01-19T14:07:50+00:00\",\"dateModified\":\"2026-01-19T14:07:52+00:00\",\"author\":{\"@id\":\"https:\/\/univers.tg\/#\/schema\/person\/7630d7826904ffdd55c0d13d178b97eb\"},\"description\":\"Au plus fort de la tension lors de la finale de la CAN Maroc 2025, alors que le S\u00e9n\u00e9gal contestait une d\u00e9cision arbitrale li\u00e9e \u00e0 un but refus\u00e9, c\u2019est l\u2019intervention d\u00e9cisive de Claude Le Roy qui a permis d\u2019\u00e9viter le pire\",\"breadcrumb\":{\"@id\":\"https:\/\/univers.tg\/index.php\/2026\/01\/19\/claude-le-roy-sauve-la-can-maroc-2025-ce-quil-a-dit-a-sadio-mane\/#breadcrumb\"},\"inLanguage\":\"fr-FR\",\"potentialAction\":[{\"@type\":\"ReadAction\",\"target\":[\"https:\/\/univers.tg\/index.php\/2026\/01\/19\/claude-le-roy-sauve-la-can-maroc-2025-ce-quil-a-dit-a-sadio-mane\/\"]}]},{\"@type\":\"ImageObject\",\"inLanguage\":\"fr-FR\",\"@id\":\"https:\/\/univers.tg\/index.php\/2026\/01\/19\/claude-le-roy-sauve-la-can-maroc-2025-ce-quil-a-dit-a-sadio-mane\/#primaryimage\",\"url\":\"https:\/\/univers.tg\/wp-content\/uploads\/2026\/01\/1768831337300.jpg?wsr\",\"contentUrl\":\"https:\/\/univers.tg\/wp-content\/uploads\/2026\/01\/1768831337300.jpg?wsr\",\"width\":720,\"height\":557},{\"@type\":\"BreadcrumbList\",\"@id\":\"https:\/\/univers.tg\/index.php\/2026\/01\/19\/claude-le-roy-sauve-la-can-maroc-2025-ce-quil-a-dit-a-sadio-mane\/#breadcrumb\",\"itemListElement\":[{\"@type\":\"ListItem\",\"position\":1,\"name\":\"Accueil\",\"item\":\"https:\/\/univers.tg\/\"},{\"@type\":\"ListItem\",\"position\":2,\"name\":\"Claude Le Roy sauve la CAN Maroc 2025. Ce qu&rsquo;il a dit \u00e0 Sadio man\u00e9\"}]},{\"@type\":\"WebSite\",\"@id\":\"https:\/\/univers.tg\/#website\",\"url\":\"https:\/\/univers.tg\/\",\"name\":\"UNIVERS.TG\",\"description\":\"AUTORISATION HAAC N\u00b0 0123\/02-2024\/PL\/P\",\"potentialAction\":[{\"@type\":\"SearchAction\",\"target\":{\"@type\":\"EntryPoint\",\"urlTemplate\":\"https:\/\/univers.tg\/?s={search_term_string}\"},\"query-input\":{\"@type\":\"PropertyValueSpecification\",\"valueRequired\":true,\"valueName\":\"search_term_string\"}}],\"inLanguage\":\"fr-FR\"},{\"@type\":\"Person\",\"@id\":\"https:\/\/univers.tg\/#\/schema\/person\/7630d7826904ffdd55c0d13d178b97eb\",\"name\":\"Jeremy Ahossou\",\"image\":{\"@type\":\"ImageObject\",\"inLanguage\":\"fr-FR\",\"@id\":\"https:\/\/univers.tg\/#\/schema\/person\/image\/\",\"url\":\"https:\/\/secure.gravatar.com\/avatar\/b9367486cc4651720458a662d192721c9d7cc1f4afe379e49612ab1a610e08ca?s=96&d=mm&r=g\",\"contentUrl\":\"https:\/\/secure.gravatar.com\/avatar\/b9367486cc4651720458a662d192721c9d7cc1f4afe379e49612ab1a610e08ca?s=96&d=mm&r=g\",\"caption\":\"Jeremy Ahossou\"},\"url\":\"https:\/\/univers.tg\/index.php\/author\/jeremy-ahossou\/\"}]}<\/script>\n<!-- \/ Yoast SEO plugin. -->","yoast_head_json":{"title":"Claude Le Roy sauve la CAN Maroc 2025. Ce qu'il a dit \u00e0 Sadio man\u00e9 - UNIVERS.TG","description":"Au plus fort de la tension lors de la finale de la CAN Maroc 2025, alors que le S\u00e9n\u00e9gal contestait une d\u00e9cision arbitrale li\u00e9e \u00e0 un but refus\u00e9, c\u2019est l\u2019intervention d\u00e9cisive de Claude Le Roy qui a permis d\u2019\u00e9viter le pire","robots":{"index":"index","follow":"follow","max-snippet":"max-snippet:-1","max-image-preview":"max-image-preview:large","max-video-preview":"max-video-preview:-1"},"canonical":"https:\/\/univers.tg\/index.php\/2026\/01\/19\/claude-le-roy-sauve-la-can-maroc-2025-ce-quil-a-dit-a-sadio-mane\/","og_locale":"fr_FR","og_type":"article","og_title":"Claude Le Roy sauve la CAN Maroc 2025. Ce qu'il a dit \u00e0 Sadio man\u00e9 - UNIVERS.TG","og_description":"Au plus fort de la tension lors de la finale de la CAN Maroc 2025, alors que le S\u00e9n\u00e9gal contestait une d\u00e9cision arbitrale li\u00e9e \u00e0 un but refus\u00e9, c\u2019est l\u2019intervention d\u00e9cisive de Claude Le Roy qui a permis d\u2019\u00e9viter le pire","og_url":"https:\/\/univers.tg\/index.php\/2026\/01\/19\/claude-le-roy-sauve-la-can-maroc-2025-ce-quil-a-dit-a-sadio-mane\/","og_site_name":"UNIVERS.TG","article_published_time":"2026-01-19T14:07:50+00:00","article_modified_time":"2026-01-19T14:07:52+00:00","og_image":[{"width":720,"height":557,"url":"https:\/\/univers.tg\/wp-content\/uploads\/2026\/01\/1768831337300.jpg?wsr","type":"image\/jpeg"}],"author":"Jeremy Ahossou","twitter_card":"summary_large_image","twitter_misc":{"\u00c9crit par":"Jeremy Ahossou","Dur\u00e9e de lecture estim\u00e9e":"2 minutes"},"schema":{"@context":"https:\/\/schema.org","@graph":[{"@type":"WebPage","@id":"https:\/\/univers.tg\/index.php\/2026\/01\/19\/claude-le-roy-sauve-la-can-maroc-2025-ce-quil-a-dit-a-sadio-mane\/","url":"https:\/\/univers.tg\/index.php\/2026\/01\/19\/claude-le-roy-sauve-la-can-maroc-2025-ce-quil-a-dit-a-sadio-mane\/","name":"Claude Le Roy sauve la CAN Maroc 2025. Ce qu'il a dit \u00e0 Sadio man\u00e9 - UNIVERS.TG","isPartOf":{"@id":"https:\/\/univers.tg\/#website"},"primaryImageOfPage":{"@id":"https:\/\/univers.tg\/index.php\/2026\/01\/19\/claude-le-roy-sauve-la-can-maroc-2025-ce-quil-a-dit-a-sadio-mane\/#primaryimage"},"image":{"@id":"https:\/\/univers.tg\/index.php\/2026\/01\/19\/claude-le-roy-sauve-la-can-maroc-2025-ce-quil-a-dit-a-sadio-mane\/#primaryimage"},"thumbnailUrl":"https:\/\/univers.tg\/wp-content\/uploads\/2026\/01\/1768831337300.jpg?wsr","datePublished":"2026-01-19T14:07:50+00:00","dateModified":"2026-01-19T14:07:52+00:00","author":{"@id":"https:\/\/univers.tg\/#\/schema\/person\/7630d7826904ffdd55c0d13d178b97eb"},"description":"Au plus fort de la tension lors de la finale de la CAN Maroc 2025, alors que le S\u00e9n\u00e9gal contestait une d\u00e9cision arbitrale li\u00e9e \u00e0 un but refus\u00e9, c\u2019est l\u2019intervention d\u00e9cisive de Claude Le Roy qui a permis d\u2019\u00e9viter le pire","breadcrumb":{"@id":"https:\/\/univers.tg\/index.php\/2026\/01\/19\/claude-le-roy-sauve-la-can-maroc-2025-ce-quil-a-dit-a-sadio-mane\/#breadcrumb"},"inLanguage":"fr-FR","potentialAction":[{"@type":"ReadAction","target":["https:\/\/univers.tg\/index.php\/2026\/01\/19\/claude-le-roy-sauve-la-can-maroc-2025-ce-quil-a-dit-a-sadio-mane\/"]}]},{"@type":"ImageObject","inLanguage":"fr-FR","@id":"https:\/\/univers.tg\/index.php\/2026\/01\/19\/claude-le-roy-sauve-la-can-maroc-2025-ce-quil-a-dit-a-sadio-mane\/#primaryimage","url":"https:\/\/univers.tg\/wp-content\/uploads\/2026\/01\/1768831337300.jpg?wsr","contentUrl":"https:\/\/univers.tg\/wp-content\/uploads\/2026\/01\/1768831337300.jpg?wsr","width":720,"height":557},{"@type":"BreadcrumbList","@id":"https:\/\/univers.tg\/index.php\/2026\/01\/19\/claude-le-roy-sauve-la-can-maroc-2025-ce-quil-a-dit-a-sadio-mane\/#breadcrumb","itemListElement":[{"@type":"ListItem","position":1,"name":"Accueil","item":"https:\/\/univers.tg\/"},{"@type":"ListItem","position":2,"name":"Claude Le Roy sauve la CAN Maroc 2025. Ce qu&rsquo;il a dit \u00e0 Sadio man\u00e9"}]},{"@type":"WebSite","@id":"https:\/\/univers.tg\/#website","url":"https:\/\/univers.tg\/","name":"UNIVERS.TG","description":"AUTORISATION HAAC N\u00b0 0123\/02-2024\/PL\/P","potentialAction":[{"@type":"SearchAction","target":{"@type":"EntryPoint","urlTemplate":"https:\/\/univers.tg\/?s={search_term_string}"},"query-input":{"@type":"PropertyValueSpecification","valueRequired":true,"valueName":"search_term_string"}}],"inLanguage":"fr-FR"},{"@type":"Person","@id":"https:\/\/univers.tg\/#\/schema\/person\/7630d7826904ffdd55c0d13d178b97eb","name":"Jeremy Ahossou","image":{"@type":"ImageObject","inLanguage":"fr-FR","@id":"https:\/\/univers.tg\/#\/schema\/person\/image\/","url":"https:\/\/secure.gravatar.com\/avatar\/b9367486cc4651720458a662d192721c9d7cc1f4afe379e49612ab1a610e08ca?s=96&d=mm&r=g","contentUrl":"https:\/\/secure.gravatar.com\/avatar\/b9367486cc4651720458a662d192721c9d7cc1f4afe379e49612ab1a610e08ca?s=96&d=mm&r=g","caption":"Jeremy Ahossou"},"url":"https:\/\/univers.tg\/index.php\/author\/jeremy-ahossou\/"}]}},"_links":{"self":[{"href":"https:\/\/univers.tg\/index.php\/wp-json\/wp\/v2\/posts\/6804","targetHints":{"allow":["GET"]}}],"collection":[{"href":"https:\/\/univers.tg\/index.php\/wp-json\/wp\/v2\/posts"}],"about":[{"href":"https:\/\/univers.tg\/index.php\/wp-json\/wp\/v2\/types\/post"}],"author":[{"embeddable":true,"href":"https:\/\/univers.tg\/index.php\/wp-json\/wp\/v2\/users\/5"}],"replies":[{"embeddable":true,"href":"https:\/\/univers.tg\/index.php\/wp-json\/wp\/v2\/comments?post=6804"}],"version-history":[{"count":1,"href":"https:\/\/univers.tg\/index.php\/wp-json\/wp\/v2\/posts\/6804\/revisions"}],"predecessor-version":[{"id":6806,"href":"https:\/\/univers.tg\/index.php\/wp-json\/wp\/v2\/posts\/6804\/revisions\/6806"}],"wp:featuredmedia":[{"embeddable":true,"href":"https:\/\/univers.tg\/index.php\/wp-json\/wp\/v2\/media\/6805"}],"wp:attachment":[{"href":"https:\/\/univers.tg\/index.php\/wp-json\/wp\/v2\/media?parent=6804"}],"wp:term":[{"taxonomy":"category","embeddable":true,"href":"https:\/\/univers.tg\/index.php\/wp-json\/wp\/v2\/categories?post=6804"},{"taxonomy":"post_tag","embeddable":true,"href":"https:\/\/univers.tg\/index.php\/wp-json\/wp\/v2\/tags?post=6804"}],"curies":[{"name":"wp","href":"https:\/\/api.w.org\/{rel}","templated":true}]}}