{"id":6807,"date":"2026-01-19T16:58:39","date_gmt":"2026-01-19T16:58:39","guid":{"rendered":"https:\/\/univers.tg\/?p=6807"},"modified":"2026-01-19T16:58:40","modified_gmt":"2026-01-19T16:58:40","slug":"can-2025-voici-le-programme-daccueil-de-lequipe-du-senegal","status":"publish","type":"post","link":"https:\/\/univers.tg\/index.php\/2026\/01\/19\/can-2025-voici-le-programme-daccueil-de-lequipe-du-senegal\/","title":{"rendered":"CAN 2025 : voici le programme d\u2019accueil de l&rsquo;\u00e9quipe du S\u00e9n\u00e9gal"},"content":{"rendered":"\n<p><\/p>\n\n\n\n<p><br>Le S\u00e9n\u00e9gal s\u2019appr\u00eatera \u00e0 accueillir avec ferveur ses Lions de la T\u00e9ranga, fra\u00eechement sacr\u00e9s Champions d\u2019Afrique 2025. Le retour de l\u2019\u00e9quipe nationale sera marqu\u00e9 par une arriv\u00e9e officielle pr\u00e9vue le lundi 19 janvier \u00e0 21h30 \u00e0 l\u2019A\u00e9roport international Blaise Diagne (AIBD). \u00c0 cette occasion, un accueil exceptionnel sera organis\u00e9 par le pr\u00e9sident de la R\u00e9publique, Bassirou Diomaye Faye, en pr\u00e9sence du gouvernement, pour saluer l\u2019exploit continental des champions.<\/p>\n\n\n\n<p><br>Les c\u00e9l\u00e9brations se poursuivront le mardi 20 janvier avec une grande parade populaire qui se tiendra \u00e0 partir de 11h00 dans les rues de Dakar. Les supporters seront invit\u00e9s \u00e0 sortir massivement pour accompagner les joueurs lors de ce moment de communion nationale, symbole de la fiert\u00e9 et de l\u2019unit\u00e9 du peuple s\u00e9n\u00e9galais autour de son \u00e9quipe nationale.<\/p>\n\n\n\n<p><br>La journ\u00e9e de c\u00e9l\u00e9bration s\u2019ach\u00e8vera par une r\u00e9ception officielle pr\u00e9vue \u00e0 16h00 au Palais de la R\u00e9publique. Les autorit\u00e9s rendront alors un hommage solennel aux joueurs et au staff technique, en reconnaissance de cette nouvelle \u00e9toile continentale qui viendra confirmer la domination du S\u00e9n\u00e9gal sur le football africain.<\/p>\n\n\n\n<p><\/p>\n","protected":false},"excerpt":{"rendered":"<p>Le S\u00e9n\u00e9gal s\u2019appr\u00eatera \u00e0 accueillir avec ferveur ses Lions de la T\u00e9ranga, fra\u00eechement sacr\u00e9s Champions d\u2019Afrique 2025. Le retour de l\u2019\u00e9quipe nationale sera marqu\u00e9 par une arriv\u00e9e officielle pr\u00e9vue le lundi 19 janvier \u00e0 21h30 \u00e0 l\u2019A\u00e9roport international Blaise Diagne (AIBD). \u00c0 cette occasion, un accueil exceptionnel sera organis\u00e9 par le pr\u00e9sident de la R\u00e9publique,<\/p>\n","protected":false},"author":5,"featured_media":6810,"comment_status":"open","ping_status":"open","sticky":false,"template":"","format":"standard","meta":{"footnotes":""},"categories":[526],"tags":[],"class_list":["post-6807","post","type-post","status-publish","format-standard","has-post-thumbnail","hentry","category-football"],"yoast_head":"<!-- This site is optimized with the Yoast SEO plugin v26.4 - https:\/\/yoast.com\/wordpress\/plugins\/seo\/ -->\n<title>CAN 2025 : voici le programme d\u2019accueil de l&#039;\u00e9quipe du S\u00e9n\u00e9gal - UNIVERS.TG<\/title>\n<meta name=\"description\" content=\"Le S\u00e9n\u00e9gal s\u2019appr\u00eatera \u00e0 accueillir avec ferveur ses Lions de la T\u00e9ranga, fra\u00eechement sacr\u00e9s Champions d\u2019Afrique 2025\" \/>\n<meta name=\"robots\" content=\"index, follow, max-snippet:-1, max-image-preview:large, max-video-preview:-1\" \/>\n<link rel=\"canonical\" href=\"https:\/\/univers.tg\/index.php\/2026\/01\/19\/can-2025-voici-le-programme-daccueil-de-lequipe-du-senegal\/\" \/>\n<meta property=\"og:locale\" content=\"fr_FR\" \/>\n<meta property=\"og:type\" content=\"article\" \/>\n<meta property=\"og:title\" content=\"CAN 2025 : voici le programme d\u2019accueil de l&#039;\u00e9quipe du S\u00e9n\u00e9gal - UNIVERS.TG\" \/>\n<meta property=\"og:description\" content=\"Le S\u00e9n\u00e9gal s\u2019appr\u00eatera \u00e0 accueillir avec ferveur ses Lions de la T\u00e9ranga, fra\u00eechement sacr\u00e9s Champions d\u2019Afrique 2025\" \/>\n<meta property=\"og:url\" content=\"https:\/\/univers.tg\/index.php\/2026\/01\/19\/can-2025-voici-le-programme-daccueil-de-lequipe-du-senegal\/\" \/>\n<meta property=\"og:site_name\" content=\"UNIVERS.TG\" \/>\n<meta property=\"article:published_time\" content=\"2026-01-19T16:58:39+00:00\" \/>\n<meta property=\"article:modified_time\" content=\"2026-01-19T16:58:40+00:00\" \/>\n<meta property=\"og:image\" content=\"https:\/\/univers.tg\/wp-content\/uploads\/2026\/01\/senegal-champion-dAfrique.jpg?wsr\" \/>\n\t<meta property=\"og:image:width\" content=\"1440\" \/>\n\t<meta property=\"og:image:height\" content=\"960\" \/>\n\t<meta property=\"og:image:type\" content=\"image\/jpeg\" \/>\n<meta name=\"author\" content=\"Jeremy Ahossou\" \/>\n<meta name=\"twitter:card\" content=\"summary_large_image\" \/>\n<meta name=\"twitter:label1\" content=\"\u00c9crit par\" \/>\n\t<meta name=\"twitter:data1\" content=\"Jeremy Ahossou\" \/>\n\t<meta name=\"twitter:label2\" content=\"Dur\u00e9e de lecture estim\u00e9e\" \/>\n\t<meta name=\"twitter:data2\" content=\"2 minutes\" \/>\n<script type=\"application\/ld+json\" class=\"yoast-schema-graph\">{\"@context\":\"https:\/\/schema.org\",\"@graph\":[{\"@type\":\"WebPage\",\"@id\":\"https:\/\/univers.tg\/index.php\/2026\/01\/19\/can-2025-voici-le-programme-daccueil-de-lequipe-du-senegal\/\",\"url\":\"https:\/\/univers.tg\/index.php\/2026\/01\/19\/can-2025-voici-le-programme-daccueil-de-lequipe-du-senegal\/\",\"name\":\"CAN 2025 : voici le programme d\u2019accueil de l'\u00e9quipe du S\u00e9n\u00e9gal - UNIVERS.TG\",\"isPartOf\":{\"@id\":\"https:\/\/univers.tg\/#website\"},\"primaryImageOfPage\":{\"@id\":\"https:\/\/univers.tg\/index.php\/2026\/01\/19\/can-2025-voici-le-programme-daccueil-de-lequipe-du-senegal\/#primaryimage\"},\"image\":{\"@id\":\"https:\/\/univers.tg\/index.php\/2026\/01\/19\/can-2025-voici-le-programme-daccueil-de-lequipe-du-senegal\/#primaryimage\"},\"thumbnailUrl\":\"https:\/\/univers.tg\/wp-content\/uploads\/2026\/01\/senegal-champion-dAfrique.jpg?wsr\",\"datePublished\":\"2026-01-19T16:58:39+00:00\",\"dateModified\":\"2026-01-19T16:58:40+00:00\",\"author\":{\"@id\":\"https:\/\/univers.tg\/#\/schema\/person\/7630d7826904ffdd55c0d13d178b97eb\"},\"description\":\"Le S\u00e9n\u00e9gal s\u2019appr\u00eatera \u00e0 accueillir avec ferveur ses Lions de la T\u00e9ranga, fra\u00eechement sacr\u00e9s Champions d\u2019Afrique 2025\",\"breadcrumb\":{\"@id\":\"https:\/\/univers.tg\/index.php\/2026\/01\/19\/can-2025-voici-le-programme-daccueil-de-lequipe-du-senegal\/#breadcrumb\"},\"inLanguage\":\"fr-FR\",\"potentialAction\":[{\"@type\":\"ReadAction\",\"target\":[\"https:\/\/univers.tg\/index.php\/2026\/01\/19\/can-2025-voici-le-programme-daccueil-de-lequipe-du-senegal\/\"]}]},{\"@type\":\"ImageObject\",\"inLanguage\":\"fr-FR\",\"@id\":\"https:\/\/univers.tg\/index.php\/2026\/01\/19\/can-2025-voici-le-programme-daccueil-de-lequipe-du-senegal\/#primaryimage\",\"url\":\"https:\/\/univers.tg\/wp-content\/uploads\/2026\/01\/senegal-champion-dAfrique.jpg?wsr\",\"contentUrl\":\"https:\/\/univers.tg\/wp-content\/uploads\/2026\/01\/senegal-champion-dAfrique.jpg?wsr\",\"width\":1440,\"height\":960},{\"@type\":\"BreadcrumbList\",\"@id\":\"https:\/\/univers.tg\/index.php\/2026\/01\/19\/can-2025-voici-le-programme-daccueil-de-lequipe-du-senegal\/#breadcrumb\",\"itemListElement\":[{\"@type\":\"ListItem\",\"position\":1,\"name\":\"Accueil\",\"item\":\"https:\/\/univers.tg\/\"},{\"@type\":\"ListItem\",\"position\":2,\"name\":\"CAN 2025 : voici le programme d\u2019accueil de l&rsquo;\u00e9quipe du S\u00e9n\u00e9gal\"}]},{\"@type\":\"WebSite\",\"@id\":\"https:\/\/univers.tg\/#website\",\"url\":\"https:\/\/univers.tg\/\",\"name\":\"UNIVERS.TG\",\"description\":\"AUTORISATION HAAC N\u00b0 0123\/02-2024\/PL\/P\",\"potentialAction\":[{\"@type\":\"SearchAction\",\"target\":{\"@type\":\"EntryPoint\",\"urlTemplate\":\"https:\/\/univers.tg\/?s={search_term_string}\"},\"query-input\":{\"@type\":\"PropertyValueSpecification\",\"valueRequired\":true,\"valueName\":\"search_term_string\"}}],\"inLanguage\":\"fr-FR\"},{\"@type\":\"Person\",\"@id\":\"https:\/\/univers.tg\/#\/schema\/person\/7630d7826904ffdd55c0d13d178b97eb\",\"name\":\"Jeremy Ahossou\",\"image\":{\"@type\":\"ImageObject\",\"inLanguage\":\"fr-FR\",\"@id\":\"https:\/\/univers.tg\/#\/schema\/person\/image\/\",\"url\":\"https:\/\/secure.gravatar.com\/avatar\/b9367486cc4651720458a662d192721c9d7cc1f4afe379e49612ab1a610e08ca?s=96&d=mm&r=g\",\"contentUrl\":\"https:\/\/secure.gravatar.com\/avatar\/b9367486cc4651720458a662d192721c9d7cc1f4afe379e49612ab1a610e08ca?s=96&d=mm&r=g\",\"caption\":\"Jeremy Ahossou\"},\"url\":\"https:\/\/univers.tg\/index.php\/author\/jeremy-ahossou\/\"}]}<\/script>\n<!-- \/ Yoast SEO plugin. -->","yoast_head_json":{"title":"CAN 2025 : voici le programme d\u2019accueil de l'\u00e9quipe du S\u00e9n\u00e9gal - UNIVERS.TG","description":"Le S\u00e9n\u00e9gal s\u2019appr\u00eatera \u00e0 accueillir avec ferveur ses Lions de la T\u00e9ranga, fra\u00eechement sacr\u00e9s Champions d\u2019Afrique 2025","robots":{"index":"index","follow":"follow","max-snippet":"max-snippet:-1","max-image-preview":"max-image-preview:large","max-video-preview":"max-video-preview:-1"},"canonical":"https:\/\/univers.tg\/index.php\/2026\/01\/19\/can-2025-voici-le-programme-daccueil-de-lequipe-du-senegal\/","og_locale":"fr_FR","og_type":"article","og_title":"CAN 2025 : voici le programme d\u2019accueil de l'\u00e9quipe du S\u00e9n\u00e9gal - UNIVERS.TG","og_description":"Le S\u00e9n\u00e9gal s\u2019appr\u00eatera \u00e0 accueillir avec ferveur ses Lions de la T\u00e9ranga, fra\u00eechement sacr\u00e9s Champions d\u2019Afrique 2025","og_url":"https:\/\/univers.tg\/index.php\/2026\/01\/19\/can-2025-voici-le-programme-daccueil-de-lequipe-du-senegal\/","og_site_name":"UNIVERS.TG","article_published_time":"2026-01-19T16:58:39+00:00","article_modified_time":"2026-01-19T16:58:40+00:00","og_image":[{"width":1440,"height":960,"url":"https:\/\/univers.tg\/wp-content\/uploads\/2026\/01\/senegal-champion-dAfrique.jpg?wsr","type":"image\/jpeg"}],"author":"Jeremy Ahossou","twitter_card":"summary_large_image","twitter_misc":{"\u00c9crit par":"Jeremy Ahossou","Dur\u00e9e de lecture estim\u00e9e":"2 minutes"},"schema":{"@context":"https:\/\/schema.org","@graph":[{"@type":"WebPage","@id":"https:\/\/univers.tg\/index.php\/2026\/01\/19\/can-2025-voici-le-programme-daccueil-de-lequipe-du-senegal\/","url":"https:\/\/univers.tg\/index.php\/2026\/01\/19\/can-2025-voici-le-programme-daccueil-de-lequipe-du-senegal\/","name":"CAN 2025 : voici le programme d\u2019accueil de l'\u00e9quipe du S\u00e9n\u00e9gal - UNIVERS.TG","isPartOf":{"@id":"https:\/\/univers.tg\/#website"},"primaryImageOfPage":{"@id":"https:\/\/univers.tg\/index.php\/2026\/01\/19\/can-2025-voici-le-programme-daccueil-de-lequipe-du-senegal\/#primaryimage"},"image":{"@id":"https:\/\/univers.tg\/index.php\/2026\/01\/19\/can-2025-voici-le-programme-daccueil-de-lequipe-du-senegal\/#primaryimage"},"thumbnailUrl":"https:\/\/univers.tg\/wp-content\/uploads\/2026\/01\/senegal-champion-dAfrique.jpg?wsr","datePublished":"2026-01-19T16:58:39+00:00","dateModified":"2026-01-19T16:58:40+00:00","author":{"@id":"https:\/\/univers.tg\/#\/schema\/person\/7630d7826904ffdd55c0d13d178b97eb"},"description":"Le S\u00e9n\u00e9gal s\u2019appr\u00eatera \u00e0 accueillir avec ferveur ses Lions de la T\u00e9ranga, fra\u00eechement sacr\u00e9s Champions d\u2019Afrique 2025","breadcrumb":{"@id":"https:\/\/univers.tg\/index.php\/2026\/01\/19\/can-2025-voici-le-programme-daccueil-de-lequipe-du-senegal\/#breadcrumb"},"inLanguage":"fr-FR","potentialAction":[{"@type":"ReadAction","target":["https:\/\/univers.tg\/index.php\/2026\/01\/19\/can-2025-voici-le-programme-daccueil-de-lequipe-du-senegal\/"]}]},{"@type":"ImageObject","inLanguage":"fr-FR","@id":"https:\/\/univers.tg\/index.php\/2026\/01\/19\/can-2025-voici-le-programme-daccueil-de-lequipe-du-senegal\/#primaryimage","url":"https:\/\/univers.tg\/wp-content\/uploads\/2026\/01\/senegal-champion-dAfrique.jpg?wsr","contentUrl":"https:\/\/univers.tg\/wp-content\/uploads\/2026\/01\/senegal-champion-dAfrique.jpg?wsr","width":1440,"height":960},{"@type":"BreadcrumbList","@id":"https:\/\/univers.tg\/index.php\/2026\/01\/19\/can-2025-voici-le-programme-daccueil-de-lequipe-du-senegal\/#breadcrumb","itemListElement":[{"@type":"ListItem","position":1,"name":"Accueil","item":"https:\/\/univers.tg\/"},{"@type":"ListItem","position":2,"name":"CAN 2025 : voici le programme d\u2019accueil de l&rsquo;\u00e9quipe du S\u00e9n\u00e9gal"}]},{"@type":"WebSite","@id":"https:\/\/univers.tg\/#website","url":"https:\/\/univers.tg\/","name":"UNIVERS.TG","description":"AUTORISATION HAAC N\u00b0 0123\/02-2024\/PL\/P","potentialAction":[{"@type":"SearchAction","target":{"@type":"EntryPoint","urlTemplate":"https:\/\/univers.tg\/?s={search_term_string}"},"query-input":{"@type":"PropertyValueSpecification","valueRequired":true,"valueName":"search_term_string"}}],"inLanguage":"fr-FR"},{"@type":"Person","@id":"https:\/\/univers.tg\/#\/schema\/person\/7630d7826904ffdd55c0d13d178b97eb","name":"Jeremy Ahossou","image":{"@type":"ImageObject","inLanguage":"fr-FR","@id":"https:\/\/univers.tg\/#\/schema\/person\/image\/","url":"https:\/\/secure.gravatar.com\/avatar\/b9367486cc4651720458a662d192721c9d7cc1f4afe379e49612ab1a610e08ca?s=96&d=mm&r=g","contentUrl":"https:\/\/secure.gravatar.com\/avatar\/b9367486cc4651720458a662d192721c9d7cc1f4afe379e49612ab1a610e08ca?s=96&d=mm&r=g","caption":"Jeremy Ahossou"},"url":"https:\/\/univers.tg\/index.php\/author\/jeremy-ahossou\/"}]}},"_links":{"self":[{"href":"https:\/\/univers.tg\/index.php\/wp-json\/wp\/v2\/posts\/6807","targetHints":{"allow":["GET"]}}],"collection":[{"href":"https:\/\/univers.tg\/index.php\/wp-json\/wp\/v2\/posts"}],"about":[{"href":"https:\/\/univers.tg\/index.php\/wp-json\/wp\/v2\/types\/post"}],"author":[{"embeddable":true,"href":"https:\/\/univers.tg\/index.php\/wp-json\/wp\/v2\/users\/5"}],"replies":[{"embeddable":true,"href":"https:\/\/univers.tg\/index.php\/wp-json\/wp\/v2\/comments?post=6807"}],"version-history":[{"count":2,"href":"https:\/\/univers.tg\/index.php\/wp-json\/wp\/v2\/posts\/6807\/revisions"}],"predecessor-version":[{"id":6811,"href":"https:\/\/univers.tg\/index.php\/wp-json\/wp\/v2\/posts\/6807\/revisions\/6811"}],"wp:featuredmedia":[{"embeddable":true,"href":"https:\/\/univers.tg\/index.php\/wp-json\/wp\/v2\/media\/6810"}],"wp:attachment":[{"href":"https:\/\/univers.tg\/index.php\/wp-json\/wp\/v2\/media?parent=6807"}],"wp:term":[{"taxonomy":"category","embeddable":true,"href":"https:\/\/univers.tg\/index.php\/wp-json\/wp\/v2\/categories?post=6807"},{"taxonomy":"post_tag","embeddable":true,"href":"https:\/\/univers.tg\/index.php\/wp-json\/wp\/v2\/tags?post=6807"}],"curies":[{"name":"wp","href":"https:\/\/api.w.org\/{rel}","templated":true}]}}