{"id":7329,"date":"2026-03-08T10:48:37","date_gmt":"2026-03-08T10:48:37","guid":{"rendered":"https:\/\/univers.tg\/?p=7329"},"modified":"2026-03-08T10:48:38","modified_gmt":"2026-03-08T10:48:38","slug":"jif-2026-le-message-du-president-du-conseil","status":"publish","type":"post","link":"https:\/\/univers.tg\/index.php\/2026\/03\/08\/jif-2026-le-message-du-president-du-conseil\/","title":{"rendered":"JIF 2026 : le message du Pr\u00e9sident du conseil"},"content":{"rendered":"\n<p> <br>\u00c0 l\u2019occasion de la Journ\u00e9e internationale des femmes c\u00e9l\u00e9br\u00e9e chaque 8 mars, le Pr\u00e9sident du Conseil de la R\u00e9publique togolaise, Faure Essozimna Gnassingb\u00e9, a r\u00e9affirm\u00e9 l\u2019engagement du gouvernement \u00e0 poursuivre les actions en faveur de l\u2019\u00e9galit\u00e9 entre les femmes et les hommes et de l\u2019am\u00e9lioration des conditions de vie des femmes.<\/p>\n\n\n\n<p><br>Dans son message, le chef de l\u2019\u00c9tat a soulign\u00e9 que le Togo continue d\u2019avancer vers une soci\u00e9t\u00e9 plus juste fond\u00e9e sur l\u2019\u00e9galit\u00e9 des chances et le respect des droits f\u00e9minins. Malgr\u00e9 les d\u00e9fis sociaux et \u00e9conomiques, les autorit\u00e9s entendent renforcer les politiques publiques visant l\u2019autonomisation des femmes et leur pleine participation au d\u00e9veloppement du pays.<\/p>\n\n\n\n<p><br>Faure Essozimna Gnassingb\u00e9 a \u00e9galement rappel\u00e9 que chaque progr\u00e8s r\u00e9alis\u00e9 en faveur des femmes constitue une avanc\u00e9e pour toute la soci\u00e9t\u00e9. La c\u00e9l\u00e9bration du 8 mars reste ainsi une occasion de mettre en lumi\u00e8re les efforts accomplis et de r\u00e9affirmer la n\u00e9cessit\u00e9 de poursuivre les initiatives pour promouvoir et prot\u00e9ger les droits des femmes au Togo.<\/p>\n\n\n\n<p><\/p>\n","protected":false},"excerpt":{"rendered":"<p>\u00c0 l\u2019occasion de la Journ\u00e9e internationale des femmes c\u00e9l\u00e9br\u00e9e chaque 8 mars, le Pr\u00e9sident du Conseil de la R\u00e9publique togolaise, Faure Essozimna Gnassingb\u00e9, a r\u00e9affirm\u00e9 l\u2019engagement du gouvernement \u00e0 poursuivre les actions en faveur de l\u2019\u00e9galit\u00e9 entre les femmes et les hommes et de l\u2019am\u00e9lioration des conditions de vie des femmes. Dans son message, le<\/p>\n","protected":false},"author":5,"featured_media":7330,"comment_status":"open","ping_status":"open","sticky":false,"template":"","format":"standard","meta":{"footnotes":""},"categories":[3],"tags":[790,791],"class_list":["post-7329","post","type-post","status-publish","format-standard","has-post-thumbnail","hentry","category-societe","tag-jif2026","tag-president-du-conseil"],"yoast_head":"<!-- This site is optimized with the Yoast SEO plugin v26.4 - https:\/\/yoast.com\/wordpress\/plugins\/seo\/ -->\n<title>JIF 2026 : le message du Pr\u00e9sident du conseil - UNIVERS.TG<\/title>\n<meta name=\"description\" content=\"\u00c0 l\u2019occasion de la Journ\u00e9e internationale des femmes c\u00e9l\u00e9br\u00e9e chaque 8 mars\" \/>\n<meta name=\"robots\" content=\"index, follow, max-snippet:-1, max-image-preview:large, max-video-preview:-1\" \/>\n<link rel=\"canonical\" href=\"https:\/\/univers.tg\/index.php\/2026\/03\/08\/jif-2026-le-message-du-president-du-conseil\/\" \/>\n<meta property=\"og:locale\" content=\"fr_FR\" \/>\n<meta property=\"og:type\" content=\"article\" \/>\n<meta property=\"og:title\" content=\"JIF 2026 : le message du Pr\u00e9sident du conseil - UNIVERS.TG\" \/>\n<meta property=\"og:description\" content=\"\u00c0 l\u2019occasion de la Journ\u00e9e internationale des femmes c\u00e9l\u00e9br\u00e9e chaque 8 mars\" \/>\n<meta property=\"og:url\" content=\"https:\/\/univers.tg\/index.php\/2026\/03\/08\/jif-2026-le-message-du-president-du-conseil\/\" \/>\n<meta property=\"og:site_name\" content=\"UNIVERS.TG\" \/>\n<meta property=\"article:published_time\" content=\"2026-03-08T10:48:37+00:00\" \/>\n<meta property=\"article:modified_time\" content=\"2026-03-08T10:48:38+00:00\" \/>\n<meta property=\"og:image\" content=\"https:\/\/univers.tg\/wp-content\/uploads\/2026\/03\/IMG-20260308-WA00103.jpg?wsr\" \/>\n\t<meta property=\"og:image:width\" content=\"1030\" \/>\n\t<meta property=\"og:image:height\" content=\"629\" \/>\n\t<meta property=\"og:image:type\" content=\"image\/jpeg\" \/>\n<meta name=\"author\" content=\"Jeremy Ahossou\" \/>\n<meta name=\"twitter:card\" content=\"summary_large_image\" \/>\n<meta name=\"twitter:label1\" content=\"\u00c9crit par\" \/>\n\t<meta name=\"twitter:data1\" content=\"Jeremy Ahossou\" \/>\n\t<meta name=\"twitter:label2\" content=\"Dur\u00e9e de lecture estim\u00e9e\" \/>\n\t<meta name=\"twitter:data2\" content=\"2 minutes\" \/>\n<script type=\"application\/ld+json\" class=\"yoast-schema-graph\">{\"@context\":\"https:\/\/schema.org\",\"@graph\":[{\"@type\":\"WebPage\",\"@id\":\"https:\/\/univers.tg\/index.php\/2026\/03\/08\/jif-2026-le-message-du-president-du-conseil\/\",\"url\":\"https:\/\/univers.tg\/index.php\/2026\/03\/08\/jif-2026-le-message-du-president-du-conseil\/\",\"name\":\"JIF 2026 : le message du Pr\u00e9sident du conseil - UNIVERS.TG\",\"isPartOf\":{\"@id\":\"https:\/\/univers.tg\/#website\"},\"primaryImageOfPage\":{\"@id\":\"https:\/\/univers.tg\/index.php\/2026\/03\/08\/jif-2026-le-message-du-president-du-conseil\/#primaryimage\"},\"image\":{\"@id\":\"https:\/\/univers.tg\/index.php\/2026\/03\/08\/jif-2026-le-message-du-president-du-conseil\/#primaryimage\"},\"thumbnailUrl\":\"https:\/\/univers.tg\/wp-content\/uploads\/2026\/03\/IMG-20260308-WA00103.jpg?wsr\",\"datePublished\":\"2026-03-08T10:48:37+00:00\",\"dateModified\":\"2026-03-08T10:48:38+00:00\",\"author\":{\"@id\":\"https:\/\/univers.tg\/#\/schema\/person\/7630d7826904ffdd55c0d13d178b97eb\"},\"description\":\"\u00c0 l\u2019occasion de la Journ\u00e9e internationale des femmes c\u00e9l\u00e9br\u00e9e chaque 8 mars\",\"breadcrumb\":{\"@id\":\"https:\/\/univers.tg\/index.php\/2026\/03\/08\/jif-2026-le-message-du-president-du-conseil\/#breadcrumb\"},\"inLanguage\":\"fr-FR\",\"potentialAction\":[{\"@type\":\"ReadAction\",\"target\":[\"https:\/\/univers.tg\/index.php\/2026\/03\/08\/jif-2026-le-message-du-president-du-conseil\/\"]}]},{\"@type\":\"ImageObject\",\"inLanguage\":\"fr-FR\",\"@id\":\"https:\/\/univers.tg\/index.php\/2026\/03\/08\/jif-2026-le-message-du-president-du-conseil\/#primaryimage\",\"url\":\"https:\/\/univers.tg\/wp-content\/uploads\/2026\/03\/IMG-20260308-WA00103.jpg?wsr\",\"contentUrl\":\"https:\/\/univers.tg\/wp-content\/uploads\/2026\/03\/IMG-20260308-WA00103.jpg?wsr\",\"width\":1030,\"height\":629},{\"@type\":\"BreadcrumbList\",\"@id\":\"https:\/\/univers.tg\/index.php\/2026\/03\/08\/jif-2026-le-message-du-president-du-conseil\/#breadcrumb\",\"itemListElement\":[{\"@type\":\"ListItem\",\"position\":1,\"name\":\"Accueil\",\"item\":\"https:\/\/univers.tg\/\"},{\"@type\":\"ListItem\",\"position\":2,\"name\":\"JIF 2026 : le message du Pr\u00e9sident du conseil\"}]},{\"@type\":\"WebSite\",\"@id\":\"https:\/\/univers.tg\/#website\",\"url\":\"https:\/\/univers.tg\/\",\"name\":\"UNIVERS.TG\",\"description\":\"AUTORISATION HAAC N\u00b0 0123\/02-2024\/PL\/P\",\"potentialAction\":[{\"@type\":\"SearchAction\",\"target\":{\"@type\":\"EntryPoint\",\"urlTemplate\":\"https:\/\/univers.tg\/?s={search_term_string}\"},\"query-input\":{\"@type\":\"PropertyValueSpecification\",\"valueRequired\":true,\"valueName\":\"search_term_string\"}}],\"inLanguage\":\"fr-FR\"},{\"@type\":\"Person\",\"@id\":\"https:\/\/univers.tg\/#\/schema\/person\/7630d7826904ffdd55c0d13d178b97eb\",\"name\":\"Jeremy Ahossou\",\"image\":{\"@type\":\"ImageObject\",\"inLanguage\":\"fr-FR\",\"@id\":\"https:\/\/univers.tg\/#\/schema\/person\/image\/\",\"url\":\"https:\/\/secure.gravatar.com\/avatar\/b9367486cc4651720458a662d192721c9d7cc1f4afe379e49612ab1a610e08ca?s=96&d=mm&r=g\",\"contentUrl\":\"https:\/\/secure.gravatar.com\/avatar\/b9367486cc4651720458a662d192721c9d7cc1f4afe379e49612ab1a610e08ca?s=96&d=mm&r=g\",\"caption\":\"Jeremy Ahossou\"},\"url\":\"https:\/\/univers.tg\/index.php\/author\/jeremy-ahossou\/\"}]}<\/script>\n<!-- \/ Yoast SEO plugin. -->","yoast_head_json":{"title":"JIF 2026 : le message du Pr\u00e9sident du conseil - UNIVERS.TG","description":"\u00c0 l\u2019occasion de la Journ\u00e9e internationale des femmes c\u00e9l\u00e9br\u00e9e chaque 8 mars","robots":{"index":"index","follow":"follow","max-snippet":"max-snippet:-1","max-image-preview":"max-image-preview:large","max-video-preview":"max-video-preview:-1"},"canonical":"https:\/\/univers.tg\/index.php\/2026\/03\/08\/jif-2026-le-message-du-president-du-conseil\/","og_locale":"fr_FR","og_type":"article","og_title":"JIF 2026 : le message du Pr\u00e9sident du conseil - UNIVERS.TG","og_description":"\u00c0 l\u2019occasion de la Journ\u00e9e internationale des femmes c\u00e9l\u00e9br\u00e9e chaque 8 mars","og_url":"https:\/\/univers.tg\/index.php\/2026\/03\/08\/jif-2026-le-message-du-president-du-conseil\/","og_site_name":"UNIVERS.TG","article_published_time":"2026-03-08T10:48:37+00:00","article_modified_time":"2026-03-08T10:48:38+00:00","og_image":[{"width":1030,"height":629,"url":"https:\/\/univers.tg\/wp-content\/uploads\/2026\/03\/IMG-20260308-WA00103.jpg?wsr","type":"image\/jpeg"}],"author":"Jeremy Ahossou","twitter_card":"summary_large_image","twitter_misc":{"\u00c9crit par":"Jeremy Ahossou","Dur\u00e9e de lecture estim\u00e9e":"2 minutes"},"schema":{"@context":"https:\/\/schema.org","@graph":[{"@type":"WebPage","@id":"https:\/\/univers.tg\/index.php\/2026\/03\/08\/jif-2026-le-message-du-president-du-conseil\/","url":"https:\/\/univers.tg\/index.php\/2026\/03\/08\/jif-2026-le-message-du-president-du-conseil\/","name":"JIF 2026 : le message du Pr\u00e9sident du conseil - UNIVERS.TG","isPartOf":{"@id":"https:\/\/univers.tg\/#website"},"primaryImageOfPage":{"@id":"https:\/\/univers.tg\/index.php\/2026\/03\/08\/jif-2026-le-message-du-president-du-conseil\/#primaryimage"},"image":{"@id":"https:\/\/univers.tg\/index.php\/2026\/03\/08\/jif-2026-le-message-du-president-du-conseil\/#primaryimage"},"thumbnailUrl":"https:\/\/univers.tg\/wp-content\/uploads\/2026\/03\/IMG-20260308-WA00103.jpg?wsr","datePublished":"2026-03-08T10:48:37+00:00","dateModified":"2026-03-08T10:48:38+00:00","author":{"@id":"https:\/\/univers.tg\/#\/schema\/person\/7630d7826904ffdd55c0d13d178b97eb"},"description":"\u00c0 l\u2019occasion de la Journ\u00e9e internationale des femmes c\u00e9l\u00e9br\u00e9e chaque 8 mars","breadcrumb":{"@id":"https:\/\/univers.tg\/index.php\/2026\/03\/08\/jif-2026-le-message-du-president-du-conseil\/#breadcrumb"},"inLanguage":"fr-FR","potentialAction":[{"@type":"ReadAction","target":["https:\/\/univers.tg\/index.php\/2026\/03\/08\/jif-2026-le-message-du-president-du-conseil\/"]}]},{"@type":"ImageObject","inLanguage":"fr-FR","@id":"https:\/\/univers.tg\/index.php\/2026\/03\/08\/jif-2026-le-message-du-president-du-conseil\/#primaryimage","url":"https:\/\/univers.tg\/wp-content\/uploads\/2026\/03\/IMG-20260308-WA00103.jpg?wsr","contentUrl":"https:\/\/univers.tg\/wp-content\/uploads\/2026\/03\/IMG-20260308-WA00103.jpg?wsr","width":1030,"height":629},{"@type":"BreadcrumbList","@id":"https:\/\/univers.tg\/index.php\/2026\/03\/08\/jif-2026-le-message-du-president-du-conseil\/#breadcrumb","itemListElement":[{"@type":"ListItem","position":1,"name":"Accueil","item":"https:\/\/univers.tg\/"},{"@type":"ListItem","position":2,"name":"JIF 2026 : le message du Pr\u00e9sident du conseil"}]},{"@type":"WebSite","@id":"https:\/\/univers.tg\/#website","url":"https:\/\/univers.tg\/","name":"UNIVERS.TG","description":"AUTORISATION HAAC N\u00b0 0123\/02-2024\/PL\/P","potentialAction":[{"@type":"SearchAction","target":{"@type":"EntryPoint","urlTemplate":"https:\/\/univers.tg\/?s={search_term_string}"},"query-input":{"@type":"PropertyValueSpecification","valueRequired":true,"valueName":"search_term_string"}}],"inLanguage":"fr-FR"},{"@type":"Person","@id":"https:\/\/univers.tg\/#\/schema\/person\/7630d7826904ffdd55c0d13d178b97eb","name":"Jeremy Ahossou","image":{"@type":"ImageObject","inLanguage":"fr-FR","@id":"https:\/\/univers.tg\/#\/schema\/person\/image\/","url":"https:\/\/secure.gravatar.com\/avatar\/b9367486cc4651720458a662d192721c9d7cc1f4afe379e49612ab1a610e08ca?s=96&d=mm&r=g","contentUrl":"https:\/\/secure.gravatar.com\/avatar\/b9367486cc4651720458a662d192721c9d7cc1f4afe379e49612ab1a610e08ca?s=96&d=mm&r=g","caption":"Jeremy Ahossou"},"url":"https:\/\/univers.tg\/index.php\/author\/jeremy-ahossou\/"}]}},"_links":{"self":[{"href":"https:\/\/univers.tg\/index.php\/wp-json\/wp\/v2\/posts\/7329","targetHints":{"allow":["GET"]}}],"collection":[{"href":"https:\/\/univers.tg\/index.php\/wp-json\/wp\/v2\/posts"}],"about":[{"href":"https:\/\/univers.tg\/index.php\/wp-json\/wp\/v2\/types\/post"}],"author":[{"embeddable":true,"href":"https:\/\/univers.tg\/index.php\/wp-json\/wp\/v2\/users\/5"}],"replies":[{"embeddable":true,"href":"https:\/\/univers.tg\/index.php\/wp-json\/wp\/v2\/comments?post=7329"}],"version-history":[{"count":1,"href":"https:\/\/univers.tg\/index.php\/wp-json\/wp\/v2\/posts\/7329\/revisions"}],"predecessor-version":[{"id":7331,"href":"https:\/\/univers.tg\/index.php\/wp-json\/wp\/v2\/posts\/7329\/revisions\/7331"}],"wp:featuredmedia":[{"embeddable":true,"href":"https:\/\/univers.tg\/index.php\/wp-json\/wp\/v2\/media\/7330"}],"wp:attachment":[{"href":"https:\/\/univers.tg\/index.php\/wp-json\/wp\/v2\/media?parent=7329"}],"wp:term":[{"taxonomy":"category","embeddable":true,"href":"https:\/\/univers.tg\/index.php\/wp-json\/wp\/v2\/categories?post=7329"},{"taxonomy":"post_tag","embeddable":true,"href":"https:\/\/univers.tg\/index.php\/wp-json\/wp\/v2\/tags?post=7329"}],"curies":[{"name":"wp","href":"https:\/\/api.w.org\/{rel}","templated":true}]}}