{"id":7332,"date":"2026-03-08T18:22:38","date_gmt":"2026-03-08T18:22:38","guid":{"rendered":"https:\/\/univers.tg\/?p=7332"},"modified":"2026-03-08T18:22:39","modified_gmt":"2026-03-08T18:22:39","slug":"zio-deux-individus-interpelles-pour-detention-illegale-darme-et-possession-deffets-militaires","status":"publish","type":"post","link":"https:\/\/univers.tg\/index.php\/2026\/03\/08\/zio-deux-individus-interpelles-pour-detention-illegale-darme-et-possession-deffets-militaires\/","title":{"rendered":"Zio : deux individus interpell\u00e9s pour d\u00e9tention ill\u00e9gale d\u2019arme et possession d\u2019effets militaires"},"content":{"rendered":"\n<p>La Police nationale togolaise a proc\u00e9d\u00e9 \u00e0 l\u2019interpellation de deux individus les 3 et 5 mars 2026 dans la pr\u00e9fecture du Zio, pr\u00e9cis\u00e9ment \u00e0 Apessito et \u00e0 Mission-Tov\u00e9. Les deux hommes sont soup\u00e7onn\u00e9s de d\u00e9tention ill\u00e9gale d\u2019arme \u00e0 feu, de possession d\u2019effets militaires et d\u2019activit\u00e9s criminelles pr\u00e9sum\u00e9es. Ces op\u00e9rations s\u2019inscrivent dans le cadre des actions de s\u00e9curisation men\u00e9es r\u00e9guli\u00e8rement par les forces de l\u2019ordre.<\/p>\n\n\n\n<p>La premi\u00e8re arrestation est intervenue dans la nuit du 3 mars, aux environs de 2 heures du matin \u00e0 Apessito, lors d\u2019une patrouille de routine. Les policiers ont tent\u00e9 de contr\u00f4ler un individu identifi\u00e9 comme A. Labi, 46 ans, soudeur \u00e0 l\u2019arc. Selon les forces de s\u00e9curit\u00e9, l\u2019homme aurait refus\u00e9 de d\u00e9cliner son identit\u00e9 avant d\u2019essayer de s\u2019enfuir, mais il a finalement \u00e9t\u00e9 rattrap\u00e9 par une seconde \u00e9quipe de policiers venue en renfort.<\/p>\n\n\n\n<p>La fouille de son sac a permis de d\u00e9couvrir plusieurs objets jug\u00e9s suspects, dont une arme \u00e0 feu artisanale de type pistolet automatique charg\u00e9e de deux cartouches de calibre 12 mm. Les agents ont \u00e9galement saisi un pied-de-biche, une pince, des cl\u00e9s et d\u2019autres outils. Pour les enqu\u00eateurs, \u00ab la nature de ces objets, combin\u00e9e au refus de se soumettre au contr\u00f4le \u00bb, pouvait laisser pr\u00e9sumer une implication dans des activit\u00e9s illicites.<\/p>\n\n\n\n<p>Les investigations men\u00e9es par la suite ont conduit les policiers au domicile d\u2019un second suspect, M. Yaovi, 35 ans, meunier \u00e0 Mission-Tov\u00e9. Une perquisition effectu\u00e9e le 5 mars a permis de saisir \u00ab un treillis de gendarmerie, une paire de rangers et deux tee-shirts de couleur vert arm\u00e9e \u00bb. Les deux hommes seront pr\u00e9sent\u00e9s au parquet pour r\u00e9pondre des faits qui leur sont reproch\u00e9s, tandis que la Police nationale appelle les populations \u00e0 renforcer leur collaboration avec les forces de s\u00e9curit\u00e9 pour lutter contre la criminalit\u00e9.<\/p>\n","protected":false},"excerpt":{"rendered":"<p>La Police nationale togolaise a proc\u00e9d\u00e9 \u00e0 l\u2019interpellation de deux individus les 3 et 5 mars 2026 dans la pr\u00e9fecture du Zio, pr\u00e9cis\u00e9ment \u00e0 Apessito et \u00e0 Mission-Tov\u00e9. Les deux hommes sont soup\u00e7onn\u00e9s de d\u00e9tention ill\u00e9gale d\u2019arme \u00e0 feu, de possession d\u2019effets militaires et d\u2019activit\u00e9s criminelles pr\u00e9sum\u00e9es. Ces op\u00e9rations s\u2019inscrivent dans le cadre des actions<\/p>\n","protected":false},"author":5,"featured_media":7333,"comment_status":"open","ping_status":"open","sticky":false,"template":"","format":"standard","meta":{"footnotes":""},"categories":[390],"tags":[],"class_list":["post-7332","post","type-post","status-publish","format-standard","has-post-thumbnail","hentry","category-securite"],"yoast_head":"<!-- This site is optimized with the Yoast SEO plugin v26.4 - https:\/\/yoast.com\/wordpress\/plugins\/seo\/ -->\n<title>Zio : deux individus interpell\u00e9s pour d\u00e9tention ill\u00e9gale d\u2019arme et possession d\u2019effets militaires - UNIVERS.TG<\/title>\n<meta name=\"robots\" content=\"index, follow, max-snippet:-1, max-image-preview:large, max-video-preview:-1\" \/>\n<link rel=\"canonical\" href=\"https:\/\/univers.tg\/index.php\/2026\/03\/08\/zio-deux-individus-interpelles-pour-detention-illegale-darme-et-possession-deffets-militaires\/\" \/>\n<meta property=\"og:locale\" content=\"fr_FR\" \/>\n<meta property=\"og:type\" content=\"article\" \/>\n<meta property=\"og:title\" content=\"Zio : deux individus interpell\u00e9s pour d\u00e9tention ill\u00e9gale d\u2019arme et possession d\u2019effets militaires - UNIVERS.TG\" \/>\n<meta property=\"og:description\" content=\"La Police nationale togolaise a proc\u00e9d\u00e9 \u00e0 l\u2019interpellation de deux individus les 3 et 5 mars 2026 dans la pr\u00e9fecture du Zio, pr\u00e9cis\u00e9ment \u00e0 Apessito et \u00e0 Mission-Tov\u00e9. Les deux hommes sont soup\u00e7onn\u00e9s de d\u00e9tention ill\u00e9gale d\u2019arme \u00e0 feu, de possession d\u2019effets militaires et d\u2019activit\u00e9s criminelles pr\u00e9sum\u00e9es. Ces op\u00e9rations s\u2019inscrivent dans le cadre des actions\" \/>\n<meta property=\"og:url\" content=\"https:\/\/univers.tg\/index.php\/2026\/03\/08\/zio-deux-individus-interpelles-pour-detention-illegale-darme-et-possession-deffets-militaires\/\" \/>\n<meta property=\"og:site_name\" content=\"UNIVERS.TG\" \/>\n<meta property=\"article:published_time\" content=\"2026-03-08T18:22:38+00:00\" \/>\n<meta property=\"article:modified_time\" content=\"2026-03-08T18:22:39+00:00\" \/>\n<meta property=\"og:image\" content=\"https:\/\/univers.tg\/wp-content\/uploads\/2026\/03\/IMG-20260308-WA0153.jpg?wsr\" \/>\n\t<meta property=\"og:image:width\" content=\"1280\" \/>\n\t<meta property=\"og:image:height\" content=\"853\" \/>\n\t<meta property=\"og:image:type\" content=\"image\/jpeg\" \/>\n<meta name=\"author\" content=\"Jeremy Ahossou\" \/>\n<meta name=\"twitter:card\" content=\"summary_large_image\" \/>\n<meta name=\"twitter:label1\" content=\"\u00c9crit par\" \/>\n\t<meta name=\"twitter:data1\" content=\"Jeremy Ahossou\" \/>\n\t<meta name=\"twitter:label2\" content=\"Dur\u00e9e de lecture estim\u00e9e\" \/>\n\t<meta name=\"twitter:data2\" content=\"2 minutes\" \/>\n<script type=\"application\/ld+json\" class=\"yoast-schema-graph\">{\"@context\":\"https:\/\/schema.org\",\"@graph\":[{\"@type\":\"WebPage\",\"@id\":\"https:\/\/univers.tg\/index.php\/2026\/03\/08\/zio-deux-individus-interpelles-pour-detention-illegale-darme-et-possession-deffets-militaires\/\",\"url\":\"https:\/\/univers.tg\/index.php\/2026\/03\/08\/zio-deux-individus-interpelles-pour-detention-illegale-darme-et-possession-deffets-militaires\/\",\"name\":\"Zio : deux individus interpell\u00e9s pour d\u00e9tention ill\u00e9gale d\u2019arme et possession d\u2019effets militaires - UNIVERS.TG\",\"isPartOf\":{\"@id\":\"https:\/\/univers.tg\/#website\"},\"primaryImageOfPage\":{\"@id\":\"https:\/\/univers.tg\/index.php\/2026\/03\/08\/zio-deux-individus-interpelles-pour-detention-illegale-darme-et-possession-deffets-militaires\/#primaryimage\"},\"image\":{\"@id\":\"https:\/\/univers.tg\/index.php\/2026\/03\/08\/zio-deux-individus-interpelles-pour-detention-illegale-darme-et-possession-deffets-militaires\/#primaryimage\"},\"thumbnailUrl\":\"https:\/\/univers.tg\/wp-content\/uploads\/2026\/03\/IMG-20260308-WA0153.jpg?wsr\",\"datePublished\":\"2026-03-08T18:22:38+00:00\",\"dateModified\":\"2026-03-08T18:22:39+00:00\",\"author\":{\"@id\":\"https:\/\/univers.tg\/#\/schema\/person\/7630d7826904ffdd55c0d13d178b97eb\"},\"breadcrumb\":{\"@id\":\"https:\/\/univers.tg\/index.php\/2026\/03\/08\/zio-deux-individus-interpelles-pour-detention-illegale-darme-et-possession-deffets-militaires\/#breadcrumb\"},\"inLanguage\":\"fr-FR\",\"potentialAction\":[{\"@type\":\"ReadAction\",\"target\":[\"https:\/\/univers.tg\/index.php\/2026\/03\/08\/zio-deux-individus-interpelles-pour-detention-illegale-darme-et-possession-deffets-militaires\/\"]}]},{\"@type\":\"ImageObject\",\"inLanguage\":\"fr-FR\",\"@id\":\"https:\/\/univers.tg\/index.php\/2026\/03\/08\/zio-deux-individus-interpelles-pour-detention-illegale-darme-et-possession-deffets-militaires\/#primaryimage\",\"url\":\"https:\/\/univers.tg\/wp-content\/uploads\/2026\/03\/IMG-20260308-WA0153.jpg?wsr\",\"contentUrl\":\"https:\/\/univers.tg\/wp-content\/uploads\/2026\/03\/IMG-20260308-WA0153.jpg?wsr\",\"width\":1280,\"height\":853},{\"@type\":\"BreadcrumbList\",\"@id\":\"https:\/\/univers.tg\/index.php\/2026\/03\/08\/zio-deux-individus-interpelles-pour-detention-illegale-darme-et-possession-deffets-militaires\/#breadcrumb\",\"itemListElement\":[{\"@type\":\"ListItem\",\"position\":1,\"name\":\"Accueil\",\"item\":\"https:\/\/univers.tg\/\"},{\"@type\":\"ListItem\",\"position\":2,\"name\":\"Zio : deux individus interpell\u00e9s pour d\u00e9tention ill\u00e9gale d\u2019arme et possession d\u2019effets militaires\"}]},{\"@type\":\"WebSite\",\"@id\":\"https:\/\/univers.tg\/#website\",\"url\":\"https:\/\/univers.tg\/\",\"name\":\"UNIVERS.TG\",\"description\":\"AUTORISATION HAAC N\u00b0 0123\/02-2024\/PL\/P\",\"potentialAction\":[{\"@type\":\"SearchAction\",\"target\":{\"@type\":\"EntryPoint\",\"urlTemplate\":\"https:\/\/univers.tg\/?s={search_term_string}\"},\"query-input\":{\"@type\":\"PropertyValueSpecification\",\"valueRequired\":true,\"valueName\":\"search_term_string\"}}],\"inLanguage\":\"fr-FR\"},{\"@type\":\"Person\",\"@id\":\"https:\/\/univers.tg\/#\/schema\/person\/7630d7826904ffdd55c0d13d178b97eb\",\"name\":\"Jeremy Ahossou\",\"image\":{\"@type\":\"ImageObject\",\"inLanguage\":\"fr-FR\",\"@id\":\"https:\/\/univers.tg\/#\/schema\/person\/image\/\",\"url\":\"https:\/\/secure.gravatar.com\/avatar\/b9367486cc4651720458a662d192721c9d7cc1f4afe379e49612ab1a610e08ca?s=96&d=mm&r=g\",\"contentUrl\":\"https:\/\/secure.gravatar.com\/avatar\/b9367486cc4651720458a662d192721c9d7cc1f4afe379e49612ab1a610e08ca?s=96&d=mm&r=g\",\"caption\":\"Jeremy Ahossou\"},\"url\":\"https:\/\/univers.tg\/index.php\/author\/jeremy-ahossou\/\"}]}<\/script>\n<!-- \/ Yoast SEO plugin. -->","yoast_head_json":{"title":"Zio : deux individus interpell\u00e9s pour d\u00e9tention ill\u00e9gale d\u2019arme et possession d\u2019effets militaires - UNIVERS.TG","robots":{"index":"index","follow":"follow","max-snippet":"max-snippet:-1","max-image-preview":"max-image-preview:large","max-video-preview":"max-video-preview:-1"},"canonical":"https:\/\/univers.tg\/index.php\/2026\/03\/08\/zio-deux-individus-interpelles-pour-detention-illegale-darme-et-possession-deffets-militaires\/","og_locale":"fr_FR","og_type":"article","og_title":"Zio : deux individus interpell\u00e9s pour d\u00e9tention ill\u00e9gale d\u2019arme et possession d\u2019effets militaires - UNIVERS.TG","og_description":"La Police nationale togolaise a proc\u00e9d\u00e9 \u00e0 l\u2019interpellation de deux individus les 3 et 5 mars 2026 dans la pr\u00e9fecture du Zio, pr\u00e9cis\u00e9ment \u00e0 Apessito et \u00e0 Mission-Tov\u00e9. Les deux hommes sont soup\u00e7onn\u00e9s de d\u00e9tention ill\u00e9gale d\u2019arme \u00e0 feu, de possession d\u2019effets militaires et d\u2019activit\u00e9s criminelles pr\u00e9sum\u00e9es. Ces op\u00e9rations s\u2019inscrivent dans le cadre des actions","og_url":"https:\/\/univers.tg\/index.php\/2026\/03\/08\/zio-deux-individus-interpelles-pour-detention-illegale-darme-et-possession-deffets-militaires\/","og_site_name":"UNIVERS.TG","article_published_time":"2026-03-08T18:22:38+00:00","article_modified_time":"2026-03-08T18:22:39+00:00","og_image":[{"width":1280,"height":853,"url":"https:\/\/univers.tg\/wp-content\/uploads\/2026\/03\/IMG-20260308-WA0153.jpg?wsr","type":"image\/jpeg"}],"author":"Jeremy Ahossou","twitter_card":"summary_large_image","twitter_misc":{"\u00c9crit par":"Jeremy Ahossou","Dur\u00e9e de lecture estim\u00e9e":"2 minutes"},"schema":{"@context":"https:\/\/schema.org","@graph":[{"@type":"WebPage","@id":"https:\/\/univers.tg\/index.php\/2026\/03\/08\/zio-deux-individus-interpelles-pour-detention-illegale-darme-et-possession-deffets-militaires\/","url":"https:\/\/univers.tg\/index.php\/2026\/03\/08\/zio-deux-individus-interpelles-pour-detention-illegale-darme-et-possession-deffets-militaires\/","name":"Zio : deux individus interpell\u00e9s pour d\u00e9tention ill\u00e9gale d\u2019arme et possession d\u2019effets militaires - UNIVERS.TG","isPartOf":{"@id":"https:\/\/univers.tg\/#website"},"primaryImageOfPage":{"@id":"https:\/\/univers.tg\/index.php\/2026\/03\/08\/zio-deux-individus-interpelles-pour-detention-illegale-darme-et-possession-deffets-militaires\/#primaryimage"},"image":{"@id":"https:\/\/univers.tg\/index.php\/2026\/03\/08\/zio-deux-individus-interpelles-pour-detention-illegale-darme-et-possession-deffets-militaires\/#primaryimage"},"thumbnailUrl":"https:\/\/univers.tg\/wp-content\/uploads\/2026\/03\/IMG-20260308-WA0153.jpg?wsr","datePublished":"2026-03-08T18:22:38+00:00","dateModified":"2026-03-08T18:22:39+00:00","author":{"@id":"https:\/\/univers.tg\/#\/schema\/person\/7630d7826904ffdd55c0d13d178b97eb"},"breadcrumb":{"@id":"https:\/\/univers.tg\/index.php\/2026\/03\/08\/zio-deux-individus-interpelles-pour-detention-illegale-darme-et-possession-deffets-militaires\/#breadcrumb"},"inLanguage":"fr-FR","potentialAction":[{"@type":"ReadAction","target":["https:\/\/univers.tg\/index.php\/2026\/03\/08\/zio-deux-individus-interpelles-pour-detention-illegale-darme-et-possession-deffets-militaires\/"]}]},{"@type":"ImageObject","inLanguage":"fr-FR","@id":"https:\/\/univers.tg\/index.php\/2026\/03\/08\/zio-deux-individus-interpelles-pour-detention-illegale-darme-et-possession-deffets-militaires\/#primaryimage","url":"https:\/\/univers.tg\/wp-content\/uploads\/2026\/03\/IMG-20260308-WA0153.jpg?wsr","contentUrl":"https:\/\/univers.tg\/wp-content\/uploads\/2026\/03\/IMG-20260308-WA0153.jpg?wsr","width":1280,"height":853},{"@type":"BreadcrumbList","@id":"https:\/\/univers.tg\/index.php\/2026\/03\/08\/zio-deux-individus-interpelles-pour-detention-illegale-darme-et-possession-deffets-militaires\/#breadcrumb","itemListElement":[{"@type":"ListItem","position":1,"name":"Accueil","item":"https:\/\/univers.tg\/"},{"@type":"ListItem","position":2,"name":"Zio : deux individus interpell\u00e9s pour d\u00e9tention ill\u00e9gale d\u2019arme et possession d\u2019effets militaires"}]},{"@type":"WebSite","@id":"https:\/\/univers.tg\/#website","url":"https:\/\/univers.tg\/","name":"UNIVERS.TG","description":"AUTORISATION HAAC N\u00b0 0123\/02-2024\/PL\/P","potentialAction":[{"@type":"SearchAction","target":{"@type":"EntryPoint","urlTemplate":"https:\/\/univers.tg\/?s={search_term_string}"},"query-input":{"@type":"PropertyValueSpecification","valueRequired":true,"valueName":"search_term_string"}}],"inLanguage":"fr-FR"},{"@type":"Person","@id":"https:\/\/univers.tg\/#\/schema\/person\/7630d7826904ffdd55c0d13d178b97eb","name":"Jeremy Ahossou","image":{"@type":"ImageObject","inLanguage":"fr-FR","@id":"https:\/\/univers.tg\/#\/schema\/person\/image\/","url":"https:\/\/secure.gravatar.com\/avatar\/b9367486cc4651720458a662d192721c9d7cc1f4afe379e49612ab1a610e08ca?s=96&d=mm&r=g","contentUrl":"https:\/\/secure.gravatar.com\/avatar\/b9367486cc4651720458a662d192721c9d7cc1f4afe379e49612ab1a610e08ca?s=96&d=mm&r=g","caption":"Jeremy Ahossou"},"url":"https:\/\/univers.tg\/index.php\/author\/jeremy-ahossou\/"}]}},"_links":{"self":[{"href":"https:\/\/univers.tg\/index.php\/wp-json\/wp\/v2\/posts\/7332","targetHints":{"allow":["GET"]}}],"collection":[{"href":"https:\/\/univers.tg\/index.php\/wp-json\/wp\/v2\/posts"}],"about":[{"href":"https:\/\/univers.tg\/index.php\/wp-json\/wp\/v2\/types\/post"}],"author":[{"embeddable":true,"href":"https:\/\/univers.tg\/index.php\/wp-json\/wp\/v2\/users\/5"}],"replies":[{"embeddable":true,"href":"https:\/\/univers.tg\/index.php\/wp-json\/wp\/v2\/comments?post=7332"}],"version-history":[{"count":1,"href":"https:\/\/univers.tg\/index.php\/wp-json\/wp\/v2\/posts\/7332\/revisions"}],"predecessor-version":[{"id":7334,"href":"https:\/\/univers.tg\/index.php\/wp-json\/wp\/v2\/posts\/7332\/revisions\/7334"}],"wp:featuredmedia":[{"embeddable":true,"href":"https:\/\/univers.tg\/index.php\/wp-json\/wp\/v2\/media\/7333"}],"wp:attachment":[{"href":"https:\/\/univers.tg\/index.php\/wp-json\/wp\/v2\/media?parent=7332"}],"wp:term":[{"taxonomy":"category","embeddable":true,"href":"https:\/\/univers.tg\/index.php\/wp-json\/wp\/v2\/categories?post=7332"},{"taxonomy":"post_tag","embeddable":true,"href":"https:\/\/univers.tg\/index.php\/wp-json\/wp\/v2\/tags?post=7332"}],"curies":[{"name":"wp","href":"https:\/\/api.w.org\/{rel}","templated":true}]}}