{"id":7340,"date":"2026-03-09T12:47:53","date_gmt":"2026-03-09T12:47:53","guid":{"rendered":"https:\/\/univers.tg\/?p=7340"},"modified":"2026-03-09T12:47:54","modified_gmt":"2026-03-09T12:47:54","slug":"entrepreneuriat-feminin-mona-ayele-ekue-amegnran-fait-le-point-avec-50-femmes-formees-en-intelligence-financiere","status":"publish","type":"post","link":"https:\/\/univers.tg\/index.php\/2026\/03\/09\/entrepreneuriat-feminin-mona-ayele-ekue-amegnran-fait-le-point-avec-50-femmes-formees-en-intelligence-financiere\/","title":{"rendered":"Entrepreneuriat f\u00e9minin :Mona Ay\u00e9l\u00e9 Ekue AMEGNRAN fait le point avec 50 femmes form\u00e9es en intelligence financi\u00e8re"},"content":{"rendered":"\n<p>En marge de la Journ\u00e9e internationale des droits de la femme, une rencontre d\u2019\u00e9change s\u2019est tenue ce dimanche 8 mars 2026 \u00e0 Lom\u00e9. C&rsquo;est une initiative de Mme Mona Ay\u00e9l\u00e9 Ekue AMEGNRAN, Directrice de la facilitation des conditions op\u00e9rationnelles des entreprises au minist\u00e8re du Commerce qui vise \u00e0 \u00e9valuer les progr\u00e8s r\u00e9alis\u00e9s par les b\u00e9n\u00e9ficiaires de la formation en intelligence financi\u00e8re qu\u2019elle avait organis\u00e9 en septembre 2025. L\u2019activit\u00e9 a r\u00e9uni une cinquantaine de femmes entrepreneures sur le th\u00e8me \u00ab Intelligence financi\u00e8re et entrepreneuriat \u00bb en vue de renforcer leurs capacit\u00e9s dans la gestion de leurs activit\u00e9s.<\/p>\n\n\n\n<figure class=\"wp-block-gallery has-nested-images columns-default is-cropped wp-block-gallery-1 is-layout-flex wp-block-gallery-is-layout-flex\">\n<figure class=\"wp-block-image size-large\"><img loading=\"lazy\" decoding=\"async\" width=\"1024\" height=\"576\" data-id=\"7341\" src=\"https:\/\/univers.tg\/wp-content\/uploads\/2026\/03\/1050037-1024x576.jpg?wsr\" alt=\"\" class=\"wp-image-7341\" srcset=\"https:\/\/univers.tg\/wp-content\/uploads\/2026\/03\/1050037-1024x576.jpg 1024w, https:\/\/univers.tg\/wp-content\/uploads\/2026\/03\/1050037-300x169.jpg 300w, https:\/\/univers.tg\/wp-content\/uploads\/2026\/03\/1050037-768x432.jpg 768w, https:\/\/univers.tg\/wp-content\/uploads\/2026\/03\/1050037.jpg 1280w\" sizes=\"auto, (max-width: 1024px) 100vw, 1024px\" \/><\/figure>\n\n\n\n<figure class=\"wp-block-image size-large\"><img loading=\"lazy\" decoding=\"async\" width=\"1024\" height=\"576\" data-id=\"7342\" src=\"https:\/\/univers.tg\/wp-content\/uploads\/2026\/03\/1050034-1024x576.jpg?wsr\" alt=\"\" class=\"wp-image-7342\" srcset=\"https:\/\/univers.tg\/wp-content\/uploads\/2026\/03\/1050034-1024x576.jpg 1024w, https:\/\/univers.tg\/wp-content\/uploads\/2026\/03\/1050034-300x169.jpg 300w, https:\/\/univers.tg\/wp-content\/uploads\/2026\/03\/1050034-768x432.jpg 768w, https:\/\/univers.tg\/wp-content\/uploads\/2026\/03\/1050034.jpg 1280w\" sizes=\"auto, (max-width: 1024px) 100vw, 1024px\" \/><\/figure>\n\n\n\n<figure class=\"wp-block-image size-large\"><img loading=\"lazy\" decoding=\"async\" width=\"1024\" height=\"576\" data-id=\"7343\" src=\"https:\/\/univers.tg\/wp-content\/uploads\/2026\/03\/1050031-1024x576.jpg?wsr\" alt=\"\" class=\"wp-image-7343\" srcset=\"https:\/\/univers.tg\/wp-content\/uploads\/2026\/03\/1050031-1024x576.jpg 1024w, https:\/\/univers.tg\/wp-content\/uploads\/2026\/03\/1050031-300x169.jpg 300w, https:\/\/univers.tg\/wp-content\/uploads\/2026\/03\/1050031-768x432.jpg 768w, https:\/\/univers.tg\/wp-content\/uploads\/2026\/03\/1050031.jpg 1280w\" sizes=\"auto, (max-width: 1024px) 100vw, 1024px\" \/><\/figure>\n<\/figure>\n\n\n\n<p>Durant plusieurs heures d\u2019\u00e9changes, les entrepreneures pr\u00e9sentes ont eu l\u2019occasion de rappeler les plans d\u2019action \u00e9labor\u00e9s \u00e0 l\u2019issue de la formation. Cette s\u00e9ance a permis \u00e0 l\u2019organisatrice et aux experts invit\u00e9s d\u2019examiner les initiatives mises en \u0153uvre par ces femmes, d\u2019identifier les difficult\u00e9s rencontr\u00e9es et d\u2019apporter des conseils pratiques afin d\u2019am\u00e9liorer la gestion et la croissance de leurs entreprises.<br>Pour enrichir les discussions, deux experts ont \u00e9t\u00e9 associ\u00e9s \u00e0 la rencontre : Sylvie Benissan-Messan, consultante en communication marketing, et Soclou Yao, directeur g\u00e9n\u00e9ral de l\u2019entreprise EGETRACO-BTP. Les deux intervenants ont partag\u00e9 leur exp\u00e9rience et prodigu\u00e9 des orientations visant \u00e0 aider les participantes \u00e0 mieux structurer leurs projets et \u00e0 renforcer la comp\u00e9titivit\u00e9 de leurs activit\u00e9s.<\/p>\n\n\n\n<figure class=\"wp-block-gallery has-nested-images columns-default is-cropped wp-block-gallery-2 is-layout-flex wp-block-gallery-is-layout-flex\">\n<figure class=\"wp-block-image size-large\"><img loading=\"lazy\" decoding=\"async\" width=\"1024\" height=\"576\" data-id=\"7344\" src=\"https:\/\/univers.tg\/wp-content\/uploads\/2026\/03\/1050028-1024x576.jpg?wsr\" alt=\"\" class=\"wp-image-7344\" srcset=\"https:\/\/univers.tg\/wp-content\/uploads\/2026\/03\/1050028-1024x576.jpg 1024w, https:\/\/univers.tg\/wp-content\/uploads\/2026\/03\/1050028-300x169.jpg 300w, https:\/\/univers.tg\/wp-content\/uploads\/2026\/03\/1050028-768x432.jpg 768w, https:\/\/univers.tg\/wp-content\/uploads\/2026\/03\/1050028.jpg 1280w\" sizes=\"auto, (max-width: 1024px) 100vw, 1024px\" \/><\/figure>\n\n\n\n<figure class=\"wp-block-image size-large\"><img loading=\"lazy\" decoding=\"async\" width=\"1024\" height=\"576\" data-id=\"7345\" src=\"https:\/\/univers.tg\/wp-content\/uploads\/2026\/03\/1050022-1024x576.jpg?wsr\" alt=\"\" class=\"wp-image-7345\" srcset=\"https:\/\/univers.tg\/wp-content\/uploads\/2026\/03\/1050022-1024x576.jpg 1024w, https:\/\/univers.tg\/wp-content\/uploads\/2026\/03\/1050022-300x169.jpg 300w, https:\/\/univers.tg\/wp-content\/uploads\/2026\/03\/1050022-768x432.jpg 768w, https:\/\/univers.tg\/wp-content\/uploads\/2026\/03\/1050022.jpg 1280w\" sizes=\"auto, (max-width: 1024px) 100vw, 1024px\" \/><\/figure>\n<\/figure>\n\n\n\n<p>Selon Mona Ay\u00e9l\u00e9 Ekue AMEGNRAN, cette rencontre constitue avant tout un exercice de suivi des acquis de la formation organis\u00e9e quelques mois plus t\u00f4t. \u00ab Du 15 au 20 septembre 2025, nous avons organis\u00e9 une formation des femmes en intelligence financi\u00e8re et entrepreneuriat. Six mois apr\u00e8s, il \u00e9tait important de faire un suivi pour voir ce que ces femmes ont fait des connaissances re\u00e7ues et si elles ont pu mettre en \u0153uvre leurs plans d\u2019action \u00bb, a-t-elle expliqu\u00e9. Elle a pr\u00e9cis\u00e9 que la rencontre visait \u00e9galement \u00e0 \u00e9couter les pr\u00e9occupations des participantes et \u00e0 identifier les obstacles rencontr\u00e9s dans la mise en \u0153uvre de leurs projets.<\/p>\n\n\n\n<p>La responsable a \u00e9galement soulign\u00e9 la port\u00e9e symbolique du choix de la date du 8 mars pour cette initiative. \u00ab Le monde c\u00e9l\u00e8bre aujourd\u2019hui la Journ\u00e9e internationale des droits des femmes, mais ce n\u2019est pas seulement une f\u00eate. C\u2019est un moment o\u00f9 les femmes se questionnent et se battent pour leur avenir. Nous avons choisi cette date pour encourager les entrepreneures \u00e0 d\u00e9velopper leurs activit\u00e9s, car les droits des femmes se construisent aussi par leur engagement et leur place dans l\u2019\u00e9conomie \u00bb, a-t-elle indiqu\u00e9.<\/p>\n\n\n\n<p>Plac\u00e9e sous le th\u00e8me \u00ab Intelligence financi\u00e8re et entrepreneuriat \u00bb, la formation organis\u00e9e en septembre dernier avait permis aux participantes de suivre plusieurs modules portant notamment sur l\u2019intelligence financi\u00e8re, le quotient intellectuel financier, financement de l\u2019entreprise, la comp\u00e9titivit\u00e9, l\u2019acc\u00e8s au march\u00e9, le canevas d\u2019un plan d\u2019actions et le marquage des produits. \u00c0 l\u2019issue de la rencontre de suivi, les femmes entrepreneures ont adopt\u00e9 plusieurs r\u00e9solutions visant \u00e0 renforcer leurs activit\u00e9s et \u00e0 poursuivre la dynamique engag\u00e9e pour le d\u00e9veloppement de leurs entreprises.<\/p>\n\n\n\n<p>Jeremy A.<\/p>\n\n\n\n<p><\/p>\n","protected":false},"excerpt":{"rendered":"<p>En marge de la Journ\u00e9e internationale des droits de la femme, une rencontre d\u2019\u00e9change s\u2019est tenue ce dimanche 8 mars 2026 \u00e0 Lom\u00e9. C&rsquo;est une initiative de Mme Mona Ay\u00e9l\u00e9 Ekue AMEGNRAN, Directrice de la facilitation des conditions op\u00e9rationnelles des entreprises au minist\u00e8re du Commerce qui vise \u00e0 \u00e9valuer les progr\u00e8s r\u00e9alis\u00e9s par les b\u00e9n\u00e9ficiaires<\/p>\n","protected":false},"author":5,"featured_media":7346,"comment_status":"open","ping_status":"open","sticky":false,"template":"","format":"standard","meta":{"footnotes":""},"categories":[7],"tags":[],"class_list":["post-7340","post","type-post","status-publish","format-standard","has-post-thumbnail","hentry","category-education"],"yoast_head":"<!-- This site is optimized with the Yoast SEO plugin v26.4 - https:\/\/yoast.com\/wordpress\/plugins\/seo\/ -->\n<title>Entrepreneuriat f\u00e9minin :Mona Ay\u00e9l\u00e9 Ekue AMEGNRAN fait le point avec 50 femmes form\u00e9es en intelligence financi\u00e8re - UNIVERS.TG<\/title>\n<meta name=\"description\" content=\"En marge de la Journ\u00e9e internationale des droits de la femme, une rencontre d\u2019\u00e9change s\u2019est tenue ce dimanche 8 mars 2026 \u00e0 Lom\u00e9. C&#039;est une initiative de Mme Mona Ay\u00e9l\u00e9 Ekue AMEGNRAN, Directrice de la facilitation des conditions\" \/>\n<meta name=\"robots\" content=\"index, follow, max-snippet:-1, max-image-preview:large, max-video-preview:-1\" \/>\n<link rel=\"canonical\" href=\"https:\/\/univers.tg\/index.php\/2026\/03\/09\/entrepreneuriat-feminin-mona-ayele-ekue-amegnran-fait-le-point-avec-50-femmes-formees-en-intelligence-financiere\/\" \/>\n<meta property=\"og:locale\" content=\"fr_FR\" \/>\n<meta property=\"og:type\" content=\"article\" \/>\n<meta property=\"og:title\" content=\"Entrepreneuriat f\u00e9minin :Mona Ay\u00e9l\u00e9 Ekue AMEGNRAN fait le point avec 50 femmes form\u00e9es en intelligence financi\u00e8re - UNIVERS.TG\" \/>\n<meta property=\"og:description\" content=\"En marge de la Journ\u00e9e internationale des droits de la femme, une rencontre d\u2019\u00e9change s\u2019est tenue ce dimanche 8 mars 2026 \u00e0 Lom\u00e9. C&#039;est une initiative de Mme Mona Ay\u00e9l\u00e9 Ekue AMEGNRAN, Directrice de la facilitation des conditions\" \/>\n<meta property=\"og:url\" content=\"https:\/\/univers.tg\/index.php\/2026\/03\/09\/entrepreneuriat-feminin-mona-ayele-ekue-amegnran-fait-le-point-avec-50-femmes-formees-en-intelligence-financiere\/\" \/>\n<meta property=\"og:site_name\" content=\"UNIVERS.TG\" \/>\n<meta property=\"article:published_time\" content=\"2026-03-09T12:47:53+00:00\" \/>\n<meta property=\"article:modified_time\" content=\"2026-03-09T12:47:54+00:00\" \/>\n<meta property=\"og:image\" content=\"https:\/\/univers.tg\/wp-content\/uploads\/2026\/03\/IMG-20260309-WA0042.jpg?wsr\" \/>\n\t<meta property=\"og:image:width\" content=\"1280\" \/>\n\t<meta property=\"og:image:height\" content=\"720\" \/>\n\t<meta property=\"og:image:type\" content=\"image\/jpeg\" \/>\n<meta name=\"author\" content=\"Jeremy Ahossou\" \/>\n<meta name=\"twitter:card\" content=\"summary_large_image\" \/>\n<meta name=\"twitter:label1\" content=\"\u00c9crit par\" \/>\n\t<meta name=\"twitter:data1\" content=\"Jeremy Ahossou\" \/>\n\t<meta name=\"twitter:label2\" content=\"Dur\u00e9e de lecture estim\u00e9e\" \/>\n\t<meta name=\"twitter:data2\" content=\"4 minutes\" \/>\n<script type=\"application\/ld+json\" class=\"yoast-schema-graph\">{\"@context\":\"https:\/\/schema.org\",\"@graph\":[{\"@type\":\"WebPage\",\"@id\":\"https:\/\/univers.tg\/index.php\/2026\/03\/09\/entrepreneuriat-feminin-mona-ayele-ekue-amegnran-fait-le-point-avec-50-femmes-formees-en-intelligence-financiere\/\",\"url\":\"https:\/\/univers.tg\/index.php\/2026\/03\/09\/entrepreneuriat-feminin-mona-ayele-ekue-amegnran-fait-le-point-avec-50-femmes-formees-en-intelligence-financiere\/\",\"name\":\"Entrepreneuriat f\u00e9minin :Mona Ay\u00e9l\u00e9 Ekue AMEGNRAN fait le point avec 50 femmes form\u00e9es en intelligence financi\u00e8re - UNIVERS.TG\",\"isPartOf\":{\"@id\":\"https:\/\/univers.tg\/#website\"},\"primaryImageOfPage\":{\"@id\":\"https:\/\/univers.tg\/index.php\/2026\/03\/09\/entrepreneuriat-feminin-mona-ayele-ekue-amegnran-fait-le-point-avec-50-femmes-formees-en-intelligence-financiere\/#primaryimage\"},\"image\":{\"@id\":\"https:\/\/univers.tg\/index.php\/2026\/03\/09\/entrepreneuriat-feminin-mona-ayele-ekue-amegnran-fait-le-point-avec-50-femmes-formees-en-intelligence-financiere\/#primaryimage\"},\"thumbnailUrl\":\"https:\/\/univers.tg\/wp-content\/uploads\/2026\/03\/IMG-20260309-WA0042.jpg?wsr\",\"datePublished\":\"2026-03-09T12:47:53+00:00\",\"dateModified\":\"2026-03-09T12:47:54+00:00\",\"author\":{\"@id\":\"https:\/\/univers.tg\/#\/schema\/person\/7630d7826904ffdd55c0d13d178b97eb\"},\"description\":\"En marge de la Journ\u00e9e internationale des droits de la femme, une rencontre d\u2019\u00e9change s\u2019est tenue ce dimanche 8 mars 2026 \u00e0 Lom\u00e9. C'est une initiative de Mme Mona Ay\u00e9l\u00e9 Ekue AMEGNRAN, Directrice de la facilitation des conditions\",\"breadcrumb\":{\"@id\":\"https:\/\/univers.tg\/index.php\/2026\/03\/09\/entrepreneuriat-feminin-mona-ayele-ekue-amegnran-fait-le-point-avec-50-femmes-formees-en-intelligence-financiere\/#breadcrumb\"},\"inLanguage\":\"fr-FR\",\"potentialAction\":[{\"@type\":\"ReadAction\",\"target\":[\"https:\/\/univers.tg\/index.php\/2026\/03\/09\/entrepreneuriat-feminin-mona-ayele-ekue-amegnran-fait-le-point-avec-50-femmes-formees-en-intelligence-financiere\/\"]}]},{\"@type\":\"ImageObject\",\"inLanguage\":\"fr-FR\",\"@id\":\"https:\/\/univers.tg\/index.php\/2026\/03\/09\/entrepreneuriat-feminin-mona-ayele-ekue-amegnran-fait-le-point-avec-50-femmes-formees-en-intelligence-financiere\/#primaryimage\",\"url\":\"https:\/\/univers.tg\/wp-content\/uploads\/2026\/03\/IMG-20260309-WA0042.jpg?wsr\",\"contentUrl\":\"https:\/\/univers.tg\/wp-content\/uploads\/2026\/03\/IMG-20260309-WA0042.jpg?wsr\",\"width\":1280,\"height\":720},{\"@type\":\"BreadcrumbList\",\"@id\":\"https:\/\/univers.tg\/index.php\/2026\/03\/09\/entrepreneuriat-feminin-mona-ayele-ekue-amegnran-fait-le-point-avec-50-femmes-formees-en-intelligence-financiere\/#breadcrumb\",\"itemListElement\":[{\"@type\":\"ListItem\",\"position\":1,\"name\":\"Accueil\",\"item\":\"https:\/\/univers.tg\/\"},{\"@type\":\"ListItem\",\"position\":2,\"name\":\"Entrepreneuriat f\u00e9minin :Mona Ay\u00e9l\u00e9 Ekue AMEGNRAN fait le point avec 50 femmes form\u00e9es en intelligence financi\u00e8re\"}]},{\"@type\":\"WebSite\",\"@id\":\"https:\/\/univers.tg\/#website\",\"url\":\"https:\/\/univers.tg\/\",\"name\":\"UNIVERS.TG\",\"description\":\"AUTORISATION HAAC N\u00b0 0123\/02-2024\/PL\/P\",\"potentialAction\":[{\"@type\":\"SearchAction\",\"target\":{\"@type\":\"EntryPoint\",\"urlTemplate\":\"https:\/\/univers.tg\/?s={search_term_string}\"},\"query-input\":{\"@type\":\"PropertyValueSpecification\",\"valueRequired\":true,\"valueName\":\"search_term_string\"}}],\"inLanguage\":\"fr-FR\"},{\"@type\":\"Person\",\"@id\":\"https:\/\/univers.tg\/#\/schema\/person\/7630d7826904ffdd55c0d13d178b97eb\",\"name\":\"Jeremy Ahossou\",\"image\":{\"@type\":\"ImageObject\",\"inLanguage\":\"fr-FR\",\"@id\":\"https:\/\/univers.tg\/#\/schema\/person\/image\/\",\"url\":\"https:\/\/secure.gravatar.com\/avatar\/b9367486cc4651720458a662d192721c9d7cc1f4afe379e49612ab1a610e08ca?s=96&d=mm&r=g\",\"contentUrl\":\"https:\/\/secure.gravatar.com\/avatar\/b9367486cc4651720458a662d192721c9d7cc1f4afe379e49612ab1a610e08ca?s=96&d=mm&r=g\",\"caption\":\"Jeremy Ahossou\"},\"url\":\"https:\/\/univers.tg\/index.php\/author\/jeremy-ahossou\/\"}]}<\/script>\n<!-- \/ Yoast SEO plugin. -->","yoast_head_json":{"title":"Entrepreneuriat f\u00e9minin :Mona Ay\u00e9l\u00e9 Ekue AMEGNRAN fait le point avec 50 femmes form\u00e9es en intelligence financi\u00e8re - UNIVERS.TG","description":"En marge de la Journ\u00e9e internationale des droits de la femme, une rencontre d\u2019\u00e9change s\u2019est tenue ce dimanche 8 mars 2026 \u00e0 Lom\u00e9. C'est une initiative de Mme Mona Ay\u00e9l\u00e9 Ekue AMEGNRAN, Directrice de la facilitation des conditions","robots":{"index":"index","follow":"follow","max-snippet":"max-snippet:-1","max-image-preview":"max-image-preview:large","max-video-preview":"max-video-preview:-1"},"canonical":"https:\/\/univers.tg\/index.php\/2026\/03\/09\/entrepreneuriat-feminin-mona-ayele-ekue-amegnran-fait-le-point-avec-50-femmes-formees-en-intelligence-financiere\/","og_locale":"fr_FR","og_type":"article","og_title":"Entrepreneuriat f\u00e9minin :Mona Ay\u00e9l\u00e9 Ekue AMEGNRAN fait le point avec 50 femmes form\u00e9es en intelligence financi\u00e8re - UNIVERS.TG","og_description":"En marge de la Journ\u00e9e internationale des droits de la femme, une rencontre d\u2019\u00e9change s\u2019est tenue ce dimanche 8 mars 2026 \u00e0 Lom\u00e9. C'est une initiative de Mme Mona Ay\u00e9l\u00e9 Ekue AMEGNRAN, Directrice de la facilitation des conditions","og_url":"https:\/\/univers.tg\/index.php\/2026\/03\/09\/entrepreneuriat-feminin-mona-ayele-ekue-amegnran-fait-le-point-avec-50-femmes-formees-en-intelligence-financiere\/","og_site_name":"UNIVERS.TG","article_published_time":"2026-03-09T12:47:53+00:00","article_modified_time":"2026-03-09T12:47:54+00:00","og_image":[{"width":1280,"height":720,"url":"https:\/\/univers.tg\/wp-content\/uploads\/2026\/03\/IMG-20260309-WA0042.jpg?wsr","type":"image\/jpeg"}],"author":"Jeremy Ahossou","twitter_card":"summary_large_image","twitter_misc":{"\u00c9crit par":"Jeremy Ahossou","Dur\u00e9e de lecture estim\u00e9e":"4 minutes"},"schema":{"@context":"https:\/\/schema.org","@graph":[{"@type":"WebPage","@id":"https:\/\/univers.tg\/index.php\/2026\/03\/09\/entrepreneuriat-feminin-mona-ayele-ekue-amegnran-fait-le-point-avec-50-femmes-formees-en-intelligence-financiere\/","url":"https:\/\/univers.tg\/index.php\/2026\/03\/09\/entrepreneuriat-feminin-mona-ayele-ekue-amegnran-fait-le-point-avec-50-femmes-formees-en-intelligence-financiere\/","name":"Entrepreneuriat f\u00e9minin :Mona Ay\u00e9l\u00e9 Ekue AMEGNRAN fait le point avec 50 femmes form\u00e9es en intelligence financi\u00e8re - UNIVERS.TG","isPartOf":{"@id":"https:\/\/univers.tg\/#website"},"primaryImageOfPage":{"@id":"https:\/\/univers.tg\/index.php\/2026\/03\/09\/entrepreneuriat-feminin-mona-ayele-ekue-amegnran-fait-le-point-avec-50-femmes-formees-en-intelligence-financiere\/#primaryimage"},"image":{"@id":"https:\/\/univers.tg\/index.php\/2026\/03\/09\/entrepreneuriat-feminin-mona-ayele-ekue-amegnran-fait-le-point-avec-50-femmes-formees-en-intelligence-financiere\/#primaryimage"},"thumbnailUrl":"https:\/\/univers.tg\/wp-content\/uploads\/2026\/03\/IMG-20260309-WA0042.jpg?wsr","datePublished":"2026-03-09T12:47:53+00:00","dateModified":"2026-03-09T12:47:54+00:00","author":{"@id":"https:\/\/univers.tg\/#\/schema\/person\/7630d7826904ffdd55c0d13d178b97eb"},"description":"En marge de la Journ\u00e9e internationale des droits de la femme, une rencontre d\u2019\u00e9change s\u2019est tenue ce dimanche 8 mars 2026 \u00e0 Lom\u00e9. C'est une initiative de Mme Mona Ay\u00e9l\u00e9 Ekue AMEGNRAN, Directrice de la facilitation des conditions","breadcrumb":{"@id":"https:\/\/univers.tg\/index.php\/2026\/03\/09\/entrepreneuriat-feminin-mona-ayele-ekue-amegnran-fait-le-point-avec-50-femmes-formees-en-intelligence-financiere\/#breadcrumb"},"inLanguage":"fr-FR","potentialAction":[{"@type":"ReadAction","target":["https:\/\/univers.tg\/index.php\/2026\/03\/09\/entrepreneuriat-feminin-mona-ayele-ekue-amegnran-fait-le-point-avec-50-femmes-formees-en-intelligence-financiere\/"]}]},{"@type":"ImageObject","inLanguage":"fr-FR","@id":"https:\/\/univers.tg\/index.php\/2026\/03\/09\/entrepreneuriat-feminin-mona-ayele-ekue-amegnran-fait-le-point-avec-50-femmes-formees-en-intelligence-financiere\/#primaryimage","url":"https:\/\/univers.tg\/wp-content\/uploads\/2026\/03\/IMG-20260309-WA0042.jpg?wsr","contentUrl":"https:\/\/univers.tg\/wp-content\/uploads\/2026\/03\/IMG-20260309-WA0042.jpg?wsr","width":1280,"height":720},{"@type":"BreadcrumbList","@id":"https:\/\/univers.tg\/index.php\/2026\/03\/09\/entrepreneuriat-feminin-mona-ayele-ekue-amegnran-fait-le-point-avec-50-femmes-formees-en-intelligence-financiere\/#breadcrumb","itemListElement":[{"@type":"ListItem","position":1,"name":"Accueil","item":"https:\/\/univers.tg\/"},{"@type":"ListItem","position":2,"name":"Entrepreneuriat f\u00e9minin :Mona Ay\u00e9l\u00e9 Ekue AMEGNRAN fait le point avec 50 femmes form\u00e9es en intelligence financi\u00e8re"}]},{"@type":"WebSite","@id":"https:\/\/univers.tg\/#website","url":"https:\/\/univers.tg\/","name":"UNIVERS.TG","description":"AUTORISATION HAAC N\u00b0 0123\/02-2024\/PL\/P","potentialAction":[{"@type":"SearchAction","target":{"@type":"EntryPoint","urlTemplate":"https:\/\/univers.tg\/?s={search_term_string}"},"query-input":{"@type":"PropertyValueSpecification","valueRequired":true,"valueName":"search_term_string"}}],"inLanguage":"fr-FR"},{"@type":"Person","@id":"https:\/\/univers.tg\/#\/schema\/person\/7630d7826904ffdd55c0d13d178b97eb","name":"Jeremy Ahossou","image":{"@type":"ImageObject","inLanguage":"fr-FR","@id":"https:\/\/univers.tg\/#\/schema\/person\/image\/","url":"https:\/\/secure.gravatar.com\/avatar\/b9367486cc4651720458a662d192721c9d7cc1f4afe379e49612ab1a610e08ca?s=96&d=mm&r=g","contentUrl":"https:\/\/secure.gravatar.com\/avatar\/b9367486cc4651720458a662d192721c9d7cc1f4afe379e49612ab1a610e08ca?s=96&d=mm&r=g","caption":"Jeremy Ahossou"},"url":"https:\/\/univers.tg\/index.php\/author\/jeremy-ahossou\/"}]}},"_links":{"self":[{"href":"https:\/\/univers.tg\/index.php\/wp-json\/wp\/v2\/posts\/7340","targetHints":{"allow":["GET"]}}],"collection":[{"href":"https:\/\/univers.tg\/index.php\/wp-json\/wp\/v2\/posts"}],"about":[{"href":"https:\/\/univers.tg\/index.php\/wp-json\/wp\/v2\/types\/post"}],"author":[{"embeddable":true,"href":"https:\/\/univers.tg\/index.php\/wp-json\/wp\/v2\/users\/5"}],"replies":[{"embeddable":true,"href":"https:\/\/univers.tg\/index.php\/wp-json\/wp\/v2\/comments?post=7340"}],"version-history":[{"count":1,"href":"https:\/\/univers.tg\/index.php\/wp-json\/wp\/v2\/posts\/7340\/revisions"}],"predecessor-version":[{"id":7347,"href":"https:\/\/univers.tg\/index.php\/wp-json\/wp\/v2\/posts\/7340\/revisions\/7347"}],"wp:featuredmedia":[{"embeddable":true,"href":"https:\/\/univers.tg\/index.php\/wp-json\/wp\/v2\/media\/7346"}],"wp:attachment":[{"href":"https:\/\/univers.tg\/index.php\/wp-json\/wp\/v2\/media?parent=7340"}],"wp:term":[{"taxonomy":"category","embeddable":true,"href":"https:\/\/univers.tg\/index.php\/wp-json\/wp\/v2\/categories?post=7340"},{"taxonomy":"post_tag","embeddable":true,"href":"https:\/\/univers.tg\/index.php\/wp-json\/wp\/v2\/tags?post=7340"}],"curies":[{"name":"wp","href":"https:\/\/api.w.org\/{rel}","templated":true}]}}