{"id":7352,"date":"2026-03-10T07:32:25","date_gmt":"2026-03-10T07:32:25","guid":{"rendered":"https:\/\/univers.tg\/?p=7352"},"modified":"2026-03-10T10:56:29","modified_gmt":"2026-03-10T10:56:29","slug":"deces-du-senateur-benoit-bitokotipou-yagninim-le-programme-des-obseques-devoile","status":"publish","type":"post","link":"https:\/\/univers.tg\/index.php\/2026\/03\/10\/deces-du-senateur-benoit-bitokotipou-yagninim-le-programme-des-obseques-devoile\/","title":{"rendered":"D\u00e9c\u00e8s du s\u00e9nateur Benoit Bitokotipou Yagninim : le programme des obs\u00e8ques d\u00e9voil\u00e9"},"content":{"rendered":"\n<p><br>La famille du s\u00e9nateur Benoit Bitokotipou Yagninim a rendu public le programme des obs\u00e8ques de l\u2019illustre disparu, d\u00e9c\u00e9d\u00e9 le 15 f\u00e9vrier 2026 \u00e0 l\u2019h\u00f4pital Dogta-Lafia \u00e0 Lom\u00e9 \u00e0 l\u2019\u00e2ge de 84 ans. Sa disparition a suscit\u00e9 une vive \u00e9motion au sein de la classe politique et dans sa communaut\u00e9 d\u2019origine, notamment dans le grand Bassar.<\/p>\n\n\n\n<p><br>Les c\u00e9r\u00e9monies fun\u00e9raires d\u00e9buteront le jeudi 12 mars 2026 \u00e0 Lom\u00e9. Une messe veill\u00e9e sera c\u00e9l\u00e9br\u00e9e de 19h30 \u00e0 21h30 \u00e0 l\u2019\u00e9glise Notre-Dame de la R\u00e9demption de Klikam\u00e9. Elle sera suivie, \u00e0 partir de 22 heures jusqu\u2019\u00e0 l\u2019aube, d\u2019une veill\u00e9e traditionnelle marqu\u00e9e par la danse K\u2019natchoun au domicile du d\u00e9funt, situ\u00e9 \u00e0 H\u00e9dzranawo\u00e9 derri\u00e8re la pharmacie des Lilas.<\/p>\n\n\n\n<p><br>Le vendredi 13 mars, l\u2019exposition du corps est pr\u00e9vue de 6h30 \u00e0 7h00 au domicile du d\u00e9funt \u00e0 H\u00e9dzranawo\u00e9. Les hommages officiels du S\u00e9nat lui seront ensuite rendus de 7h30 \u00e0 9h30. Le d\u00e9part de la d\u00e9pouille pour Gu\u00e9rin-Kouka, dans la pr\u00e9fecture de Dankpen, interviendra \u00e0 10h00.<\/p>\n\n\n\n<p><br>Dans la soir\u00e9e du m\u00eame jour, une messe veill\u00e9e sera c\u00e9l\u00e9br\u00e9e de 19h00 \u00e0 20h30 \u00e0 l\u2019\u00e9glise Notre-Dame de Lourdes de Gu\u00e9rin-Kouka. Les c\u00e9r\u00e9monies se poursuivront par une veill\u00e9e traditionnelle de chants et de danses \u00e0 Bapur\u00e9 Borl\u00e9 \u00e0 partir de 21 heures jusqu\u2019\u00e0 l\u2019aube.<\/p>\n\n\n\n<p><br>.<\/p>\n","protected":false},"excerpt":{"rendered":"<p>La famille du s\u00e9nateur Benoit Bitokotipou Yagninim a rendu public le programme des obs\u00e8ques de l\u2019illustre disparu, d\u00e9c\u00e9d\u00e9 le 15 f\u00e9vrier 2026 \u00e0 l\u2019h\u00f4pital Dogta-Lafia \u00e0 Lom\u00e9 \u00e0 l\u2019\u00e2ge de 84 ans. Sa disparition a suscit\u00e9 une vive \u00e9motion au sein de la classe politique et dans sa communaut\u00e9 d\u2019origine, notamment dans le grand Bassar.<\/p>\n","protected":false},"author":5,"featured_media":7353,"comment_status":"open","ping_status":"open","sticky":false,"template":"","format":"standard","meta":{"footnotes":""},"categories":[529],"tags":[792],"class_list":["post-7352","post","type-post","status-publish","format-standard","has-post-thumbnail","hentry","category-politics","tag-benoit-bitokotipou-yagninim"],"yoast_head":"<!-- This site is optimized with the Yoast SEO plugin v26.4 - https:\/\/yoast.com\/wordpress\/plugins\/seo\/ -->\n<title>D\u00e9c\u00e8s du s\u00e9nateur Benoit Bitokotipou Yagninim : le programme des obs\u00e8ques d\u00e9voil\u00e9 - UNIVERS.TG<\/title>\n<meta name=\"description\" content=\"La famille Yagninim a annonc\u00e9 avec une profonde tristesse le d\u00e9c\u00e8s du s\u00e9nateur Benoit Bitokotipou Yagninim.\" \/>\n<meta name=\"robots\" content=\"index, follow, max-snippet:-1, max-image-preview:large, max-video-preview:-1\" \/>\n<link rel=\"canonical\" href=\"https:\/\/univers.tg\/index.php\/2026\/03\/10\/deces-du-senateur-benoit-bitokotipou-yagninim-le-programme-des-obseques-devoile\/\" \/>\n<meta property=\"og:locale\" content=\"fr_FR\" \/>\n<meta property=\"og:type\" content=\"article\" \/>\n<meta property=\"og:title\" content=\"D\u00e9c\u00e8s du s\u00e9nateur Benoit Bitokotipou Yagninim : le programme des obs\u00e8ques d\u00e9voil\u00e9 - UNIVERS.TG\" \/>\n<meta property=\"og:description\" content=\"La famille Yagninim a annonc\u00e9 avec une profonde tristesse le d\u00e9c\u00e8s du s\u00e9nateur Benoit Bitokotipou Yagninim.\" \/>\n<meta property=\"og:url\" content=\"https:\/\/univers.tg\/index.php\/2026\/03\/10\/deces-du-senateur-benoit-bitokotipou-yagninim-le-programme-des-obseques-devoile\/\" \/>\n<meta property=\"og:site_name\" content=\"UNIVERS.TG\" \/>\n<meta property=\"article:published_time\" content=\"2026-03-10T07:32:25+00:00\" \/>\n<meta property=\"article:modified_time\" content=\"2026-03-10T10:56:29+00:00\" \/>\n<meta property=\"og:image\" content=\"https:\/\/univers.tg\/wp-content\/uploads\/2026\/03\/IMG-20260310-WA0014-1.jpg?wsr\" \/>\n\t<meta property=\"og:image:width\" content=\"959\" \/>\n\t<meta property=\"og:image:height\" content=\"860\" \/>\n\t<meta property=\"og:image:type\" content=\"image\/jpeg\" \/>\n<meta name=\"author\" content=\"Jeremy Ahossou\" \/>\n<meta name=\"twitter:card\" content=\"summary_large_image\" \/>\n<meta name=\"twitter:label1\" content=\"\u00c9crit par\" \/>\n\t<meta name=\"twitter:data1\" content=\"Jeremy Ahossou\" \/>\n\t<meta name=\"twitter:label2\" content=\"Dur\u00e9e de lecture estim\u00e9e\" \/>\n\t<meta name=\"twitter:data2\" content=\"2 minutes\" \/>\n<script type=\"application\/ld+json\" class=\"yoast-schema-graph\">{\"@context\":\"https:\/\/schema.org\",\"@graph\":[{\"@type\":\"WebPage\",\"@id\":\"https:\/\/univers.tg\/index.php\/2026\/03\/10\/deces-du-senateur-benoit-bitokotipou-yagninim-le-programme-des-obseques-devoile\/\",\"url\":\"https:\/\/univers.tg\/index.php\/2026\/03\/10\/deces-du-senateur-benoit-bitokotipou-yagninim-le-programme-des-obseques-devoile\/\",\"name\":\"D\u00e9c\u00e8s du s\u00e9nateur Benoit Bitokotipou Yagninim : le programme des obs\u00e8ques d\u00e9voil\u00e9 - UNIVERS.TG\",\"isPartOf\":{\"@id\":\"https:\/\/univers.tg\/#website\"},\"primaryImageOfPage\":{\"@id\":\"https:\/\/univers.tg\/index.php\/2026\/03\/10\/deces-du-senateur-benoit-bitokotipou-yagninim-le-programme-des-obseques-devoile\/#primaryimage\"},\"image\":{\"@id\":\"https:\/\/univers.tg\/index.php\/2026\/03\/10\/deces-du-senateur-benoit-bitokotipou-yagninim-le-programme-des-obseques-devoile\/#primaryimage\"},\"thumbnailUrl\":\"https:\/\/univers.tg\/wp-content\/uploads\/2026\/03\/IMG-20260310-WA0014-1.jpg?wsr\",\"datePublished\":\"2026-03-10T07:32:25+00:00\",\"dateModified\":\"2026-03-10T10:56:29+00:00\",\"author\":{\"@id\":\"https:\/\/univers.tg\/#\/schema\/person\/7630d7826904ffdd55c0d13d178b97eb\"},\"description\":\"La famille Yagninim a annonc\u00e9 avec une profonde tristesse le d\u00e9c\u00e8s du s\u00e9nateur Benoit Bitokotipou Yagninim.\",\"breadcrumb\":{\"@id\":\"https:\/\/univers.tg\/index.php\/2026\/03\/10\/deces-du-senateur-benoit-bitokotipou-yagninim-le-programme-des-obseques-devoile\/#breadcrumb\"},\"inLanguage\":\"fr-FR\",\"potentialAction\":[{\"@type\":\"ReadAction\",\"target\":[\"https:\/\/univers.tg\/index.php\/2026\/03\/10\/deces-du-senateur-benoit-bitokotipou-yagninim-le-programme-des-obseques-devoile\/\"]}]},{\"@type\":\"ImageObject\",\"inLanguage\":\"fr-FR\",\"@id\":\"https:\/\/univers.tg\/index.php\/2026\/03\/10\/deces-du-senateur-benoit-bitokotipou-yagninim-le-programme-des-obseques-devoile\/#primaryimage\",\"url\":\"https:\/\/univers.tg\/wp-content\/uploads\/2026\/03\/IMG-20260310-WA0014-1.jpg?wsr\",\"contentUrl\":\"https:\/\/univers.tg\/wp-content\/uploads\/2026\/03\/IMG-20260310-WA0014-1.jpg?wsr\",\"width\":959,\"height\":860},{\"@type\":\"BreadcrumbList\",\"@id\":\"https:\/\/univers.tg\/index.php\/2026\/03\/10\/deces-du-senateur-benoit-bitokotipou-yagninim-le-programme-des-obseques-devoile\/#breadcrumb\",\"itemListElement\":[{\"@type\":\"ListItem\",\"position\":1,\"name\":\"Accueil\",\"item\":\"https:\/\/univers.tg\/\"},{\"@type\":\"ListItem\",\"position\":2,\"name\":\"D\u00e9c\u00e8s du s\u00e9nateur Benoit Bitokotipou Yagninim : le programme des obs\u00e8ques d\u00e9voil\u00e9\"}]},{\"@type\":\"WebSite\",\"@id\":\"https:\/\/univers.tg\/#website\",\"url\":\"https:\/\/univers.tg\/\",\"name\":\"UNIVERS.TG\",\"description\":\"AUTORISATION HAAC N\u00b0 0123\/02-2024\/PL\/P\",\"potentialAction\":[{\"@type\":\"SearchAction\",\"target\":{\"@type\":\"EntryPoint\",\"urlTemplate\":\"https:\/\/univers.tg\/?s={search_term_string}\"},\"query-input\":{\"@type\":\"PropertyValueSpecification\",\"valueRequired\":true,\"valueName\":\"search_term_string\"}}],\"inLanguage\":\"fr-FR\"},{\"@type\":\"Person\",\"@id\":\"https:\/\/univers.tg\/#\/schema\/person\/7630d7826904ffdd55c0d13d178b97eb\",\"name\":\"Jeremy Ahossou\",\"image\":{\"@type\":\"ImageObject\",\"inLanguage\":\"fr-FR\",\"@id\":\"https:\/\/univers.tg\/#\/schema\/person\/image\/\",\"url\":\"https:\/\/secure.gravatar.com\/avatar\/b9367486cc4651720458a662d192721c9d7cc1f4afe379e49612ab1a610e08ca?s=96&d=mm&r=g\",\"contentUrl\":\"https:\/\/secure.gravatar.com\/avatar\/b9367486cc4651720458a662d192721c9d7cc1f4afe379e49612ab1a610e08ca?s=96&d=mm&r=g\",\"caption\":\"Jeremy Ahossou\"},\"url\":\"https:\/\/univers.tg\/index.php\/author\/jeremy-ahossou\/\"}]}<\/script>\n<!-- \/ Yoast SEO plugin. -->","yoast_head_json":{"title":"D\u00e9c\u00e8s du s\u00e9nateur Benoit Bitokotipou Yagninim : le programme des obs\u00e8ques d\u00e9voil\u00e9 - UNIVERS.TG","description":"La famille Yagninim a annonc\u00e9 avec une profonde tristesse le d\u00e9c\u00e8s du s\u00e9nateur Benoit Bitokotipou Yagninim.","robots":{"index":"index","follow":"follow","max-snippet":"max-snippet:-1","max-image-preview":"max-image-preview:large","max-video-preview":"max-video-preview:-1"},"canonical":"https:\/\/univers.tg\/index.php\/2026\/03\/10\/deces-du-senateur-benoit-bitokotipou-yagninim-le-programme-des-obseques-devoile\/","og_locale":"fr_FR","og_type":"article","og_title":"D\u00e9c\u00e8s du s\u00e9nateur Benoit Bitokotipou Yagninim : le programme des obs\u00e8ques d\u00e9voil\u00e9 - UNIVERS.TG","og_description":"La famille Yagninim a annonc\u00e9 avec une profonde tristesse le d\u00e9c\u00e8s du s\u00e9nateur Benoit Bitokotipou Yagninim.","og_url":"https:\/\/univers.tg\/index.php\/2026\/03\/10\/deces-du-senateur-benoit-bitokotipou-yagninim-le-programme-des-obseques-devoile\/","og_site_name":"UNIVERS.TG","article_published_time":"2026-03-10T07:32:25+00:00","article_modified_time":"2026-03-10T10:56:29+00:00","og_image":[{"width":959,"height":860,"url":"https:\/\/univers.tg\/wp-content\/uploads\/2026\/03\/IMG-20260310-WA0014-1.jpg?wsr","type":"image\/jpeg"}],"author":"Jeremy Ahossou","twitter_card":"summary_large_image","twitter_misc":{"\u00c9crit par":"Jeremy Ahossou","Dur\u00e9e de lecture estim\u00e9e":"2 minutes"},"schema":{"@context":"https:\/\/schema.org","@graph":[{"@type":"WebPage","@id":"https:\/\/univers.tg\/index.php\/2026\/03\/10\/deces-du-senateur-benoit-bitokotipou-yagninim-le-programme-des-obseques-devoile\/","url":"https:\/\/univers.tg\/index.php\/2026\/03\/10\/deces-du-senateur-benoit-bitokotipou-yagninim-le-programme-des-obseques-devoile\/","name":"D\u00e9c\u00e8s du s\u00e9nateur Benoit Bitokotipou Yagninim : le programme des obs\u00e8ques d\u00e9voil\u00e9 - UNIVERS.TG","isPartOf":{"@id":"https:\/\/univers.tg\/#website"},"primaryImageOfPage":{"@id":"https:\/\/univers.tg\/index.php\/2026\/03\/10\/deces-du-senateur-benoit-bitokotipou-yagninim-le-programme-des-obseques-devoile\/#primaryimage"},"image":{"@id":"https:\/\/univers.tg\/index.php\/2026\/03\/10\/deces-du-senateur-benoit-bitokotipou-yagninim-le-programme-des-obseques-devoile\/#primaryimage"},"thumbnailUrl":"https:\/\/univers.tg\/wp-content\/uploads\/2026\/03\/IMG-20260310-WA0014-1.jpg?wsr","datePublished":"2026-03-10T07:32:25+00:00","dateModified":"2026-03-10T10:56:29+00:00","author":{"@id":"https:\/\/univers.tg\/#\/schema\/person\/7630d7826904ffdd55c0d13d178b97eb"},"description":"La famille Yagninim a annonc\u00e9 avec une profonde tristesse le d\u00e9c\u00e8s du s\u00e9nateur Benoit Bitokotipou Yagninim.","breadcrumb":{"@id":"https:\/\/univers.tg\/index.php\/2026\/03\/10\/deces-du-senateur-benoit-bitokotipou-yagninim-le-programme-des-obseques-devoile\/#breadcrumb"},"inLanguage":"fr-FR","potentialAction":[{"@type":"ReadAction","target":["https:\/\/univers.tg\/index.php\/2026\/03\/10\/deces-du-senateur-benoit-bitokotipou-yagninim-le-programme-des-obseques-devoile\/"]}]},{"@type":"ImageObject","inLanguage":"fr-FR","@id":"https:\/\/univers.tg\/index.php\/2026\/03\/10\/deces-du-senateur-benoit-bitokotipou-yagninim-le-programme-des-obseques-devoile\/#primaryimage","url":"https:\/\/univers.tg\/wp-content\/uploads\/2026\/03\/IMG-20260310-WA0014-1.jpg?wsr","contentUrl":"https:\/\/univers.tg\/wp-content\/uploads\/2026\/03\/IMG-20260310-WA0014-1.jpg?wsr","width":959,"height":860},{"@type":"BreadcrumbList","@id":"https:\/\/univers.tg\/index.php\/2026\/03\/10\/deces-du-senateur-benoit-bitokotipou-yagninim-le-programme-des-obseques-devoile\/#breadcrumb","itemListElement":[{"@type":"ListItem","position":1,"name":"Accueil","item":"https:\/\/univers.tg\/"},{"@type":"ListItem","position":2,"name":"D\u00e9c\u00e8s du s\u00e9nateur Benoit Bitokotipou Yagninim : le programme des obs\u00e8ques d\u00e9voil\u00e9"}]},{"@type":"WebSite","@id":"https:\/\/univers.tg\/#website","url":"https:\/\/univers.tg\/","name":"UNIVERS.TG","description":"AUTORISATION HAAC N\u00b0 0123\/02-2024\/PL\/P","potentialAction":[{"@type":"SearchAction","target":{"@type":"EntryPoint","urlTemplate":"https:\/\/univers.tg\/?s={search_term_string}"},"query-input":{"@type":"PropertyValueSpecification","valueRequired":true,"valueName":"search_term_string"}}],"inLanguage":"fr-FR"},{"@type":"Person","@id":"https:\/\/univers.tg\/#\/schema\/person\/7630d7826904ffdd55c0d13d178b97eb","name":"Jeremy Ahossou","image":{"@type":"ImageObject","inLanguage":"fr-FR","@id":"https:\/\/univers.tg\/#\/schema\/person\/image\/","url":"https:\/\/secure.gravatar.com\/avatar\/b9367486cc4651720458a662d192721c9d7cc1f4afe379e49612ab1a610e08ca?s=96&d=mm&r=g","contentUrl":"https:\/\/secure.gravatar.com\/avatar\/b9367486cc4651720458a662d192721c9d7cc1f4afe379e49612ab1a610e08ca?s=96&d=mm&r=g","caption":"Jeremy Ahossou"},"url":"https:\/\/univers.tg\/index.php\/author\/jeremy-ahossou\/"}]}},"_links":{"self":[{"href":"https:\/\/univers.tg\/index.php\/wp-json\/wp\/v2\/posts\/7352","targetHints":{"allow":["GET"]}}],"collection":[{"href":"https:\/\/univers.tg\/index.php\/wp-json\/wp\/v2\/posts"}],"about":[{"href":"https:\/\/univers.tg\/index.php\/wp-json\/wp\/v2\/types\/post"}],"author":[{"embeddable":true,"href":"https:\/\/univers.tg\/index.php\/wp-json\/wp\/v2\/users\/5"}],"replies":[{"embeddable":true,"href":"https:\/\/univers.tg\/index.php\/wp-json\/wp\/v2\/comments?post=7352"}],"version-history":[{"count":2,"href":"https:\/\/univers.tg\/index.php\/wp-json\/wp\/v2\/posts\/7352\/revisions"}],"predecessor-version":[{"id":7358,"href":"https:\/\/univers.tg\/index.php\/wp-json\/wp\/v2\/posts\/7352\/revisions\/7358"}],"wp:featuredmedia":[{"embeddable":true,"href":"https:\/\/univers.tg\/index.php\/wp-json\/wp\/v2\/media\/7353"}],"wp:attachment":[{"href":"https:\/\/univers.tg\/index.php\/wp-json\/wp\/v2\/media?parent=7352"}],"wp:term":[{"taxonomy":"category","embeddable":true,"href":"https:\/\/univers.tg\/index.php\/wp-json\/wp\/v2\/categories?post=7352"},{"taxonomy":"post_tag","embeddable":true,"href":"https:\/\/univers.tg\/index.php\/wp-json\/wp\/v2\/tags?post=7352"}],"curies":[{"name":"wp","href":"https:\/\/api.w.org\/{rel}","templated":true}]}}