{"id":7355,"date":"2026-03-10T10:49:55","date_gmt":"2026-03-10T10:49:55","guid":{"rendered":"https:\/\/univers.tg\/?p=7355"},"modified":"2026-03-10T10:49:56","modified_gmt":"2026-03-10T10:49:56","slug":"faure-gnassingbe-participe-a-la-danse-inaugurale-de-la-chasse-traditionnelle-a-pya-hodo","status":"publish","type":"post","link":"https:\/\/univers.tg\/index.php\/2026\/03\/10\/faure-gnassingbe-participe-a-la-danse-inaugurale-de-la-chasse-traditionnelle-a-pya-hodo\/","title":{"rendered":"Faure Gnassingb\u00e9 participe \u00e0 la danse inaugurale de la chasse traditionnelle \u00e0 Pya Hodo"},"content":{"rendered":"\n<p><\/p>\n\n\n\n<p>Le Pr\u00e9sident du Conseil, Faure Essozimna Gnassingb\u00e9, a pris part ce lundi 9 mars 2026 \u00e0 Pya Hodo, dans la pr\u00e9fecture de Kozah, \u00e0 la c\u00e9r\u00e9monie marquant le lancement de la chasse traditionnelle en pays Kaby\u00e8. Entour\u00e9 de plusieurs membres du gouvernement et d\u2019autorit\u00e9s politiques, administratives, militaires et traditionnelles, le chef de l\u2019ex\u00e9cutif a ainsi r\u00e9affirm\u00e9 son attachement \u00e0 la pr\u00e9servation et \u00e0 la promotion des valeurs culturelles nationales.<\/p>\n\n\n\n<p>Dans une ambiance anim\u00e9e par des chants et des danses rituelles, des chasseurs venus de diff\u00e9rentes localit\u00e9s de la pr\u00e9fecture ont pr\u00e9sent\u00e9 leurs \u00e9quipements traditionnels ainsi que les produits issus de leurs exp\u00e9ditions. \u00c0 travers leurs prestations et les messages transmis, ils ont mis en avant les vertus de courage, d\u2019endurance et d\u2019adresse qui caract\u00e9risent cette pratique ancestrale, tout en rendant gr\u00e2ce \u00e0 Dieu et aux anc\u00eatres pour la prosp\u00e9rit\u00e9 des r\u00e9coltes et l\u2019harmonie sociale.<\/p>\n\n\n\n<p>Consid\u00e9r\u00e9e comme un moment fort de la tradition locale, cette c\u00e9r\u00e9monie symbolise le lancement officiel de la p\u00e9riode de chasse, qui s\u2019\u00e9tend g\u00e9n\u00e9ralement sur pr\u00e8s d\u2019un mois. Elle intervient \u00e0 la transition entre la saison s\u00e8che et la saison des pluies et marque \u00e9galement, dans certaines communaut\u00e9s, la fin des rites fun\u00e9raires en pays Kaby\u00e8. <\/p>\n\n\n\n<p>La pr\u00e9sence du Pr\u00e9sident du Conseil a \u00e9t\u00e9 salu\u00e9e par les populations, qui ont exprim\u00e9 leur reconnaissance pour les actions en faveur de la paix, de la s\u00e9curit\u00e9 et de la valorisation des traditions.<\/p>\n","protected":false},"excerpt":{"rendered":"<p>Le Pr\u00e9sident du Conseil, Faure Essozimna Gnassingb\u00e9, a pris part ce lundi 9 mars 2026 \u00e0 Pya Hodo, dans la pr\u00e9fecture de Kozah, \u00e0 la c\u00e9r\u00e9monie marquant le lancement de la chasse traditionnelle en pays Kaby\u00e8. Entour\u00e9 de plusieurs membres du gouvernement et d\u2019autorit\u00e9s politiques, administratives, militaires et traditionnelles, le chef de l\u2019ex\u00e9cutif a ainsi<\/p>\n","protected":false},"author":5,"featured_media":7356,"comment_status":"open","ping_status":"open","sticky":false,"template":"","format":"standard","meta":{"footnotes":""},"categories":[1],"tags":[],"class_list":["post-7355","post","type-post","status-publish","format-standard","has-post-thumbnail","hentry","category-culture"],"yoast_head":"<!-- This site is optimized with the Yoast SEO plugin v26.4 - https:\/\/yoast.com\/wordpress\/plugins\/seo\/ -->\n<title>Faure Gnassingb\u00e9 participe \u00e0 la danse inaugurale de la chasse traditionnelle \u00e0 Pya Hodo - UNIVERS.TG<\/title>\n<meta name=\"robots\" content=\"index, follow, max-snippet:-1, max-image-preview:large, max-video-preview:-1\" \/>\n<link rel=\"canonical\" href=\"https:\/\/univers.tg\/index.php\/2026\/03\/10\/faure-gnassingbe-participe-a-la-danse-inaugurale-de-la-chasse-traditionnelle-a-pya-hodo\/\" \/>\n<meta property=\"og:locale\" content=\"fr_FR\" \/>\n<meta property=\"og:type\" content=\"article\" \/>\n<meta property=\"og:title\" content=\"Faure Gnassingb\u00e9 participe \u00e0 la danse inaugurale de la chasse traditionnelle \u00e0 Pya Hodo - UNIVERS.TG\" \/>\n<meta property=\"og:description\" content=\"Le Pr\u00e9sident du Conseil, Faure Essozimna Gnassingb\u00e9, a pris part ce lundi 9 mars 2026 \u00e0 Pya Hodo, dans la pr\u00e9fecture de Kozah, \u00e0 la c\u00e9r\u00e9monie marquant le lancement de la chasse traditionnelle en pays Kaby\u00e8. Entour\u00e9 de plusieurs membres du gouvernement et d\u2019autorit\u00e9s politiques, administratives, militaires et traditionnelles, le chef de l\u2019ex\u00e9cutif a ainsi\" \/>\n<meta property=\"og:url\" content=\"https:\/\/univers.tg\/index.php\/2026\/03\/10\/faure-gnassingbe-participe-a-la-danse-inaugurale-de-la-chasse-traditionnelle-a-pya-hodo\/\" \/>\n<meta property=\"og:site_name\" content=\"UNIVERS.TG\" \/>\n<meta property=\"article:published_time\" content=\"2026-03-10T10:49:55+00:00\" \/>\n<meta property=\"article:modified_time\" content=\"2026-03-10T10:49:56+00:00\" \/>\n<meta property=\"og:image\" content=\"https:\/\/univers.tg\/wp-content\/uploads\/2026\/03\/PIYA.jpeg?wsr\" \/>\n\t<meta property=\"og:image:width\" content=\"780\" \/>\n\t<meta property=\"og:image:height\" content=\"470\" \/>\n\t<meta property=\"og:image:type\" content=\"image\/jpeg\" \/>\n<meta name=\"author\" content=\"Jeremy Ahossou\" \/>\n<meta name=\"twitter:card\" content=\"summary_large_image\" \/>\n<meta name=\"twitter:label1\" content=\"\u00c9crit par\" \/>\n\t<meta name=\"twitter:data1\" content=\"Jeremy Ahossou\" \/>\n\t<meta name=\"twitter:label2\" content=\"Dur\u00e9e de lecture estim\u00e9e\" \/>\n\t<meta name=\"twitter:data2\" content=\"2 minutes\" \/>\n<script type=\"application\/ld+json\" class=\"yoast-schema-graph\">{\"@context\":\"https:\/\/schema.org\",\"@graph\":[{\"@type\":\"WebPage\",\"@id\":\"https:\/\/univers.tg\/index.php\/2026\/03\/10\/faure-gnassingbe-participe-a-la-danse-inaugurale-de-la-chasse-traditionnelle-a-pya-hodo\/\",\"url\":\"https:\/\/univers.tg\/index.php\/2026\/03\/10\/faure-gnassingbe-participe-a-la-danse-inaugurale-de-la-chasse-traditionnelle-a-pya-hodo\/\",\"name\":\"Faure Gnassingb\u00e9 participe \u00e0 la danse inaugurale de la chasse traditionnelle \u00e0 Pya Hodo - UNIVERS.TG\",\"isPartOf\":{\"@id\":\"https:\/\/univers.tg\/#website\"},\"primaryImageOfPage\":{\"@id\":\"https:\/\/univers.tg\/index.php\/2026\/03\/10\/faure-gnassingbe-participe-a-la-danse-inaugurale-de-la-chasse-traditionnelle-a-pya-hodo\/#primaryimage\"},\"image\":{\"@id\":\"https:\/\/univers.tg\/index.php\/2026\/03\/10\/faure-gnassingbe-participe-a-la-danse-inaugurale-de-la-chasse-traditionnelle-a-pya-hodo\/#primaryimage\"},\"thumbnailUrl\":\"https:\/\/univers.tg\/wp-content\/uploads\/2026\/03\/PIYA.jpeg?wsr\",\"datePublished\":\"2026-03-10T10:49:55+00:00\",\"dateModified\":\"2026-03-10T10:49:56+00:00\",\"author\":{\"@id\":\"https:\/\/univers.tg\/#\/schema\/person\/7630d7826904ffdd55c0d13d178b97eb\"},\"breadcrumb\":{\"@id\":\"https:\/\/univers.tg\/index.php\/2026\/03\/10\/faure-gnassingbe-participe-a-la-danse-inaugurale-de-la-chasse-traditionnelle-a-pya-hodo\/#breadcrumb\"},\"inLanguage\":\"fr-FR\",\"potentialAction\":[{\"@type\":\"ReadAction\",\"target\":[\"https:\/\/univers.tg\/index.php\/2026\/03\/10\/faure-gnassingbe-participe-a-la-danse-inaugurale-de-la-chasse-traditionnelle-a-pya-hodo\/\"]}]},{\"@type\":\"ImageObject\",\"inLanguage\":\"fr-FR\",\"@id\":\"https:\/\/univers.tg\/index.php\/2026\/03\/10\/faure-gnassingbe-participe-a-la-danse-inaugurale-de-la-chasse-traditionnelle-a-pya-hodo\/#primaryimage\",\"url\":\"https:\/\/univers.tg\/wp-content\/uploads\/2026\/03\/PIYA.jpeg?wsr\",\"contentUrl\":\"https:\/\/univers.tg\/wp-content\/uploads\/2026\/03\/PIYA.jpeg?wsr\",\"width\":780,\"height\":470},{\"@type\":\"BreadcrumbList\",\"@id\":\"https:\/\/univers.tg\/index.php\/2026\/03\/10\/faure-gnassingbe-participe-a-la-danse-inaugurale-de-la-chasse-traditionnelle-a-pya-hodo\/#breadcrumb\",\"itemListElement\":[{\"@type\":\"ListItem\",\"position\":1,\"name\":\"Accueil\",\"item\":\"https:\/\/univers.tg\/\"},{\"@type\":\"ListItem\",\"position\":2,\"name\":\"Faure Gnassingb\u00e9 participe \u00e0 la danse inaugurale de la chasse traditionnelle \u00e0 Pya Hodo\"}]},{\"@type\":\"WebSite\",\"@id\":\"https:\/\/univers.tg\/#website\",\"url\":\"https:\/\/univers.tg\/\",\"name\":\"UNIVERS.TG\",\"description\":\"AUTORISATION HAAC N\u00b0 0123\/02-2024\/PL\/P\",\"potentialAction\":[{\"@type\":\"SearchAction\",\"target\":{\"@type\":\"EntryPoint\",\"urlTemplate\":\"https:\/\/univers.tg\/?s={search_term_string}\"},\"query-input\":{\"@type\":\"PropertyValueSpecification\",\"valueRequired\":true,\"valueName\":\"search_term_string\"}}],\"inLanguage\":\"fr-FR\"},{\"@type\":\"Person\",\"@id\":\"https:\/\/univers.tg\/#\/schema\/person\/7630d7826904ffdd55c0d13d178b97eb\",\"name\":\"Jeremy Ahossou\",\"image\":{\"@type\":\"ImageObject\",\"inLanguage\":\"fr-FR\",\"@id\":\"https:\/\/univers.tg\/#\/schema\/person\/image\/\",\"url\":\"https:\/\/secure.gravatar.com\/avatar\/b9367486cc4651720458a662d192721c9d7cc1f4afe379e49612ab1a610e08ca?s=96&d=mm&r=g\",\"contentUrl\":\"https:\/\/secure.gravatar.com\/avatar\/b9367486cc4651720458a662d192721c9d7cc1f4afe379e49612ab1a610e08ca?s=96&d=mm&r=g\",\"caption\":\"Jeremy Ahossou\"},\"url\":\"https:\/\/univers.tg\/index.php\/author\/jeremy-ahossou\/\"}]}<\/script>\n<!-- \/ Yoast SEO plugin. -->","yoast_head_json":{"title":"Faure Gnassingb\u00e9 participe \u00e0 la danse inaugurale de la chasse traditionnelle \u00e0 Pya Hodo - UNIVERS.TG","robots":{"index":"index","follow":"follow","max-snippet":"max-snippet:-1","max-image-preview":"max-image-preview:large","max-video-preview":"max-video-preview:-1"},"canonical":"https:\/\/univers.tg\/index.php\/2026\/03\/10\/faure-gnassingbe-participe-a-la-danse-inaugurale-de-la-chasse-traditionnelle-a-pya-hodo\/","og_locale":"fr_FR","og_type":"article","og_title":"Faure Gnassingb\u00e9 participe \u00e0 la danse inaugurale de la chasse traditionnelle \u00e0 Pya Hodo - UNIVERS.TG","og_description":"Le Pr\u00e9sident du Conseil, Faure Essozimna Gnassingb\u00e9, a pris part ce lundi 9 mars 2026 \u00e0 Pya Hodo, dans la pr\u00e9fecture de Kozah, \u00e0 la c\u00e9r\u00e9monie marquant le lancement de la chasse traditionnelle en pays Kaby\u00e8. Entour\u00e9 de plusieurs membres du gouvernement et d\u2019autorit\u00e9s politiques, administratives, militaires et traditionnelles, le chef de l\u2019ex\u00e9cutif a ainsi","og_url":"https:\/\/univers.tg\/index.php\/2026\/03\/10\/faure-gnassingbe-participe-a-la-danse-inaugurale-de-la-chasse-traditionnelle-a-pya-hodo\/","og_site_name":"UNIVERS.TG","article_published_time":"2026-03-10T10:49:55+00:00","article_modified_time":"2026-03-10T10:49:56+00:00","og_image":[{"width":780,"height":470,"url":"https:\/\/univers.tg\/wp-content\/uploads\/2026\/03\/PIYA.jpeg?wsr","type":"image\/jpeg"}],"author":"Jeremy Ahossou","twitter_card":"summary_large_image","twitter_misc":{"\u00c9crit par":"Jeremy Ahossou","Dur\u00e9e de lecture estim\u00e9e":"2 minutes"},"schema":{"@context":"https:\/\/schema.org","@graph":[{"@type":"WebPage","@id":"https:\/\/univers.tg\/index.php\/2026\/03\/10\/faure-gnassingbe-participe-a-la-danse-inaugurale-de-la-chasse-traditionnelle-a-pya-hodo\/","url":"https:\/\/univers.tg\/index.php\/2026\/03\/10\/faure-gnassingbe-participe-a-la-danse-inaugurale-de-la-chasse-traditionnelle-a-pya-hodo\/","name":"Faure Gnassingb\u00e9 participe \u00e0 la danse inaugurale de la chasse traditionnelle \u00e0 Pya Hodo - UNIVERS.TG","isPartOf":{"@id":"https:\/\/univers.tg\/#website"},"primaryImageOfPage":{"@id":"https:\/\/univers.tg\/index.php\/2026\/03\/10\/faure-gnassingbe-participe-a-la-danse-inaugurale-de-la-chasse-traditionnelle-a-pya-hodo\/#primaryimage"},"image":{"@id":"https:\/\/univers.tg\/index.php\/2026\/03\/10\/faure-gnassingbe-participe-a-la-danse-inaugurale-de-la-chasse-traditionnelle-a-pya-hodo\/#primaryimage"},"thumbnailUrl":"https:\/\/univers.tg\/wp-content\/uploads\/2026\/03\/PIYA.jpeg?wsr","datePublished":"2026-03-10T10:49:55+00:00","dateModified":"2026-03-10T10:49:56+00:00","author":{"@id":"https:\/\/univers.tg\/#\/schema\/person\/7630d7826904ffdd55c0d13d178b97eb"},"breadcrumb":{"@id":"https:\/\/univers.tg\/index.php\/2026\/03\/10\/faure-gnassingbe-participe-a-la-danse-inaugurale-de-la-chasse-traditionnelle-a-pya-hodo\/#breadcrumb"},"inLanguage":"fr-FR","potentialAction":[{"@type":"ReadAction","target":["https:\/\/univers.tg\/index.php\/2026\/03\/10\/faure-gnassingbe-participe-a-la-danse-inaugurale-de-la-chasse-traditionnelle-a-pya-hodo\/"]}]},{"@type":"ImageObject","inLanguage":"fr-FR","@id":"https:\/\/univers.tg\/index.php\/2026\/03\/10\/faure-gnassingbe-participe-a-la-danse-inaugurale-de-la-chasse-traditionnelle-a-pya-hodo\/#primaryimage","url":"https:\/\/univers.tg\/wp-content\/uploads\/2026\/03\/PIYA.jpeg?wsr","contentUrl":"https:\/\/univers.tg\/wp-content\/uploads\/2026\/03\/PIYA.jpeg?wsr","width":780,"height":470},{"@type":"BreadcrumbList","@id":"https:\/\/univers.tg\/index.php\/2026\/03\/10\/faure-gnassingbe-participe-a-la-danse-inaugurale-de-la-chasse-traditionnelle-a-pya-hodo\/#breadcrumb","itemListElement":[{"@type":"ListItem","position":1,"name":"Accueil","item":"https:\/\/univers.tg\/"},{"@type":"ListItem","position":2,"name":"Faure Gnassingb\u00e9 participe \u00e0 la danse inaugurale de la chasse traditionnelle \u00e0 Pya Hodo"}]},{"@type":"WebSite","@id":"https:\/\/univers.tg\/#website","url":"https:\/\/univers.tg\/","name":"UNIVERS.TG","description":"AUTORISATION HAAC N\u00b0 0123\/02-2024\/PL\/P","potentialAction":[{"@type":"SearchAction","target":{"@type":"EntryPoint","urlTemplate":"https:\/\/univers.tg\/?s={search_term_string}"},"query-input":{"@type":"PropertyValueSpecification","valueRequired":true,"valueName":"search_term_string"}}],"inLanguage":"fr-FR"},{"@type":"Person","@id":"https:\/\/univers.tg\/#\/schema\/person\/7630d7826904ffdd55c0d13d178b97eb","name":"Jeremy Ahossou","image":{"@type":"ImageObject","inLanguage":"fr-FR","@id":"https:\/\/univers.tg\/#\/schema\/person\/image\/","url":"https:\/\/secure.gravatar.com\/avatar\/b9367486cc4651720458a662d192721c9d7cc1f4afe379e49612ab1a610e08ca?s=96&d=mm&r=g","contentUrl":"https:\/\/secure.gravatar.com\/avatar\/b9367486cc4651720458a662d192721c9d7cc1f4afe379e49612ab1a610e08ca?s=96&d=mm&r=g","caption":"Jeremy Ahossou"},"url":"https:\/\/univers.tg\/index.php\/author\/jeremy-ahossou\/"}]}},"_links":{"self":[{"href":"https:\/\/univers.tg\/index.php\/wp-json\/wp\/v2\/posts\/7355","targetHints":{"allow":["GET"]}}],"collection":[{"href":"https:\/\/univers.tg\/index.php\/wp-json\/wp\/v2\/posts"}],"about":[{"href":"https:\/\/univers.tg\/index.php\/wp-json\/wp\/v2\/types\/post"}],"author":[{"embeddable":true,"href":"https:\/\/univers.tg\/index.php\/wp-json\/wp\/v2\/users\/5"}],"replies":[{"embeddable":true,"href":"https:\/\/univers.tg\/index.php\/wp-json\/wp\/v2\/comments?post=7355"}],"version-history":[{"count":1,"href":"https:\/\/univers.tg\/index.php\/wp-json\/wp\/v2\/posts\/7355\/revisions"}],"predecessor-version":[{"id":7357,"href":"https:\/\/univers.tg\/index.php\/wp-json\/wp\/v2\/posts\/7355\/revisions\/7357"}],"wp:featuredmedia":[{"embeddable":true,"href":"https:\/\/univers.tg\/index.php\/wp-json\/wp\/v2\/media\/7356"}],"wp:attachment":[{"href":"https:\/\/univers.tg\/index.php\/wp-json\/wp\/v2\/media?parent=7355"}],"wp:term":[{"taxonomy":"category","embeddable":true,"href":"https:\/\/univers.tg\/index.php\/wp-json\/wp\/v2\/categories?post=7355"},{"taxonomy":"post_tag","embeddable":true,"href":"https:\/\/univers.tg\/index.php\/wp-json\/wp\/v2\/tags?post=7355"}],"curies":[{"name":"wp","href":"https:\/\/api.w.org\/{rel}","templated":true}]}}