{"id":7360,"date":"2026-03-10T15:04:12","date_gmt":"2026-03-10T15:04:12","guid":{"rendered":"https:\/\/univers.tg\/?p=7360"},"modified":"2026-03-10T15:04:14","modified_gmt":"2026-03-10T15:04:14","slug":"jif-2026-mahamadou-bonkoungou-rend-hommage-a-la-femme-africaine","status":"publish","type":"post","link":"https:\/\/univers.tg\/index.php\/2026\/03\/10\/jif-2026-mahamadou-bonkoungou-rend-hommage-a-la-femme-africaine\/","title":{"rendered":"JIF 2026 : Mahamadou Bonkoungou rend hommage \u00e0 la femme africaine"},"content":{"rendered":"\n<p><br>\u00c0 l\u2019occasion de la Journ\u00e9e internationale des droits des femmes c\u00e9l\u00e9br\u00e9e le 8 mars, le pr\u00e9sident-directeur g\u00e9n\u00e9ral du Groupe EBOMAF, Mahamadou Bonkoungou, a adress\u00e9 un message de reconnaissance et d\u2019encouragement aux femmes, avec une attention particuli\u00e8re port\u00e9e \u00e0 la femme africaine. <\/p>\n\n\n\n<p>Dans sa d\u00e9claration, l\u2019homme d\u2019affaires a salu\u00e9 leur contribution essentielle \u00e0 la stabilit\u00e9 et au d\u00e9veloppement des soci\u00e9t\u00e9s.<br>Il a d\u00e9crit les femmes comme une v\u00e9ritable source de vie, d\u2019amour, de sagesse et de r\u00e9silience. Selon lui, elles d\u00e9montrent au quotidien une capacit\u00e9 remarquable \u00e0 surmonter les \u00e9preuves et \u00e0 poursuivre leurs efforts pour construire l\u2019avenir, malgr\u00e9 les obstacles.<\/p>\n\n\n\n<p><br>Le patron du Groupe EBOMAF a \u00e9galement soulign\u00e9 l\u2019importance de valoriser davantage les comp\u00e9tences et les talents des femmes dans tous les domaines. Pour lui, leur intelligence, leur cr\u00e9ativit\u00e9 et leur courage constituent des atouts majeurs pour impulser le d\u00e9veloppement et transformer positivement les soci\u00e9t\u00e9s africaines.<\/p>\n\n\n\n<p><br>Au-del\u00e0 de cet hommage, la Journ\u00e9e internationale des droits des femmes demeure un moment de mobilisation mondiale en faveur de l\u2019\u00e9galit\u00e9 et de la d\u00e9fense des droits des femmes. Institu\u00e9e par l\u2019Organisation des Nations unies en 1977, cette journ\u00e9e rappelle que la promotion de l\u2019\u00e9galit\u00e9 entre les sexes et la lutte contre les discriminations restent un combat collectif.<\/p>\n\n\n\n<p><\/p>\n","protected":false},"excerpt":{"rendered":"<p>\u00c0 l\u2019occasion de la Journ\u00e9e internationale des droits des femmes c\u00e9l\u00e9br\u00e9e le 8 mars, le pr\u00e9sident-directeur g\u00e9n\u00e9ral du Groupe EBOMAF, Mahamadou Bonkoungou, a adress\u00e9 un message de reconnaissance et d\u2019encouragement aux femmes, avec une attention particuli\u00e8re port\u00e9e \u00e0 la femme africaine. Dans sa d\u00e9claration, l\u2019homme d\u2019affaires a salu\u00e9 leur contribution essentielle \u00e0 la stabilit\u00e9 et<\/p>\n","protected":false},"author":5,"featured_media":7361,"comment_status":"open","ping_status":"open","sticky":false,"template":"","format":"standard","meta":{"footnotes":""},"categories":[3],"tags":[],"class_list":["post-7360","post","type-post","status-publish","format-standard","has-post-thumbnail","hentry","category-societe"],"yoast_head":"<!-- This site is optimized with the Yoast SEO plugin v26.4 - https:\/\/yoast.com\/wordpress\/plugins\/seo\/ -->\n<title>JIF 2026 : Mahamadou Bonkoungou rend hommage \u00e0 la femme africaine - UNIVERS.TG<\/title>\n<meta name=\"robots\" content=\"index, follow, max-snippet:-1, max-image-preview:large, max-video-preview:-1\" \/>\n<link rel=\"canonical\" href=\"https:\/\/univers.tg\/index.php\/2026\/03\/10\/jif-2026-mahamadou-bonkoungou-rend-hommage-a-la-femme-africaine\/\" \/>\n<meta property=\"og:locale\" content=\"fr_FR\" \/>\n<meta property=\"og:type\" content=\"article\" \/>\n<meta property=\"og:title\" content=\"JIF 2026 : Mahamadou Bonkoungou rend hommage \u00e0 la femme africaine - UNIVERS.TG\" \/>\n<meta property=\"og:description\" content=\"\u00c0 l\u2019occasion de la Journ\u00e9e internationale des droits des femmes c\u00e9l\u00e9br\u00e9e le 8 mars, le pr\u00e9sident-directeur g\u00e9n\u00e9ral du Groupe EBOMAF, Mahamadou Bonkoungou, a adress\u00e9 un message de reconnaissance et d\u2019encouragement aux femmes, avec une attention particuli\u00e8re port\u00e9e \u00e0 la femme africaine. Dans sa d\u00e9claration, l\u2019homme d\u2019affaires a salu\u00e9 leur contribution essentielle \u00e0 la stabilit\u00e9 et\" \/>\n<meta property=\"og:url\" content=\"https:\/\/univers.tg\/index.php\/2026\/03\/10\/jif-2026-mahamadou-bonkoungou-rend-hommage-a-la-femme-africaine\/\" \/>\n<meta property=\"og:site_name\" content=\"UNIVERS.TG\" \/>\n<meta property=\"article:published_time\" content=\"2026-03-10T15:04:12+00:00\" \/>\n<meta property=\"article:modified_time\" content=\"2026-03-10T15:04:14+00:00\" \/>\n<meta property=\"og:image\" content=\"https:\/\/univers.tg\/wp-content\/uploads\/2026\/03\/IMG-20250224-WA0003-768x8062-1-1.jpg?wsr\" \/>\n\t<meta property=\"og:image:width\" content=\"768\" \/>\n\t<meta property=\"og:image:height\" content=\"660\" \/>\n\t<meta property=\"og:image:type\" content=\"image\/jpeg\" \/>\n<meta name=\"author\" content=\"Jeremy Ahossou\" \/>\n<meta name=\"twitter:card\" content=\"summary_large_image\" \/>\n<meta name=\"twitter:label1\" content=\"\u00c9crit par\" \/>\n\t<meta name=\"twitter:data1\" content=\"Jeremy Ahossou\" \/>\n\t<meta name=\"twitter:label2\" content=\"Dur\u00e9e de lecture estim\u00e9e\" \/>\n\t<meta name=\"twitter:data2\" content=\"2 minutes\" \/>\n<script type=\"application\/ld+json\" class=\"yoast-schema-graph\">{\"@context\":\"https:\/\/schema.org\",\"@graph\":[{\"@type\":\"WebPage\",\"@id\":\"https:\/\/univers.tg\/index.php\/2026\/03\/10\/jif-2026-mahamadou-bonkoungou-rend-hommage-a-la-femme-africaine\/\",\"url\":\"https:\/\/univers.tg\/index.php\/2026\/03\/10\/jif-2026-mahamadou-bonkoungou-rend-hommage-a-la-femme-africaine\/\",\"name\":\"JIF 2026 : Mahamadou Bonkoungou rend hommage \u00e0 la femme africaine - UNIVERS.TG\",\"isPartOf\":{\"@id\":\"https:\/\/univers.tg\/#website\"},\"primaryImageOfPage\":{\"@id\":\"https:\/\/univers.tg\/index.php\/2026\/03\/10\/jif-2026-mahamadou-bonkoungou-rend-hommage-a-la-femme-africaine\/#primaryimage\"},\"image\":{\"@id\":\"https:\/\/univers.tg\/index.php\/2026\/03\/10\/jif-2026-mahamadou-bonkoungou-rend-hommage-a-la-femme-africaine\/#primaryimage\"},\"thumbnailUrl\":\"https:\/\/univers.tg\/wp-content\/uploads\/2026\/03\/IMG-20250224-WA0003-768x8062-1-1.jpg?wsr\",\"datePublished\":\"2026-03-10T15:04:12+00:00\",\"dateModified\":\"2026-03-10T15:04:14+00:00\",\"author\":{\"@id\":\"https:\/\/univers.tg\/#\/schema\/person\/7630d7826904ffdd55c0d13d178b97eb\"},\"breadcrumb\":{\"@id\":\"https:\/\/univers.tg\/index.php\/2026\/03\/10\/jif-2026-mahamadou-bonkoungou-rend-hommage-a-la-femme-africaine\/#breadcrumb\"},\"inLanguage\":\"fr-FR\",\"potentialAction\":[{\"@type\":\"ReadAction\",\"target\":[\"https:\/\/univers.tg\/index.php\/2026\/03\/10\/jif-2026-mahamadou-bonkoungou-rend-hommage-a-la-femme-africaine\/\"]}]},{\"@type\":\"ImageObject\",\"inLanguage\":\"fr-FR\",\"@id\":\"https:\/\/univers.tg\/index.php\/2026\/03\/10\/jif-2026-mahamadou-bonkoungou-rend-hommage-a-la-femme-africaine\/#primaryimage\",\"url\":\"https:\/\/univers.tg\/wp-content\/uploads\/2026\/03\/IMG-20250224-WA0003-768x8062-1-1.jpg?wsr\",\"contentUrl\":\"https:\/\/univers.tg\/wp-content\/uploads\/2026\/03\/IMG-20250224-WA0003-768x8062-1-1.jpg?wsr\",\"width\":768,\"height\":660},{\"@type\":\"BreadcrumbList\",\"@id\":\"https:\/\/univers.tg\/index.php\/2026\/03\/10\/jif-2026-mahamadou-bonkoungou-rend-hommage-a-la-femme-africaine\/#breadcrumb\",\"itemListElement\":[{\"@type\":\"ListItem\",\"position\":1,\"name\":\"Accueil\",\"item\":\"https:\/\/univers.tg\/\"},{\"@type\":\"ListItem\",\"position\":2,\"name\":\"JIF 2026 : Mahamadou Bonkoungou rend hommage \u00e0 la femme africaine\"}]},{\"@type\":\"WebSite\",\"@id\":\"https:\/\/univers.tg\/#website\",\"url\":\"https:\/\/univers.tg\/\",\"name\":\"UNIVERS.TG\",\"description\":\"AUTORISATION HAAC N\u00b0 0123\/02-2024\/PL\/P\",\"potentialAction\":[{\"@type\":\"SearchAction\",\"target\":{\"@type\":\"EntryPoint\",\"urlTemplate\":\"https:\/\/univers.tg\/?s={search_term_string}\"},\"query-input\":{\"@type\":\"PropertyValueSpecification\",\"valueRequired\":true,\"valueName\":\"search_term_string\"}}],\"inLanguage\":\"fr-FR\"},{\"@type\":\"Person\",\"@id\":\"https:\/\/univers.tg\/#\/schema\/person\/7630d7826904ffdd55c0d13d178b97eb\",\"name\":\"Jeremy Ahossou\",\"image\":{\"@type\":\"ImageObject\",\"inLanguage\":\"fr-FR\",\"@id\":\"https:\/\/univers.tg\/#\/schema\/person\/image\/\",\"url\":\"https:\/\/secure.gravatar.com\/avatar\/b9367486cc4651720458a662d192721c9d7cc1f4afe379e49612ab1a610e08ca?s=96&d=mm&r=g\",\"contentUrl\":\"https:\/\/secure.gravatar.com\/avatar\/b9367486cc4651720458a662d192721c9d7cc1f4afe379e49612ab1a610e08ca?s=96&d=mm&r=g\",\"caption\":\"Jeremy Ahossou\"},\"url\":\"https:\/\/univers.tg\/index.php\/author\/jeremy-ahossou\/\"}]}<\/script>\n<!-- \/ Yoast SEO plugin. -->","yoast_head_json":{"title":"JIF 2026 : Mahamadou Bonkoungou rend hommage \u00e0 la femme africaine - UNIVERS.TG","robots":{"index":"index","follow":"follow","max-snippet":"max-snippet:-1","max-image-preview":"max-image-preview:large","max-video-preview":"max-video-preview:-1"},"canonical":"https:\/\/univers.tg\/index.php\/2026\/03\/10\/jif-2026-mahamadou-bonkoungou-rend-hommage-a-la-femme-africaine\/","og_locale":"fr_FR","og_type":"article","og_title":"JIF 2026 : Mahamadou Bonkoungou rend hommage \u00e0 la femme africaine - UNIVERS.TG","og_description":"\u00c0 l\u2019occasion de la Journ\u00e9e internationale des droits des femmes c\u00e9l\u00e9br\u00e9e le 8 mars, le pr\u00e9sident-directeur g\u00e9n\u00e9ral du Groupe EBOMAF, Mahamadou Bonkoungou, a adress\u00e9 un message de reconnaissance et d\u2019encouragement aux femmes, avec une attention particuli\u00e8re port\u00e9e \u00e0 la femme africaine. Dans sa d\u00e9claration, l\u2019homme d\u2019affaires a salu\u00e9 leur contribution essentielle \u00e0 la stabilit\u00e9 et","og_url":"https:\/\/univers.tg\/index.php\/2026\/03\/10\/jif-2026-mahamadou-bonkoungou-rend-hommage-a-la-femme-africaine\/","og_site_name":"UNIVERS.TG","article_published_time":"2026-03-10T15:04:12+00:00","article_modified_time":"2026-03-10T15:04:14+00:00","og_image":[{"width":768,"height":660,"url":"https:\/\/univers.tg\/wp-content\/uploads\/2026\/03\/IMG-20250224-WA0003-768x8062-1-1.jpg?wsr","type":"image\/jpeg"}],"author":"Jeremy Ahossou","twitter_card":"summary_large_image","twitter_misc":{"\u00c9crit par":"Jeremy Ahossou","Dur\u00e9e de lecture estim\u00e9e":"2 minutes"},"schema":{"@context":"https:\/\/schema.org","@graph":[{"@type":"WebPage","@id":"https:\/\/univers.tg\/index.php\/2026\/03\/10\/jif-2026-mahamadou-bonkoungou-rend-hommage-a-la-femme-africaine\/","url":"https:\/\/univers.tg\/index.php\/2026\/03\/10\/jif-2026-mahamadou-bonkoungou-rend-hommage-a-la-femme-africaine\/","name":"JIF 2026 : Mahamadou Bonkoungou rend hommage \u00e0 la femme africaine - UNIVERS.TG","isPartOf":{"@id":"https:\/\/univers.tg\/#website"},"primaryImageOfPage":{"@id":"https:\/\/univers.tg\/index.php\/2026\/03\/10\/jif-2026-mahamadou-bonkoungou-rend-hommage-a-la-femme-africaine\/#primaryimage"},"image":{"@id":"https:\/\/univers.tg\/index.php\/2026\/03\/10\/jif-2026-mahamadou-bonkoungou-rend-hommage-a-la-femme-africaine\/#primaryimage"},"thumbnailUrl":"https:\/\/univers.tg\/wp-content\/uploads\/2026\/03\/IMG-20250224-WA0003-768x8062-1-1.jpg?wsr","datePublished":"2026-03-10T15:04:12+00:00","dateModified":"2026-03-10T15:04:14+00:00","author":{"@id":"https:\/\/univers.tg\/#\/schema\/person\/7630d7826904ffdd55c0d13d178b97eb"},"breadcrumb":{"@id":"https:\/\/univers.tg\/index.php\/2026\/03\/10\/jif-2026-mahamadou-bonkoungou-rend-hommage-a-la-femme-africaine\/#breadcrumb"},"inLanguage":"fr-FR","potentialAction":[{"@type":"ReadAction","target":["https:\/\/univers.tg\/index.php\/2026\/03\/10\/jif-2026-mahamadou-bonkoungou-rend-hommage-a-la-femme-africaine\/"]}]},{"@type":"ImageObject","inLanguage":"fr-FR","@id":"https:\/\/univers.tg\/index.php\/2026\/03\/10\/jif-2026-mahamadou-bonkoungou-rend-hommage-a-la-femme-africaine\/#primaryimage","url":"https:\/\/univers.tg\/wp-content\/uploads\/2026\/03\/IMG-20250224-WA0003-768x8062-1-1.jpg?wsr","contentUrl":"https:\/\/univers.tg\/wp-content\/uploads\/2026\/03\/IMG-20250224-WA0003-768x8062-1-1.jpg?wsr","width":768,"height":660},{"@type":"BreadcrumbList","@id":"https:\/\/univers.tg\/index.php\/2026\/03\/10\/jif-2026-mahamadou-bonkoungou-rend-hommage-a-la-femme-africaine\/#breadcrumb","itemListElement":[{"@type":"ListItem","position":1,"name":"Accueil","item":"https:\/\/univers.tg\/"},{"@type":"ListItem","position":2,"name":"JIF 2026 : Mahamadou Bonkoungou rend hommage \u00e0 la femme africaine"}]},{"@type":"WebSite","@id":"https:\/\/univers.tg\/#website","url":"https:\/\/univers.tg\/","name":"UNIVERS.TG","description":"AUTORISATION HAAC N\u00b0 0123\/02-2024\/PL\/P","potentialAction":[{"@type":"SearchAction","target":{"@type":"EntryPoint","urlTemplate":"https:\/\/univers.tg\/?s={search_term_string}"},"query-input":{"@type":"PropertyValueSpecification","valueRequired":true,"valueName":"search_term_string"}}],"inLanguage":"fr-FR"},{"@type":"Person","@id":"https:\/\/univers.tg\/#\/schema\/person\/7630d7826904ffdd55c0d13d178b97eb","name":"Jeremy Ahossou","image":{"@type":"ImageObject","inLanguage":"fr-FR","@id":"https:\/\/univers.tg\/#\/schema\/person\/image\/","url":"https:\/\/secure.gravatar.com\/avatar\/b9367486cc4651720458a662d192721c9d7cc1f4afe379e49612ab1a610e08ca?s=96&d=mm&r=g","contentUrl":"https:\/\/secure.gravatar.com\/avatar\/b9367486cc4651720458a662d192721c9d7cc1f4afe379e49612ab1a610e08ca?s=96&d=mm&r=g","caption":"Jeremy Ahossou"},"url":"https:\/\/univers.tg\/index.php\/author\/jeremy-ahossou\/"}]}},"_links":{"self":[{"href":"https:\/\/univers.tg\/index.php\/wp-json\/wp\/v2\/posts\/7360","targetHints":{"allow":["GET"]}}],"collection":[{"href":"https:\/\/univers.tg\/index.php\/wp-json\/wp\/v2\/posts"}],"about":[{"href":"https:\/\/univers.tg\/index.php\/wp-json\/wp\/v2\/types\/post"}],"author":[{"embeddable":true,"href":"https:\/\/univers.tg\/index.php\/wp-json\/wp\/v2\/users\/5"}],"replies":[{"embeddable":true,"href":"https:\/\/univers.tg\/index.php\/wp-json\/wp\/v2\/comments?post=7360"}],"version-history":[{"count":1,"href":"https:\/\/univers.tg\/index.php\/wp-json\/wp\/v2\/posts\/7360\/revisions"}],"predecessor-version":[{"id":7362,"href":"https:\/\/univers.tg\/index.php\/wp-json\/wp\/v2\/posts\/7360\/revisions\/7362"}],"wp:featuredmedia":[{"embeddable":true,"href":"https:\/\/univers.tg\/index.php\/wp-json\/wp\/v2\/media\/7361"}],"wp:attachment":[{"href":"https:\/\/univers.tg\/index.php\/wp-json\/wp\/v2\/media?parent=7360"}],"wp:term":[{"taxonomy":"category","embeddable":true,"href":"https:\/\/univers.tg\/index.php\/wp-json\/wp\/v2\/categories?post=7360"},{"taxonomy":"post_tag","embeddable":true,"href":"https:\/\/univers.tg\/index.php\/wp-json\/wp\/v2\/tags?post=7360"}],"curies":[{"name":"wp","href":"https:\/\/api.w.org\/{rel}","templated":true}]}}