{"id":7368,"date":"2026-03-10T19:35:23","date_gmt":"2026-03-10T19:35:23","guid":{"rendered":"https:\/\/univers.tg\/?p=7368"},"modified":"2026-03-10T19:35:24","modified_gmt":"2026-03-10T19:35:24","slug":"togo-deces-de-lexpert-en-gouvernance-locale-pascal-edoh-agbove","status":"publish","type":"post","link":"https:\/\/univers.tg\/index.php\/2026\/03\/10\/togo-deces-de-lexpert-en-gouvernance-locale-pascal-edoh-agbove\/","title":{"rendered":"Togo : d\u00e9c\u00e8s de l\u2019expert en gouvernance locale Pascal Edoh Agbov\u00e9"},"content":{"rendered":"\n<p><\/p>\n\n\n\n<p><br>Le Togo est en deuil apr\u00e8s la disparition du Dr Pascal Edoh Agbov\u00e9, survenue ce mardi 10 mars 2026 \u00e0 la suite d\u2019un malaise. L\u2019annonce de sa mort a suscit\u00e9 une vive \u00e9motion dans plusieurs milieux professionnels et associatifs du pays. Il s\u2019est \u00e9teint au CHU Sylvanus Olympio, laissant derri\u00e8re lui l\u2019image d\u2019un acteur engag\u00e9 dans la promotion du d\u00e9veloppement local et de la gouvernance participative.<\/p>\n\n\n\n<p><br>D&rsquo;apr\u00e8s nos confr\u00e8res du site auxnouvelles, la nouvelle a \u00e9t\u00e9 rendue publique sur la plateforme WhatsApp \u00ab L\u2019\u00c9claireur \u00bb, un espace d\u2019\u00e9changes qu\u2019il avait lui-m\u00eame initi\u00e9 et administr\u00e9. Dans le message diffus\u00e9, ses proches collaborateurs ont salu\u00e9 la m\u00e9moire d\u2019un homme reconnu pour son expertise et son engagement dans les questions li\u00e9es \u00e0 la d\u00e9centralisation, \u00e0 l\u2019entrepreneuriat et \u00e0 l\u2019accompagnement des initiatives de d\u00e9veloppement.<\/p>\n\n\n\n<p><br>Au cours de sa carri\u00e8re, Pascal Edoh Agbov\u00e9 a occup\u00e9 plusieurs responsabilit\u00e9s au sein d\u2019organisations et d\u2019institutions \u0153uvrant pour l\u2019essor socio-\u00e9conomique du pays. Directeur ex\u00e9cutif de l\u2019ONG IJD, dirigeant du cabinet SIM-Afrique et promoteur d\u2019initiatives d\u00e9di\u00e9es au d\u00e9veloppement \u00e9conomique local.<\/p>\n\n\n\n<p>Il s\u2019est distingu\u00e9 par son implication dans la formation des jeunes et la promotion de l\u2019entrepreneuriat, laissant une empreinte durable dans les milieux du d\u00e9veloppement au Togo.<\/p>\n\n\n\n<p><\/p>\n","protected":false},"excerpt":{"rendered":"<p>Le Togo est en deuil apr\u00e8s la disparition du Dr Pascal Edoh Agbov\u00e9, survenue ce mardi 10 mars 2026 \u00e0 la suite d\u2019un malaise. L\u2019annonce de sa mort a suscit\u00e9 une vive \u00e9motion dans plusieurs milieux professionnels et associatifs du pays. Il s\u2019est \u00e9teint au CHU Sylvanus Olympio, laissant derri\u00e8re lui l\u2019image d\u2019un acteur engag\u00e9<\/p>\n","protected":false},"author":5,"featured_media":7369,"comment_status":"open","ping_status":"open","sticky":false,"template":"","format":"standard","meta":{"footnotes":""},"categories":[3],"tags":[],"class_list":["post-7368","post","type-post","status-publish","format-standard","has-post-thumbnail","hentry","category-societe"],"yoast_head":"<!-- This site is optimized with the Yoast SEO plugin v26.4 - https:\/\/yoast.com\/wordpress\/plugins\/seo\/ -->\n<title>Togo : d\u00e9c\u00e8s de l\u2019expert en gouvernance locale Pascal Edoh Agbov\u00e9 - UNIVERS.TG<\/title>\n<meta name=\"robots\" content=\"index, follow, max-snippet:-1, max-image-preview:large, max-video-preview:-1\" \/>\n<link rel=\"canonical\" href=\"https:\/\/univers.tg\/index.php\/2026\/03\/10\/togo-deces-de-lexpert-en-gouvernance-locale-pascal-edoh-agbove\/\" \/>\n<meta property=\"og:locale\" content=\"fr_FR\" \/>\n<meta property=\"og:type\" content=\"article\" \/>\n<meta property=\"og:title\" content=\"Togo : d\u00e9c\u00e8s de l\u2019expert en gouvernance locale Pascal Edoh Agbov\u00e9 - UNIVERS.TG\" \/>\n<meta property=\"og:description\" content=\"Le Togo est en deuil apr\u00e8s la disparition du Dr Pascal Edoh Agbov\u00e9, survenue ce mardi 10 mars 2026 \u00e0 la suite d\u2019un malaise. L\u2019annonce de sa mort a suscit\u00e9 une vive \u00e9motion dans plusieurs milieux professionnels et associatifs du pays. Il s\u2019est \u00e9teint au CHU Sylvanus Olympio, laissant derri\u00e8re lui l\u2019image d\u2019un acteur engag\u00e9\" \/>\n<meta property=\"og:url\" content=\"https:\/\/univers.tg\/index.php\/2026\/03\/10\/togo-deces-de-lexpert-en-gouvernance-locale-pascal-edoh-agbove\/\" \/>\n<meta property=\"og:site_name\" content=\"UNIVERS.TG\" \/>\n<meta property=\"article:published_time\" content=\"2026-03-10T19:35:23+00:00\" \/>\n<meta property=\"article:modified_time\" content=\"2026-03-10T19:35:24+00:00\" \/>\n<meta property=\"og:image\" content=\"https:\/\/univers.tg\/wp-content\/uploads\/2026\/03\/il-ne-faut-pas-bacler-l-organisation-des-regionales_i1920-1.jpg?wsr\" \/>\n\t<meta property=\"og:image:width\" content=\"1920\" \/>\n\t<meta property=\"og:image:height\" content=\"1080\" \/>\n\t<meta property=\"og:image:type\" content=\"image\/jpeg\" \/>\n<meta name=\"author\" content=\"Jeremy Ahossou\" \/>\n<meta name=\"twitter:card\" content=\"summary_large_image\" \/>\n<meta name=\"twitter:label1\" content=\"\u00c9crit par\" \/>\n\t<meta name=\"twitter:data1\" content=\"Jeremy Ahossou\" \/>\n\t<meta name=\"twitter:label2\" content=\"Dur\u00e9e de lecture estim\u00e9e\" \/>\n\t<meta name=\"twitter:data2\" content=\"2 minutes\" \/>\n<script type=\"application\/ld+json\" class=\"yoast-schema-graph\">{\"@context\":\"https:\/\/schema.org\",\"@graph\":[{\"@type\":\"WebPage\",\"@id\":\"https:\/\/univers.tg\/index.php\/2026\/03\/10\/togo-deces-de-lexpert-en-gouvernance-locale-pascal-edoh-agbove\/\",\"url\":\"https:\/\/univers.tg\/index.php\/2026\/03\/10\/togo-deces-de-lexpert-en-gouvernance-locale-pascal-edoh-agbove\/\",\"name\":\"Togo : d\u00e9c\u00e8s de l\u2019expert en gouvernance locale Pascal Edoh Agbov\u00e9 - UNIVERS.TG\",\"isPartOf\":{\"@id\":\"https:\/\/univers.tg\/#website\"},\"primaryImageOfPage\":{\"@id\":\"https:\/\/univers.tg\/index.php\/2026\/03\/10\/togo-deces-de-lexpert-en-gouvernance-locale-pascal-edoh-agbove\/#primaryimage\"},\"image\":{\"@id\":\"https:\/\/univers.tg\/index.php\/2026\/03\/10\/togo-deces-de-lexpert-en-gouvernance-locale-pascal-edoh-agbove\/#primaryimage\"},\"thumbnailUrl\":\"https:\/\/univers.tg\/wp-content\/uploads\/2026\/03\/il-ne-faut-pas-bacler-l-organisation-des-regionales_i1920-1.jpg?wsr\",\"datePublished\":\"2026-03-10T19:35:23+00:00\",\"dateModified\":\"2026-03-10T19:35:24+00:00\",\"author\":{\"@id\":\"https:\/\/univers.tg\/#\/schema\/person\/7630d7826904ffdd55c0d13d178b97eb\"},\"breadcrumb\":{\"@id\":\"https:\/\/univers.tg\/index.php\/2026\/03\/10\/togo-deces-de-lexpert-en-gouvernance-locale-pascal-edoh-agbove\/#breadcrumb\"},\"inLanguage\":\"fr-FR\",\"potentialAction\":[{\"@type\":\"ReadAction\",\"target\":[\"https:\/\/univers.tg\/index.php\/2026\/03\/10\/togo-deces-de-lexpert-en-gouvernance-locale-pascal-edoh-agbove\/\"]}]},{\"@type\":\"ImageObject\",\"inLanguage\":\"fr-FR\",\"@id\":\"https:\/\/univers.tg\/index.php\/2026\/03\/10\/togo-deces-de-lexpert-en-gouvernance-locale-pascal-edoh-agbove\/#primaryimage\",\"url\":\"https:\/\/univers.tg\/wp-content\/uploads\/2026\/03\/il-ne-faut-pas-bacler-l-organisation-des-regionales_i1920-1.jpg?wsr\",\"contentUrl\":\"https:\/\/univers.tg\/wp-content\/uploads\/2026\/03\/il-ne-faut-pas-bacler-l-organisation-des-regionales_i1920-1.jpg?wsr\",\"width\":1920,\"height\":1080},{\"@type\":\"BreadcrumbList\",\"@id\":\"https:\/\/univers.tg\/index.php\/2026\/03\/10\/togo-deces-de-lexpert-en-gouvernance-locale-pascal-edoh-agbove\/#breadcrumb\",\"itemListElement\":[{\"@type\":\"ListItem\",\"position\":1,\"name\":\"Accueil\",\"item\":\"https:\/\/univers.tg\/\"},{\"@type\":\"ListItem\",\"position\":2,\"name\":\"Togo : d\u00e9c\u00e8s de l\u2019expert en gouvernance locale Pascal Edoh Agbov\u00e9\"}]},{\"@type\":\"WebSite\",\"@id\":\"https:\/\/univers.tg\/#website\",\"url\":\"https:\/\/univers.tg\/\",\"name\":\"UNIVERS.TG\",\"description\":\"AUTORISATION HAAC N\u00b0 0123\/02-2024\/PL\/P\",\"potentialAction\":[{\"@type\":\"SearchAction\",\"target\":{\"@type\":\"EntryPoint\",\"urlTemplate\":\"https:\/\/univers.tg\/?s={search_term_string}\"},\"query-input\":{\"@type\":\"PropertyValueSpecification\",\"valueRequired\":true,\"valueName\":\"search_term_string\"}}],\"inLanguage\":\"fr-FR\"},{\"@type\":\"Person\",\"@id\":\"https:\/\/univers.tg\/#\/schema\/person\/7630d7826904ffdd55c0d13d178b97eb\",\"name\":\"Jeremy Ahossou\",\"image\":{\"@type\":\"ImageObject\",\"inLanguage\":\"fr-FR\",\"@id\":\"https:\/\/univers.tg\/#\/schema\/person\/image\/\",\"url\":\"https:\/\/secure.gravatar.com\/avatar\/b9367486cc4651720458a662d192721c9d7cc1f4afe379e49612ab1a610e08ca?s=96&d=mm&r=g\",\"contentUrl\":\"https:\/\/secure.gravatar.com\/avatar\/b9367486cc4651720458a662d192721c9d7cc1f4afe379e49612ab1a610e08ca?s=96&d=mm&r=g\",\"caption\":\"Jeremy Ahossou\"},\"url\":\"https:\/\/univers.tg\/index.php\/author\/jeremy-ahossou\/\"}]}<\/script>\n<!-- \/ Yoast SEO plugin. -->","yoast_head_json":{"title":"Togo : d\u00e9c\u00e8s de l\u2019expert en gouvernance locale Pascal Edoh Agbov\u00e9 - UNIVERS.TG","robots":{"index":"index","follow":"follow","max-snippet":"max-snippet:-1","max-image-preview":"max-image-preview:large","max-video-preview":"max-video-preview:-1"},"canonical":"https:\/\/univers.tg\/index.php\/2026\/03\/10\/togo-deces-de-lexpert-en-gouvernance-locale-pascal-edoh-agbove\/","og_locale":"fr_FR","og_type":"article","og_title":"Togo : d\u00e9c\u00e8s de l\u2019expert en gouvernance locale Pascal Edoh Agbov\u00e9 - UNIVERS.TG","og_description":"Le Togo est en deuil apr\u00e8s la disparition du Dr Pascal Edoh Agbov\u00e9, survenue ce mardi 10 mars 2026 \u00e0 la suite d\u2019un malaise. L\u2019annonce de sa mort a suscit\u00e9 une vive \u00e9motion dans plusieurs milieux professionnels et associatifs du pays. Il s\u2019est \u00e9teint au CHU Sylvanus Olympio, laissant derri\u00e8re lui l\u2019image d\u2019un acteur engag\u00e9","og_url":"https:\/\/univers.tg\/index.php\/2026\/03\/10\/togo-deces-de-lexpert-en-gouvernance-locale-pascal-edoh-agbove\/","og_site_name":"UNIVERS.TG","article_published_time":"2026-03-10T19:35:23+00:00","article_modified_time":"2026-03-10T19:35:24+00:00","og_image":[{"width":1920,"height":1080,"url":"https:\/\/univers.tg\/wp-content\/uploads\/2026\/03\/il-ne-faut-pas-bacler-l-organisation-des-regionales_i1920-1.jpg?wsr","type":"image\/jpeg"}],"author":"Jeremy Ahossou","twitter_card":"summary_large_image","twitter_misc":{"\u00c9crit par":"Jeremy Ahossou","Dur\u00e9e de lecture estim\u00e9e":"2 minutes"},"schema":{"@context":"https:\/\/schema.org","@graph":[{"@type":"WebPage","@id":"https:\/\/univers.tg\/index.php\/2026\/03\/10\/togo-deces-de-lexpert-en-gouvernance-locale-pascal-edoh-agbove\/","url":"https:\/\/univers.tg\/index.php\/2026\/03\/10\/togo-deces-de-lexpert-en-gouvernance-locale-pascal-edoh-agbove\/","name":"Togo : d\u00e9c\u00e8s de l\u2019expert en gouvernance locale Pascal Edoh Agbov\u00e9 - UNIVERS.TG","isPartOf":{"@id":"https:\/\/univers.tg\/#website"},"primaryImageOfPage":{"@id":"https:\/\/univers.tg\/index.php\/2026\/03\/10\/togo-deces-de-lexpert-en-gouvernance-locale-pascal-edoh-agbove\/#primaryimage"},"image":{"@id":"https:\/\/univers.tg\/index.php\/2026\/03\/10\/togo-deces-de-lexpert-en-gouvernance-locale-pascal-edoh-agbove\/#primaryimage"},"thumbnailUrl":"https:\/\/univers.tg\/wp-content\/uploads\/2026\/03\/il-ne-faut-pas-bacler-l-organisation-des-regionales_i1920-1.jpg?wsr","datePublished":"2026-03-10T19:35:23+00:00","dateModified":"2026-03-10T19:35:24+00:00","author":{"@id":"https:\/\/univers.tg\/#\/schema\/person\/7630d7826904ffdd55c0d13d178b97eb"},"breadcrumb":{"@id":"https:\/\/univers.tg\/index.php\/2026\/03\/10\/togo-deces-de-lexpert-en-gouvernance-locale-pascal-edoh-agbove\/#breadcrumb"},"inLanguage":"fr-FR","potentialAction":[{"@type":"ReadAction","target":["https:\/\/univers.tg\/index.php\/2026\/03\/10\/togo-deces-de-lexpert-en-gouvernance-locale-pascal-edoh-agbove\/"]}]},{"@type":"ImageObject","inLanguage":"fr-FR","@id":"https:\/\/univers.tg\/index.php\/2026\/03\/10\/togo-deces-de-lexpert-en-gouvernance-locale-pascal-edoh-agbove\/#primaryimage","url":"https:\/\/univers.tg\/wp-content\/uploads\/2026\/03\/il-ne-faut-pas-bacler-l-organisation-des-regionales_i1920-1.jpg?wsr","contentUrl":"https:\/\/univers.tg\/wp-content\/uploads\/2026\/03\/il-ne-faut-pas-bacler-l-organisation-des-regionales_i1920-1.jpg?wsr","width":1920,"height":1080},{"@type":"BreadcrumbList","@id":"https:\/\/univers.tg\/index.php\/2026\/03\/10\/togo-deces-de-lexpert-en-gouvernance-locale-pascal-edoh-agbove\/#breadcrumb","itemListElement":[{"@type":"ListItem","position":1,"name":"Accueil","item":"https:\/\/univers.tg\/"},{"@type":"ListItem","position":2,"name":"Togo : d\u00e9c\u00e8s de l\u2019expert en gouvernance locale Pascal Edoh Agbov\u00e9"}]},{"@type":"WebSite","@id":"https:\/\/univers.tg\/#website","url":"https:\/\/univers.tg\/","name":"UNIVERS.TG","description":"AUTORISATION HAAC N\u00b0 0123\/02-2024\/PL\/P","potentialAction":[{"@type":"SearchAction","target":{"@type":"EntryPoint","urlTemplate":"https:\/\/univers.tg\/?s={search_term_string}"},"query-input":{"@type":"PropertyValueSpecification","valueRequired":true,"valueName":"search_term_string"}}],"inLanguage":"fr-FR"},{"@type":"Person","@id":"https:\/\/univers.tg\/#\/schema\/person\/7630d7826904ffdd55c0d13d178b97eb","name":"Jeremy Ahossou","image":{"@type":"ImageObject","inLanguage":"fr-FR","@id":"https:\/\/univers.tg\/#\/schema\/person\/image\/","url":"https:\/\/secure.gravatar.com\/avatar\/b9367486cc4651720458a662d192721c9d7cc1f4afe379e49612ab1a610e08ca?s=96&d=mm&r=g","contentUrl":"https:\/\/secure.gravatar.com\/avatar\/b9367486cc4651720458a662d192721c9d7cc1f4afe379e49612ab1a610e08ca?s=96&d=mm&r=g","caption":"Jeremy Ahossou"},"url":"https:\/\/univers.tg\/index.php\/author\/jeremy-ahossou\/"}]}},"_links":{"self":[{"href":"https:\/\/univers.tg\/index.php\/wp-json\/wp\/v2\/posts\/7368","targetHints":{"allow":["GET"]}}],"collection":[{"href":"https:\/\/univers.tg\/index.php\/wp-json\/wp\/v2\/posts"}],"about":[{"href":"https:\/\/univers.tg\/index.php\/wp-json\/wp\/v2\/types\/post"}],"author":[{"embeddable":true,"href":"https:\/\/univers.tg\/index.php\/wp-json\/wp\/v2\/users\/5"}],"replies":[{"embeddable":true,"href":"https:\/\/univers.tg\/index.php\/wp-json\/wp\/v2\/comments?post=7368"}],"version-history":[{"count":1,"href":"https:\/\/univers.tg\/index.php\/wp-json\/wp\/v2\/posts\/7368\/revisions"}],"predecessor-version":[{"id":7370,"href":"https:\/\/univers.tg\/index.php\/wp-json\/wp\/v2\/posts\/7368\/revisions\/7370"}],"wp:featuredmedia":[{"embeddable":true,"href":"https:\/\/univers.tg\/index.php\/wp-json\/wp\/v2\/media\/7369"}],"wp:attachment":[{"href":"https:\/\/univers.tg\/index.php\/wp-json\/wp\/v2\/media?parent=7368"}],"wp:term":[{"taxonomy":"category","embeddable":true,"href":"https:\/\/univers.tg\/index.php\/wp-json\/wp\/v2\/categories?post=7368"},{"taxonomy":"post_tag","embeddable":true,"href":"https:\/\/univers.tg\/index.php\/wp-json\/wp\/v2\/tags?post=7368"}],"curies":[{"name":"wp","href":"https:\/\/api.w.org\/{rel}","templated":true}]}}