{"id":7375,"date":"2026-03-11T20:17:30","date_gmt":"2026-03-11T20:17:30","guid":{"rendered":"https:\/\/univers.tg\/?p=7375"},"modified":"2026-03-11T20:17:32","modified_gmt":"2026-03-11T20:17:32","slug":"enlevements-et-disparitions-86-personnes-retrouvees-selon-le-gouvernement","status":"publish","type":"post","link":"https:\/\/univers.tg\/index.php\/2026\/03\/11\/enlevements-et-disparitions-86-personnes-retrouvees-selon-le-gouvernement\/","title":{"rendered":"Enl\u00e8vements et disparitions : 86 personnes retrouv\u00e9es, selon le gouvernement"},"content":{"rendered":"\n<p>Le gouvernement a pr\u00e9sent\u00e9 ce mercredi  11 mars 2026 en conseil des ministres les r\u00e9sultats des travaux de la commission sp\u00e9ciale charg\u00e9e d\u2019enqu\u00eater sur les cas d\u2019enl\u00e8vements pr\u00e9sum\u00e9s et de disparitions signal\u00e9es ces derniers mois au Togo.<br>La commission, mise en place en janvier 2026, a examin\u00e9 102 cas signal\u00e9s \u00e0 travers le pays. Les investigations ont permis de retrouver 86 personnes, dont 63 mineurs et 23 adultes.<\/p>\n\n\n\n<p><br>Selon les conclusions pr\u00e9sent\u00e9es au Conseil des ministres, la plupart des disparitions sont li\u00e9es \u00e0 des conflits familiaux, \u00e0 des d\u00e9parts volontaires ou \u00e0 des situations de vuln\u00e9rabilit\u00e9. Un seul cas d\u2019enl\u00e8vement pr\u00e9sum\u00e9 reste actuellement sous enqu\u00eate approfondie.<\/p>\n\n\n\n<p><br>Pour pr\u00e9venir de nouvelles situations, plusieurs mesures ont \u00e9t\u00e9 annonc\u00e9es, notamment la cr\u00e9ation d\u2019une base nationale des personnes disparues, le renforcement des patrouilles de s\u00e9curit\u00e9 et la sensibilisation des populations.<\/p>\n\n\n\n<p><\/p>\n","protected":false},"excerpt":{"rendered":"<p>Le gouvernement a pr\u00e9sent\u00e9 ce mercredi 11 mars 2026 en conseil des ministres les r\u00e9sultats des travaux de la commission sp\u00e9ciale charg\u00e9e d\u2019enqu\u00eater sur les cas d\u2019enl\u00e8vements pr\u00e9sum\u00e9s et de disparitions signal\u00e9es ces derniers mois au Togo.La commission, mise en place en janvier 2026, a examin\u00e9 102 cas signal\u00e9s \u00e0 travers le pays. Les investigations<\/p>\n","protected":false},"author":5,"featured_media":7376,"comment_status":"open","ping_status":"open","sticky":false,"template":"","format":"standard","meta":{"footnotes":""},"categories":[390],"tags":[],"class_list":["post-7375","post","type-post","status-publish","format-standard","has-post-thumbnail","hentry","category-securite"],"yoast_head":"<!-- This site is optimized with the Yoast SEO plugin v26.4 - https:\/\/yoast.com\/wordpress\/plugins\/seo\/ -->\n<title>Enl\u00e8vements et disparitions : 86 personnes retrouv\u00e9es, selon le gouvernement - UNIVERS.TG<\/title>\n<meta name=\"robots\" content=\"index, follow, max-snippet:-1, max-image-preview:large, max-video-preview:-1\" \/>\n<link rel=\"canonical\" href=\"https:\/\/univers.tg\/index.php\/2026\/03\/11\/enlevements-et-disparitions-86-personnes-retrouvees-selon-le-gouvernement\/\" \/>\n<meta property=\"og:locale\" content=\"fr_FR\" \/>\n<meta property=\"og:type\" content=\"article\" \/>\n<meta property=\"og:title\" content=\"Enl\u00e8vements et disparitions : 86 personnes retrouv\u00e9es, selon le gouvernement - UNIVERS.TG\" \/>\n<meta property=\"og:description\" content=\"Le gouvernement a pr\u00e9sent\u00e9 ce mercredi 11 mars 2026 en conseil des ministres les r\u00e9sultats des travaux de la commission sp\u00e9ciale charg\u00e9e d\u2019enqu\u00eater sur les cas d\u2019enl\u00e8vements pr\u00e9sum\u00e9s et de disparitions signal\u00e9es ces derniers mois au Togo.La commission, mise en place en janvier 2026, a examin\u00e9 102 cas signal\u00e9s \u00e0 travers le pays. Les investigations\" \/>\n<meta property=\"og:url\" content=\"https:\/\/univers.tg\/index.php\/2026\/03\/11\/enlevements-et-disparitions-86-personnes-retrouvees-selon-le-gouvernement\/\" \/>\n<meta property=\"og:site_name\" content=\"UNIVERS.TG\" \/>\n<meta property=\"article:published_time\" content=\"2026-03-11T20:17:30+00:00\" \/>\n<meta property=\"article:modified_time\" content=\"2026-03-11T20:17:32+00:00\" \/>\n<meta property=\"og:image\" content=\"https:\/\/univers.tg\/wp-content\/uploads\/2026\/03\/img_0253.jpg?wsr\" \/>\n\t<meta property=\"og:image:width\" content=\"1280\" \/>\n\t<meta property=\"og:image:height\" content=\"720\" \/>\n\t<meta property=\"og:image:type\" content=\"image\/jpeg\" \/>\n<meta name=\"author\" content=\"Jeremy Ahossou\" \/>\n<meta name=\"twitter:card\" content=\"summary_large_image\" \/>\n<meta name=\"twitter:label1\" content=\"\u00c9crit par\" \/>\n\t<meta name=\"twitter:data1\" content=\"Jeremy Ahossou\" \/>\n\t<meta name=\"twitter:label2\" content=\"Dur\u00e9e de lecture estim\u00e9e\" \/>\n\t<meta name=\"twitter:data2\" content=\"1 minute\" \/>\n<script type=\"application\/ld+json\" class=\"yoast-schema-graph\">{\"@context\":\"https:\/\/schema.org\",\"@graph\":[{\"@type\":\"WebPage\",\"@id\":\"https:\/\/univers.tg\/index.php\/2026\/03\/11\/enlevements-et-disparitions-86-personnes-retrouvees-selon-le-gouvernement\/\",\"url\":\"https:\/\/univers.tg\/index.php\/2026\/03\/11\/enlevements-et-disparitions-86-personnes-retrouvees-selon-le-gouvernement\/\",\"name\":\"Enl\u00e8vements et disparitions : 86 personnes retrouv\u00e9es, selon le gouvernement - UNIVERS.TG\",\"isPartOf\":{\"@id\":\"https:\/\/univers.tg\/#website\"},\"primaryImageOfPage\":{\"@id\":\"https:\/\/univers.tg\/index.php\/2026\/03\/11\/enlevements-et-disparitions-86-personnes-retrouvees-selon-le-gouvernement\/#primaryimage\"},\"image\":{\"@id\":\"https:\/\/univers.tg\/index.php\/2026\/03\/11\/enlevements-et-disparitions-86-personnes-retrouvees-selon-le-gouvernement\/#primaryimage\"},\"thumbnailUrl\":\"https:\/\/univers.tg\/wp-content\/uploads\/2026\/03\/img_0253.jpg?wsr\",\"datePublished\":\"2026-03-11T20:17:30+00:00\",\"dateModified\":\"2026-03-11T20:17:32+00:00\",\"author\":{\"@id\":\"https:\/\/univers.tg\/#\/schema\/person\/7630d7826904ffdd55c0d13d178b97eb\"},\"breadcrumb\":{\"@id\":\"https:\/\/univers.tg\/index.php\/2026\/03\/11\/enlevements-et-disparitions-86-personnes-retrouvees-selon-le-gouvernement\/#breadcrumb\"},\"inLanguage\":\"fr-FR\",\"potentialAction\":[{\"@type\":\"ReadAction\",\"target\":[\"https:\/\/univers.tg\/index.php\/2026\/03\/11\/enlevements-et-disparitions-86-personnes-retrouvees-selon-le-gouvernement\/\"]}]},{\"@type\":\"ImageObject\",\"inLanguage\":\"fr-FR\",\"@id\":\"https:\/\/univers.tg\/index.php\/2026\/03\/11\/enlevements-et-disparitions-86-personnes-retrouvees-selon-le-gouvernement\/#primaryimage\",\"url\":\"https:\/\/univers.tg\/wp-content\/uploads\/2026\/03\/img_0253.jpg?wsr\",\"contentUrl\":\"https:\/\/univers.tg\/wp-content\/uploads\/2026\/03\/img_0253.jpg?wsr\",\"width\":1280,\"height\":720},{\"@type\":\"BreadcrumbList\",\"@id\":\"https:\/\/univers.tg\/index.php\/2026\/03\/11\/enlevements-et-disparitions-86-personnes-retrouvees-selon-le-gouvernement\/#breadcrumb\",\"itemListElement\":[{\"@type\":\"ListItem\",\"position\":1,\"name\":\"Accueil\",\"item\":\"https:\/\/univers.tg\/\"},{\"@type\":\"ListItem\",\"position\":2,\"name\":\"Enl\u00e8vements et disparitions : 86 personnes retrouv\u00e9es, selon le gouvernement\"}]},{\"@type\":\"WebSite\",\"@id\":\"https:\/\/univers.tg\/#website\",\"url\":\"https:\/\/univers.tg\/\",\"name\":\"UNIVERS.TG\",\"description\":\"AUTORISATION HAAC N\u00b0 0123\/02-2024\/PL\/P\",\"potentialAction\":[{\"@type\":\"SearchAction\",\"target\":{\"@type\":\"EntryPoint\",\"urlTemplate\":\"https:\/\/univers.tg\/?s={search_term_string}\"},\"query-input\":{\"@type\":\"PropertyValueSpecification\",\"valueRequired\":true,\"valueName\":\"search_term_string\"}}],\"inLanguage\":\"fr-FR\"},{\"@type\":\"Person\",\"@id\":\"https:\/\/univers.tg\/#\/schema\/person\/7630d7826904ffdd55c0d13d178b97eb\",\"name\":\"Jeremy Ahossou\",\"image\":{\"@type\":\"ImageObject\",\"inLanguage\":\"fr-FR\",\"@id\":\"https:\/\/univers.tg\/#\/schema\/person\/image\/\",\"url\":\"https:\/\/secure.gravatar.com\/avatar\/b9367486cc4651720458a662d192721c9d7cc1f4afe379e49612ab1a610e08ca?s=96&d=mm&r=g\",\"contentUrl\":\"https:\/\/secure.gravatar.com\/avatar\/b9367486cc4651720458a662d192721c9d7cc1f4afe379e49612ab1a610e08ca?s=96&d=mm&r=g\",\"caption\":\"Jeremy Ahossou\"},\"url\":\"https:\/\/univers.tg\/index.php\/author\/jeremy-ahossou\/\"}]}<\/script>\n<!-- \/ Yoast SEO plugin. -->","yoast_head_json":{"title":"Enl\u00e8vements et disparitions : 86 personnes retrouv\u00e9es, selon le gouvernement - UNIVERS.TG","robots":{"index":"index","follow":"follow","max-snippet":"max-snippet:-1","max-image-preview":"max-image-preview:large","max-video-preview":"max-video-preview:-1"},"canonical":"https:\/\/univers.tg\/index.php\/2026\/03\/11\/enlevements-et-disparitions-86-personnes-retrouvees-selon-le-gouvernement\/","og_locale":"fr_FR","og_type":"article","og_title":"Enl\u00e8vements et disparitions : 86 personnes retrouv\u00e9es, selon le gouvernement - UNIVERS.TG","og_description":"Le gouvernement a pr\u00e9sent\u00e9 ce mercredi 11 mars 2026 en conseil des ministres les r\u00e9sultats des travaux de la commission sp\u00e9ciale charg\u00e9e d\u2019enqu\u00eater sur les cas d\u2019enl\u00e8vements pr\u00e9sum\u00e9s et de disparitions signal\u00e9es ces derniers mois au Togo.La commission, mise en place en janvier 2026, a examin\u00e9 102 cas signal\u00e9s \u00e0 travers le pays. Les investigations","og_url":"https:\/\/univers.tg\/index.php\/2026\/03\/11\/enlevements-et-disparitions-86-personnes-retrouvees-selon-le-gouvernement\/","og_site_name":"UNIVERS.TG","article_published_time":"2026-03-11T20:17:30+00:00","article_modified_time":"2026-03-11T20:17:32+00:00","og_image":[{"width":1280,"height":720,"url":"https:\/\/univers.tg\/wp-content\/uploads\/2026\/03\/img_0253.jpg?wsr","type":"image\/jpeg"}],"author":"Jeremy Ahossou","twitter_card":"summary_large_image","twitter_misc":{"\u00c9crit par":"Jeremy Ahossou","Dur\u00e9e de lecture estim\u00e9e":"1 minute"},"schema":{"@context":"https:\/\/schema.org","@graph":[{"@type":"WebPage","@id":"https:\/\/univers.tg\/index.php\/2026\/03\/11\/enlevements-et-disparitions-86-personnes-retrouvees-selon-le-gouvernement\/","url":"https:\/\/univers.tg\/index.php\/2026\/03\/11\/enlevements-et-disparitions-86-personnes-retrouvees-selon-le-gouvernement\/","name":"Enl\u00e8vements et disparitions : 86 personnes retrouv\u00e9es, selon le gouvernement - UNIVERS.TG","isPartOf":{"@id":"https:\/\/univers.tg\/#website"},"primaryImageOfPage":{"@id":"https:\/\/univers.tg\/index.php\/2026\/03\/11\/enlevements-et-disparitions-86-personnes-retrouvees-selon-le-gouvernement\/#primaryimage"},"image":{"@id":"https:\/\/univers.tg\/index.php\/2026\/03\/11\/enlevements-et-disparitions-86-personnes-retrouvees-selon-le-gouvernement\/#primaryimage"},"thumbnailUrl":"https:\/\/univers.tg\/wp-content\/uploads\/2026\/03\/img_0253.jpg?wsr","datePublished":"2026-03-11T20:17:30+00:00","dateModified":"2026-03-11T20:17:32+00:00","author":{"@id":"https:\/\/univers.tg\/#\/schema\/person\/7630d7826904ffdd55c0d13d178b97eb"},"breadcrumb":{"@id":"https:\/\/univers.tg\/index.php\/2026\/03\/11\/enlevements-et-disparitions-86-personnes-retrouvees-selon-le-gouvernement\/#breadcrumb"},"inLanguage":"fr-FR","potentialAction":[{"@type":"ReadAction","target":["https:\/\/univers.tg\/index.php\/2026\/03\/11\/enlevements-et-disparitions-86-personnes-retrouvees-selon-le-gouvernement\/"]}]},{"@type":"ImageObject","inLanguage":"fr-FR","@id":"https:\/\/univers.tg\/index.php\/2026\/03\/11\/enlevements-et-disparitions-86-personnes-retrouvees-selon-le-gouvernement\/#primaryimage","url":"https:\/\/univers.tg\/wp-content\/uploads\/2026\/03\/img_0253.jpg?wsr","contentUrl":"https:\/\/univers.tg\/wp-content\/uploads\/2026\/03\/img_0253.jpg?wsr","width":1280,"height":720},{"@type":"BreadcrumbList","@id":"https:\/\/univers.tg\/index.php\/2026\/03\/11\/enlevements-et-disparitions-86-personnes-retrouvees-selon-le-gouvernement\/#breadcrumb","itemListElement":[{"@type":"ListItem","position":1,"name":"Accueil","item":"https:\/\/univers.tg\/"},{"@type":"ListItem","position":2,"name":"Enl\u00e8vements et disparitions : 86 personnes retrouv\u00e9es, selon le gouvernement"}]},{"@type":"WebSite","@id":"https:\/\/univers.tg\/#website","url":"https:\/\/univers.tg\/","name":"UNIVERS.TG","description":"AUTORISATION HAAC N\u00b0 0123\/02-2024\/PL\/P","potentialAction":[{"@type":"SearchAction","target":{"@type":"EntryPoint","urlTemplate":"https:\/\/univers.tg\/?s={search_term_string}"},"query-input":{"@type":"PropertyValueSpecification","valueRequired":true,"valueName":"search_term_string"}}],"inLanguage":"fr-FR"},{"@type":"Person","@id":"https:\/\/univers.tg\/#\/schema\/person\/7630d7826904ffdd55c0d13d178b97eb","name":"Jeremy Ahossou","image":{"@type":"ImageObject","inLanguage":"fr-FR","@id":"https:\/\/univers.tg\/#\/schema\/person\/image\/","url":"https:\/\/secure.gravatar.com\/avatar\/b9367486cc4651720458a662d192721c9d7cc1f4afe379e49612ab1a610e08ca?s=96&d=mm&r=g","contentUrl":"https:\/\/secure.gravatar.com\/avatar\/b9367486cc4651720458a662d192721c9d7cc1f4afe379e49612ab1a610e08ca?s=96&d=mm&r=g","caption":"Jeremy Ahossou"},"url":"https:\/\/univers.tg\/index.php\/author\/jeremy-ahossou\/"}]}},"_links":{"self":[{"href":"https:\/\/univers.tg\/index.php\/wp-json\/wp\/v2\/posts\/7375","targetHints":{"allow":["GET"]}}],"collection":[{"href":"https:\/\/univers.tg\/index.php\/wp-json\/wp\/v2\/posts"}],"about":[{"href":"https:\/\/univers.tg\/index.php\/wp-json\/wp\/v2\/types\/post"}],"author":[{"embeddable":true,"href":"https:\/\/univers.tg\/index.php\/wp-json\/wp\/v2\/users\/5"}],"replies":[{"embeddable":true,"href":"https:\/\/univers.tg\/index.php\/wp-json\/wp\/v2\/comments?post=7375"}],"version-history":[{"count":1,"href":"https:\/\/univers.tg\/index.php\/wp-json\/wp\/v2\/posts\/7375\/revisions"}],"predecessor-version":[{"id":7377,"href":"https:\/\/univers.tg\/index.php\/wp-json\/wp\/v2\/posts\/7375\/revisions\/7377"}],"wp:featuredmedia":[{"embeddable":true,"href":"https:\/\/univers.tg\/index.php\/wp-json\/wp\/v2\/media\/7376"}],"wp:attachment":[{"href":"https:\/\/univers.tg\/index.php\/wp-json\/wp\/v2\/media?parent=7375"}],"wp:term":[{"taxonomy":"category","embeddable":true,"href":"https:\/\/univers.tg\/index.php\/wp-json\/wp\/v2\/categories?post=7375"},{"taxonomy":"post_tag","embeddable":true,"href":"https:\/\/univers.tg\/index.php\/wp-json\/wp\/v2\/tags?post=7375"}],"curies":[{"name":"wp","href":"https:\/\/api.w.org\/{rel}","templated":true}]}}