{"id":7388,"date":"2026-03-13T15:45:55","date_gmt":"2026-03-13T15:45:55","guid":{"rendered":"https:\/\/univers.tg\/?p=7388"},"modified":"2026-03-13T15:45:56","modified_gmt":"2026-03-13T15:45:56","slug":"gec-et-avec-le-ministre-essowe-georges-barcola-exige-larret-des-initiatives-de-plan-international","status":"publish","type":"post","link":"https:\/\/univers.tg\/index.php\/2026\/03\/13\/gec-et-avec-le-ministre-essowe-georges-barcola-exige-larret-des-initiatives-de-plan-international\/","title":{"rendered":"GEC et AVEC : le ministre Essowe Georges Barcola exige l\u2019arr\u00eat des initiatives de Plan International"},"content":{"rendered":"\n<p><br>Le gouvernement togolais a demand\u00e9 \u00e0 l\u2019ONG Plan International Togo de suspendre ses initiatives li\u00e9es aux Groupements d\u2019\u00e9pargne et de cr\u00e9dit (GEC) ainsi qu\u2019aux Associations villageoises d\u2019\u00e9pargne et de cr\u00e9dit (AVEC). Dans une correspondance adress\u00e9e \u00e0 l\u2019organisation, le ministre de l\u2019\u00c9conomie et des Finances, Essowe Georges Barcola, a exig\u00e9 l\u2019arr\u00eat imm\u00e9diat de ces activit\u00e9s sur l\u2019ensemble du territoire.<\/p>\n\n\n\n<p><br>Selon les autorit\u00e9s, ces structures encourag\u00e9es par l\u2019ONG exercent des op\u00e9rations d\u2019\u00e9pargne et de cr\u00e9dit sans disposer d\u2019une autorisation officielle du minist\u00e8re en charge des finances. Cette situation serait contraire \u00e0 la r\u00e9glementation en vigueur qui impose aux organismes proposant des services financiers au public d\u2019obtenir un agr\u00e9ment pr\u00e9alable.<\/p>\n\n\n\n<p><br>La d\u00e9cision s\u2019inscrit dans la volont\u00e9 du gouvernement d\u2019assainir et de mieux encadrer le secteur de la microfinance au Togo. Les autorit\u00e9s demandent ainsi \u00e0 Plan International Togo de prendre les mesures n\u00e9cessaires pour se conformer au cadre l\u00e9gal qui r\u00e9git les syst\u00e8mes financiers d\u00e9centralis\u00e9s dans le pays.<\/p>\n\n\n\n<p><\/p>\n","protected":false},"excerpt":{"rendered":"<p>Le gouvernement togolais a demand\u00e9 \u00e0 l\u2019ONG Plan International Togo de suspendre ses initiatives li\u00e9es aux Groupements d\u2019\u00e9pargne et de cr\u00e9dit (GEC) ainsi qu\u2019aux Associations villageoises d\u2019\u00e9pargne et de cr\u00e9dit (AVEC). Dans une correspondance adress\u00e9e \u00e0 l\u2019organisation, le ministre de l\u2019\u00c9conomie et des Finances, Essowe Georges Barcola, a exig\u00e9 l\u2019arr\u00eat imm\u00e9diat de ces activit\u00e9s sur<\/p>\n","protected":false},"author":5,"featured_media":7389,"comment_status":"open","ping_status":"open","sticky":false,"template":"","format":"standard","meta":{"footnotes":""},"categories":[2],"tags":[],"class_list":["post-7388","post","type-post","status-publish","format-standard","has-post-thumbnail","hentry","category-economie"],"yoast_head":"<!-- This site is optimized with the Yoast SEO plugin v26.4 - https:\/\/yoast.com\/wordpress\/plugins\/seo\/ -->\n<title>GEC et AVEC : le ministre Essowe Georges Barcola exige l\u2019arr\u00eat des initiatives de Plan International - UNIVERS.TG<\/title>\n<meta name=\"robots\" content=\"index, follow, max-snippet:-1, max-image-preview:large, max-video-preview:-1\" \/>\n<link rel=\"canonical\" href=\"https:\/\/univers.tg\/index.php\/2026\/03\/13\/gec-et-avec-le-ministre-essowe-georges-barcola-exige-larret-des-initiatives-de-plan-international\/\" \/>\n<meta property=\"og:locale\" content=\"fr_FR\" \/>\n<meta property=\"og:type\" content=\"article\" \/>\n<meta property=\"og:title\" content=\"GEC et AVEC : le ministre Essowe Georges Barcola exige l\u2019arr\u00eat des initiatives de Plan International - UNIVERS.TG\" \/>\n<meta property=\"og:description\" content=\"Le gouvernement togolais a demand\u00e9 \u00e0 l\u2019ONG Plan International Togo de suspendre ses initiatives li\u00e9es aux Groupements d\u2019\u00e9pargne et de cr\u00e9dit (GEC) ainsi qu\u2019aux Associations villageoises d\u2019\u00e9pargne et de cr\u00e9dit (AVEC). Dans une correspondance adress\u00e9e \u00e0 l\u2019organisation, le ministre de l\u2019\u00c9conomie et des Finances, Essowe Georges Barcola, a exig\u00e9 l\u2019arr\u00eat imm\u00e9diat de ces activit\u00e9s sur\" \/>\n<meta property=\"og:url\" content=\"https:\/\/univers.tg\/index.php\/2026\/03\/13\/gec-et-avec-le-ministre-essowe-georges-barcola-exige-larret-des-initiatives-de-plan-international\/\" \/>\n<meta property=\"og:site_name\" content=\"UNIVERS.TG\" \/>\n<meta property=\"article:published_time\" content=\"2026-03-13T15:45:55+00:00\" \/>\n<meta property=\"article:modified_time\" content=\"2026-03-13T15:45:56+00:00\" \/>\n<meta property=\"og:image\" content=\"https:\/\/univers.tg\/wp-content\/uploads\/2026\/03\/3dd25c8f464be22440963eae0f8b42e6_L.jpg?wsr\" \/>\n\t<meta property=\"og:image:width\" content=\"600\" \/>\n\t<meta property=\"og:image:height\" content=\"399\" \/>\n\t<meta property=\"og:image:type\" content=\"image\/jpeg\" \/>\n<meta name=\"author\" content=\"Jeremy Ahossou\" \/>\n<meta name=\"twitter:card\" content=\"summary_large_image\" \/>\n<meta name=\"twitter:label1\" content=\"\u00c9crit par\" \/>\n\t<meta name=\"twitter:data1\" content=\"Jeremy Ahossou\" \/>\n\t<meta name=\"twitter:label2\" content=\"Dur\u00e9e de lecture estim\u00e9e\" \/>\n\t<meta name=\"twitter:data2\" content=\"1 minute\" \/>\n<script type=\"application\/ld+json\" class=\"yoast-schema-graph\">{\"@context\":\"https:\/\/schema.org\",\"@graph\":[{\"@type\":\"WebPage\",\"@id\":\"https:\/\/univers.tg\/index.php\/2026\/03\/13\/gec-et-avec-le-ministre-essowe-georges-barcola-exige-larret-des-initiatives-de-plan-international\/\",\"url\":\"https:\/\/univers.tg\/index.php\/2026\/03\/13\/gec-et-avec-le-ministre-essowe-georges-barcola-exige-larret-des-initiatives-de-plan-international\/\",\"name\":\"GEC et AVEC : le ministre Essowe Georges Barcola exige l\u2019arr\u00eat des initiatives de Plan International - UNIVERS.TG\",\"isPartOf\":{\"@id\":\"https:\/\/univers.tg\/#website\"},\"primaryImageOfPage\":{\"@id\":\"https:\/\/univers.tg\/index.php\/2026\/03\/13\/gec-et-avec-le-ministre-essowe-georges-barcola-exige-larret-des-initiatives-de-plan-international\/#primaryimage\"},\"image\":{\"@id\":\"https:\/\/univers.tg\/index.php\/2026\/03\/13\/gec-et-avec-le-ministre-essowe-georges-barcola-exige-larret-des-initiatives-de-plan-international\/#primaryimage\"},\"thumbnailUrl\":\"https:\/\/univers.tg\/wp-content\/uploads\/2026\/03\/3dd25c8f464be22440963eae0f8b42e6_L.jpg?wsr\",\"datePublished\":\"2026-03-13T15:45:55+00:00\",\"dateModified\":\"2026-03-13T15:45:56+00:00\",\"author\":{\"@id\":\"https:\/\/univers.tg\/#\/schema\/person\/7630d7826904ffdd55c0d13d178b97eb\"},\"breadcrumb\":{\"@id\":\"https:\/\/univers.tg\/index.php\/2026\/03\/13\/gec-et-avec-le-ministre-essowe-georges-barcola-exige-larret-des-initiatives-de-plan-international\/#breadcrumb\"},\"inLanguage\":\"fr-FR\",\"potentialAction\":[{\"@type\":\"ReadAction\",\"target\":[\"https:\/\/univers.tg\/index.php\/2026\/03\/13\/gec-et-avec-le-ministre-essowe-georges-barcola-exige-larret-des-initiatives-de-plan-international\/\"]}]},{\"@type\":\"ImageObject\",\"inLanguage\":\"fr-FR\",\"@id\":\"https:\/\/univers.tg\/index.php\/2026\/03\/13\/gec-et-avec-le-ministre-essowe-georges-barcola-exige-larret-des-initiatives-de-plan-international\/#primaryimage\",\"url\":\"https:\/\/univers.tg\/wp-content\/uploads\/2026\/03\/3dd25c8f464be22440963eae0f8b42e6_L.jpg?wsr\",\"contentUrl\":\"https:\/\/univers.tg\/wp-content\/uploads\/2026\/03\/3dd25c8f464be22440963eae0f8b42e6_L.jpg?wsr\",\"width\":600,\"height\":399},{\"@type\":\"BreadcrumbList\",\"@id\":\"https:\/\/univers.tg\/index.php\/2026\/03\/13\/gec-et-avec-le-ministre-essowe-georges-barcola-exige-larret-des-initiatives-de-plan-international\/#breadcrumb\",\"itemListElement\":[{\"@type\":\"ListItem\",\"position\":1,\"name\":\"Accueil\",\"item\":\"https:\/\/univers.tg\/\"},{\"@type\":\"ListItem\",\"position\":2,\"name\":\"GEC et AVEC : le ministre Essowe Georges Barcola exige l\u2019arr\u00eat des initiatives de Plan International\"}]},{\"@type\":\"WebSite\",\"@id\":\"https:\/\/univers.tg\/#website\",\"url\":\"https:\/\/univers.tg\/\",\"name\":\"UNIVERS.TG\",\"description\":\"AUTORISATION HAAC N\u00b0 0123\/02-2024\/PL\/P\",\"potentialAction\":[{\"@type\":\"SearchAction\",\"target\":{\"@type\":\"EntryPoint\",\"urlTemplate\":\"https:\/\/univers.tg\/?s={search_term_string}\"},\"query-input\":{\"@type\":\"PropertyValueSpecification\",\"valueRequired\":true,\"valueName\":\"search_term_string\"}}],\"inLanguage\":\"fr-FR\"},{\"@type\":\"Person\",\"@id\":\"https:\/\/univers.tg\/#\/schema\/person\/7630d7826904ffdd55c0d13d178b97eb\",\"name\":\"Jeremy Ahossou\",\"image\":{\"@type\":\"ImageObject\",\"inLanguage\":\"fr-FR\",\"@id\":\"https:\/\/univers.tg\/#\/schema\/person\/image\/\",\"url\":\"https:\/\/secure.gravatar.com\/avatar\/b9367486cc4651720458a662d192721c9d7cc1f4afe379e49612ab1a610e08ca?s=96&d=mm&r=g\",\"contentUrl\":\"https:\/\/secure.gravatar.com\/avatar\/b9367486cc4651720458a662d192721c9d7cc1f4afe379e49612ab1a610e08ca?s=96&d=mm&r=g\",\"caption\":\"Jeremy Ahossou\"},\"url\":\"https:\/\/univers.tg\/index.php\/author\/jeremy-ahossou\/\"}]}<\/script>\n<!-- \/ Yoast SEO plugin. -->","yoast_head_json":{"title":"GEC et AVEC : le ministre Essowe Georges Barcola exige l\u2019arr\u00eat des initiatives de Plan International - UNIVERS.TG","robots":{"index":"index","follow":"follow","max-snippet":"max-snippet:-1","max-image-preview":"max-image-preview:large","max-video-preview":"max-video-preview:-1"},"canonical":"https:\/\/univers.tg\/index.php\/2026\/03\/13\/gec-et-avec-le-ministre-essowe-georges-barcola-exige-larret-des-initiatives-de-plan-international\/","og_locale":"fr_FR","og_type":"article","og_title":"GEC et AVEC : le ministre Essowe Georges Barcola exige l\u2019arr\u00eat des initiatives de Plan International - UNIVERS.TG","og_description":"Le gouvernement togolais a demand\u00e9 \u00e0 l\u2019ONG Plan International Togo de suspendre ses initiatives li\u00e9es aux Groupements d\u2019\u00e9pargne et de cr\u00e9dit (GEC) ainsi qu\u2019aux Associations villageoises d\u2019\u00e9pargne et de cr\u00e9dit (AVEC). Dans une correspondance adress\u00e9e \u00e0 l\u2019organisation, le ministre de l\u2019\u00c9conomie et des Finances, Essowe Georges Barcola, a exig\u00e9 l\u2019arr\u00eat imm\u00e9diat de ces activit\u00e9s sur","og_url":"https:\/\/univers.tg\/index.php\/2026\/03\/13\/gec-et-avec-le-ministre-essowe-georges-barcola-exige-larret-des-initiatives-de-plan-international\/","og_site_name":"UNIVERS.TG","article_published_time":"2026-03-13T15:45:55+00:00","article_modified_time":"2026-03-13T15:45:56+00:00","og_image":[{"width":600,"height":399,"url":"https:\/\/univers.tg\/wp-content\/uploads\/2026\/03\/3dd25c8f464be22440963eae0f8b42e6_L.jpg?wsr","type":"image\/jpeg"}],"author":"Jeremy Ahossou","twitter_card":"summary_large_image","twitter_misc":{"\u00c9crit par":"Jeremy Ahossou","Dur\u00e9e de lecture estim\u00e9e":"1 minute"},"schema":{"@context":"https:\/\/schema.org","@graph":[{"@type":"WebPage","@id":"https:\/\/univers.tg\/index.php\/2026\/03\/13\/gec-et-avec-le-ministre-essowe-georges-barcola-exige-larret-des-initiatives-de-plan-international\/","url":"https:\/\/univers.tg\/index.php\/2026\/03\/13\/gec-et-avec-le-ministre-essowe-georges-barcola-exige-larret-des-initiatives-de-plan-international\/","name":"GEC et AVEC : le ministre Essowe Georges Barcola exige l\u2019arr\u00eat des initiatives de Plan International - UNIVERS.TG","isPartOf":{"@id":"https:\/\/univers.tg\/#website"},"primaryImageOfPage":{"@id":"https:\/\/univers.tg\/index.php\/2026\/03\/13\/gec-et-avec-le-ministre-essowe-georges-barcola-exige-larret-des-initiatives-de-plan-international\/#primaryimage"},"image":{"@id":"https:\/\/univers.tg\/index.php\/2026\/03\/13\/gec-et-avec-le-ministre-essowe-georges-barcola-exige-larret-des-initiatives-de-plan-international\/#primaryimage"},"thumbnailUrl":"https:\/\/univers.tg\/wp-content\/uploads\/2026\/03\/3dd25c8f464be22440963eae0f8b42e6_L.jpg?wsr","datePublished":"2026-03-13T15:45:55+00:00","dateModified":"2026-03-13T15:45:56+00:00","author":{"@id":"https:\/\/univers.tg\/#\/schema\/person\/7630d7826904ffdd55c0d13d178b97eb"},"breadcrumb":{"@id":"https:\/\/univers.tg\/index.php\/2026\/03\/13\/gec-et-avec-le-ministre-essowe-georges-barcola-exige-larret-des-initiatives-de-plan-international\/#breadcrumb"},"inLanguage":"fr-FR","potentialAction":[{"@type":"ReadAction","target":["https:\/\/univers.tg\/index.php\/2026\/03\/13\/gec-et-avec-le-ministre-essowe-georges-barcola-exige-larret-des-initiatives-de-plan-international\/"]}]},{"@type":"ImageObject","inLanguage":"fr-FR","@id":"https:\/\/univers.tg\/index.php\/2026\/03\/13\/gec-et-avec-le-ministre-essowe-georges-barcola-exige-larret-des-initiatives-de-plan-international\/#primaryimage","url":"https:\/\/univers.tg\/wp-content\/uploads\/2026\/03\/3dd25c8f464be22440963eae0f8b42e6_L.jpg?wsr","contentUrl":"https:\/\/univers.tg\/wp-content\/uploads\/2026\/03\/3dd25c8f464be22440963eae0f8b42e6_L.jpg?wsr","width":600,"height":399},{"@type":"BreadcrumbList","@id":"https:\/\/univers.tg\/index.php\/2026\/03\/13\/gec-et-avec-le-ministre-essowe-georges-barcola-exige-larret-des-initiatives-de-plan-international\/#breadcrumb","itemListElement":[{"@type":"ListItem","position":1,"name":"Accueil","item":"https:\/\/univers.tg\/"},{"@type":"ListItem","position":2,"name":"GEC et AVEC : le ministre Essowe Georges Barcola exige l\u2019arr\u00eat des initiatives de Plan International"}]},{"@type":"WebSite","@id":"https:\/\/univers.tg\/#website","url":"https:\/\/univers.tg\/","name":"UNIVERS.TG","description":"AUTORISATION HAAC N\u00b0 0123\/02-2024\/PL\/P","potentialAction":[{"@type":"SearchAction","target":{"@type":"EntryPoint","urlTemplate":"https:\/\/univers.tg\/?s={search_term_string}"},"query-input":{"@type":"PropertyValueSpecification","valueRequired":true,"valueName":"search_term_string"}}],"inLanguage":"fr-FR"},{"@type":"Person","@id":"https:\/\/univers.tg\/#\/schema\/person\/7630d7826904ffdd55c0d13d178b97eb","name":"Jeremy Ahossou","image":{"@type":"ImageObject","inLanguage":"fr-FR","@id":"https:\/\/univers.tg\/#\/schema\/person\/image\/","url":"https:\/\/secure.gravatar.com\/avatar\/b9367486cc4651720458a662d192721c9d7cc1f4afe379e49612ab1a610e08ca?s=96&d=mm&r=g","contentUrl":"https:\/\/secure.gravatar.com\/avatar\/b9367486cc4651720458a662d192721c9d7cc1f4afe379e49612ab1a610e08ca?s=96&d=mm&r=g","caption":"Jeremy Ahossou"},"url":"https:\/\/univers.tg\/index.php\/author\/jeremy-ahossou\/"}]}},"_links":{"self":[{"href":"https:\/\/univers.tg\/index.php\/wp-json\/wp\/v2\/posts\/7388","targetHints":{"allow":["GET"]}}],"collection":[{"href":"https:\/\/univers.tg\/index.php\/wp-json\/wp\/v2\/posts"}],"about":[{"href":"https:\/\/univers.tg\/index.php\/wp-json\/wp\/v2\/types\/post"}],"author":[{"embeddable":true,"href":"https:\/\/univers.tg\/index.php\/wp-json\/wp\/v2\/users\/5"}],"replies":[{"embeddable":true,"href":"https:\/\/univers.tg\/index.php\/wp-json\/wp\/v2\/comments?post=7388"}],"version-history":[{"count":1,"href":"https:\/\/univers.tg\/index.php\/wp-json\/wp\/v2\/posts\/7388\/revisions"}],"predecessor-version":[{"id":7390,"href":"https:\/\/univers.tg\/index.php\/wp-json\/wp\/v2\/posts\/7388\/revisions\/7390"}],"wp:featuredmedia":[{"embeddable":true,"href":"https:\/\/univers.tg\/index.php\/wp-json\/wp\/v2\/media\/7389"}],"wp:attachment":[{"href":"https:\/\/univers.tg\/index.php\/wp-json\/wp\/v2\/media?parent=7388"}],"wp:term":[{"taxonomy":"category","embeddable":true,"href":"https:\/\/univers.tg\/index.php\/wp-json\/wp\/v2\/categories?post=7388"},{"taxonomy":"post_tag","embeddable":true,"href":"https:\/\/univers.tg\/index.php\/wp-json\/wp\/v2\/tags?post=7388"}],"curies":[{"name":"wp","href":"https:\/\/api.w.org\/{rel}","templated":true}]}}