{"id":7404,"date":"2026-03-15T09:33:58","date_gmt":"2026-03-15T09:33:58","guid":{"rendered":"https:\/\/univers.tg\/?p=7404"},"modified":"2026-03-15T09:33:59","modified_gmt":"2026-03-15T09:33:59","slug":"togo-etats-unis-faure-gnassingbe-echange-avec-un-emissaire-de-la-maison-blanche","status":"publish","type":"post","link":"https:\/\/univers.tg\/index.php\/2026\/03\/15\/togo-etats-unis-faure-gnassingbe-echange-avec-un-emissaire-de-la-maison-blanche\/","title":{"rendered":"Togo\u2013\u00c9tats-Unis : Faure Gnassingb\u00e9 \u00e9change avec un \u00e9missaire de la Maison Blanche"},"content":{"rendered":"\n<p>Le Pr\u00e9sident du Conseil, Faure Essozimna Gnassingb\u00e9, a re\u00e7u le 13 mars 2026 \u00e0 Lom\u00e9 le Sous-secr\u00e9taire d\u2019\u00c9tat adjoint am\u00e9ricain charg\u00e9 de la population, des r\u00e9fugi\u00e9s et des migrations, Christian Jov\u00e9 Ehrhardt. Cette rencontre s\u2019inscrit dans le cadre d\u2019une visite de travail destin\u00e9e \u00e0 consolider les relations entre le Togo et les \u00c9tats-Unis.<br>Au cours des \u00e9changes, les deux responsables ont examin\u00e9 les moyens de renforcer une coop\u00e9ration jug\u00e9e solide et ancienne entre les deux pays. Le repr\u00e9sentant am\u00e9ricain a salu\u00e9 la qualit\u00e9 de ce partenariat historique, tout en exprimant sa satisfaction d\u2019effectuer sa premi\u00e8re visite officielle au Togo, qu\u2019il a qualifi\u00e9 de partenaire important.<br>Les discussions ont \u00e9galement port\u00e9 sur les questions de s\u00e9curit\u00e9 et de stabilit\u00e9 dans la r\u00e9gion. Washington soutient notamment les initiatives togolaises visant \u00e0 lutter contre le terrorisme et l\u2019extr\u00e9misme violent, en particulier dans le nord du pays, \u00e0 travers des m\u00e9canismes r\u00e9gionaux et des programmes de stabilisation destin\u00e9s aux \u00c9tats c\u00f4tiers.<br>Au-del\u00e0 de la s\u00e9curit\u00e9, la coop\u00e9ration entre Lom\u00e9 et Washington couvre plusieurs domaines strat\u00e9giques. Les \u00c9tats-Unis accompagnent le Togo dans la mise en \u0153uvre de projets li\u00e9s \u00e0 la sant\u00e9, \u00e0 l\u2019\u00e9ducation et \u00e0 la gouvernance, tout en encourageant le d\u00e9veloppement des \u00e9changes commerciaux et des investissements entre les deux nations.<\/p>\n\n\n\n<p><\/p>\n","protected":false},"excerpt":{"rendered":"<p>Le Pr\u00e9sident du Conseil, Faure Essozimna Gnassingb\u00e9, a re\u00e7u le 13 mars 2026 \u00e0 Lom\u00e9 le Sous-secr\u00e9taire d\u2019\u00c9tat adjoint am\u00e9ricain charg\u00e9 de la population, des r\u00e9fugi\u00e9s et des migrations, Christian Jov\u00e9 Ehrhardt. Cette rencontre s\u2019inscrit dans le cadre d\u2019une visite de travail destin\u00e9e \u00e0 consolider les relations entre le Togo et les \u00c9tats-Unis.Au cours des<\/p>\n","protected":false},"author":5,"featured_media":7405,"comment_status":"open","ping_status":"open","sticky":false,"template":"","format":"standard","meta":{"footnotes":""},"categories":[8],"tags":[],"class_list":["post-7404","post","type-post","status-publish","format-standard","has-post-thumbnail","hentry","category-diplomatie"],"yoast_head":"<!-- This site is optimized with the Yoast SEO plugin v26.4 - https:\/\/yoast.com\/wordpress\/plugins\/seo\/ -->\n<title>Togo\u2013\u00c9tats-Unis : Faure Gnassingb\u00e9 \u00e9change avec un \u00e9missaire de la Maison Blanche - UNIVERS.TG<\/title>\n<meta name=\"description\" content=\"Le Pr\u00e9sident du Conseil, Faure Essozimna Gnassingb\u00e9, a re\u00e7u le 13 mars 2026 \u00e0 Lom\u00e9 le Sous-secr\u00e9taire d\u2019\u00c9tat adjoint am\u00e9ricain charg\u00e9 de la population, des r\u00e9fugi\u00e9s et des migrations\" \/>\n<meta name=\"robots\" content=\"index, follow, max-snippet:-1, max-image-preview:large, max-video-preview:-1\" \/>\n<link rel=\"canonical\" href=\"https:\/\/univers.tg\/index.php\/2026\/03\/15\/togo-etats-unis-faure-gnassingbe-echange-avec-un-emissaire-de-la-maison-blanche\/\" \/>\n<meta property=\"og:locale\" content=\"fr_FR\" \/>\n<meta property=\"og:type\" content=\"article\" \/>\n<meta property=\"og:title\" content=\"Togo\u2013\u00c9tats-Unis : Faure Gnassingb\u00e9 \u00e9change avec un \u00e9missaire de la Maison Blanche - UNIVERS.TG\" \/>\n<meta property=\"og:description\" content=\"Le Pr\u00e9sident du Conseil, Faure Essozimna Gnassingb\u00e9, a re\u00e7u le 13 mars 2026 \u00e0 Lom\u00e9 le Sous-secr\u00e9taire d\u2019\u00c9tat adjoint am\u00e9ricain charg\u00e9 de la population, des r\u00e9fugi\u00e9s et des migrations\" \/>\n<meta property=\"og:url\" content=\"https:\/\/univers.tg\/index.php\/2026\/03\/15\/togo-etats-unis-faure-gnassingbe-echange-avec-un-emissaire-de-la-maison-blanche\/\" \/>\n<meta property=\"og:site_name\" content=\"UNIVERS.TG\" \/>\n<meta property=\"article:published_time\" content=\"2026-03-15T09:33:58+00:00\" \/>\n<meta property=\"article:modified_time\" content=\"2026-03-15T09:33:59+00:00\" \/>\n<meta property=\"og:image\" content=\"https:\/\/univers.tg\/wp-content\/uploads\/2026\/03\/1773565985810.jpg?wsr\" \/>\n\t<meta property=\"og:image:width\" content=\"720\" \/>\n\t<meta property=\"og:image:height\" content=\"568\" \/>\n\t<meta property=\"og:image:type\" content=\"image\/jpeg\" \/>\n<meta name=\"author\" content=\"Jeremy Ahossou\" \/>\n<meta name=\"twitter:card\" content=\"summary_large_image\" \/>\n<meta name=\"twitter:label1\" content=\"\u00c9crit par\" \/>\n\t<meta name=\"twitter:data1\" content=\"Jeremy Ahossou\" \/>\n\t<meta name=\"twitter:label2\" content=\"Dur\u00e9e de lecture estim\u00e9e\" \/>\n\t<meta name=\"twitter:data2\" content=\"2 minutes\" \/>\n<script type=\"application\/ld+json\" class=\"yoast-schema-graph\">{\"@context\":\"https:\/\/schema.org\",\"@graph\":[{\"@type\":\"WebPage\",\"@id\":\"https:\/\/univers.tg\/index.php\/2026\/03\/15\/togo-etats-unis-faure-gnassingbe-echange-avec-un-emissaire-de-la-maison-blanche\/\",\"url\":\"https:\/\/univers.tg\/index.php\/2026\/03\/15\/togo-etats-unis-faure-gnassingbe-echange-avec-un-emissaire-de-la-maison-blanche\/\",\"name\":\"Togo\u2013\u00c9tats-Unis : Faure Gnassingb\u00e9 \u00e9change avec un \u00e9missaire de la Maison Blanche - UNIVERS.TG\",\"isPartOf\":{\"@id\":\"https:\/\/univers.tg\/#website\"},\"primaryImageOfPage\":{\"@id\":\"https:\/\/univers.tg\/index.php\/2026\/03\/15\/togo-etats-unis-faure-gnassingbe-echange-avec-un-emissaire-de-la-maison-blanche\/#primaryimage\"},\"image\":{\"@id\":\"https:\/\/univers.tg\/index.php\/2026\/03\/15\/togo-etats-unis-faure-gnassingbe-echange-avec-un-emissaire-de-la-maison-blanche\/#primaryimage\"},\"thumbnailUrl\":\"https:\/\/univers.tg\/wp-content\/uploads\/2026\/03\/1773565985810.jpg?wsr\",\"datePublished\":\"2026-03-15T09:33:58+00:00\",\"dateModified\":\"2026-03-15T09:33:59+00:00\",\"author\":{\"@id\":\"https:\/\/univers.tg\/#\/schema\/person\/7630d7826904ffdd55c0d13d178b97eb\"},\"description\":\"Le Pr\u00e9sident du Conseil, Faure Essozimna Gnassingb\u00e9, a re\u00e7u le 13 mars 2026 \u00e0 Lom\u00e9 le Sous-secr\u00e9taire d\u2019\u00c9tat adjoint am\u00e9ricain charg\u00e9 de la population, des r\u00e9fugi\u00e9s et des migrations\",\"breadcrumb\":{\"@id\":\"https:\/\/univers.tg\/index.php\/2026\/03\/15\/togo-etats-unis-faure-gnassingbe-echange-avec-un-emissaire-de-la-maison-blanche\/#breadcrumb\"},\"inLanguage\":\"fr-FR\",\"potentialAction\":[{\"@type\":\"ReadAction\",\"target\":[\"https:\/\/univers.tg\/index.php\/2026\/03\/15\/togo-etats-unis-faure-gnassingbe-echange-avec-un-emissaire-de-la-maison-blanche\/\"]}]},{\"@type\":\"ImageObject\",\"inLanguage\":\"fr-FR\",\"@id\":\"https:\/\/univers.tg\/index.php\/2026\/03\/15\/togo-etats-unis-faure-gnassingbe-echange-avec-un-emissaire-de-la-maison-blanche\/#primaryimage\",\"url\":\"https:\/\/univers.tg\/wp-content\/uploads\/2026\/03\/1773565985810.jpg?wsr\",\"contentUrl\":\"https:\/\/univers.tg\/wp-content\/uploads\/2026\/03\/1773565985810.jpg?wsr\",\"width\":720,\"height\":568},{\"@type\":\"BreadcrumbList\",\"@id\":\"https:\/\/univers.tg\/index.php\/2026\/03\/15\/togo-etats-unis-faure-gnassingbe-echange-avec-un-emissaire-de-la-maison-blanche\/#breadcrumb\",\"itemListElement\":[{\"@type\":\"ListItem\",\"position\":1,\"name\":\"Accueil\",\"item\":\"https:\/\/univers.tg\/\"},{\"@type\":\"ListItem\",\"position\":2,\"name\":\"Togo\u2013\u00c9tats-Unis : Faure Gnassingb\u00e9 \u00e9change avec un \u00e9missaire de la Maison Blanche\"}]},{\"@type\":\"WebSite\",\"@id\":\"https:\/\/univers.tg\/#website\",\"url\":\"https:\/\/univers.tg\/\",\"name\":\"UNIVERS.TG\",\"description\":\"AUTORISATION HAAC N\u00b0 0123\/02-2024\/PL\/P\",\"potentialAction\":[{\"@type\":\"SearchAction\",\"target\":{\"@type\":\"EntryPoint\",\"urlTemplate\":\"https:\/\/univers.tg\/?s={search_term_string}\"},\"query-input\":{\"@type\":\"PropertyValueSpecification\",\"valueRequired\":true,\"valueName\":\"search_term_string\"}}],\"inLanguage\":\"fr-FR\"},{\"@type\":\"Person\",\"@id\":\"https:\/\/univers.tg\/#\/schema\/person\/7630d7826904ffdd55c0d13d178b97eb\",\"name\":\"Jeremy Ahossou\",\"image\":{\"@type\":\"ImageObject\",\"inLanguage\":\"fr-FR\",\"@id\":\"https:\/\/univers.tg\/#\/schema\/person\/image\/\",\"url\":\"https:\/\/secure.gravatar.com\/avatar\/b9367486cc4651720458a662d192721c9d7cc1f4afe379e49612ab1a610e08ca?s=96&d=mm&r=g\",\"contentUrl\":\"https:\/\/secure.gravatar.com\/avatar\/b9367486cc4651720458a662d192721c9d7cc1f4afe379e49612ab1a610e08ca?s=96&d=mm&r=g\",\"caption\":\"Jeremy Ahossou\"},\"url\":\"https:\/\/univers.tg\/index.php\/author\/jeremy-ahossou\/\"}]}<\/script>\n<!-- \/ Yoast SEO plugin. -->","yoast_head_json":{"title":"Togo\u2013\u00c9tats-Unis : Faure Gnassingb\u00e9 \u00e9change avec un \u00e9missaire de la Maison Blanche - UNIVERS.TG","description":"Le Pr\u00e9sident du Conseil, Faure Essozimna Gnassingb\u00e9, a re\u00e7u le 13 mars 2026 \u00e0 Lom\u00e9 le Sous-secr\u00e9taire d\u2019\u00c9tat adjoint am\u00e9ricain charg\u00e9 de la population, des r\u00e9fugi\u00e9s et des migrations","robots":{"index":"index","follow":"follow","max-snippet":"max-snippet:-1","max-image-preview":"max-image-preview:large","max-video-preview":"max-video-preview:-1"},"canonical":"https:\/\/univers.tg\/index.php\/2026\/03\/15\/togo-etats-unis-faure-gnassingbe-echange-avec-un-emissaire-de-la-maison-blanche\/","og_locale":"fr_FR","og_type":"article","og_title":"Togo\u2013\u00c9tats-Unis : Faure Gnassingb\u00e9 \u00e9change avec un \u00e9missaire de la Maison Blanche - UNIVERS.TG","og_description":"Le Pr\u00e9sident du Conseil, Faure Essozimna Gnassingb\u00e9, a re\u00e7u le 13 mars 2026 \u00e0 Lom\u00e9 le Sous-secr\u00e9taire d\u2019\u00c9tat adjoint am\u00e9ricain charg\u00e9 de la population, des r\u00e9fugi\u00e9s et des migrations","og_url":"https:\/\/univers.tg\/index.php\/2026\/03\/15\/togo-etats-unis-faure-gnassingbe-echange-avec-un-emissaire-de-la-maison-blanche\/","og_site_name":"UNIVERS.TG","article_published_time":"2026-03-15T09:33:58+00:00","article_modified_time":"2026-03-15T09:33:59+00:00","og_image":[{"width":720,"height":568,"url":"https:\/\/univers.tg\/wp-content\/uploads\/2026\/03\/1773565985810.jpg?wsr","type":"image\/jpeg"}],"author":"Jeremy Ahossou","twitter_card":"summary_large_image","twitter_misc":{"\u00c9crit par":"Jeremy Ahossou","Dur\u00e9e de lecture estim\u00e9e":"2 minutes"},"schema":{"@context":"https:\/\/schema.org","@graph":[{"@type":"WebPage","@id":"https:\/\/univers.tg\/index.php\/2026\/03\/15\/togo-etats-unis-faure-gnassingbe-echange-avec-un-emissaire-de-la-maison-blanche\/","url":"https:\/\/univers.tg\/index.php\/2026\/03\/15\/togo-etats-unis-faure-gnassingbe-echange-avec-un-emissaire-de-la-maison-blanche\/","name":"Togo\u2013\u00c9tats-Unis : Faure Gnassingb\u00e9 \u00e9change avec un \u00e9missaire de la Maison Blanche - UNIVERS.TG","isPartOf":{"@id":"https:\/\/univers.tg\/#website"},"primaryImageOfPage":{"@id":"https:\/\/univers.tg\/index.php\/2026\/03\/15\/togo-etats-unis-faure-gnassingbe-echange-avec-un-emissaire-de-la-maison-blanche\/#primaryimage"},"image":{"@id":"https:\/\/univers.tg\/index.php\/2026\/03\/15\/togo-etats-unis-faure-gnassingbe-echange-avec-un-emissaire-de-la-maison-blanche\/#primaryimage"},"thumbnailUrl":"https:\/\/univers.tg\/wp-content\/uploads\/2026\/03\/1773565985810.jpg?wsr","datePublished":"2026-03-15T09:33:58+00:00","dateModified":"2026-03-15T09:33:59+00:00","author":{"@id":"https:\/\/univers.tg\/#\/schema\/person\/7630d7826904ffdd55c0d13d178b97eb"},"description":"Le Pr\u00e9sident du Conseil, Faure Essozimna Gnassingb\u00e9, a re\u00e7u le 13 mars 2026 \u00e0 Lom\u00e9 le Sous-secr\u00e9taire d\u2019\u00c9tat adjoint am\u00e9ricain charg\u00e9 de la population, des r\u00e9fugi\u00e9s et des migrations","breadcrumb":{"@id":"https:\/\/univers.tg\/index.php\/2026\/03\/15\/togo-etats-unis-faure-gnassingbe-echange-avec-un-emissaire-de-la-maison-blanche\/#breadcrumb"},"inLanguage":"fr-FR","potentialAction":[{"@type":"ReadAction","target":["https:\/\/univers.tg\/index.php\/2026\/03\/15\/togo-etats-unis-faure-gnassingbe-echange-avec-un-emissaire-de-la-maison-blanche\/"]}]},{"@type":"ImageObject","inLanguage":"fr-FR","@id":"https:\/\/univers.tg\/index.php\/2026\/03\/15\/togo-etats-unis-faure-gnassingbe-echange-avec-un-emissaire-de-la-maison-blanche\/#primaryimage","url":"https:\/\/univers.tg\/wp-content\/uploads\/2026\/03\/1773565985810.jpg?wsr","contentUrl":"https:\/\/univers.tg\/wp-content\/uploads\/2026\/03\/1773565985810.jpg?wsr","width":720,"height":568},{"@type":"BreadcrumbList","@id":"https:\/\/univers.tg\/index.php\/2026\/03\/15\/togo-etats-unis-faure-gnassingbe-echange-avec-un-emissaire-de-la-maison-blanche\/#breadcrumb","itemListElement":[{"@type":"ListItem","position":1,"name":"Accueil","item":"https:\/\/univers.tg\/"},{"@type":"ListItem","position":2,"name":"Togo\u2013\u00c9tats-Unis : Faure Gnassingb\u00e9 \u00e9change avec un \u00e9missaire de la Maison Blanche"}]},{"@type":"WebSite","@id":"https:\/\/univers.tg\/#website","url":"https:\/\/univers.tg\/","name":"UNIVERS.TG","description":"AUTORISATION HAAC N\u00b0 0123\/02-2024\/PL\/P","potentialAction":[{"@type":"SearchAction","target":{"@type":"EntryPoint","urlTemplate":"https:\/\/univers.tg\/?s={search_term_string}"},"query-input":{"@type":"PropertyValueSpecification","valueRequired":true,"valueName":"search_term_string"}}],"inLanguage":"fr-FR"},{"@type":"Person","@id":"https:\/\/univers.tg\/#\/schema\/person\/7630d7826904ffdd55c0d13d178b97eb","name":"Jeremy Ahossou","image":{"@type":"ImageObject","inLanguage":"fr-FR","@id":"https:\/\/univers.tg\/#\/schema\/person\/image\/","url":"https:\/\/secure.gravatar.com\/avatar\/b9367486cc4651720458a662d192721c9d7cc1f4afe379e49612ab1a610e08ca?s=96&d=mm&r=g","contentUrl":"https:\/\/secure.gravatar.com\/avatar\/b9367486cc4651720458a662d192721c9d7cc1f4afe379e49612ab1a610e08ca?s=96&d=mm&r=g","caption":"Jeremy Ahossou"},"url":"https:\/\/univers.tg\/index.php\/author\/jeremy-ahossou\/"}]}},"_links":{"self":[{"href":"https:\/\/univers.tg\/index.php\/wp-json\/wp\/v2\/posts\/7404","targetHints":{"allow":["GET"]}}],"collection":[{"href":"https:\/\/univers.tg\/index.php\/wp-json\/wp\/v2\/posts"}],"about":[{"href":"https:\/\/univers.tg\/index.php\/wp-json\/wp\/v2\/types\/post"}],"author":[{"embeddable":true,"href":"https:\/\/univers.tg\/index.php\/wp-json\/wp\/v2\/users\/5"}],"replies":[{"embeddable":true,"href":"https:\/\/univers.tg\/index.php\/wp-json\/wp\/v2\/comments?post=7404"}],"version-history":[{"count":1,"href":"https:\/\/univers.tg\/index.php\/wp-json\/wp\/v2\/posts\/7404\/revisions"}],"predecessor-version":[{"id":7406,"href":"https:\/\/univers.tg\/index.php\/wp-json\/wp\/v2\/posts\/7404\/revisions\/7406"}],"wp:featuredmedia":[{"embeddable":true,"href":"https:\/\/univers.tg\/index.php\/wp-json\/wp\/v2\/media\/7405"}],"wp:attachment":[{"href":"https:\/\/univers.tg\/index.php\/wp-json\/wp\/v2\/media?parent=7404"}],"wp:term":[{"taxonomy":"category","embeddable":true,"href":"https:\/\/univers.tg\/index.php\/wp-json\/wp\/v2\/categories?post=7404"},{"taxonomy":"post_tag","embeddable":true,"href":"https:\/\/univers.tg\/index.php\/wp-json\/wp\/v2\/tags?post=7404"}],"curies":[{"name":"wp","href":"https:\/\/api.w.org\/{rel}","templated":true}]}}