{"id":7413,"date":"2026-03-16T19:33:50","date_gmt":"2026-03-16T19:33:50","guid":{"rendered":"https:\/\/univers.tg\/?p=7413"},"modified":"2026-03-16T19:35:22","modified_gmt":"2026-03-16T19:35:22","slug":"deces-dun-etudiant-togolais-a-lyon-vive-emotion-au-sein-de-la-diaspora","status":"publish","type":"post","link":"https:\/\/univers.tg\/index.php\/2026\/03\/16\/deces-dun-etudiant-togolais-a-lyon-vive-emotion-au-sein-de-la-diaspora\/","title":{"rendered":"D\u00e9c\u00e8s d\u2019un \u00e9tudiant togolais \u00e0 Lyon : vive \u00e9motion au sein de la diaspora"},"content":{"rendered":"\n<p><br>La communaut\u00e9 togolaise vivant en France est en deuil apr\u00e8s la disparition tragique de Gnintou Job Akpelie-Appotou, un \u00e9tudiant togolais de 23 ans d\u00e9c\u00e9d\u00e9 le 10 mars 2026 \u00e0 Lyon. La nouvelle a rapidement suscit\u00e9 une profonde \u00e9motion parmi les Togolais de la diaspora ainsi que dans les milieux estudiantins africains pr\u00e9sents dans l\u2019Hexagone.<\/p>\n\n\n\n<p><br>Le jeune homme poursuivait ses \u00e9tudes en troisi\u00e8me ann\u00e9e \u00e0 l\u2019ISARA Lyon, une \u00e9cole d\u2019ing\u00e9nieurs sp\u00e9cialis\u00e9e dans les sciences agronomiques et l\u2019environnement. Arriv\u00e9 en France au d\u00e9but de l\u2019ann\u00e9e acad\u00e9mique pour continuer son parcours universitaire, il \u00e9tait d\u00e9crit par ses proches comme un \u00e9tudiant engag\u00e9 et prometteur.<br>Pour l\u2019heure, les circonstances exactes de son d\u00e9c\u00e8s n\u2019ont pas encore \u00e9t\u00e9 rendues publiques par les autorit\u00e9s. <\/p>\n\n\n\n<p>En attendant d\u2019\u00e9ventuelles pr\u00e9cisions, l\u2019Association togolaise des \u00e9tudiants en France a lanc\u00e9 une cagnotte solidaire afin de soutenir la famille du d\u00e9funt et de mobiliser la diaspora pour financer le rapatriement du corps et l\u2019organisation des obs\u00e8ques au Togo<\/p>\n","protected":false},"excerpt":{"rendered":"<p>La communaut\u00e9 togolaise vivant en France est en deuil apr\u00e8s la disparition tragique de Gnintou Job Akpelie-Appotou, un \u00e9tudiant togolais de 23 ans d\u00e9c\u00e9d\u00e9 le 10 mars 2026 \u00e0 Lyon. La nouvelle a rapidement suscit\u00e9 une profonde \u00e9motion parmi les Togolais de la diaspora ainsi que dans les milieux estudiantins africains pr\u00e9sents dans l\u2019Hexagone. Le<\/p>\n","protected":false},"author":5,"featured_media":7414,"comment_status":"open","ping_status":"open","sticky":false,"template":"","format":"standard","meta":{"footnotes":""},"categories":[8],"tags":[],"class_list":["post-7413","post","type-post","status-publish","format-standard","has-post-thumbnail","hentry","category-diplomatie"],"yoast_head":"<!-- This site is optimized with the Yoast SEO plugin v26.4 - https:\/\/yoast.com\/wordpress\/plugins\/seo\/ -->\n<title>D\u00e9c\u00e8s d\u2019un \u00e9tudiant togolais \u00e0 Lyon : vive \u00e9motion au sein de la diaspora - UNIVERS.TG<\/title>\n<meta name=\"robots\" content=\"index, follow, max-snippet:-1, max-image-preview:large, max-video-preview:-1\" \/>\n<link rel=\"canonical\" href=\"https:\/\/univers.tg\/index.php\/2026\/03\/16\/deces-dun-etudiant-togolais-a-lyon-vive-emotion-au-sein-de-la-diaspora\/\" \/>\n<meta property=\"og:locale\" content=\"fr_FR\" \/>\n<meta property=\"og:type\" content=\"article\" \/>\n<meta property=\"og:title\" content=\"D\u00e9c\u00e8s d\u2019un \u00e9tudiant togolais \u00e0 Lyon : vive \u00e9motion au sein de la diaspora - UNIVERS.TG\" \/>\n<meta property=\"og:description\" content=\"La communaut\u00e9 togolaise vivant en France est en deuil apr\u00e8s la disparition tragique de Gnintou Job Akpelie-Appotou, un \u00e9tudiant togolais de 23 ans d\u00e9c\u00e9d\u00e9 le 10 mars 2026 \u00e0 Lyon. La nouvelle a rapidement suscit\u00e9 une profonde \u00e9motion parmi les Togolais de la diaspora ainsi que dans les milieux estudiantins africains pr\u00e9sents dans l\u2019Hexagone. Le\" \/>\n<meta property=\"og:url\" content=\"https:\/\/univers.tg\/index.php\/2026\/03\/16\/deces-dun-etudiant-togolais-a-lyon-vive-emotion-au-sein-de-la-diaspora\/\" \/>\n<meta property=\"og:site_name\" content=\"UNIVERS.TG\" \/>\n<meta property=\"article:published_time\" content=\"2026-03-16T19:33:50+00:00\" \/>\n<meta property=\"article:modified_time\" content=\"2026-03-16T19:35:22+00:00\" \/>\n<meta property=\"og:image\" content=\"https:\/\/univers.tg\/wp-content\/uploads\/2026\/03\/Screenshot_20260316-1930312.jpg?wsr\" \/>\n\t<meta property=\"og:image:width\" content=\"657\" \/>\n\t<meta property=\"og:image:height\" content=\"317\" \/>\n\t<meta property=\"og:image:type\" content=\"image\/jpeg\" \/>\n<meta name=\"author\" content=\"Jeremy Ahossou\" \/>\n<meta name=\"twitter:card\" content=\"summary_large_image\" \/>\n<meta name=\"twitter:label1\" content=\"\u00c9crit par\" \/>\n\t<meta name=\"twitter:data1\" content=\"Jeremy Ahossou\" \/>\n\t<meta name=\"twitter:label2\" content=\"Dur\u00e9e de lecture estim\u00e9e\" \/>\n\t<meta name=\"twitter:data2\" content=\"2 minutes\" \/>\n<script type=\"application\/ld+json\" class=\"yoast-schema-graph\">{\"@context\":\"https:\/\/schema.org\",\"@graph\":[{\"@type\":\"WebPage\",\"@id\":\"https:\/\/univers.tg\/index.php\/2026\/03\/16\/deces-dun-etudiant-togolais-a-lyon-vive-emotion-au-sein-de-la-diaspora\/\",\"url\":\"https:\/\/univers.tg\/index.php\/2026\/03\/16\/deces-dun-etudiant-togolais-a-lyon-vive-emotion-au-sein-de-la-diaspora\/\",\"name\":\"D\u00e9c\u00e8s d\u2019un \u00e9tudiant togolais \u00e0 Lyon : vive \u00e9motion au sein de la diaspora - UNIVERS.TG\",\"isPartOf\":{\"@id\":\"https:\/\/univers.tg\/#website\"},\"primaryImageOfPage\":{\"@id\":\"https:\/\/univers.tg\/index.php\/2026\/03\/16\/deces-dun-etudiant-togolais-a-lyon-vive-emotion-au-sein-de-la-diaspora\/#primaryimage\"},\"image\":{\"@id\":\"https:\/\/univers.tg\/index.php\/2026\/03\/16\/deces-dun-etudiant-togolais-a-lyon-vive-emotion-au-sein-de-la-diaspora\/#primaryimage\"},\"thumbnailUrl\":\"https:\/\/univers.tg\/wp-content\/uploads\/2026\/03\/Screenshot_20260316-1930312.jpg?wsr\",\"datePublished\":\"2026-03-16T19:33:50+00:00\",\"dateModified\":\"2026-03-16T19:35:22+00:00\",\"author\":{\"@id\":\"https:\/\/univers.tg\/#\/schema\/person\/7630d7826904ffdd55c0d13d178b97eb\"},\"breadcrumb\":{\"@id\":\"https:\/\/univers.tg\/index.php\/2026\/03\/16\/deces-dun-etudiant-togolais-a-lyon-vive-emotion-au-sein-de-la-diaspora\/#breadcrumb\"},\"inLanguage\":\"fr-FR\",\"potentialAction\":[{\"@type\":\"ReadAction\",\"target\":[\"https:\/\/univers.tg\/index.php\/2026\/03\/16\/deces-dun-etudiant-togolais-a-lyon-vive-emotion-au-sein-de-la-diaspora\/\"]}]},{\"@type\":\"ImageObject\",\"inLanguage\":\"fr-FR\",\"@id\":\"https:\/\/univers.tg\/index.php\/2026\/03\/16\/deces-dun-etudiant-togolais-a-lyon-vive-emotion-au-sein-de-la-diaspora\/#primaryimage\",\"url\":\"https:\/\/univers.tg\/wp-content\/uploads\/2026\/03\/Screenshot_20260316-1930312.jpg?wsr\",\"contentUrl\":\"https:\/\/univers.tg\/wp-content\/uploads\/2026\/03\/Screenshot_20260316-1930312.jpg?wsr\",\"width\":657,\"height\":317},{\"@type\":\"BreadcrumbList\",\"@id\":\"https:\/\/univers.tg\/index.php\/2026\/03\/16\/deces-dun-etudiant-togolais-a-lyon-vive-emotion-au-sein-de-la-diaspora\/#breadcrumb\",\"itemListElement\":[{\"@type\":\"ListItem\",\"position\":1,\"name\":\"Accueil\",\"item\":\"https:\/\/univers.tg\/\"},{\"@type\":\"ListItem\",\"position\":2,\"name\":\"D\u00e9c\u00e8s d\u2019un \u00e9tudiant togolais \u00e0 Lyon : vive \u00e9motion au sein de la diaspora\"}]},{\"@type\":\"WebSite\",\"@id\":\"https:\/\/univers.tg\/#website\",\"url\":\"https:\/\/univers.tg\/\",\"name\":\"UNIVERS.TG\",\"description\":\"AUTORISATION HAAC N\u00b0 0123\/02-2024\/PL\/P\",\"potentialAction\":[{\"@type\":\"SearchAction\",\"target\":{\"@type\":\"EntryPoint\",\"urlTemplate\":\"https:\/\/univers.tg\/?s={search_term_string}\"},\"query-input\":{\"@type\":\"PropertyValueSpecification\",\"valueRequired\":true,\"valueName\":\"search_term_string\"}}],\"inLanguage\":\"fr-FR\"},{\"@type\":\"Person\",\"@id\":\"https:\/\/univers.tg\/#\/schema\/person\/7630d7826904ffdd55c0d13d178b97eb\",\"name\":\"Jeremy Ahossou\",\"image\":{\"@type\":\"ImageObject\",\"inLanguage\":\"fr-FR\",\"@id\":\"https:\/\/univers.tg\/#\/schema\/person\/image\/\",\"url\":\"https:\/\/secure.gravatar.com\/avatar\/b9367486cc4651720458a662d192721c9d7cc1f4afe379e49612ab1a610e08ca?s=96&d=mm&r=g\",\"contentUrl\":\"https:\/\/secure.gravatar.com\/avatar\/b9367486cc4651720458a662d192721c9d7cc1f4afe379e49612ab1a610e08ca?s=96&d=mm&r=g\",\"caption\":\"Jeremy Ahossou\"},\"url\":\"https:\/\/univers.tg\/index.php\/author\/jeremy-ahossou\/\"}]}<\/script>\n<!-- \/ Yoast SEO plugin. -->","yoast_head_json":{"title":"D\u00e9c\u00e8s d\u2019un \u00e9tudiant togolais \u00e0 Lyon : vive \u00e9motion au sein de la diaspora - UNIVERS.TG","robots":{"index":"index","follow":"follow","max-snippet":"max-snippet:-1","max-image-preview":"max-image-preview:large","max-video-preview":"max-video-preview:-1"},"canonical":"https:\/\/univers.tg\/index.php\/2026\/03\/16\/deces-dun-etudiant-togolais-a-lyon-vive-emotion-au-sein-de-la-diaspora\/","og_locale":"fr_FR","og_type":"article","og_title":"D\u00e9c\u00e8s d\u2019un \u00e9tudiant togolais \u00e0 Lyon : vive \u00e9motion au sein de la diaspora - UNIVERS.TG","og_description":"La communaut\u00e9 togolaise vivant en France est en deuil apr\u00e8s la disparition tragique de Gnintou Job Akpelie-Appotou, un \u00e9tudiant togolais de 23 ans d\u00e9c\u00e9d\u00e9 le 10 mars 2026 \u00e0 Lyon. La nouvelle a rapidement suscit\u00e9 une profonde \u00e9motion parmi les Togolais de la diaspora ainsi que dans les milieux estudiantins africains pr\u00e9sents dans l\u2019Hexagone. Le","og_url":"https:\/\/univers.tg\/index.php\/2026\/03\/16\/deces-dun-etudiant-togolais-a-lyon-vive-emotion-au-sein-de-la-diaspora\/","og_site_name":"UNIVERS.TG","article_published_time":"2026-03-16T19:33:50+00:00","article_modified_time":"2026-03-16T19:35:22+00:00","og_image":[{"width":657,"height":317,"url":"https:\/\/univers.tg\/wp-content\/uploads\/2026\/03\/Screenshot_20260316-1930312.jpg?wsr","type":"image\/jpeg"}],"author":"Jeremy Ahossou","twitter_card":"summary_large_image","twitter_misc":{"\u00c9crit par":"Jeremy Ahossou","Dur\u00e9e de lecture estim\u00e9e":"2 minutes"},"schema":{"@context":"https:\/\/schema.org","@graph":[{"@type":"WebPage","@id":"https:\/\/univers.tg\/index.php\/2026\/03\/16\/deces-dun-etudiant-togolais-a-lyon-vive-emotion-au-sein-de-la-diaspora\/","url":"https:\/\/univers.tg\/index.php\/2026\/03\/16\/deces-dun-etudiant-togolais-a-lyon-vive-emotion-au-sein-de-la-diaspora\/","name":"D\u00e9c\u00e8s d\u2019un \u00e9tudiant togolais \u00e0 Lyon : vive \u00e9motion au sein de la diaspora - UNIVERS.TG","isPartOf":{"@id":"https:\/\/univers.tg\/#website"},"primaryImageOfPage":{"@id":"https:\/\/univers.tg\/index.php\/2026\/03\/16\/deces-dun-etudiant-togolais-a-lyon-vive-emotion-au-sein-de-la-diaspora\/#primaryimage"},"image":{"@id":"https:\/\/univers.tg\/index.php\/2026\/03\/16\/deces-dun-etudiant-togolais-a-lyon-vive-emotion-au-sein-de-la-diaspora\/#primaryimage"},"thumbnailUrl":"https:\/\/univers.tg\/wp-content\/uploads\/2026\/03\/Screenshot_20260316-1930312.jpg?wsr","datePublished":"2026-03-16T19:33:50+00:00","dateModified":"2026-03-16T19:35:22+00:00","author":{"@id":"https:\/\/univers.tg\/#\/schema\/person\/7630d7826904ffdd55c0d13d178b97eb"},"breadcrumb":{"@id":"https:\/\/univers.tg\/index.php\/2026\/03\/16\/deces-dun-etudiant-togolais-a-lyon-vive-emotion-au-sein-de-la-diaspora\/#breadcrumb"},"inLanguage":"fr-FR","potentialAction":[{"@type":"ReadAction","target":["https:\/\/univers.tg\/index.php\/2026\/03\/16\/deces-dun-etudiant-togolais-a-lyon-vive-emotion-au-sein-de-la-diaspora\/"]}]},{"@type":"ImageObject","inLanguage":"fr-FR","@id":"https:\/\/univers.tg\/index.php\/2026\/03\/16\/deces-dun-etudiant-togolais-a-lyon-vive-emotion-au-sein-de-la-diaspora\/#primaryimage","url":"https:\/\/univers.tg\/wp-content\/uploads\/2026\/03\/Screenshot_20260316-1930312.jpg?wsr","contentUrl":"https:\/\/univers.tg\/wp-content\/uploads\/2026\/03\/Screenshot_20260316-1930312.jpg?wsr","width":657,"height":317},{"@type":"BreadcrumbList","@id":"https:\/\/univers.tg\/index.php\/2026\/03\/16\/deces-dun-etudiant-togolais-a-lyon-vive-emotion-au-sein-de-la-diaspora\/#breadcrumb","itemListElement":[{"@type":"ListItem","position":1,"name":"Accueil","item":"https:\/\/univers.tg\/"},{"@type":"ListItem","position":2,"name":"D\u00e9c\u00e8s d\u2019un \u00e9tudiant togolais \u00e0 Lyon : vive \u00e9motion au sein de la diaspora"}]},{"@type":"WebSite","@id":"https:\/\/univers.tg\/#website","url":"https:\/\/univers.tg\/","name":"UNIVERS.TG","description":"AUTORISATION HAAC N\u00b0 0123\/02-2024\/PL\/P","potentialAction":[{"@type":"SearchAction","target":{"@type":"EntryPoint","urlTemplate":"https:\/\/univers.tg\/?s={search_term_string}"},"query-input":{"@type":"PropertyValueSpecification","valueRequired":true,"valueName":"search_term_string"}}],"inLanguage":"fr-FR"},{"@type":"Person","@id":"https:\/\/univers.tg\/#\/schema\/person\/7630d7826904ffdd55c0d13d178b97eb","name":"Jeremy Ahossou","image":{"@type":"ImageObject","inLanguage":"fr-FR","@id":"https:\/\/univers.tg\/#\/schema\/person\/image\/","url":"https:\/\/secure.gravatar.com\/avatar\/b9367486cc4651720458a662d192721c9d7cc1f4afe379e49612ab1a610e08ca?s=96&d=mm&r=g","contentUrl":"https:\/\/secure.gravatar.com\/avatar\/b9367486cc4651720458a662d192721c9d7cc1f4afe379e49612ab1a610e08ca?s=96&d=mm&r=g","caption":"Jeremy Ahossou"},"url":"https:\/\/univers.tg\/index.php\/author\/jeremy-ahossou\/"}]}},"_links":{"self":[{"href":"https:\/\/univers.tg\/index.php\/wp-json\/wp\/v2\/posts\/7413","targetHints":{"allow":["GET"]}}],"collection":[{"href":"https:\/\/univers.tg\/index.php\/wp-json\/wp\/v2\/posts"}],"about":[{"href":"https:\/\/univers.tg\/index.php\/wp-json\/wp\/v2\/types\/post"}],"author":[{"embeddable":true,"href":"https:\/\/univers.tg\/index.php\/wp-json\/wp\/v2\/users\/5"}],"replies":[{"embeddable":true,"href":"https:\/\/univers.tg\/index.php\/wp-json\/wp\/v2\/comments?post=7413"}],"version-history":[{"count":1,"href":"https:\/\/univers.tg\/index.php\/wp-json\/wp\/v2\/posts\/7413\/revisions"}],"predecessor-version":[{"id":7415,"href":"https:\/\/univers.tg\/index.php\/wp-json\/wp\/v2\/posts\/7413\/revisions\/7415"}],"wp:featuredmedia":[{"embeddable":true,"href":"https:\/\/univers.tg\/index.php\/wp-json\/wp\/v2\/media\/7414"}],"wp:attachment":[{"href":"https:\/\/univers.tg\/index.php\/wp-json\/wp\/v2\/media?parent=7413"}],"wp:term":[{"taxonomy":"category","embeddable":true,"href":"https:\/\/univers.tg\/index.php\/wp-json\/wp\/v2\/categories?post=7413"},{"taxonomy":"post_tag","embeddable":true,"href":"https:\/\/univers.tg\/index.php\/wp-json\/wp\/v2\/tags?post=7413"}],"curies":[{"name":"wp","href":"https:\/\/api.w.org\/{rel}","templated":true}]}}