{"id":7965,"date":"2026-04-26T09:07:01","date_gmt":"2026-04-26T09:07:01","guid":{"rendered":"https:\/\/univers.tg\/?p=7965"},"modified":"2026-04-26T09:07:02","modified_gmt":"2026-04-26T09:07:02","slug":"sous-la-presidence-de-faure-gnassingbe-des-militaires-distingues-pour-leur-bravoure","status":"publish","type":"post","link":"https:\/\/univers.tg\/index.php\/2026\/04\/26\/sous-la-presidence-de-faure-gnassingbe-des-militaires-distingues-pour-leur-bravoure\/","title":{"rendered":"Sous la pr\u00e9sidence de Faure Gnassingb\u00e9, des militaires distingu\u00e9s pour leur bravoure"},"content":{"rendered":"\n<p><br>Le Pr\u00e9sident du Conseil, Faure Essozimna Gnassingb\u00e9, \u00e9galement Chef supr\u00eame des arm\u00e9es, a pr\u00e9sid\u00e9 le 25 avril 2026 une c\u00e9r\u00e9monie de d\u00e9coration au camp G\u00e9n\u00e9ral Gnassingb\u00e9 Eyad\u00e9ma \u00e0 Lom\u00e9. Plusieurs personnalit\u00e9s militaires y ont \u00e9t\u00e9 honor\u00e9es pour leur contribution \u00e0 la paix, \u00e0 la s\u00e9curit\u00e9 et \u00e0 la stabilit\u00e9 du pays.<\/p>\n\n\n\n<p><br>Organis\u00e9e dans le cadre des comm\u00e9morations du 66\u1d49 anniversaire de l\u2019ind\u00e9pendance du Togo, la c\u00e9r\u00e9monie s\u2019inscrivait sous le signe du devoir de m\u00e9moire. Elle a permis de saluer l\u2019engagement des forces de d\u00e9fense et de s\u00e9curit\u00e9 dans un contexte marqu\u00e9 par des d\u00e9fis s\u00e9curitaires persistants dans la sous-r\u00e9gion.<\/p>\n\n\n\n<p><br>\u00c0 cette occasion, plusieurs cat\u00e9gories de militaires \u2014 des officiers sup\u00e9rieurs aux soldats \u2014 ont \u00e9t\u00e9 \u00e9lev\u00e9es \u00e0 diff\u00e9rents grades dans les ordres nationaux, notamment l\u2019ordre du Mono et l\u2019ordre national du m\u00e9rite. Des m\u00e9dailles du m\u00e9rite militaire ont \u00e9galement \u00e9t\u00e9 remises en reconnaissance des services rendus \u00e0 la nation.<\/p>\n\n\n\n<p><br>Au-del\u00e0 de la symbolique, cette distinction traduit la reconnaissance de la R\u00e9publique envers les forces arm\u00e9es pour leur r\u00f4le essentiel dans la protection du territoire. La c\u00e9r\u00e9monie, marqu\u00e9e par un d\u00e9fil\u00e9 militaire et paramilitaire, a \u00e9galement mis en lumi\u00e8re la discipline et le professionnalisme des troupes, tout en r\u00e9affirmant leur attachement \u00e0 la d\u00e9fense de la paix et de la coh\u00e9sion nationale.<\/p>\n","protected":false},"excerpt":{"rendered":"<p>Le Pr\u00e9sident du Conseil, Faure Essozimna Gnassingb\u00e9, \u00e9galement Chef supr\u00eame des arm\u00e9es, a pr\u00e9sid\u00e9 le 25 avril 2026 une c\u00e9r\u00e9monie de d\u00e9coration au camp G\u00e9n\u00e9ral Gnassingb\u00e9 Eyad\u00e9ma \u00e0 Lom\u00e9. Plusieurs personnalit\u00e9s militaires y ont \u00e9t\u00e9 honor\u00e9es pour leur contribution \u00e0 la paix, \u00e0 la s\u00e9curit\u00e9 et \u00e0 la stabilit\u00e9 du pays. Organis\u00e9e dans le cadre<\/p>\n","protected":false},"author":5,"featured_media":7966,"comment_status":"open","ping_status":"open","sticky":false,"template":"","format":"standard","meta":{"footnotes":""},"categories":[390],"tags":[],"class_list":["post-7965","post","type-post","status-publish","format-standard","has-post-thumbnail","hentry","category-securite"],"yoast_head":"<!-- This site is optimized with the Yoast SEO plugin v26.4 - https:\/\/yoast.com\/wordpress\/plugins\/seo\/ -->\n<title>Sous la pr\u00e9sidence de Faure Gnassingb\u00e9, des militaires distingu\u00e9s pour leur bravoure - UNIVERS.TG<\/title>\n<meta name=\"robots\" content=\"index, follow, max-snippet:-1, max-image-preview:large, max-video-preview:-1\" \/>\n<link rel=\"canonical\" href=\"https:\/\/univers.tg\/index.php\/2026\/04\/26\/sous-la-presidence-de-faure-gnassingbe-des-militaires-distingues-pour-leur-bravoure\/\" \/>\n<meta property=\"og:locale\" content=\"fr_FR\" \/>\n<meta property=\"og:type\" content=\"article\" \/>\n<meta property=\"og:title\" content=\"Sous la pr\u00e9sidence de Faure Gnassingb\u00e9, des militaires distingu\u00e9s pour leur bravoure - UNIVERS.TG\" \/>\n<meta property=\"og:description\" content=\"Le Pr\u00e9sident du Conseil, Faure Essozimna Gnassingb\u00e9, \u00e9galement Chef supr\u00eame des arm\u00e9es, a pr\u00e9sid\u00e9 le 25 avril 2026 une c\u00e9r\u00e9monie de d\u00e9coration au camp G\u00e9n\u00e9ral Gnassingb\u00e9 Eyad\u00e9ma \u00e0 Lom\u00e9. Plusieurs personnalit\u00e9s militaires y ont \u00e9t\u00e9 honor\u00e9es pour leur contribution \u00e0 la paix, \u00e0 la s\u00e9curit\u00e9 et \u00e0 la stabilit\u00e9 du pays. Organis\u00e9e dans le cadre\" \/>\n<meta property=\"og:url\" content=\"https:\/\/univers.tg\/index.php\/2026\/04\/26\/sous-la-presidence-de-faure-gnassingbe-des-militaires-distingues-pour-leur-bravoure\/\" \/>\n<meta property=\"og:site_name\" content=\"UNIVERS.TG\" \/>\n<meta property=\"article:published_time\" content=\"2026-04-26T09:07:01+00:00\" \/>\n<meta property=\"article:modified_time\" content=\"2026-04-26T09:07:02+00:00\" \/>\n<meta property=\"og:image\" content=\"https:\/\/univers.tg\/wp-content\/uploads\/2026\/04\/IMG-20260426-WA0041.jpg?wsr\" \/>\n\t<meta property=\"og:image:width\" content=\"1280\" \/>\n\t<meta property=\"og:image:height\" content=\"1014\" \/>\n\t<meta property=\"og:image:type\" content=\"image\/jpeg\" \/>\n<meta name=\"author\" content=\"Jeremy Ahossou\" \/>\n<meta name=\"twitter:card\" content=\"summary_large_image\" \/>\n<meta name=\"twitter:label1\" content=\"\u00c9crit par\" \/>\n\t<meta name=\"twitter:data1\" content=\"Jeremy Ahossou\" \/>\n\t<meta name=\"twitter:label2\" content=\"Dur\u00e9e de lecture estim\u00e9e\" \/>\n\t<meta name=\"twitter:data2\" content=\"2 minutes\" \/>\n<script type=\"application\/ld+json\" class=\"yoast-schema-graph\">{\"@context\":\"https:\/\/schema.org\",\"@graph\":[{\"@type\":\"WebPage\",\"@id\":\"https:\/\/univers.tg\/index.php\/2026\/04\/26\/sous-la-presidence-de-faure-gnassingbe-des-militaires-distingues-pour-leur-bravoure\/\",\"url\":\"https:\/\/univers.tg\/index.php\/2026\/04\/26\/sous-la-presidence-de-faure-gnassingbe-des-militaires-distingues-pour-leur-bravoure\/\",\"name\":\"Sous la pr\u00e9sidence de Faure Gnassingb\u00e9, des militaires distingu\u00e9s pour leur bravoure - UNIVERS.TG\",\"isPartOf\":{\"@id\":\"https:\/\/univers.tg\/#website\"},\"primaryImageOfPage\":{\"@id\":\"https:\/\/univers.tg\/index.php\/2026\/04\/26\/sous-la-presidence-de-faure-gnassingbe-des-militaires-distingues-pour-leur-bravoure\/#primaryimage\"},\"image\":{\"@id\":\"https:\/\/univers.tg\/index.php\/2026\/04\/26\/sous-la-presidence-de-faure-gnassingbe-des-militaires-distingues-pour-leur-bravoure\/#primaryimage\"},\"thumbnailUrl\":\"https:\/\/univers.tg\/wp-content\/uploads\/2026\/04\/IMG-20260426-WA0041.jpg?wsr\",\"datePublished\":\"2026-04-26T09:07:01+00:00\",\"dateModified\":\"2026-04-26T09:07:02+00:00\",\"author\":{\"@id\":\"https:\/\/univers.tg\/#\/schema\/person\/7630d7826904ffdd55c0d13d178b97eb\"},\"breadcrumb\":{\"@id\":\"https:\/\/univers.tg\/index.php\/2026\/04\/26\/sous-la-presidence-de-faure-gnassingbe-des-militaires-distingues-pour-leur-bravoure\/#breadcrumb\"},\"inLanguage\":\"fr-FR\",\"potentialAction\":[{\"@type\":\"ReadAction\",\"target\":[\"https:\/\/univers.tg\/index.php\/2026\/04\/26\/sous-la-presidence-de-faure-gnassingbe-des-militaires-distingues-pour-leur-bravoure\/\"]}]},{\"@type\":\"ImageObject\",\"inLanguage\":\"fr-FR\",\"@id\":\"https:\/\/univers.tg\/index.php\/2026\/04\/26\/sous-la-presidence-de-faure-gnassingbe-des-militaires-distingues-pour-leur-bravoure\/#primaryimage\",\"url\":\"https:\/\/univers.tg\/wp-content\/uploads\/2026\/04\/IMG-20260426-WA0041.jpg?wsr\",\"contentUrl\":\"https:\/\/univers.tg\/wp-content\/uploads\/2026\/04\/IMG-20260426-WA0041.jpg?wsr\",\"width\":1280,\"height\":1014},{\"@type\":\"BreadcrumbList\",\"@id\":\"https:\/\/univers.tg\/index.php\/2026\/04\/26\/sous-la-presidence-de-faure-gnassingbe-des-militaires-distingues-pour-leur-bravoure\/#breadcrumb\",\"itemListElement\":[{\"@type\":\"ListItem\",\"position\":1,\"name\":\"Accueil\",\"item\":\"https:\/\/univers.tg\/\"},{\"@type\":\"ListItem\",\"position\":2,\"name\":\"Sous la pr\u00e9sidence de Faure Gnassingb\u00e9, des militaires distingu\u00e9s pour leur bravoure\"}]},{\"@type\":\"WebSite\",\"@id\":\"https:\/\/univers.tg\/#website\",\"url\":\"https:\/\/univers.tg\/\",\"name\":\"UNIVERS.TG\",\"description\":\"AUTORISATION HAAC N\u00b0 0123\/02-2024\/PL\/P\",\"potentialAction\":[{\"@type\":\"SearchAction\",\"target\":{\"@type\":\"EntryPoint\",\"urlTemplate\":\"https:\/\/univers.tg\/?s={search_term_string}\"},\"query-input\":{\"@type\":\"PropertyValueSpecification\",\"valueRequired\":true,\"valueName\":\"search_term_string\"}}],\"inLanguage\":\"fr-FR\"},{\"@type\":\"Person\",\"@id\":\"https:\/\/univers.tg\/#\/schema\/person\/7630d7826904ffdd55c0d13d178b97eb\",\"name\":\"Jeremy Ahossou\",\"image\":{\"@type\":\"ImageObject\",\"inLanguage\":\"fr-FR\",\"@id\":\"https:\/\/univers.tg\/#\/schema\/person\/image\/\",\"url\":\"https:\/\/secure.gravatar.com\/avatar\/b9367486cc4651720458a662d192721c9d7cc1f4afe379e49612ab1a610e08ca?s=96&d=mm&r=g\",\"contentUrl\":\"https:\/\/secure.gravatar.com\/avatar\/b9367486cc4651720458a662d192721c9d7cc1f4afe379e49612ab1a610e08ca?s=96&d=mm&r=g\",\"caption\":\"Jeremy Ahossou\"},\"url\":\"https:\/\/univers.tg\/index.php\/author\/jeremy-ahossou\/\"}]}<\/script>\n<!-- \/ Yoast SEO plugin. -->","yoast_head_json":{"title":"Sous la pr\u00e9sidence de Faure Gnassingb\u00e9, des militaires distingu\u00e9s pour leur bravoure - UNIVERS.TG","robots":{"index":"index","follow":"follow","max-snippet":"max-snippet:-1","max-image-preview":"max-image-preview:large","max-video-preview":"max-video-preview:-1"},"canonical":"https:\/\/univers.tg\/index.php\/2026\/04\/26\/sous-la-presidence-de-faure-gnassingbe-des-militaires-distingues-pour-leur-bravoure\/","og_locale":"fr_FR","og_type":"article","og_title":"Sous la pr\u00e9sidence de Faure Gnassingb\u00e9, des militaires distingu\u00e9s pour leur bravoure - UNIVERS.TG","og_description":"Le Pr\u00e9sident du Conseil, Faure Essozimna Gnassingb\u00e9, \u00e9galement Chef supr\u00eame des arm\u00e9es, a pr\u00e9sid\u00e9 le 25 avril 2026 une c\u00e9r\u00e9monie de d\u00e9coration au camp G\u00e9n\u00e9ral Gnassingb\u00e9 Eyad\u00e9ma \u00e0 Lom\u00e9. Plusieurs personnalit\u00e9s militaires y ont \u00e9t\u00e9 honor\u00e9es pour leur contribution \u00e0 la paix, \u00e0 la s\u00e9curit\u00e9 et \u00e0 la stabilit\u00e9 du pays. Organis\u00e9e dans le cadre","og_url":"https:\/\/univers.tg\/index.php\/2026\/04\/26\/sous-la-presidence-de-faure-gnassingbe-des-militaires-distingues-pour-leur-bravoure\/","og_site_name":"UNIVERS.TG","article_published_time":"2026-04-26T09:07:01+00:00","article_modified_time":"2026-04-26T09:07:02+00:00","og_image":[{"width":1280,"height":1014,"url":"https:\/\/univers.tg\/wp-content\/uploads\/2026\/04\/IMG-20260426-WA0041.jpg?wsr","type":"image\/jpeg"}],"author":"Jeremy Ahossou","twitter_card":"summary_large_image","twitter_misc":{"\u00c9crit par":"Jeremy Ahossou","Dur\u00e9e de lecture estim\u00e9e":"2 minutes"},"schema":{"@context":"https:\/\/schema.org","@graph":[{"@type":"WebPage","@id":"https:\/\/univers.tg\/index.php\/2026\/04\/26\/sous-la-presidence-de-faure-gnassingbe-des-militaires-distingues-pour-leur-bravoure\/","url":"https:\/\/univers.tg\/index.php\/2026\/04\/26\/sous-la-presidence-de-faure-gnassingbe-des-militaires-distingues-pour-leur-bravoure\/","name":"Sous la pr\u00e9sidence de Faure Gnassingb\u00e9, des militaires distingu\u00e9s pour leur bravoure - UNIVERS.TG","isPartOf":{"@id":"https:\/\/univers.tg\/#website"},"primaryImageOfPage":{"@id":"https:\/\/univers.tg\/index.php\/2026\/04\/26\/sous-la-presidence-de-faure-gnassingbe-des-militaires-distingues-pour-leur-bravoure\/#primaryimage"},"image":{"@id":"https:\/\/univers.tg\/index.php\/2026\/04\/26\/sous-la-presidence-de-faure-gnassingbe-des-militaires-distingues-pour-leur-bravoure\/#primaryimage"},"thumbnailUrl":"https:\/\/univers.tg\/wp-content\/uploads\/2026\/04\/IMG-20260426-WA0041.jpg?wsr","datePublished":"2026-04-26T09:07:01+00:00","dateModified":"2026-04-26T09:07:02+00:00","author":{"@id":"https:\/\/univers.tg\/#\/schema\/person\/7630d7826904ffdd55c0d13d178b97eb"},"breadcrumb":{"@id":"https:\/\/univers.tg\/index.php\/2026\/04\/26\/sous-la-presidence-de-faure-gnassingbe-des-militaires-distingues-pour-leur-bravoure\/#breadcrumb"},"inLanguage":"fr-FR","potentialAction":[{"@type":"ReadAction","target":["https:\/\/univers.tg\/index.php\/2026\/04\/26\/sous-la-presidence-de-faure-gnassingbe-des-militaires-distingues-pour-leur-bravoure\/"]}]},{"@type":"ImageObject","inLanguage":"fr-FR","@id":"https:\/\/univers.tg\/index.php\/2026\/04\/26\/sous-la-presidence-de-faure-gnassingbe-des-militaires-distingues-pour-leur-bravoure\/#primaryimage","url":"https:\/\/univers.tg\/wp-content\/uploads\/2026\/04\/IMG-20260426-WA0041.jpg?wsr","contentUrl":"https:\/\/univers.tg\/wp-content\/uploads\/2026\/04\/IMG-20260426-WA0041.jpg?wsr","width":1280,"height":1014},{"@type":"BreadcrumbList","@id":"https:\/\/univers.tg\/index.php\/2026\/04\/26\/sous-la-presidence-de-faure-gnassingbe-des-militaires-distingues-pour-leur-bravoure\/#breadcrumb","itemListElement":[{"@type":"ListItem","position":1,"name":"Accueil","item":"https:\/\/univers.tg\/"},{"@type":"ListItem","position":2,"name":"Sous la pr\u00e9sidence de Faure Gnassingb\u00e9, des militaires distingu\u00e9s pour leur bravoure"}]},{"@type":"WebSite","@id":"https:\/\/univers.tg\/#website","url":"https:\/\/univers.tg\/","name":"UNIVERS.TG","description":"AUTORISATION HAAC N\u00b0 0123\/02-2024\/PL\/P","potentialAction":[{"@type":"SearchAction","target":{"@type":"EntryPoint","urlTemplate":"https:\/\/univers.tg\/?s={search_term_string}"},"query-input":{"@type":"PropertyValueSpecification","valueRequired":true,"valueName":"search_term_string"}}],"inLanguage":"fr-FR"},{"@type":"Person","@id":"https:\/\/univers.tg\/#\/schema\/person\/7630d7826904ffdd55c0d13d178b97eb","name":"Jeremy Ahossou","image":{"@type":"ImageObject","inLanguage":"fr-FR","@id":"https:\/\/univers.tg\/#\/schema\/person\/image\/","url":"https:\/\/secure.gravatar.com\/avatar\/b9367486cc4651720458a662d192721c9d7cc1f4afe379e49612ab1a610e08ca?s=96&d=mm&r=g","contentUrl":"https:\/\/secure.gravatar.com\/avatar\/b9367486cc4651720458a662d192721c9d7cc1f4afe379e49612ab1a610e08ca?s=96&d=mm&r=g","caption":"Jeremy Ahossou"},"url":"https:\/\/univers.tg\/index.php\/author\/jeremy-ahossou\/"}]}},"_links":{"self":[{"href":"https:\/\/univers.tg\/index.php\/wp-json\/wp\/v2\/posts\/7965","targetHints":{"allow":["GET"]}}],"collection":[{"href":"https:\/\/univers.tg\/index.php\/wp-json\/wp\/v2\/posts"}],"about":[{"href":"https:\/\/univers.tg\/index.php\/wp-json\/wp\/v2\/types\/post"}],"author":[{"embeddable":true,"href":"https:\/\/univers.tg\/index.php\/wp-json\/wp\/v2\/users\/5"}],"replies":[{"embeddable":true,"href":"https:\/\/univers.tg\/index.php\/wp-json\/wp\/v2\/comments?post=7965"}],"version-history":[{"count":1,"href":"https:\/\/univers.tg\/index.php\/wp-json\/wp\/v2\/posts\/7965\/revisions"}],"predecessor-version":[{"id":7967,"href":"https:\/\/univers.tg\/index.php\/wp-json\/wp\/v2\/posts\/7965\/revisions\/7967"}],"wp:featuredmedia":[{"embeddable":true,"href":"https:\/\/univers.tg\/index.php\/wp-json\/wp\/v2\/media\/7966"}],"wp:attachment":[{"href":"https:\/\/univers.tg\/index.php\/wp-json\/wp\/v2\/media?parent=7965"}],"wp:term":[{"taxonomy":"category","embeddable":true,"href":"https:\/\/univers.tg\/index.php\/wp-json\/wp\/v2\/categories?post=7965"},{"taxonomy":"post_tag","embeddable":true,"href":"https:\/\/univers.tg\/index.php\/wp-json\/wp\/v2\/tags?post=7965"}],"curies":[{"name":"wp","href":"https:\/\/api.w.org\/{rel}","templated":true}]}}