{"id":7968,"date":"2026-04-27T05:57:59","date_gmt":"2026-04-27T05:57:59","guid":{"rendered":"https:\/\/univers.tg\/?p=7968"},"modified":"2026-04-27T05:58:01","modified_gmt":"2026-04-27T05:58:01","slug":"66-ans-dindependance-faure-essozimna-gnassingbe-ravive-le-symbole-national","status":"publish","type":"post","link":"https:\/\/univers.tg\/index.php\/2026\/04\/27\/66-ans-dindependance-faure-essozimna-gnassingbe-ravive-le-symbole-national\/","title":{"rendered":"66 ans d\u2019ind\u00e9pendance : Faure Essozimna Gnassingb\u00e9 ravive le symbole national"},"content":{"rendered":"\n<p><br>\u00c0 la veille de la c\u00e9l\u00e9bration du 66\u1d49 anniversaire de l\u2019ind\u00e9pendance du Togo, le Pr\u00e9sident du Conseil, Faure Essozimna Gnassingb\u00e9, a proc\u00e9d\u00e9 au rallumage de la flamme de l\u2019ind\u00e9pendance, un geste hautement symbolique marquant l\u2019attachement du pays \u00e0 sa souverainet\u00e9.<\/p>\n\n\n\n<p><br>La c\u00e9r\u00e9monie a rassembl\u00e9 de nombreuses personnalit\u00e9s, notamment les pr\u00e9sidents des institutions, des responsables politiques et administratifs, des autorit\u00e9s militaires et traditionnelles, ainsi que des repr\u00e9sentants du corps diplomatique. Tous ont assist\u00e9 \u00e0 ce moment solennel, reflet de l\u2019unit\u00e9 nationale et du respect des valeurs r\u00e9publicaines.<\/p>\n\n\n\n<p><br>Au-del\u00e0 du protocole, cet acte vise \u00e0 honorer la m\u00e9moire des figures historiques qui ont \u0153uvr\u00e9 pour l\u2019\u00e9mancipation du Togo. Il rappelle les sacrifices consentis pour l\u2019ind\u00e9pendance et r\u00e9affirme la volont\u00e9 collective de pr\u00e9server les acquis de la nation tout en poursuivant son d\u00e9veloppement.<\/p>\n\n\n\n<p><br>\u00c0 l\u2019issue de la c\u00e9r\u00e9monie, le Pr\u00e9sident du Conseil est all\u00e9 \u00e0 la rencontre des populations pr\u00e9sentes. Dans une ambiance chaleureuse, il a salu\u00e9 leur mobilisation et leur engagement, t\u00e9moignant de l\u2019importance accord\u00e9e \u00e0 cet \u00e9v\u00e9nement charg\u00e9 de sens pour le peuple togolais.<\/p>\n","protected":false},"excerpt":{"rendered":"<p>\u00c0 la veille de la c\u00e9l\u00e9bration du 66\u1d49 anniversaire de l\u2019ind\u00e9pendance du Togo, le Pr\u00e9sident du Conseil, Faure Essozimna Gnassingb\u00e9, a proc\u00e9d\u00e9 au rallumage de la flamme de l\u2019ind\u00e9pendance, un geste hautement symbolique marquant l\u2019attachement du pays \u00e0 sa souverainet\u00e9. La c\u00e9r\u00e9monie a rassembl\u00e9 de nombreuses personnalit\u00e9s, notamment les pr\u00e9sidents des institutions, des responsables politiques<\/p>\n","protected":false},"author":5,"featured_media":7969,"comment_status":"open","ping_status":"open","sticky":false,"template":"","format":"standard","meta":{"footnotes":""},"categories":[4],"tags":[],"class_list":["post-7968","post","type-post","status-publish","format-standard","has-post-thumbnail","hentry","category-politique"],"yoast_head":"<!-- This site is optimized with the Yoast SEO plugin v26.4 - https:\/\/yoast.com\/wordpress\/plugins\/seo\/ -->\n<title>66 ans d\u2019ind\u00e9pendance : Faure Essozimna Gnassingb\u00e9 ravive le symbole national - UNIVERS.TG<\/title>\n<meta name=\"robots\" content=\"index, follow, max-snippet:-1, max-image-preview:large, max-video-preview:-1\" \/>\n<link rel=\"canonical\" href=\"https:\/\/univers.tg\/index.php\/2026\/04\/27\/66-ans-dindependance-faure-essozimna-gnassingbe-ravive-le-symbole-national\/\" \/>\n<meta property=\"og:locale\" content=\"fr_FR\" \/>\n<meta property=\"og:type\" content=\"article\" \/>\n<meta property=\"og:title\" content=\"66 ans d\u2019ind\u00e9pendance : Faure Essozimna Gnassingb\u00e9 ravive le symbole national - UNIVERS.TG\" \/>\n<meta property=\"og:description\" content=\"\u00c0 la veille de la c\u00e9l\u00e9bration du 66\u1d49 anniversaire de l\u2019ind\u00e9pendance du Togo, le Pr\u00e9sident du Conseil, Faure Essozimna Gnassingb\u00e9, a proc\u00e9d\u00e9 au rallumage de la flamme de l\u2019ind\u00e9pendance, un geste hautement symbolique marquant l\u2019attachement du pays \u00e0 sa souverainet\u00e9. La c\u00e9r\u00e9monie a rassembl\u00e9 de nombreuses personnalit\u00e9s, notamment les pr\u00e9sidents des institutions, des responsables politiques\" \/>\n<meta property=\"og:url\" content=\"https:\/\/univers.tg\/index.php\/2026\/04\/27\/66-ans-dindependance-faure-essozimna-gnassingbe-ravive-le-symbole-national\/\" \/>\n<meta property=\"og:site_name\" content=\"UNIVERS.TG\" \/>\n<meta property=\"article:published_time\" content=\"2026-04-27T05:57:59+00:00\" \/>\n<meta property=\"article:modified_time\" content=\"2026-04-27T05:58:01+00:00\" \/>\n<meta property=\"og:image\" content=\"https:\/\/univers.tg\/wp-content\/uploads\/2026\/04\/1777268903312.jpg?wsr\" \/>\n\t<meta property=\"og:image:width\" content=\"720\" \/>\n\t<meta property=\"og:image:height\" content=\"693\" \/>\n\t<meta property=\"og:image:type\" content=\"image\/jpeg\" \/>\n<meta name=\"author\" content=\"Jeremy Ahossou\" \/>\n<meta name=\"twitter:card\" content=\"summary_large_image\" \/>\n<meta name=\"twitter:label1\" content=\"\u00c9crit par\" \/>\n\t<meta name=\"twitter:data1\" content=\"Jeremy Ahossou\" \/>\n\t<meta name=\"twitter:label2\" content=\"Dur\u00e9e de lecture estim\u00e9e\" \/>\n\t<meta name=\"twitter:data2\" content=\"2 minutes\" \/>\n<script type=\"application\/ld+json\" class=\"yoast-schema-graph\">{\"@context\":\"https:\/\/schema.org\",\"@graph\":[{\"@type\":\"WebPage\",\"@id\":\"https:\/\/univers.tg\/index.php\/2026\/04\/27\/66-ans-dindependance-faure-essozimna-gnassingbe-ravive-le-symbole-national\/\",\"url\":\"https:\/\/univers.tg\/index.php\/2026\/04\/27\/66-ans-dindependance-faure-essozimna-gnassingbe-ravive-le-symbole-national\/\",\"name\":\"66 ans d\u2019ind\u00e9pendance : Faure Essozimna Gnassingb\u00e9 ravive le symbole national - UNIVERS.TG\",\"isPartOf\":{\"@id\":\"https:\/\/univers.tg\/#website\"},\"primaryImageOfPage\":{\"@id\":\"https:\/\/univers.tg\/index.php\/2026\/04\/27\/66-ans-dindependance-faure-essozimna-gnassingbe-ravive-le-symbole-national\/#primaryimage\"},\"image\":{\"@id\":\"https:\/\/univers.tg\/index.php\/2026\/04\/27\/66-ans-dindependance-faure-essozimna-gnassingbe-ravive-le-symbole-national\/#primaryimage\"},\"thumbnailUrl\":\"https:\/\/univers.tg\/wp-content\/uploads\/2026\/04\/1777268903312.jpg?wsr\",\"datePublished\":\"2026-04-27T05:57:59+00:00\",\"dateModified\":\"2026-04-27T05:58:01+00:00\",\"author\":{\"@id\":\"https:\/\/univers.tg\/#\/schema\/person\/7630d7826904ffdd55c0d13d178b97eb\"},\"breadcrumb\":{\"@id\":\"https:\/\/univers.tg\/index.php\/2026\/04\/27\/66-ans-dindependance-faure-essozimna-gnassingbe-ravive-le-symbole-national\/#breadcrumb\"},\"inLanguage\":\"fr-FR\",\"potentialAction\":[{\"@type\":\"ReadAction\",\"target\":[\"https:\/\/univers.tg\/index.php\/2026\/04\/27\/66-ans-dindependance-faure-essozimna-gnassingbe-ravive-le-symbole-national\/\"]}]},{\"@type\":\"ImageObject\",\"inLanguage\":\"fr-FR\",\"@id\":\"https:\/\/univers.tg\/index.php\/2026\/04\/27\/66-ans-dindependance-faure-essozimna-gnassingbe-ravive-le-symbole-national\/#primaryimage\",\"url\":\"https:\/\/univers.tg\/wp-content\/uploads\/2026\/04\/1777268903312.jpg?wsr\",\"contentUrl\":\"https:\/\/univers.tg\/wp-content\/uploads\/2026\/04\/1777268903312.jpg?wsr\",\"width\":720,\"height\":693},{\"@type\":\"BreadcrumbList\",\"@id\":\"https:\/\/univers.tg\/index.php\/2026\/04\/27\/66-ans-dindependance-faure-essozimna-gnassingbe-ravive-le-symbole-national\/#breadcrumb\",\"itemListElement\":[{\"@type\":\"ListItem\",\"position\":1,\"name\":\"Accueil\",\"item\":\"https:\/\/univers.tg\/\"},{\"@type\":\"ListItem\",\"position\":2,\"name\":\"66 ans d\u2019ind\u00e9pendance : Faure Essozimna Gnassingb\u00e9 ravive le symbole national\"}]},{\"@type\":\"WebSite\",\"@id\":\"https:\/\/univers.tg\/#website\",\"url\":\"https:\/\/univers.tg\/\",\"name\":\"UNIVERS.TG\",\"description\":\"AUTORISATION HAAC N\u00b0 0123\/02-2024\/PL\/P\",\"potentialAction\":[{\"@type\":\"SearchAction\",\"target\":{\"@type\":\"EntryPoint\",\"urlTemplate\":\"https:\/\/univers.tg\/?s={search_term_string}\"},\"query-input\":{\"@type\":\"PropertyValueSpecification\",\"valueRequired\":true,\"valueName\":\"search_term_string\"}}],\"inLanguage\":\"fr-FR\"},{\"@type\":\"Person\",\"@id\":\"https:\/\/univers.tg\/#\/schema\/person\/7630d7826904ffdd55c0d13d178b97eb\",\"name\":\"Jeremy Ahossou\",\"image\":{\"@type\":\"ImageObject\",\"inLanguage\":\"fr-FR\",\"@id\":\"https:\/\/univers.tg\/#\/schema\/person\/image\/\",\"url\":\"https:\/\/secure.gravatar.com\/avatar\/b9367486cc4651720458a662d192721c9d7cc1f4afe379e49612ab1a610e08ca?s=96&d=mm&r=g\",\"contentUrl\":\"https:\/\/secure.gravatar.com\/avatar\/b9367486cc4651720458a662d192721c9d7cc1f4afe379e49612ab1a610e08ca?s=96&d=mm&r=g\",\"caption\":\"Jeremy Ahossou\"},\"url\":\"https:\/\/univers.tg\/index.php\/author\/jeremy-ahossou\/\"}]}<\/script>\n<!-- \/ Yoast SEO plugin. -->","yoast_head_json":{"title":"66 ans d\u2019ind\u00e9pendance : Faure Essozimna Gnassingb\u00e9 ravive le symbole national - UNIVERS.TG","robots":{"index":"index","follow":"follow","max-snippet":"max-snippet:-1","max-image-preview":"max-image-preview:large","max-video-preview":"max-video-preview:-1"},"canonical":"https:\/\/univers.tg\/index.php\/2026\/04\/27\/66-ans-dindependance-faure-essozimna-gnassingbe-ravive-le-symbole-national\/","og_locale":"fr_FR","og_type":"article","og_title":"66 ans d\u2019ind\u00e9pendance : Faure Essozimna Gnassingb\u00e9 ravive le symbole national - UNIVERS.TG","og_description":"\u00c0 la veille de la c\u00e9l\u00e9bration du 66\u1d49 anniversaire de l\u2019ind\u00e9pendance du Togo, le Pr\u00e9sident du Conseil, Faure Essozimna Gnassingb\u00e9, a proc\u00e9d\u00e9 au rallumage de la flamme de l\u2019ind\u00e9pendance, un geste hautement symbolique marquant l\u2019attachement du pays \u00e0 sa souverainet\u00e9. La c\u00e9r\u00e9monie a rassembl\u00e9 de nombreuses personnalit\u00e9s, notamment les pr\u00e9sidents des institutions, des responsables politiques","og_url":"https:\/\/univers.tg\/index.php\/2026\/04\/27\/66-ans-dindependance-faure-essozimna-gnassingbe-ravive-le-symbole-national\/","og_site_name":"UNIVERS.TG","article_published_time":"2026-04-27T05:57:59+00:00","article_modified_time":"2026-04-27T05:58:01+00:00","og_image":[{"width":720,"height":693,"url":"https:\/\/univers.tg\/wp-content\/uploads\/2026\/04\/1777268903312.jpg?wsr","type":"image\/jpeg"}],"author":"Jeremy Ahossou","twitter_card":"summary_large_image","twitter_misc":{"\u00c9crit par":"Jeremy Ahossou","Dur\u00e9e de lecture estim\u00e9e":"2 minutes"},"schema":{"@context":"https:\/\/schema.org","@graph":[{"@type":"WebPage","@id":"https:\/\/univers.tg\/index.php\/2026\/04\/27\/66-ans-dindependance-faure-essozimna-gnassingbe-ravive-le-symbole-national\/","url":"https:\/\/univers.tg\/index.php\/2026\/04\/27\/66-ans-dindependance-faure-essozimna-gnassingbe-ravive-le-symbole-national\/","name":"66 ans d\u2019ind\u00e9pendance : Faure Essozimna Gnassingb\u00e9 ravive le symbole national - UNIVERS.TG","isPartOf":{"@id":"https:\/\/univers.tg\/#website"},"primaryImageOfPage":{"@id":"https:\/\/univers.tg\/index.php\/2026\/04\/27\/66-ans-dindependance-faure-essozimna-gnassingbe-ravive-le-symbole-national\/#primaryimage"},"image":{"@id":"https:\/\/univers.tg\/index.php\/2026\/04\/27\/66-ans-dindependance-faure-essozimna-gnassingbe-ravive-le-symbole-national\/#primaryimage"},"thumbnailUrl":"https:\/\/univers.tg\/wp-content\/uploads\/2026\/04\/1777268903312.jpg?wsr","datePublished":"2026-04-27T05:57:59+00:00","dateModified":"2026-04-27T05:58:01+00:00","author":{"@id":"https:\/\/univers.tg\/#\/schema\/person\/7630d7826904ffdd55c0d13d178b97eb"},"breadcrumb":{"@id":"https:\/\/univers.tg\/index.php\/2026\/04\/27\/66-ans-dindependance-faure-essozimna-gnassingbe-ravive-le-symbole-national\/#breadcrumb"},"inLanguage":"fr-FR","potentialAction":[{"@type":"ReadAction","target":["https:\/\/univers.tg\/index.php\/2026\/04\/27\/66-ans-dindependance-faure-essozimna-gnassingbe-ravive-le-symbole-national\/"]}]},{"@type":"ImageObject","inLanguage":"fr-FR","@id":"https:\/\/univers.tg\/index.php\/2026\/04\/27\/66-ans-dindependance-faure-essozimna-gnassingbe-ravive-le-symbole-national\/#primaryimage","url":"https:\/\/univers.tg\/wp-content\/uploads\/2026\/04\/1777268903312.jpg?wsr","contentUrl":"https:\/\/univers.tg\/wp-content\/uploads\/2026\/04\/1777268903312.jpg?wsr","width":720,"height":693},{"@type":"BreadcrumbList","@id":"https:\/\/univers.tg\/index.php\/2026\/04\/27\/66-ans-dindependance-faure-essozimna-gnassingbe-ravive-le-symbole-national\/#breadcrumb","itemListElement":[{"@type":"ListItem","position":1,"name":"Accueil","item":"https:\/\/univers.tg\/"},{"@type":"ListItem","position":2,"name":"66 ans d\u2019ind\u00e9pendance : Faure Essozimna Gnassingb\u00e9 ravive le symbole national"}]},{"@type":"WebSite","@id":"https:\/\/univers.tg\/#website","url":"https:\/\/univers.tg\/","name":"UNIVERS.TG","description":"AUTORISATION HAAC N\u00b0 0123\/02-2024\/PL\/P","potentialAction":[{"@type":"SearchAction","target":{"@type":"EntryPoint","urlTemplate":"https:\/\/univers.tg\/?s={search_term_string}"},"query-input":{"@type":"PropertyValueSpecification","valueRequired":true,"valueName":"search_term_string"}}],"inLanguage":"fr-FR"},{"@type":"Person","@id":"https:\/\/univers.tg\/#\/schema\/person\/7630d7826904ffdd55c0d13d178b97eb","name":"Jeremy Ahossou","image":{"@type":"ImageObject","inLanguage":"fr-FR","@id":"https:\/\/univers.tg\/#\/schema\/person\/image\/","url":"https:\/\/secure.gravatar.com\/avatar\/b9367486cc4651720458a662d192721c9d7cc1f4afe379e49612ab1a610e08ca?s=96&d=mm&r=g","contentUrl":"https:\/\/secure.gravatar.com\/avatar\/b9367486cc4651720458a662d192721c9d7cc1f4afe379e49612ab1a610e08ca?s=96&d=mm&r=g","caption":"Jeremy Ahossou"},"url":"https:\/\/univers.tg\/index.php\/author\/jeremy-ahossou\/"}]}},"_links":{"self":[{"href":"https:\/\/univers.tg\/index.php\/wp-json\/wp\/v2\/posts\/7968","targetHints":{"allow":["GET"]}}],"collection":[{"href":"https:\/\/univers.tg\/index.php\/wp-json\/wp\/v2\/posts"}],"about":[{"href":"https:\/\/univers.tg\/index.php\/wp-json\/wp\/v2\/types\/post"}],"author":[{"embeddable":true,"href":"https:\/\/univers.tg\/index.php\/wp-json\/wp\/v2\/users\/5"}],"replies":[{"embeddable":true,"href":"https:\/\/univers.tg\/index.php\/wp-json\/wp\/v2\/comments?post=7968"}],"version-history":[{"count":1,"href":"https:\/\/univers.tg\/index.php\/wp-json\/wp\/v2\/posts\/7968\/revisions"}],"predecessor-version":[{"id":7970,"href":"https:\/\/univers.tg\/index.php\/wp-json\/wp\/v2\/posts\/7968\/revisions\/7970"}],"wp:featuredmedia":[{"embeddable":true,"href":"https:\/\/univers.tg\/index.php\/wp-json\/wp\/v2\/media\/7969"}],"wp:attachment":[{"href":"https:\/\/univers.tg\/index.php\/wp-json\/wp\/v2\/media?parent=7968"}],"wp:term":[{"taxonomy":"category","embeddable":true,"href":"https:\/\/univers.tg\/index.php\/wp-json\/wp\/v2\/categories?post=7968"},{"taxonomy":"post_tag","embeddable":true,"href":"https:\/\/univers.tg\/index.php\/wp-json\/wp\/v2\/tags?post=7968"}],"curies":[{"name":"wp","href":"https:\/\/api.w.org\/{rel}","templated":true}]}}