{"id":7971,"date":"2026-04-27T06:10:47","date_gmt":"2026-04-27T06:10:47","guid":{"rendered":"https:\/\/univers.tg\/?p=7971"},"modified":"2026-04-27T06:10:48","modified_gmt":"2026-04-27T06:10:48","slug":"togo-le-president-jean-lucien-savi-de-tove-eleve-a-la-dignite-de-grand-croix-de-lordre-du-mono","status":"publish","type":"post","link":"https:\/\/univers.tg\/index.php\/2026\/04\/27\/togo-le-president-jean-lucien-savi-de-tove-eleve-a-la-dignite-de-grand-croix-de-lordre-du-mono\/","title":{"rendered":"Togo : le Pr\u00e9sident Jean-Lucien Savi de Tov\u00e9 \u00e9lev\u00e9 \u00e0 la dignit\u00e9 de Grand-Croix de l\u2019Ordre du Mono"},"content":{"rendered":"\n<p><br>Le 26 avril 2026, au Palais de la Marina, le Pr\u00e9sident du Conseil, Faure Essozimna Gnassingb\u00e9, a \u00e9lev\u00e9 le Pr\u00e9sident de la R\u00e9publique, Jean-Lucien Kwassi Lanyo Savi de Tov\u00e9, \u00e0 la dignit\u00e9 de Grand-Croix de l\u2019Ordre du Mono. Cette distinction a \u00e9t\u00e9 d\u00e9cern\u00e9e conform\u00e9ment aux dispositions de la Constitution du 6 mai 2024.<\/p>\n\n\n\n<p><br>La c\u00e9r\u00e9monie, \u00e0 la fois solennelle et symbolique, s\u2019inscrit dans le cadre des c\u00e9l\u00e9brations du 66\u1d49 anniversaire de l\u2019ind\u00e9pendance du Togo. Elle a r\u00e9uni plusieurs personnalit\u00e9s autour de cet acte marquant de la vie institutionnelle du pays.<\/p>\n\n\n\n<p><br>La dignit\u00e9 de Grand-Croix de l\u2019Ordre du Mono repr\u00e9sente la plus haute distinction nationale, r\u00e9serv\u00e9e aux figures les plus \u00e9minentes. Elle consacre la reconnaissance de la Nation envers les services rendus et les actions men\u00e9es dans l\u2019int\u00e9r\u00eat sup\u00e9rieur du pays.<\/p>\n\n\n\n<p><br>D\u00e9sormais titulaire de cette distinction, le Pr\u00e9sident de la R\u00e9publique est habilit\u00e9 \u00e0 exercer le pouvoir de d\u00e9coration. \u00c9lu le 3 mai 2025, Jean-Lucien Kwassi Lanyo Savi de Tov\u00e9 est pr\u00e9sent\u00e9 comme un acteur engag\u00e9 de la vie politique nationale, notamment en faveur du dialogue, de l\u2019unit\u00e9 et du renforcement de l\u2019\u00c9tat.<\/p>\n\n\n\n<p><\/p>\n","protected":false},"excerpt":{"rendered":"<p>Le 26 avril 2026, au Palais de la Marina, le Pr\u00e9sident du Conseil, Faure Essozimna Gnassingb\u00e9, a \u00e9lev\u00e9 le Pr\u00e9sident de la R\u00e9publique, Jean-Lucien Kwassi Lanyo Savi de Tov\u00e9, \u00e0 la dignit\u00e9 de Grand-Croix de l\u2019Ordre du Mono. Cette distinction a \u00e9t\u00e9 d\u00e9cern\u00e9e conform\u00e9ment aux dispositions de la Constitution du 6 mai 2024. La c\u00e9r\u00e9monie,<\/p>\n","protected":false},"author":5,"featured_media":7972,"comment_status":"open","ping_status":"open","sticky":false,"template":"","format":"standard","meta":{"footnotes":""},"categories":[4],"tags":[],"class_list":["post-7971","post","type-post","status-publish","format-standard","has-post-thumbnail","hentry","category-politique"],"yoast_head":"<!-- This site is optimized with the Yoast SEO plugin v26.4 - https:\/\/yoast.com\/wordpress\/plugins\/seo\/ -->\n<title>Togo : le Pr\u00e9sident Jean-Lucien Savi de Tov\u00e9 \u00e9lev\u00e9 \u00e0 la dignit\u00e9 de Grand-Croix de l\u2019Ordre du Mono - UNIVERS.TG<\/title>\n<meta name=\"robots\" content=\"index, follow, max-snippet:-1, max-image-preview:large, max-video-preview:-1\" \/>\n<link rel=\"canonical\" href=\"https:\/\/univers.tg\/index.php\/2026\/04\/27\/togo-le-president-jean-lucien-savi-de-tove-eleve-a-la-dignite-de-grand-croix-de-lordre-du-mono\/\" \/>\n<meta property=\"og:locale\" content=\"fr_FR\" \/>\n<meta property=\"og:type\" content=\"article\" \/>\n<meta property=\"og:title\" content=\"Togo : le Pr\u00e9sident Jean-Lucien Savi de Tov\u00e9 \u00e9lev\u00e9 \u00e0 la dignit\u00e9 de Grand-Croix de l\u2019Ordre du Mono - UNIVERS.TG\" \/>\n<meta property=\"og:description\" content=\"Le 26 avril 2026, au Palais de la Marina, le Pr\u00e9sident du Conseil, Faure Essozimna Gnassingb\u00e9, a \u00e9lev\u00e9 le Pr\u00e9sident de la R\u00e9publique, Jean-Lucien Kwassi Lanyo Savi de Tov\u00e9, \u00e0 la dignit\u00e9 de Grand-Croix de l\u2019Ordre du Mono. Cette distinction a \u00e9t\u00e9 d\u00e9cern\u00e9e conform\u00e9ment aux dispositions de la Constitution du 6 mai 2024. La c\u00e9r\u00e9monie,\" \/>\n<meta property=\"og:url\" content=\"https:\/\/univers.tg\/index.php\/2026\/04\/27\/togo-le-president-jean-lucien-savi-de-tove-eleve-a-la-dignite-de-grand-croix-de-lordre-du-mono\/\" \/>\n<meta property=\"og:site_name\" content=\"UNIVERS.TG\" \/>\n<meta property=\"article:published_time\" content=\"2026-04-27T06:10:47+00:00\" \/>\n<meta property=\"article:modified_time\" content=\"2026-04-27T06:10:48+00:00\" \/>\n<meta property=\"og:image\" content=\"https:\/\/univers.tg\/wp-content\/uploads\/2026\/04\/1777269588346.jpg?wsr\" \/>\n\t<meta property=\"og:image:width\" content=\"720\" \/>\n\t<meta property=\"og:image:height\" content=\"576\" \/>\n\t<meta property=\"og:image:type\" content=\"image\/jpeg\" \/>\n<meta name=\"author\" content=\"Jeremy Ahossou\" \/>\n<meta name=\"twitter:card\" content=\"summary_large_image\" \/>\n<meta name=\"twitter:label1\" content=\"\u00c9crit par\" \/>\n\t<meta name=\"twitter:data1\" content=\"Jeremy Ahossou\" \/>\n\t<meta name=\"twitter:label2\" content=\"Dur\u00e9e de lecture estim\u00e9e\" \/>\n\t<meta name=\"twitter:data2\" content=\"2 minutes\" \/>\n<script type=\"application\/ld+json\" class=\"yoast-schema-graph\">{\"@context\":\"https:\/\/schema.org\",\"@graph\":[{\"@type\":\"WebPage\",\"@id\":\"https:\/\/univers.tg\/index.php\/2026\/04\/27\/togo-le-president-jean-lucien-savi-de-tove-eleve-a-la-dignite-de-grand-croix-de-lordre-du-mono\/\",\"url\":\"https:\/\/univers.tg\/index.php\/2026\/04\/27\/togo-le-president-jean-lucien-savi-de-tove-eleve-a-la-dignite-de-grand-croix-de-lordre-du-mono\/\",\"name\":\"Togo : le Pr\u00e9sident Jean-Lucien Savi de Tov\u00e9 \u00e9lev\u00e9 \u00e0 la dignit\u00e9 de Grand-Croix de l\u2019Ordre du Mono - UNIVERS.TG\",\"isPartOf\":{\"@id\":\"https:\/\/univers.tg\/#website\"},\"primaryImageOfPage\":{\"@id\":\"https:\/\/univers.tg\/index.php\/2026\/04\/27\/togo-le-president-jean-lucien-savi-de-tove-eleve-a-la-dignite-de-grand-croix-de-lordre-du-mono\/#primaryimage\"},\"image\":{\"@id\":\"https:\/\/univers.tg\/index.php\/2026\/04\/27\/togo-le-president-jean-lucien-savi-de-tove-eleve-a-la-dignite-de-grand-croix-de-lordre-du-mono\/#primaryimage\"},\"thumbnailUrl\":\"https:\/\/univers.tg\/wp-content\/uploads\/2026\/04\/1777269588346.jpg?wsr\",\"datePublished\":\"2026-04-27T06:10:47+00:00\",\"dateModified\":\"2026-04-27T06:10:48+00:00\",\"author\":{\"@id\":\"https:\/\/univers.tg\/#\/schema\/person\/7630d7826904ffdd55c0d13d178b97eb\"},\"breadcrumb\":{\"@id\":\"https:\/\/univers.tg\/index.php\/2026\/04\/27\/togo-le-president-jean-lucien-savi-de-tove-eleve-a-la-dignite-de-grand-croix-de-lordre-du-mono\/#breadcrumb\"},\"inLanguage\":\"fr-FR\",\"potentialAction\":[{\"@type\":\"ReadAction\",\"target\":[\"https:\/\/univers.tg\/index.php\/2026\/04\/27\/togo-le-president-jean-lucien-savi-de-tove-eleve-a-la-dignite-de-grand-croix-de-lordre-du-mono\/\"]}]},{\"@type\":\"ImageObject\",\"inLanguage\":\"fr-FR\",\"@id\":\"https:\/\/univers.tg\/index.php\/2026\/04\/27\/togo-le-president-jean-lucien-savi-de-tove-eleve-a-la-dignite-de-grand-croix-de-lordre-du-mono\/#primaryimage\",\"url\":\"https:\/\/univers.tg\/wp-content\/uploads\/2026\/04\/1777269588346.jpg?wsr\",\"contentUrl\":\"https:\/\/univers.tg\/wp-content\/uploads\/2026\/04\/1777269588346.jpg?wsr\",\"width\":720,\"height\":576},{\"@type\":\"BreadcrumbList\",\"@id\":\"https:\/\/univers.tg\/index.php\/2026\/04\/27\/togo-le-president-jean-lucien-savi-de-tove-eleve-a-la-dignite-de-grand-croix-de-lordre-du-mono\/#breadcrumb\",\"itemListElement\":[{\"@type\":\"ListItem\",\"position\":1,\"name\":\"Accueil\",\"item\":\"https:\/\/univers.tg\/\"},{\"@type\":\"ListItem\",\"position\":2,\"name\":\"Togo : le Pr\u00e9sident Jean-Lucien Savi de Tov\u00e9 \u00e9lev\u00e9 \u00e0 la dignit\u00e9 de Grand-Croix de l\u2019Ordre du Mono\"}]},{\"@type\":\"WebSite\",\"@id\":\"https:\/\/univers.tg\/#website\",\"url\":\"https:\/\/univers.tg\/\",\"name\":\"UNIVERS.TG\",\"description\":\"AUTORISATION HAAC N\u00b0 0123\/02-2024\/PL\/P\",\"potentialAction\":[{\"@type\":\"SearchAction\",\"target\":{\"@type\":\"EntryPoint\",\"urlTemplate\":\"https:\/\/univers.tg\/?s={search_term_string}\"},\"query-input\":{\"@type\":\"PropertyValueSpecification\",\"valueRequired\":true,\"valueName\":\"search_term_string\"}}],\"inLanguage\":\"fr-FR\"},{\"@type\":\"Person\",\"@id\":\"https:\/\/univers.tg\/#\/schema\/person\/7630d7826904ffdd55c0d13d178b97eb\",\"name\":\"Jeremy Ahossou\",\"image\":{\"@type\":\"ImageObject\",\"inLanguage\":\"fr-FR\",\"@id\":\"https:\/\/univers.tg\/#\/schema\/person\/image\/\",\"url\":\"https:\/\/secure.gravatar.com\/avatar\/b9367486cc4651720458a662d192721c9d7cc1f4afe379e49612ab1a610e08ca?s=96&d=mm&r=g\",\"contentUrl\":\"https:\/\/secure.gravatar.com\/avatar\/b9367486cc4651720458a662d192721c9d7cc1f4afe379e49612ab1a610e08ca?s=96&d=mm&r=g\",\"caption\":\"Jeremy Ahossou\"},\"url\":\"https:\/\/univers.tg\/index.php\/author\/jeremy-ahossou\/\"}]}<\/script>\n<!-- \/ Yoast SEO plugin. -->","yoast_head_json":{"title":"Togo : le Pr\u00e9sident Jean-Lucien Savi de Tov\u00e9 \u00e9lev\u00e9 \u00e0 la dignit\u00e9 de Grand-Croix de l\u2019Ordre du Mono - UNIVERS.TG","robots":{"index":"index","follow":"follow","max-snippet":"max-snippet:-1","max-image-preview":"max-image-preview:large","max-video-preview":"max-video-preview:-1"},"canonical":"https:\/\/univers.tg\/index.php\/2026\/04\/27\/togo-le-president-jean-lucien-savi-de-tove-eleve-a-la-dignite-de-grand-croix-de-lordre-du-mono\/","og_locale":"fr_FR","og_type":"article","og_title":"Togo : le Pr\u00e9sident Jean-Lucien Savi de Tov\u00e9 \u00e9lev\u00e9 \u00e0 la dignit\u00e9 de Grand-Croix de l\u2019Ordre du Mono - UNIVERS.TG","og_description":"Le 26 avril 2026, au Palais de la Marina, le Pr\u00e9sident du Conseil, Faure Essozimna Gnassingb\u00e9, a \u00e9lev\u00e9 le Pr\u00e9sident de la R\u00e9publique, Jean-Lucien Kwassi Lanyo Savi de Tov\u00e9, \u00e0 la dignit\u00e9 de Grand-Croix de l\u2019Ordre du Mono. Cette distinction a \u00e9t\u00e9 d\u00e9cern\u00e9e conform\u00e9ment aux dispositions de la Constitution du 6 mai 2024. La c\u00e9r\u00e9monie,","og_url":"https:\/\/univers.tg\/index.php\/2026\/04\/27\/togo-le-president-jean-lucien-savi-de-tove-eleve-a-la-dignite-de-grand-croix-de-lordre-du-mono\/","og_site_name":"UNIVERS.TG","article_published_time":"2026-04-27T06:10:47+00:00","article_modified_time":"2026-04-27T06:10:48+00:00","og_image":[{"width":720,"height":576,"url":"https:\/\/univers.tg\/wp-content\/uploads\/2026\/04\/1777269588346.jpg?wsr","type":"image\/jpeg"}],"author":"Jeremy Ahossou","twitter_card":"summary_large_image","twitter_misc":{"\u00c9crit par":"Jeremy Ahossou","Dur\u00e9e de lecture estim\u00e9e":"2 minutes"},"schema":{"@context":"https:\/\/schema.org","@graph":[{"@type":"WebPage","@id":"https:\/\/univers.tg\/index.php\/2026\/04\/27\/togo-le-president-jean-lucien-savi-de-tove-eleve-a-la-dignite-de-grand-croix-de-lordre-du-mono\/","url":"https:\/\/univers.tg\/index.php\/2026\/04\/27\/togo-le-president-jean-lucien-savi-de-tove-eleve-a-la-dignite-de-grand-croix-de-lordre-du-mono\/","name":"Togo : le Pr\u00e9sident Jean-Lucien Savi de Tov\u00e9 \u00e9lev\u00e9 \u00e0 la dignit\u00e9 de Grand-Croix de l\u2019Ordre du Mono - UNIVERS.TG","isPartOf":{"@id":"https:\/\/univers.tg\/#website"},"primaryImageOfPage":{"@id":"https:\/\/univers.tg\/index.php\/2026\/04\/27\/togo-le-president-jean-lucien-savi-de-tove-eleve-a-la-dignite-de-grand-croix-de-lordre-du-mono\/#primaryimage"},"image":{"@id":"https:\/\/univers.tg\/index.php\/2026\/04\/27\/togo-le-president-jean-lucien-savi-de-tove-eleve-a-la-dignite-de-grand-croix-de-lordre-du-mono\/#primaryimage"},"thumbnailUrl":"https:\/\/univers.tg\/wp-content\/uploads\/2026\/04\/1777269588346.jpg?wsr","datePublished":"2026-04-27T06:10:47+00:00","dateModified":"2026-04-27T06:10:48+00:00","author":{"@id":"https:\/\/univers.tg\/#\/schema\/person\/7630d7826904ffdd55c0d13d178b97eb"},"breadcrumb":{"@id":"https:\/\/univers.tg\/index.php\/2026\/04\/27\/togo-le-president-jean-lucien-savi-de-tove-eleve-a-la-dignite-de-grand-croix-de-lordre-du-mono\/#breadcrumb"},"inLanguage":"fr-FR","potentialAction":[{"@type":"ReadAction","target":["https:\/\/univers.tg\/index.php\/2026\/04\/27\/togo-le-president-jean-lucien-savi-de-tove-eleve-a-la-dignite-de-grand-croix-de-lordre-du-mono\/"]}]},{"@type":"ImageObject","inLanguage":"fr-FR","@id":"https:\/\/univers.tg\/index.php\/2026\/04\/27\/togo-le-president-jean-lucien-savi-de-tove-eleve-a-la-dignite-de-grand-croix-de-lordre-du-mono\/#primaryimage","url":"https:\/\/univers.tg\/wp-content\/uploads\/2026\/04\/1777269588346.jpg?wsr","contentUrl":"https:\/\/univers.tg\/wp-content\/uploads\/2026\/04\/1777269588346.jpg?wsr","width":720,"height":576},{"@type":"BreadcrumbList","@id":"https:\/\/univers.tg\/index.php\/2026\/04\/27\/togo-le-president-jean-lucien-savi-de-tove-eleve-a-la-dignite-de-grand-croix-de-lordre-du-mono\/#breadcrumb","itemListElement":[{"@type":"ListItem","position":1,"name":"Accueil","item":"https:\/\/univers.tg\/"},{"@type":"ListItem","position":2,"name":"Togo : le Pr\u00e9sident Jean-Lucien Savi de Tov\u00e9 \u00e9lev\u00e9 \u00e0 la dignit\u00e9 de Grand-Croix de l\u2019Ordre du Mono"}]},{"@type":"WebSite","@id":"https:\/\/univers.tg\/#website","url":"https:\/\/univers.tg\/","name":"UNIVERS.TG","description":"AUTORISATION HAAC N\u00b0 0123\/02-2024\/PL\/P","potentialAction":[{"@type":"SearchAction","target":{"@type":"EntryPoint","urlTemplate":"https:\/\/univers.tg\/?s={search_term_string}"},"query-input":{"@type":"PropertyValueSpecification","valueRequired":true,"valueName":"search_term_string"}}],"inLanguage":"fr-FR"},{"@type":"Person","@id":"https:\/\/univers.tg\/#\/schema\/person\/7630d7826904ffdd55c0d13d178b97eb","name":"Jeremy Ahossou","image":{"@type":"ImageObject","inLanguage":"fr-FR","@id":"https:\/\/univers.tg\/#\/schema\/person\/image\/","url":"https:\/\/secure.gravatar.com\/avatar\/b9367486cc4651720458a662d192721c9d7cc1f4afe379e49612ab1a610e08ca?s=96&d=mm&r=g","contentUrl":"https:\/\/secure.gravatar.com\/avatar\/b9367486cc4651720458a662d192721c9d7cc1f4afe379e49612ab1a610e08ca?s=96&d=mm&r=g","caption":"Jeremy Ahossou"},"url":"https:\/\/univers.tg\/index.php\/author\/jeremy-ahossou\/"}]}},"_links":{"self":[{"href":"https:\/\/univers.tg\/index.php\/wp-json\/wp\/v2\/posts\/7971","targetHints":{"allow":["GET"]}}],"collection":[{"href":"https:\/\/univers.tg\/index.php\/wp-json\/wp\/v2\/posts"}],"about":[{"href":"https:\/\/univers.tg\/index.php\/wp-json\/wp\/v2\/types\/post"}],"author":[{"embeddable":true,"href":"https:\/\/univers.tg\/index.php\/wp-json\/wp\/v2\/users\/5"}],"replies":[{"embeddable":true,"href":"https:\/\/univers.tg\/index.php\/wp-json\/wp\/v2\/comments?post=7971"}],"version-history":[{"count":1,"href":"https:\/\/univers.tg\/index.php\/wp-json\/wp\/v2\/posts\/7971\/revisions"}],"predecessor-version":[{"id":7973,"href":"https:\/\/univers.tg\/index.php\/wp-json\/wp\/v2\/posts\/7971\/revisions\/7973"}],"wp:featuredmedia":[{"embeddable":true,"href":"https:\/\/univers.tg\/index.php\/wp-json\/wp\/v2\/media\/7972"}],"wp:attachment":[{"href":"https:\/\/univers.tg\/index.php\/wp-json\/wp\/v2\/media?parent=7971"}],"wp:term":[{"taxonomy":"category","embeddable":true,"href":"https:\/\/univers.tg\/index.php\/wp-json\/wp\/v2\/categories?post=7971"},{"taxonomy":"post_tag","embeddable":true,"href":"https:\/\/univers.tg\/index.php\/wp-json\/wp\/v2\/tags?post=7971"}],"curies":[{"name":"wp","href":"https:\/\/api.w.org\/{rel}","templated":true}]}}