{"id":7984,"date":"2026-04-28T08:52:09","date_gmt":"2026-04-28T08:52:09","guid":{"rendered":"https:\/\/univers.tg\/?p=7984"},"modified":"2026-04-28T08:53:35","modified_gmt":"2026-04-28T08:53:35","slug":"7984","status":"publish","type":"post","link":"https:\/\/univers.tg\/index.php\/2026\/04\/28\/7984\/","title":{"rendered":"Togo : une c\u00e9l\u00e9bration du 66\u1d49 anniversaire de l\u2019ind\u00e9pendance plac\u00e9e sous le signe de l\u2019unit\u00e9 et de l\u2019avenir"},"content":{"rendered":"\n<p><br>Le Togo a c\u00e9l\u00e9br\u00e9, le 27 avril 2026, le 66\u1d49 anniversaire de son accession \u00e0 la souverainet\u00e9 internationale dans une ambiance empreinte de patriotisme. Plac\u00e9e sous le th\u00e8me de l\u2019hospitalit\u00e9 et de la m\u00e9diation au service d\u2019une diplomatie active, cette comm\u00e9moration a \u00e9t\u00e9 marqu\u00e9e par des manifestations organis\u00e9es sur toute l\u2019\u00e9tendue du territoire, traduisant une volont\u00e9 d\u2019inclusion et de rassemblement national.<\/p>\n\n\n\n<p><br>\u00c0 Lom\u00e9, le point d\u2019orgue des festivit\u00e9s s\u2019est tenu \u00e0 la Place des f\u00eates avec un d\u00e9fil\u00e9 militaire, paramilitaire et civil pr\u00e9sid\u00e9 par le chef de l\u2019\u00c9tat, Faure Essozimna Gnassingb\u00e9. Plusieurs personnalit\u00e9s de haut rang, dont l\u2019ancien pr\u00e9sident nig\u00e9rien Issoufou Mahamadou, ainsi que des membres du gouvernement et du corps diplomatique, ont assist\u00e9 \u00e0 cette c\u00e9r\u00e9monie r\u00e9publicaine riche en symboles.<\/p>\n\n\n\n<p><br>Le d\u00e9fil\u00e9 des forces de d\u00e9fense et de s\u00e9curit\u00e9, pr\u00e9c\u00e9d\u00e9 d\u2019une impressionnante d\u00e9monstration de parachutisme, a illustr\u00e9 la discipline et le professionnalisme des unit\u00e9s engag\u00e9es. Le chef supr\u00eame des arm\u00e9es a salu\u00e9 la qualit\u00e9 des prestations, soulignant leur r\u00f4le essentiel dans la pr\u00e9servation de la paix et de la stabilit\u00e9, dans un contexte r\u00e9gional marqu\u00e9 par des d\u00e9fis s\u00e9curitaires persistants.<\/p>\n\n\n\n<p><br>Au-del\u00e0 des d\u00e9monstrations militaires, la c\u00e9l\u00e9bration a \u00e9galement mis en lumi\u00e8re les initiatives de d\u00e9veloppement socio\u00e9conomique \u00e0 travers la participation de b\u00e9n\u00e9ficiaires de programmes publics, ainsi que l\u2019ouverture du pays \u00e0 l\u2019international. Cette comm\u00e9moration a ainsi permis de raviver la m\u00e9moire collective tout en r\u00e9affirmant l\u2019engagement des autorit\u00e9s \u00e0 renforcer la coh\u00e9sion sociale et \u00e0 b\u00e2tir un Togo tourn\u00e9 vers l\u2019avenir, autour des priorit\u00e9s nationales : prot\u00e9ger, rassembler et transformer<\/p>\n","protected":false},"excerpt":{"rendered":"<p>Le Togo a c\u00e9l\u00e9br\u00e9, le 27 avril 2026, le 66\u1d49 anniversaire de son accession \u00e0 la souverainet\u00e9 internationale dans une ambiance empreinte de patriotisme. Plac\u00e9e sous le th\u00e8me de l\u2019hospitalit\u00e9 et de la m\u00e9diation au service d\u2019une diplomatie active, cette comm\u00e9moration a \u00e9t\u00e9 marqu\u00e9e par des manifestations organis\u00e9es sur toute l\u2019\u00e9tendue du territoire, traduisant une<\/p>\n","protected":false},"author":5,"featured_media":7985,"comment_status":"open","ping_status":"open","sticky":false,"template":"","format":"standard","meta":{"footnotes":""},"categories":[4],"tags":[],"class_list":["post-7984","post","type-post","status-publish","format-standard","has-post-thumbnail","hentry","category-politique"],"yoast_head":"<!-- This site is optimized with the Yoast SEO plugin v26.4 - https:\/\/yoast.com\/wordpress\/plugins\/seo\/ -->\n<title>Togo : une c\u00e9l\u00e9bration du 66\u1d49 anniversaire de l\u2019ind\u00e9pendance plac\u00e9e sous le signe de l\u2019unit\u00e9 et de l\u2019avenir - UNIVERS.TG<\/title>\n<meta name=\"robots\" content=\"index, follow, max-snippet:-1, max-image-preview:large, max-video-preview:-1\" \/>\n<link rel=\"canonical\" href=\"https:\/\/univers.tg\/index.php\/2026\/04\/28\/7984\/\" \/>\n<meta property=\"og:locale\" content=\"fr_FR\" \/>\n<meta property=\"og:type\" content=\"article\" \/>\n<meta property=\"og:title\" content=\"Togo : une c\u00e9l\u00e9bration du 66\u1d49 anniversaire de l\u2019ind\u00e9pendance plac\u00e9e sous le signe de l\u2019unit\u00e9 et de l\u2019avenir - UNIVERS.TG\" \/>\n<meta property=\"og:description\" content=\"Le Togo a c\u00e9l\u00e9br\u00e9, le 27 avril 2026, le 66\u1d49 anniversaire de son accession \u00e0 la souverainet\u00e9 internationale dans une ambiance empreinte de patriotisme. Plac\u00e9e sous le th\u00e8me de l\u2019hospitalit\u00e9 et de la m\u00e9diation au service d\u2019une diplomatie active, cette comm\u00e9moration a \u00e9t\u00e9 marqu\u00e9e par des manifestations organis\u00e9es sur toute l\u2019\u00e9tendue du territoire, traduisant une\" \/>\n<meta property=\"og:url\" content=\"https:\/\/univers.tg\/index.php\/2026\/04\/28\/7984\/\" \/>\n<meta property=\"og:site_name\" content=\"UNIVERS.TG\" \/>\n<meta property=\"article:published_time\" content=\"2026-04-28T08:52:09+00:00\" \/>\n<meta property=\"article:modified_time\" content=\"2026-04-28T08:53:35+00:00\" \/>\n<meta property=\"og:image\" content=\"https:\/\/univers.tg\/wp-content\/uploads\/2026\/04\/IMG-20260428-WA0000-1.jpg?wsr\" \/>\n\t<meta property=\"og:image:width\" content=\"1280\" \/>\n\t<meta property=\"og:image:height\" content=\"853\" \/>\n\t<meta property=\"og:image:type\" content=\"image\/jpeg\" \/>\n<meta name=\"author\" content=\"Jeremy Ahossou\" \/>\n<meta name=\"twitter:card\" content=\"summary_large_image\" \/>\n<meta name=\"twitter:label1\" content=\"\u00c9crit par\" \/>\n\t<meta name=\"twitter:data1\" content=\"Jeremy Ahossou\" \/>\n\t<meta name=\"twitter:label2\" content=\"Dur\u00e9e de lecture estim\u00e9e\" \/>\n\t<meta name=\"twitter:data2\" content=\"2 minutes\" \/>\n<script type=\"application\/ld+json\" class=\"yoast-schema-graph\">{\"@context\":\"https:\/\/schema.org\",\"@graph\":[{\"@type\":\"WebPage\",\"@id\":\"https:\/\/univers.tg\/index.php\/2026\/04\/28\/7984\/\",\"url\":\"https:\/\/univers.tg\/index.php\/2026\/04\/28\/7984\/\",\"name\":\"Togo : une c\u00e9l\u00e9bration du 66\u1d49 anniversaire de l\u2019ind\u00e9pendance plac\u00e9e sous le signe de l\u2019unit\u00e9 et de l\u2019avenir - UNIVERS.TG\",\"isPartOf\":{\"@id\":\"https:\/\/univers.tg\/#website\"},\"primaryImageOfPage\":{\"@id\":\"https:\/\/univers.tg\/index.php\/2026\/04\/28\/7984\/#primaryimage\"},\"image\":{\"@id\":\"https:\/\/univers.tg\/index.php\/2026\/04\/28\/7984\/#primaryimage\"},\"thumbnailUrl\":\"https:\/\/univers.tg\/wp-content\/uploads\/2026\/04\/IMG-20260428-WA0000-1.jpg?wsr\",\"datePublished\":\"2026-04-28T08:52:09+00:00\",\"dateModified\":\"2026-04-28T08:53:35+00:00\",\"author\":{\"@id\":\"https:\/\/univers.tg\/#\/schema\/person\/7630d7826904ffdd55c0d13d178b97eb\"},\"breadcrumb\":{\"@id\":\"https:\/\/univers.tg\/index.php\/2026\/04\/28\/7984\/#breadcrumb\"},\"inLanguage\":\"fr-FR\",\"potentialAction\":[{\"@type\":\"ReadAction\",\"target\":[\"https:\/\/univers.tg\/index.php\/2026\/04\/28\/7984\/\"]}]},{\"@type\":\"ImageObject\",\"inLanguage\":\"fr-FR\",\"@id\":\"https:\/\/univers.tg\/index.php\/2026\/04\/28\/7984\/#primaryimage\",\"url\":\"https:\/\/univers.tg\/wp-content\/uploads\/2026\/04\/IMG-20260428-WA0000-1.jpg?wsr\",\"contentUrl\":\"https:\/\/univers.tg\/wp-content\/uploads\/2026\/04\/IMG-20260428-WA0000-1.jpg?wsr\",\"width\":1280,\"height\":853},{\"@type\":\"BreadcrumbList\",\"@id\":\"https:\/\/univers.tg\/index.php\/2026\/04\/28\/7984\/#breadcrumb\",\"itemListElement\":[{\"@type\":\"ListItem\",\"position\":1,\"name\":\"Accueil\",\"item\":\"https:\/\/univers.tg\/\"},{\"@type\":\"ListItem\",\"position\":2,\"name\":\"Togo : une c\u00e9l\u00e9bration du 66\u1d49 anniversaire de l\u2019ind\u00e9pendance plac\u00e9e sous le signe de l\u2019unit\u00e9 et de l\u2019avenir\"}]},{\"@type\":\"WebSite\",\"@id\":\"https:\/\/univers.tg\/#website\",\"url\":\"https:\/\/univers.tg\/\",\"name\":\"UNIVERS.TG\",\"description\":\"AUTORISATION HAAC N\u00b0 0123\/02-2024\/PL\/P\",\"potentialAction\":[{\"@type\":\"SearchAction\",\"target\":{\"@type\":\"EntryPoint\",\"urlTemplate\":\"https:\/\/univers.tg\/?s={search_term_string}\"},\"query-input\":{\"@type\":\"PropertyValueSpecification\",\"valueRequired\":true,\"valueName\":\"search_term_string\"}}],\"inLanguage\":\"fr-FR\"},{\"@type\":\"Person\",\"@id\":\"https:\/\/univers.tg\/#\/schema\/person\/7630d7826904ffdd55c0d13d178b97eb\",\"name\":\"Jeremy Ahossou\",\"image\":{\"@type\":\"ImageObject\",\"inLanguage\":\"fr-FR\",\"@id\":\"https:\/\/univers.tg\/#\/schema\/person\/image\/\",\"url\":\"https:\/\/secure.gravatar.com\/avatar\/b9367486cc4651720458a662d192721c9d7cc1f4afe379e49612ab1a610e08ca?s=96&d=mm&r=g\",\"contentUrl\":\"https:\/\/secure.gravatar.com\/avatar\/b9367486cc4651720458a662d192721c9d7cc1f4afe379e49612ab1a610e08ca?s=96&d=mm&r=g\",\"caption\":\"Jeremy Ahossou\"},\"url\":\"https:\/\/univers.tg\/index.php\/author\/jeremy-ahossou\/\"}]}<\/script>\n<!-- \/ Yoast SEO plugin. -->","yoast_head_json":{"title":"Togo : une c\u00e9l\u00e9bration du 66\u1d49 anniversaire de l\u2019ind\u00e9pendance plac\u00e9e sous le signe de l\u2019unit\u00e9 et de l\u2019avenir - UNIVERS.TG","robots":{"index":"index","follow":"follow","max-snippet":"max-snippet:-1","max-image-preview":"max-image-preview:large","max-video-preview":"max-video-preview:-1"},"canonical":"https:\/\/univers.tg\/index.php\/2026\/04\/28\/7984\/","og_locale":"fr_FR","og_type":"article","og_title":"Togo : une c\u00e9l\u00e9bration du 66\u1d49 anniversaire de l\u2019ind\u00e9pendance plac\u00e9e sous le signe de l\u2019unit\u00e9 et de l\u2019avenir - UNIVERS.TG","og_description":"Le Togo a c\u00e9l\u00e9br\u00e9, le 27 avril 2026, le 66\u1d49 anniversaire de son accession \u00e0 la souverainet\u00e9 internationale dans une ambiance empreinte de patriotisme. Plac\u00e9e sous le th\u00e8me de l\u2019hospitalit\u00e9 et de la m\u00e9diation au service d\u2019une diplomatie active, cette comm\u00e9moration a \u00e9t\u00e9 marqu\u00e9e par des manifestations organis\u00e9es sur toute l\u2019\u00e9tendue du territoire, traduisant une","og_url":"https:\/\/univers.tg\/index.php\/2026\/04\/28\/7984\/","og_site_name":"UNIVERS.TG","article_published_time":"2026-04-28T08:52:09+00:00","article_modified_time":"2026-04-28T08:53:35+00:00","og_image":[{"width":1280,"height":853,"url":"https:\/\/univers.tg\/wp-content\/uploads\/2026\/04\/IMG-20260428-WA0000-1.jpg?wsr","type":"image\/jpeg"}],"author":"Jeremy Ahossou","twitter_card":"summary_large_image","twitter_misc":{"\u00c9crit par":"Jeremy Ahossou","Dur\u00e9e de lecture estim\u00e9e":"2 minutes"},"schema":{"@context":"https:\/\/schema.org","@graph":[{"@type":"WebPage","@id":"https:\/\/univers.tg\/index.php\/2026\/04\/28\/7984\/","url":"https:\/\/univers.tg\/index.php\/2026\/04\/28\/7984\/","name":"Togo : une c\u00e9l\u00e9bration du 66\u1d49 anniversaire de l\u2019ind\u00e9pendance plac\u00e9e sous le signe de l\u2019unit\u00e9 et de l\u2019avenir - UNIVERS.TG","isPartOf":{"@id":"https:\/\/univers.tg\/#website"},"primaryImageOfPage":{"@id":"https:\/\/univers.tg\/index.php\/2026\/04\/28\/7984\/#primaryimage"},"image":{"@id":"https:\/\/univers.tg\/index.php\/2026\/04\/28\/7984\/#primaryimage"},"thumbnailUrl":"https:\/\/univers.tg\/wp-content\/uploads\/2026\/04\/IMG-20260428-WA0000-1.jpg?wsr","datePublished":"2026-04-28T08:52:09+00:00","dateModified":"2026-04-28T08:53:35+00:00","author":{"@id":"https:\/\/univers.tg\/#\/schema\/person\/7630d7826904ffdd55c0d13d178b97eb"},"breadcrumb":{"@id":"https:\/\/univers.tg\/index.php\/2026\/04\/28\/7984\/#breadcrumb"},"inLanguage":"fr-FR","potentialAction":[{"@type":"ReadAction","target":["https:\/\/univers.tg\/index.php\/2026\/04\/28\/7984\/"]}]},{"@type":"ImageObject","inLanguage":"fr-FR","@id":"https:\/\/univers.tg\/index.php\/2026\/04\/28\/7984\/#primaryimage","url":"https:\/\/univers.tg\/wp-content\/uploads\/2026\/04\/IMG-20260428-WA0000-1.jpg?wsr","contentUrl":"https:\/\/univers.tg\/wp-content\/uploads\/2026\/04\/IMG-20260428-WA0000-1.jpg?wsr","width":1280,"height":853},{"@type":"BreadcrumbList","@id":"https:\/\/univers.tg\/index.php\/2026\/04\/28\/7984\/#breadcrumb","itemListElement":[{"@type":"ListItem","position":1,"name":"Accueil","item":"https:\/\/univers.tg\/"},{"@type":"ListItem","position":2,"name":"Togo : une c\u00e9l\u00e9bration du 66\u1d49 anniversaire de l\u2019ind\u00e9pendance plac\u00e9e sous le signe de l\u2019unit\u00e9 et de l\u2019avenir"}]},{"@type":"WebSite","@id":"https:\/\/univers.tg\/#website","url":"https:\/\/univers.tg\/","name":"UNIVERS.TG","description":"AUTORISATION HAAC N\u00b0 0123\/02-2024\/PL\/P","potentialAction":[{"@type":"SearchAction","target":{"@type":"EntryPoint","urlTemplate":"https:\/\/univers.tg\/?s={search_term_string}"},"query-input":{"@type":"PropertyValueSpecification","valueRequired":true,"valueName":"search_term_string"}}],"inLanguage":"fr-FR"},{"@type":"Person","@id":"https:\/\/univers.tg\/#\/schema\/person\/7630d7826904ffdd55c0d13d178b97eb","name":"Jeremy Ahossou","image":{"@type":"ImageObject","inLanguage":"fr-FR","@id":"https:\/\/univers.tg\/#\/schema\/person\/image\/","url":"https:\/\/secure.gravatar.com\/avatar\/b9367486cc4651720458a662d192721c9d7cc1f4afe379e49612ab1a610e08ca?s=96&d=mm&r=g","contentUrl":"https:\/\/secure.gravatar.com\/avatar\/b9367486cc4651720458a662d192721c9d7cc1f4afe379e49612ab1a610e08ca?s=96&d=mm&r=g","caption":"Jeremy Ahossou"},"url":"https:\/\/univers.tg\/index.php\/author\/jeremy-ahossou\/"}]}},"_links":{"self":[{"href":"https:\/\/univers.tg\/index.php\/wp-json\/wp\/v2\/posts\/7984","targetHints":{"allow":["GET"]}}],"collection":[{"href":"https:\/\/univers.tg\/index.php\/wp-json\/wp\/v2\/posts"}],"about":[{"href":"https:\/\/univers.tg\/index.php\/wp-json\/wp\/v2\/types\/post"}],"author":[{"embeddable":true,"href":"https:\/\/univers.tg\/index.php\/wp-json\/wp\/v2\/users\/5"}],"replies":[{"embeddable":true,"href":"https:\/\/univers.tg\/index.php\/wp-json\/wp\/v2\/comments?post=7984"}],"version-history":[{"count":3,"href":"https:\/\/univers.tg\/index.php\/wp-json\/wp\/v2\/posts\/7984\/revisions"}],"predecessor-version":[{"id":7988,"href":"https:\/\/univers.tg\/index.php\/wp-json\/wp\/v2\/posts\/7984\/revisions\/7988"}],"wp:featuredmedia":[{"embeddable":true,"href":"https:\/\/univers.tg\/index.php\/wp-json\/wp\/v2\/media\/7985"}],"wp:attachment":[{"href":"https:\/\/univers.tg\/index.php\/wp-json\/wp\/v2\/media?parent=7984"}],"wp:term":[{"taxonomy":"category","embeddable":true,"href":"https:\/\/univers.tg\/index.php\/wp-json\/wp\/v2\/categories?post=7984"},{"taxonomy":"post_tag","embeddable":true,"href":"https:\/\/univers.tg\/index.php\/wp-json\/wp\/v2\/tags?post=7984"}],"curies":[{"name":"wp","href":"https:\/\/api.w.org\/{rel}","templated":true}]}}