{"id":7989,"date":"2026-04-28T13:18:44","date_gmt":"2026-04-28T13:18:44","guid":{"rendered":"https:\/\/univers.tg\/?p=7989"},"modified":"2026-04-28T13:20:02","modified_gmt":"2026-04-28T13:20:02","slug":"faure-gnassingbe-attendu-au-kirghizistan-pour-renforcer-la-cooperation-bilaterale","status":"publish","type":"post","link":"https:\/\/univers.tg\/index.php\/2026\/04\/28\/faure-gnassingbe-attendu-au-kirghizistan-pour-renforcer-la-cooperation-bilaterale\/","title":{"rendered":"Coop\u00e9ration Togo\u2013Kirghizistan : Faure Gnassingb\u00e9 en visite officielle \u00e0 Bichkek"},"content":{"rendered":"\n<p>Le pr\u00e9sident du Conseil, Faure Essozimna Gnassingb\u00e9, effectue ce 28 avril 2026 une visite officielle \u00e0 Bichkek, capitale du Kirghizistan, \u00e0 l\u2019invitation du pr\u00e9sident Sadyr Japarov.<\/p>\n\n\n\n<p> Cette mission diplomatique s\u2019inscrit dans le cadre du renforcement des relations d\u2019amiti\u00e9 et de coop\u00e9ration entre les deux \u00c9tats. Les autorit\u00e9s togolaises indiquent que cette rencontre vise notamment \u00e0 approfondir le dialogue politique et \u00e0 dynamiser les \u00e9changes \u00e9conomiques.<\/p>\n\n\n\n<p>Au cours de leur s\u00e9jour, les deux dirigeants auront des \u00e9changes en t\u00eate-\u00e0-t\u00eate ainsi que des s\u00e9ances de travail \u00e9largies \u00e0 leurs d\u00e9l\u00e9gations respectives. Plusieurs secteurs strat\u00e9giques seront abord\u00e9s, notamment les investissements \u00e0 fort impact \u00e9conomique et social. Des accords de coop\u00e9ration devraient \u00e9galement \u00eatre conclus afin de consolider le partenariat entre Lom\u00e9 et Bichkek.<\/p>\n\n\n\n<p>Le communiqu\u00e9 pr\u00e9cise aussi que Faure Gnassingb\u00e9 effectuera des visites sur plusieurs sites \u00e9conomiques, culturels et historiques du Kirghizistan dans une logique de partage d\u2019exp\u00e9riences. Le Togo et le Kirghizistan entretiennent des relations diplomatiques depuis 2015, avec une coop\u00e9ration qui s\u2019est progressivement renforc\u00e9e \u00e0 travers des consultations r\u00e9guli\u00e8res entre les deux pays.<\/p>\n\n\n\n<p><\/p>\n","protected":false},"excerpt":{"rendered":"<p>Le pr\u00e9sident du Conseil, Faure Essozimna Gnassingb\u00e9, effectue ce 28 avril 2026 une visite officielle \u00e0 Bichkek, capitale du Kirghizistan, \u00e0 l\u2019invitation du pr\u00e9sident Sadyr Japarov. Cette mission diplomatique s\u2019inscrit dans le cadre du renforcement des relations d\u2019amiti\u00e9 et de coop\u00e9ration entre les deux \u00c9tats. Les autorit\u00e9s togolaises indiquent que cette rencontre vise notamment \u00e0<\/p>\n","protected":false},"author":5,"featured_media":7990,"comment_status":"open","ping_status":"open","sticky":false,"template":"","format":"standard","meta":{"footnotes":""},"categories":[8],"tags":[],"class_list":["post-7989","post","type-post","status-publish","format-standard","has-post-thumbnail","hentry","category-diplomatie"],"yoast_head":"<!-- This site is optimized with the Yoast SEO plugin v26.4 - https:\/\/yoast.com\/wordpress\/plugins\/seo\/ -->\n<title>Coop\u00e9ration Togo\u2013Kirghizistan : Faure Gnassingb\u00e9 en visite officielle \u00e0 Bichkek - UNIVERS.TG<\/title>\n<meta name=\"robots\" content=\"index, follow, max-snippet:-1, max-image-preview:large, max-video-preview:-1\" \/>\n<link rel=\"canonical\" href=\"https:\/\/univers.tg\/index.php\/2026\/04\/28\/faure-gnassingbe-attendu-au-kirghizistan-pour-renforcer-la-cooperation-bilaterale\/\" \/>\n<meta property=\"og:locale\" content=\"fr_FR\" \/>\n<meta property=\"og:type\" content=\"article\" \/>\n<meta property=\"og:title\" content=\"Coop\u00e9ration Togo\u2013Kirghizistan : Faure Gnassingb\u00e9 en visite officielle \u00e0 Bichkek - UNIVERS.TG\" \/>\n<meta property=\"og:description\" content=\"Le pr\u00e9sident du Conseil, Faure Essozimna Gnassingb\u00e9, effectue ce 28 avril 2026 une visite officielle \u00e0 Bichkek, capitale du Kirghizistan, \u00e0 l\u2019invitation du pr\u00e9sident Sadyr Japarov. Cette mission diplomatique s\u2019inscrit dans le cadre du renforcement des relations d\u2019amiti\u00e9 et de coop\u00e9ration entre les deux \u00c9tats. Les autorit\u00e9s togolaises indiquent que cette rencontre vise notamment \u00e0\" \/>\n<meta property=\"og:url\" content=\"https:\/\/univers.tg\/index.php\/2026\/04\/28\/faure-gnassingbe-attendu-au-kirghizistan-pour-renforcer-la-cooperation-bilaterale\/\" \/>\n<meta property=\"og:site_name\" content=\"UNIVERS.TG\" \/>\n<meta property=\"article:published_time\" content=\"2026-04-28T13:18:44+00:00\" \/>\n<meta property=\"article:modified_time\" content=\"2026-04-28T13:20:02+00:00\" \/>\n<meta property=\"og:image\" content=\"https:\/\/univers.tg\/wp-content\/uploads\/2026\/04\/Faure-1.jpg?wsr\" \/>\n\t<meta property=\"og:image:width\" content=\"1280\" \/>\n\t<meta property=\"og:image:height\" content=\"822\" \/>\n\t<meta property=\"og:image:type\" content=\"image\/jpeg\" \/>\n<meta name=\"author\" content=\"Jeremy Ahossou\" \/>\n<meta name=\"twitter:card\" content=\"summary_large_image\" \/>\n<meta name=\"twitter:label1\" content=\"\u00c9crit par\" \/>\n\t<meta name=\"twitter:data1\" content=\"Jeremy Ahossou\" \/>\n\t<meta name=\"twitter:label2\" content=\"Dur\u00e9e de lecture estim\u00e9e\" \/>\n\t<meta name=\"twitter:data2\" content=\"2 minutes\" \/>\n<script type=\"application\/ld+json\" class=\"yoast-schema-graph\">{\"@context\":\"https:\/\/schema.org\",\"@graph\":[{\"@type\":\"WebPage\",\"@id\":\"https:\/\/univers.tg\/index.php\/2026\/04\/28\/faure-gnassingbe-attendu-au-kirghizistan-pour-renforcer-la-cooperation-bilaterale\/\",\"url\":\"https:\/\/univers.tg\/index.php\/2026\/04\/28\/faure-gnassingbe-attendu-au-kirghizistan-pour-renforcer-la-cooperation-bilaterale\/\",\"name\":\"Coop\u00e9ration Togo\u2013Kirghizistan : Faure Gnassingb\u00e9 en visite officielle \u00e0 Bichkek - UNIVERS.TG\",\"isPartOf\":{\"@id\":\"https:\/\/univers.tg\/#website\"},\"primaryImageOfPage\":{\"@id\":\"https:\/\/univers.tg\/index.php\/2026\/04\/28\/faure-gnassingbe-attendu-au-kirghizistan-pour-renforcer-la-cooperation-bilaterale\/#primaryimage\"},\"image\":{\"@id\":\"https:\/\/univers.tg\/index.php\/2026\/04\/28\/faure-gnassingbe-attendu-au-kirghizistan-pour-renforcer-la-cooperation-bilaterale\/#primaryimage\"},\"thumbnailUrl\":\"https:\/\/univers.tg\/wp-content\/uploads\/2026\/04\/Faure-1.jpg?wsr\",\"datePublished\":\"2026-04-28T13:18:44+00:00\",\"dateModified\":\"2026-04-28T13:20:02+00:00\",\"author\":{\"@id\":\"https:\/\/univers.tg\/#\/schema\/person\/7630d7826904ffdd55c0d13d178b97eb\"},\"breadcrumb\":{\"@id\":\"https:\/\/univers.tg\/index.php\/2026\/04\/28\/faure-gnassingbe-attendu-au-kirghizistan-pour-renforcer-la-cooperation-bilaterale\/#breadcrumb\"},\"inLanguage\":\"fr-FR\",\"potentialAction\":[{\"@type\":\"ReadAction\",\"target\":[\"https:\/\/univers.tg\/index.php\/2026\/04\/28\/faure-gnassingbe-attendu-au-kirghizistan-pour-renforcer-la-cooperation-bilaterale\/\"]}]},{\"@type\":\"ImageObject\",\"inLanguage\":\"fr-FR\",\"@id\":\"https:\/\/univers.tg\/index.php\/2026\/04\/28\/faure-gnassingbe-attendu-au-kirghizistan-pour-renforcer-la-cooperation-bilaterale\/#primaryimage\",\"url\":\"https:\/\/univers.tg\/wp-content\/uploads\/2026\/04\/Faure-1.jpg?wsr\",\"contentUrl\":\"https:\/\/univers.tg\/wp-content\/uploads\/2026\/04\/Faure-1.jpg?wsr\",\"width\":1280,\"height\":822},{\"@type\":\"BreadcrumbList\",\"@id\":\"https:\/\/univers.tg\/index.php\/2026\/04\/28\/faure-gnassingbe-attendu-au-kirghizistan-pour-renforcer-la-cooperation-bilaterale\/#breadcrumb\",\"itemListElement\":[{\"@type\":\"ListItem\",\"position\":1,\"name\":\"Accueil\",\"item\":\"https:\/\/univers.tg\/\"},{\"@type\":\"ListItem\",\"position\":2,\"name\":\"Coop\u00e9ration Togo\u2013Kirghizistan : Faure Gnassingb\u00e9 en visite officielle \u00e0 Bichkek\"}]},{\"@type\":\"WebSite\",\"@id\":\"https:\/\/univers.tg\/#website\",\"url\":\"https:\/\/univers.tg\/\",\"name\":\"UNIVERS.TG\",\"description\":\"AUTORISATION HAAC N\u00b0 0123\/02-2024\/PL\/P\",\"potentialAction\":[{\"@type\":\"SearchAction\",\"target\":{\"@type\":\"EntryPoint\",\"urlTemplate\":\"https:\/\/univers.tg\/?s={search_term_string}\"},\"query-input\":{\"@type\":\"PropertyValueSpecification\",\"valueRequired\":true,\"valueName\":\"search_term_string\"}}],\"inLanguage\":\"fr-FR\"},{\"@type\":\"Person\",\"@id\":\"https:\/\/univers.tg\/#\/schema\/person\/7630d7826904ffdd55c0d13d178b97eb\",\"name\":\"Jeremy Ahossou\",\"image\":{\"@type\":\"ImageObject\",\"inLanguage\":\"fr-FR\",\"@id\":\"https:\/\/univers.tg\/#\/schema\/person\/image\/\",\"url\":\"https:\/\/secure.gravatar.com\/avatar\/b9367486cc4651720458a662d192721c9d7cc1f4afe379e49612ab1a610e08ca?s=96&d=mm&r=g\",\"contentUrl\":\"https:\/\/secure.gravatar.com\/avatar\/b9367486cc4651720458a662d192721c9d7cc1f4afe379e49612ab1a610e08ca?s=96&d=mm&r=g\",\"caption\":\"Jeremy Ahossou\"},\"url\":\"https:\/\/univers.tg\/index.php\/author\/jeremy-ahossou\/\"}]}<\/script>\n<!-- \/ Yoast SEO plugin. -->","yoast_head_json":{"title":"Coop\u00e9ration Togo\u2013Kirghizistan : Faure Gnassingb\u00e9 en visite officielle \u00e0 Bichkek - UNIVERS.TG","robots":{"index":"index","follow":"follow","max-snippet":"max-snippet:-1","max-image-preview":"max-image-preview:large","max-video-preview":"max-video-preview:-1"},"canonical":"https:\/\/univers.tg\/index.php\/2026\/04\/28\/faure-gnassingbe-attendu-au-kirghizistan-pour-renforcer-la-cooperation-bilaterale\/","og_locale":"fr_FR","og_type":"article","og_title":"Coop\u00e9ration Togo\u2013Kirghizistan : Faure Gnassingb\u00e9 en visite officielle \u00e0 Bichkek - UNIVERS.TG","og_description":"Le pr\u00e9sident du Conseil, Faure Essozimna Gnassingb\u00e9, effectue ce 28 avril 2026 une visite officielle \u00e0 Bichkek, capitale du Kirghizistan, \u00e0 l\u2019invitation du pr\u00e9sident Sadyr Japarov. Cette mission diplomatique s\u2019inscrit dans le cadre du renforcement des relations d\u2019amiti\u00e9 et de coop\u00e9ration entre les deux \u00c9tats. Les autorit\u00e9s togolaises indiquent que cette rencontre vise notamment \u00e0","og_url":"https:\/\/univers.tg\/index.php\/2026\/04\/28\/faure-gnassingbe-attendu-au-kirghizistan-pour-renforcer-la-cooperation-bilaterale\/","og_site_name":"UNIVERS.TG","article_published_time":"2026-04-28T13:18:44+00:00","article_modified_time":"2026-04-28T13:20:02+00:00","og_image":[{"width":1280,"height":822,"url":"https:\/\/univers.tg\/wp-content\/uploads\/2026\/04\/Faure-1.jpg?wsr","type":"image\/jpeg"}],"author":"Jeremy Ahossou","twitter_card":"summary_large_image","twitter_misc":{"\u00c9crit par":"Jeremy Ahossou","Dur\u00e9e de lecture estim\u00e9e":"2 minutes"},"schema":{"@context":"https:\/\/schema.org","@graph":[{"@type":"WebPage","@id":"https:\/\/univers.tg\/index.php\/2026\/04\/28\/faure-gnassingbe-attendu-au-kirghizistan-pour-renforcer-la-cooperation-bilaterale\/","url":"https:\/\/univers.tg\/index.php\/2026\/04\/28\/faure-gnassingbe-attendu-au-kirghizistan-pour-renforcer-la-cooperation-bilaterale\/","name":"Coop\u00e9ration Togo\u2013Kirghizistan : Faure Gnassingb\u00e9 en visite officielle \u00e0 Bichkek - UNIVERS.TG","isPartOf":{"@id":"https:\/\/univers.tg\/#website"},"primaryImageOfPage":{"@id":"https:\/\/univers.tg\/index.php\/2026\/04\/28\/faure-gnassingbe-attendu-au-kirghizistan-pour-renforcer-la-cooperation-bilaterale\/#primaryimage"},"image":{"@id":"https:\/\/univers.tg\/index.php\/2026\/04\/28\/faure-gnassingbe-attendu-au-kirghizistan-pour-renforcer-la-cooperation-bilaterale\/#primaryimage"},"thumbnailUrl":"https:\/\/univers.tg\/wp-content\/uploads\/2026\/04\/Faure-1.jpg?wsr","datePublished":"2026-04-28T13:18:44+00:00","dateModified":"2026-04-28T13:20:02+00:00","author":{"@id":"https:\/\/univers.tg\/#\/schema\/person\/7630d7826904ffdd55c0d13d178b97eb"},"breadcrumb":{"@id":"https:\/\/univers.tg\/index.php\/2026\/04\/28\/faure-gnassingbe-attendu-au-kirghizistan-pour-renforcer-la-cooperation-bilaterale\/#breadcrumb"},"inLanguage":"fr-FR","potentialAction":[{"@type":"ReadAction","target":["https:\/\/univers.tg\/index.php\/2026\/04\/28\/faure-gnassingbe-attendu-au-kirghizistan-pour-renforcer-la-cooperation-bilaterale\/"]}]},{"@type":"ImageObject","inLanguage":"fr-FR","@id":"https:\/\/univers.tg\/index.php\/2026\/04\/28\/faure-gnassingbe-attendu-au-kirghizistan-pour-renforcer-la-cooperation-bilaterale\/#primaryimage","url":"https:\/\/univers.tg\/wp-content\/uploads\/2026\/04\/Faure-1.jpg?wsr","contentUrl":"https:\/\/univers.tg\/wp-content\/uploads\/2026\/04\/Faure-1.jpg?wsr","width":1280,"height":822},{"@type":"BreadcrumbList","@id":"https:\/\/univers.tg\/index.php\/2026\/04\/28\/faure-gnassingbe-attendu-au-kirghizistan-pour-renforcer-la-cooperation-bilaterale\/#breadcrumb","itemListElement":[{"@type":"ListItem","position":1,"name":"Accueil","item":"https:\/\/univers.tg\/"},{"@type":"ListItem","position":2,"name":"Coop\u00e9ration Togo\u2013Kirghizistan : Faure Gnassingb\u00e9 en visite officielle \u00e0 Bichkek"}]},{"@type":"WebSite","@id":"https:\/\/univers.tg\/#website","url":"https:\/\/univers.tg\/","name":"UNIVERS.TG","description":"AUTORISATION HAAC N\u00b0 0123\/02-2024\/PL\/P","potentialAction":[{"@type":"SearchAction","target":{"@type":"EntryPoint","urlTemplate":"https:\/\/univers.tg\/?s={search_term_string}"},"query-input":{"@type":"PropertyValueSpecification","valueRequired":true,"valueName":"search_term_string"}}],"inLanguage":"fr-FR"},{"@type":"Person","@id":"https:\/\/univers.tg\/#\/schema\/person\/7630d7826904ffdd55c0d13d178b97eb","name":"Jeremy Ahossou","image":{"@type":"ImageObject","inLanguage":"fr-FR","@id":"https:\/\/univers.tg\/#\/schema\/person\/image\/","url":"https:\/\/secure.gravatar.com\/avatar\/b9367486cc4651720458a662d192721c9d7cc1f4afe379e49612ab1a610e08ca?s=96&d=mm&r=g","contentUrl":"https:\/\/secure.gravatar.com\/avatar\/b9367486cc4651720458a662d192721c9d7cc1f4afe379e49612ab1a610e08ca?s=96&d=mm&r=g","caption":"Jeremy Ahossou"},"url":"https:\/\/univers.tg\/index.php\/author\/jeremy-ahossou\/"}]}},"_links":{"self":[{"href":"https:\/\/univers.tg\/index.php\/wp-json\/wp\/v2\/posts\/7989","targetHints":{"allow":["GET"]}}],"collection":[{"href":"https:\/\/univers.tg\/index.php\/wp-json\/wp\/v2\/posts"}],"about":[{"href":"https:\/\/univers.tg\/index.php\/wp-json\/wp\/v2\/types\/post"}],"author":[{"embeddable":true,"href":"https:\/\/univers.tg\/index.php\/wp-json\/wp\/v2\/users\/5"}],"replies":[{"embeddable":true,"href":"https:\/\/univers.tg\/index.php\/wp-json\/wp\/v2\/comments?post=7989"}],"version-history":[{"count":2,"href":"https:\/\/univers.tg\/index.php\/wp-json\/wp\/v2\/posts\/7989\/revisions"}],"predecessor-version":[{"id":7992,"href":"https:\/\/univers.tg\/index.php\/wp-json\/wp\/v2\/posts\/7989\/revisions\/7992"}],"wp:featuredmedia":[{"embeddable":true,"href":"https:\/\/univers.tg\/index.php\/wp-json\/wp\/v2\/media\/7990"}],"wp:attachment":[{"href":"https:\/\/univers.tg\/index.php\/wp-json\/wp\/v2\/media?parent=7989"}],"wp:term":[{"taxonomy":"category","embeddable":true,"href":"https:\/\/univers.tg\/index.php\/wp-json\/wp\/v2\/categories?post=7989"},{"taxonomy":"post_tag","embeddable":true,"href":"https:\/\/univers.tg\/index.php\/wp-json\/wp\/v2\/tags?post=7989"}],"curies":[{"name":"wp","href":"https:\/\/api.w.org\/{rel}","templated":true}]}}