{"id":7994,"date":"2026-04-28T13:44:37","date_gmt":"2026-04-28T13:44:37","guid":{"rendered":"https:\/\/univers.tg\/?p=7994"},"modified":"2026-04-28T13:44:38","modified_gmt":"2026-04-28T13:44:38","slug":"togo-le-parti-la-racine-critique-la-dmp-et-annonce-son-depart","status":"publish","type":"post","link":"https:\/\/univers.tg\/index.php\/2026\/04\/28\/togo-le-parti-la-racine-critique-la-dmp-et-annonce-son-depart\/","title":{"rendered":"Togo : le parti LA RACINE critique la DMP et annonce son d\u00e9part"},"content":{"rendered":"\n<p>Le parti politique LA RACINE a annonc\u00e9 ce mardi \u00e0 Lom\u00e9 son retrait de la Dynamique pour la Majorit\u00e9 du Peuple (DMP). D\u2019apr\u00e8s les informations rapport\u00e9es par L\u2019Int\u00e9gral, cette d\u00e9cision a \u00e9t\u00e9 officialis\u00e9e par le pr\u00e9sident national du parti, Sylvanus Sok\u00e9 Outcha, au cours d\u2019une conf\u00e9rence de presse tenue dans la capitale togolaise.<\/p>\n\n\n\n<p><br>Ce d\u00e9part intervient une semaine apr\u00e8s la suspension de Sylvanus Sok\u00e9 Outcha au sein de la coalition. La DMP lui reprochait d\u2019avoir particip\u00e9 \u00e0 une r\u00e9union du Cadre Permanent de Concertation (CPC) avec le gouvernement togolais, malgr\u00e9 la d\u00e9cision collective des partis membres de se retirer des travaux. Selon L\u2019Int\u00e9gral, le dirigeant de LA RACINE juge cette sanction \u00ab infond\u00e9e \u00bb et estime que son parti a choisi \u00ab la voie d\u2019une politique de non-violence \u00bb.<\/p>\n\n\n\n<p><br>Face aux m\u00e9dias, le responsable politique a \u00e9galement d\u00e9nonc\u00e9 ce qu\u2019il qualifie de \u00ab populisme \u00bb et de \u00ab manque de vision \u00bb au sein du regroupement. Toujours selon L\u2019Int\u00e9gral, Sylvanus Sok\u00e9 Outcha a d\u00e9clar\u00e9 que \u00ab s\u2019il est mauvais de participer au CPC, il est d\u2019autant plus diabolique de participer \u00e0 l\u2019Assembl\u00e9e nationale o\u00f9 nous sommes impuissants \u00bb.<\/p>\n\n\n\n<p><br>Le parti LA RACINE affirme vouloir poursuivre son combat politique de mani\u00e8re autonome. Le mouvement entend d\u00e9sormais concentrer ses actions sur \u00ab le dialogue national inclusif, la lib\u00e9ration des prisonniers politiques, le retour des exil\u00e9s et des r\u00e9formes pour une alternance pacifique \u00bb,<\/p>\n\n\n\n<p><\/p>\n","protected":false},"excerpt":{"rendered":"<p>Le parti politique LA RACINE a annonc\u00e9 ce mardi \u00e0 Lom\u00e9 son retrait de la Dynamique pour la Majorit\u00e9 du Peuple (DMP). D\u2019apr\u00e8s les informations rapport\u00e9es par L\u2019Int\u00e9gral, cette d\u00e9cision a \u00e9t\u00e9 officialis\u00e9e par le pr\u00e9sident national du parti, Sylvanus Sok\u00e9 Outcha, au cours d\u2019une conf\u00e9rence de presse tenue dans la capitale togolaise. Ce d\u00e9part<\/p>\n","protected":false},"author":5,"featured_media":7995,"comment_status":"open","ping_status":"open","sticky":false,"template":"","format":"standard","meta":{"footnotes":""},"categories":[4],"tags":[],"class_list":["post-7994","post","type-post","status-publish","format-standard","has-post-thumbnail","hentry","category-politique"],"yoast_head":"<!-- This site is optimized with the Yoast SEO plugin v26.4 - https:\/\/yoast.com\/wordpress\/plugins\/seo\/ -->\n<title>Togo : le parti LA RACINE critique la DMP et annonce son d\u00e9part - UNIVERS.TG<\/title>\n<meta name=\"robots\" content=\"index, follow, max-snippet:-1, max-image-preview:large, max-video-preview:-1\" \/>\n<link rel=\"canonical\" href=\"https:\/\/univers.tg\/index.php\/2026\/04\/28\/togo-le-parti-la-racine-critique-la-dmp-et-annonce-son-depart\/\" \/>\n<meta property=\"og:locale\" content=\"fr_FR\" \/>\n<meta property=\"og:type\" content=\"article\" \/>\n<meta property=\"og:title\" content=\"Togo : le parti LA RACINE critique la DMP et annonce son d\u00e9part - UNIVERS.TG\" \/>\n<meta property=\"og:description\" content=\"Le parti politique LA RACINE a annonc\u00e9 ce mardi \u00e0 Lom\u00e9 son retrait de la Dynamique pour la Majorit\u00e9 du Peuple (DMP). D\u2019apr\u00e8s les informations rapport\u00e9es par L\u2019Int\u00e9gral, cette d\u00e9cision a \u00e9t\u00e9 officialis\u00e9e par le pr\u00e9sident national du parti, Sylvanus Sok\u00e9 Outcha, au cours d\u2019une conf\u00e9rence de presse tenue dans la capitale togolaise. Ce d\u00e9part\" \/>\n<meta property=\"og:url\" content=\"https:\/\/univers.tg\/index.php\/2026\/04\/28\/togo-le-parti-la-racine-critique-la-dmp-et-annonce-son-depart\/\" \/>\n<meta property=\"og:site_name\" content=\"UNIVERS.TG\" \/>\n<meta property=\"article:published_time\" content=\"2026-04-28T13:44:37+00:00\" \/>\n<meta property=\"article:modified_time\" content=\"2026-04-28T13:44:38+00:00\" \/>\n<meta property=\"og:image\" content=\"https:\/\/univers.tg\/wp-content\/uploads\/2026\/04\/images-2026-04-28T133947.824.jpeg?wsr\" \/>\n\t<meta property=\"og:image:width\" content=\"645\" \/>\n\t<meta property=\"og:image:height\" content=\"310\" \/>\n\t<meta property=\"og:image:type\" content=\"image\/jpeg\" \/>\n<meta name=\"author\" content=\"Jeremy Ahossou\" \/>\n<meta name=\"twitter:card\" content=\"summary_large_image\" \/>\n<meta name=\"twitter:label1\" content=\"\u00c9crit par\" \/>\n\t<meta name=\"twitter:data1\" content=\"Jeremy Ahossou\" \/>\n\t<meta name=\"twitter:label2\" content=\"Dur\u00e9e de lecture estim\u00e9e\" \/>\n\t<meta name=\"twitter:data2\" content=\"2 minutes\" \/>\n<script type=\"application\/ld+json\" class=\"yoast-schema-graph\">{\"@context\":\"https:\/\/schema.org\",\"@graph\":[{\"@type\":\"WebPage\",\"@id\":\"https:\/\/univers.tg\/index.php\/2026\/04\/28\/togo-le-parti-la-racine-critique-la-dmp-et-annonce-son-depart\/\",\"url\":\"https:\/\/univers.tg\/index.php\/2026\/04\/28\/togo-le-parti-la-racine-critique-la-dmp-et-annonce-son-depart\/\",\"name\":\"Togo : le parti LA RACINE critique la DMP et annonce son d\u00e9part - UNIVERS.TG\",\"isPartOf\":{\"@id\":\"https:\/\/univers.tg\/#website\"},\"primaryImageOfPage\":{\"@id\":\"https:\/\/univers.tg\/index.php\/2026\/04\/28\/togo-le-parti-la-racine-critique-la-dmp-et-annonce-son-depart\/#primaryimage\"},\"image\":{\"@id\":\"https:\/\/univers.tg\/index.php\/2026\/04\/28\/togo-le-parti-la-racine-critique-la-dmp-et-annonce-son-depart\/#primaryimage\"},\"thumbnailUrl\":\"https:\/\/univers.tg\/wp-content\/uploads\/2026\/04\/images-2026-04-28T133947.824.jpeg?wsr\",\"datePublished\":\"2026-04-28T13:44:37+00:00\",\"dateModified\":\"2026-04-28T13:44:38+00:00\",\"author\":{\"@id\":\"https:\/\/univers.tg\/#\/schema\/person\/7630d7826904ffdd55c0d13d178b97eb\"},\"breadcrumb\":{\"@id\":\"https:\/\/univers.tg\/index.php\/2026\/04\/28\/togo-le-parti-la-racine-critique-la-dmp-et-annonce-son-depart\/#breadcrumb\"},\"inLanguage\":\"fr-FR\",\"potentialAction\":[{\"@type\":\"ReadAction\",\"target\":[\"https:\/\/univers.tg\/index.php\/2026\/04\/28\/togo-le-parti-la-racine-critique-la-dmp-et-annonce-son-depart\/\"]}]},{\"@type\":\"ImageObject\",\"inLanguage\":\"fr-FR\",\"@id\":\"https:\/\/univers.tg\/index.php\/2026\/04\/28\/togo-le-parti-la-racine-critique-la-dmp-et-annonce-son-depart\/#primaryimage\",\"url\":\"https:\/\/univers.tg\/wp-content\/uploads\/2026\/04\/images-2026-04-28T133947.824.jpeg?wsr\",\"contentUrl\":\"https:\/\/univers.tg\/wp-content\/uploads\/2026\/04\/images-2026-04-28T133947.824.jpeg?wsr\",\"width\":645,\"height\":310},{\"@type\":\"BreadcrumbList\",\"@id\":\"https:\/\/univers.tg\/index.php\/2026\/04\/28\/togo-le-parti-la-racine-critique-la-dmp-et-annonce-son-depart\/#breadcrumb\",\"itemListElement\":[{\"@type\":\"ListItem\",\"position\":1,\"name\":\"Accueil\",\"item\":\"https:\/\/univers.tg\/\"},{\"@type\":\"ListItem\",\"position\":2,\"name\":\"Togo : le parti LA RACINE critique la DMP et annonce son d\u00e9part\"}]},{\"@type\":\"WebSite\",\"@id\":\"https:\/\/univers.tg\/#website\",\"url\":\"https:\/\/univers.tg\/\",\"name\":\"UNIVERS.TG\",\"description\":\"AUTORISATION HAAC N\u00b0 0123\/02-2024\/PL\/P\",\"potentialAction\":[{\"@type\":\"SearchAction\",\"target\":{\"@type\":\"EntryPoint\",\"urlTemplate\":\"https:\/\/univers.tg\/?s={search_term_string}\"},\"query-input\":{\"@type\":\"PropertyValueSpecification\",\"valueRequired\":true,\"valueName\":\"search_term_string\"}}],\"inLanguage\":\"fr-FR\"},{\"@type\":\"Person\",\"@id\":\"https:\/\/univers.tg\/#\/schema\/person\/7630d7826904ffdd55c0d13d178b97eb\",\"name\":\"Jeremy Ahossou\",\"image\":{\"@type\":\"ImageObject\",\"inLanguage\":\"fr-FR\",\"@id\":\"https:\/\/univers.tg\/#\/schema\/person\/image\/\",\"url\":\"https:\/\/secure.gravatar.com\/avatar\/b9367486cc4651720458a662d192721c9d7cc1f4afe379e49612ab1a610e08ca?s=96&d=mm&r=g\",\"contentUrl\":\"https:\/\/secure.gravatar.com\/avatar\/b9367486cc4651720458a662d192721c9d7cc1f4afe379e49612ab1a610e08ca?s=96&d=mm&r=g\",\"caption\":\"Jeremy Ahossou\"},\"url\":\"https:\/\/univers.tg\/index.php\/author\/jeremy-ahossou\/\"}]}<\/script>\n<!-- \/ Yoast SEO plugin. -->","yoast_head_json":{"title":"Togo : le parti LA RACINE critique la DMP et annonce son d\u00e9part - UNIVERS.TG","robots":{"index":"index","follow":"follow","max-snippet":"max-snippet:-1","max-image-preview":"max-image-preview:large","max-video-preview":"max-video-preview:-1"},"canonical":"https:\/\/univers.tg\/index.php\/2026\/04\/28\/togo-le-parti-la-racine-critique-la-dmp-et-annonce-son-depart\/","og_locale":"fr_FR","og_type":"article","og_title":"Togo : le parti LA RACINE critique la DMP et annonce son d\u00e9part - UNIVERS.TG","og_description":"Le parti politique LA RACINE a annonc\u00e9 ce mardi \u00e0 Lom\u00e9 son retrait de la Dynamique pour la Majorit\u00e9 du Peuple (DMP). D\u2019apr\u00e8s les informations rapport\u00e9es par L\u2019Int\u00e9gral, cette d\u00e9cision a \u00e9t\u00e9 officialis\u00e9e par le pr\u00e9sident national du parti, Sylvanus Sok\u00e9 Outcha, au cours d\u2019une conf\u00e9rence de presse tenue dans la capitale togolaise. Ce d\u00e9part","og_url":"https:\/\/univers.tg\/index.php\/2026\/04\/28\/togo-le-parti-la-racine-critique-la-dmp-et-annonce-son-depart\/","og_site_name":"UNIVERS.TG","article_published_time":"2026-04-28T13:44:37+00:00","article_modified_time":"2026-04-28T13:44:38+00:00","og_image":[{"width":645,"height":310,"url":"https:\/\/univers.tg\/wp-content\/uploads\/2026\/04\/images-2026-04-28T133947.824.jpeg?wsr","type":"image\/jpeg"}],"author":"Jeremy Ahossou","twitter_card":"summary_large_image","twitter_misc":{"\u00c9crit par":"Jeremy Ahossou","Dur\u00e9e de lecture estim\u00e9e":"2 minutes"},"schema":{"@context":"https:\/\/schema.org","@graph":[{"@type":"WebPage","@id":"https:\/\/univers.tg\/index.php\/2026\/04\/28\/togo-le-parti-la-racine-critique-la-dmp-et-annonce-son-depart\/","url":"https:\/\/univers.tg\/index.php\/2026\/04\/28\/togo-le-parti-la-racine-critique-la-dmp-et-annonce-son-depart\/","name":"Togo : le parti LA RACINE critique la DMP et annonce son d\u00e9part - UNIVERS.TG","isPartOf":{"@id":"https:\/\/univers.tg\/#website"},"primaryImageOfPage":{"@id":"https:\/\/univers.tg\/index.php\/2026\/04\/28\/togo-le-parti-la-racine-critique-la-dmp-et-annonce-son-depart\/#primaryimage"},"image":{"@id":"https:\/\/univers.tg\/index.php\/2026\/04\/28\/togo-le-parti-la-racine-critique-la-dmp-et-annonce-son-depart\/#primaryimage"},"thumbnailUrl":"https:\/\/univers.tg\/wp-content\/uploads\/2026\/04\/images-2026-04-28T133947.824.jpeg?wsr","datePublished":"2026-04-28T13:44:37+00:00","dateModified":"2026-04-28T13:44:38+00:00","author":{"@id":"https:\/\/univers.tg\/#\/schema\/person\/7630d7826904ffdd55c0d13d178b97eb"},"breadcrumb":{"@id":"https:\/\/univers.tg\/index.php\/2026\/04\/28\/togo-le-parti-la-racine-critique-la-dmp-et-annonce-son-depart\/#breadcrumb"},"inLanguage":"fr-FR","potentialAction":[{"@type":"ReadAction","target":["https:\/\/univers.tg\/index.php\/2026\/04\/28\/togo-le-parti-la-racine-critique-la-dmp-et-annonce-son-depart\/"]}]},{"@type":"ImageObject","inLanguage":"fr-FR","@id":"https:\/\/univers.tg\/index.php\/2026\/04\/28\/togo-le-parti-la-racine-critique-la-dmp-et-annonce-son-depart\/#primaryimage","url":"https:\/\/univers.tg\/wp-content\/uploads\/2026\/04\/images-2026-04-28T133947.824.jpeg?wsr","contentUrl":"https:\/\/univers.tg\/wp-content\/uploads\/2026\/04\/images-2026-04-28T133947.824.jpeg?wsr","width":645,"height":310},{"@type":"BreadcrumbList","@id":"https:\/\/univers.tg\/index.php\/2026\/04\/28\/togo-le-parti-la-racine-critique-la-dmp-et-annonce-son-depart\/#breadcrumb","itemListElement":[{"@type":"ListItem","position":1,"name":"Accueil","item":"https:\/\/univers.tg\/"},{"@type":"ListItem","position":2,"name":"Togo : le parti LA RACINE critique la DMP et annonce son d\u00e9part"}]},{"@type":"WebSite","@id":"https:\/\/univers.tg\/#website","url":"https:\/\/univers.tg\/","name":"UNIVERS.TG","description":"AUTORISATION HAAC N\u00b0 0123\/02-2024\/PL\/P","potentialAction":[{"@type":"SearchAction","target":{"@type":"EntryPoint","urlTemplate":"https:\/\/univers.tg\/?s={search_term_string}"},"query-input":{"@type":"PropertyValueSpecification","valueRequired":true,"valueName":"search_term_string"}}],"inLanguage":"fr-FR"},{"@type":"Person","@id":"https:\/\/univers.tg\/#\/schema\/person\/7630d7826904ffdd55c0d13d178b97eb","name":"Jeremy Ahossou","image":{"@type":"ImageObject","inLanguage":"fr-FR","@id":"https:\/\/univers.tg\/#\/schema\/person\/image\/","url":"https:\/\/secure.gravatar.com\/avatar\/b9367486cc4651720458a662d192721c9d7cc1f4afe379e49612ab1a610e08ca?s=96&d=mm&r=g","contentUrl":"https:\/\/secure.gravatar.com\/avatar\/b9367486cc4651720458a662d192721c9d7cc1f4afe379e49612ab1a610e08ca?s=96&d=mm&r=g","caption":"Jeremy Ahossou"},"url":"https:\/\/univers.tg\/index.php\/author\/jeremy-ahossou\/"}]}},"_links":{"self":[{"href":"https:\/\/univers.tg\/index.php\/wp-json\/wp\/v2\/posts\/7994","targetHints":{"allow":["GET"]}}],"collection":[{"href":"https:\/\/univers.tg\/index.php\/wp-json\/wp\/v2\/posts"}],"about":[{"href":"https:\/\/univers.tg\/index.php\/wp-json\/wp\/v2\/types\/post"}],"author":[{"embeddable":true,"href":"https:\/\/univers.tg\/index.php\/wp-json\/wp\/v2\/users\/5"}],"replies":[{"embeddable":true,"href":"https:\/\/univers.tg\/index.php\/wp-json\/wp\/v2\/comments?post=7994"}],"version-history":[{"count":1,"href":"https:\/\/univers.tg\/index.php\/wp-json\/wp\/v2\/posts\/7994\/revisions"}],"predecessor-version":[{"id":7996,"href":"https:\/\/univers.tg\/index.php\/wp-json\/wp\/v2\/posts\/7994\/revisions\/7996"}],"wp:featuredmedia":[{"embeddable":true,"href":"https:\/\/univers.tg\/index.php\/wp-json\/wp\/v2\/media\/7995"}],"wp:attachment":[{"href":"https:\/\/univers.tg\/index.php\/wp-json\/wp\/v2\/media?parent=7994"}],"wp:term":[{"taxonomy":"category","embeddable":true,"href":"https:\/\/univers.tg\/index.php\/wp-json\/wp\/v2\/categories?post=7994"},{"taxonomy":"post_tag","embeddable":true,"href":"https:\/\/univers.tg\/index.php\/wp-json\/wp\/v2\/tags?post=7994"}],"curies":[{"name":"wp","href":"https:\/\/api.w.org\/{rel}","templated":true}]}}