{"id":8000,"date":"2026-04-29T10:05:05","date_gmt":"2026-04-29T10:05:05","guid":{"rendered":"https:\/\/univers.tg\/?p=8000"},"modified":"2026-04-29T10:05:07","modified_gmt":"2026-04-29T10:05:07","slug":"faure-gnassingbe-en-visite-officielle-au-kirghizistan-pour-renforcer-la-cooperation-bilaterale","status":"publish","type":"post","link":"https:\/\/univers.tg\/index.php\/2026\/04\/29\/faure-gnassingbe-en-visite-officielle-au-kirghizistan-pour-renforcer-la-cooperation-bilaterale\/","title":{"rendered":"Faure Gnassingb\u00e9 en visite officielle au Kirghizistan pour renforcer la coop\u00e9ration bilat\u00e9rale"},"content":{"rendered":"\n<p><br>Le Pr\u00e9sident du Conseil, Faure Essozimna Gnassingb\u00e9, est arriv\u00e9 mardi \u00e0 Bichkek, capitale du Kirghizistan, dans le cadre d\u2019une visite de travail effectu\u00e9e \u00e0 l\u2019invitation du pr\u00e9sident kirghize Sadyr Japarov. Cette mission diplomatique vise \u00e0 consolider les relations entre Lom\u00e9 et Bichkek \u00e0 travers plusieurs axes de coop\u00e9ration strat\u00e9gique.<br>\u00c0 son arriv\u00e9e, le dirigeant togolais a pris part \u00e0 un d\u00eener officiel organis\u00e9 au parc naturel d\u2019\u00c9tat Ala Archa, o\u00f9 il a \u00e9t\u00e9 accueilli par son homologue kirghize dans le respect des traditions protocolaires.<\/p>\n\n\n\n<p> Les deux chefs d\u2019\u00c9tat ont \u00e9galement assist\u00e9 \u00e0 une exposition ethnographique mettant en valeur le patrimoine culturel du Kirghizistan, symbole du rapprochement entre les deux pays.<br>Le s\u00e9jour de Faure Gnassingb\u00e9 sera marqu\u00e9 par des \u00e9changes en t\u00eate-\u00e0-t\u00eate avec Sadyr Japarov ainsi que par des s\u00e9ances de travail \u00e9largies aux d\u00e9l\u00e9gations des deux \u00c9tats. <\/p>\n\n\n\n<p>Les discussions porteront notamment sur les opportunit\u00e9s d\u2019investissement et les secteurs \u00e0 fort potentiel \u00e9conomique et social. Plusieurs accords de coop\u00e9ration et m\u00e9morandums d\u2019entente devraient \u00eatre sign\u00e9s \u00e0 l\u2019issue des rencontres.<br>Cette visite s\u2019inscrit dans la politique togolaise de diversification des partenariats internationaux et de coop\u00e9ration gagnant-gagnant. <\/p>\n\n\n\n<p>Depuis l\u2019\u00e9tablissement de leurs relations diplomatiques en 2015, le Togo et le Kirghizistan ont progressivement renforc\u00e9 leurs liens. La visite du Pr\u00e9sident du Conseil \u00e0 Bichkek appara\u00eet ainsi comme une nouvelle \u00e9tape dans le d\u00e9veloppement des relations bilat\u00e9rales entre les deux nations.<\/p>\n","protected":false},"excerpt":{"rendered":"<p>Le Pr\u00e9sident du Conseil, Faure Essozimna Gnassingb\u00e9, est arriv\u00e9 mardi \u00e0 Bichkek, capitale du Kirghizistan, dans le cadre d\u2019une visite de travail effectu\u00e9e \u00e0 l\u2019invitation du pr\u00e9sident kirghize Sadyr Japarov. Cette mission diplomatique vise \u00e0 consolider les relations entre Lom\u00e9 et Bichkek \u00e0 travers plusieurs axes de coop\u00e9ration strat\u00e9gique.\u00c0 son arriv\u00e9e, le dirigeant togolais a<\/p>\n","protected":false},"author":5,"featured_media":8001,"comment_status":"open","ping_status":"open","sticky":false,"template":"","format":"standard","meta":{"footnotes":""},"categories":[8],"tags":[],"class_list":["post-8000","post","type-post","status-publish","format-standard","has-post-thumbnail","hentry","category-diplomatie"],"yoast_head":"<!-- This site is optimized with the Yoast SEO plugin v26.4 - https:\/\/yoast.com\/wordpress\/plugins\/seo\/ -->\n<title>Faure Gnassingb\u00e9 en visite officielle au Kirghizistan pour renforcer la coop\u00e9ration bilat\u00e9rale - UNIVERS.TG<\/title>\n<meta name=\"robots\" content=\"index, follow, max-snippet:-1, max-image-preview:large, max-video-preview:-1\" \/>\n<link rel=\"canonical\" href=\"https:\/\/univers.tg\/index.php\/2026\/04\/29\/faure-gnassingbe-en-visite-officielle-au-kirghizistan-pour-renforcer-la-cooperation-bilaterale\/\" \/>\n<meta property=\"og:locale\" content=\"fr_FR\" \/>\n<meta property=\"og:type\" content=\"article\" \/>\n<meta property=\"og:title\" content=\"Faure Gnassingb\u00e9 en visite officielle au Kirghizistan pour renforcer la coop\u00e9ration bilat\u00e9rale - UNIVERS.TG\" \/>\n<meta property=\"og:description\" content=\"Le Pr\u00e9sident du Conseil, Faure Essozimna Gnassingb\u00e9, est arriv\u00e9 mardi \u00e0 Bichkek, capitale du Kirghizistan, dans le cadre d\u2019une visite de travail effectu\u00e9e \u00e0 l\u2019invitation du pr\u00e9sident kirghize Sadyr Japarov. Cette mission diplomatique vise \u00e0 consolider les relations entre Lom\u00e9 et Bichkek \u00e0 travers plusieurs axes de coop\u00e9ration strat\u00e9gique.\u00c0 son arriv\u00e9e, le dirigeant togolais a\" \/>\n<meta property=\"og:url\" content=\"https:\/\/univers.tg\/index.php\/2026\/04\/29\/faure-gnassingbe-en-visite-officielle-au-kirghizistan-pour-renforcer-la-cooperation-bilaterale\/\" \/>\n<meta property=\"og:site_name\" content=\"UNIVERS.TG\" \/>\n<meta property=\"article:published_time\" content=\"2026-04-29T10:05:05+00:00\" \/>\n<meta property=\"article:modified_time\" content=\"2026-04-29T10:05:07+00:00\" \/>\n<meta property=\"og:image\" content=\"https:\/\/univers.tg\/wp-content\/uploads\/2026\/04\/Visite-officielle-a-Bichkek-pour-le-renforcement-du-partenariat-entre-le-Togo-et-le-Kirghizistan.jpeg?wsr\" \/>\n\t<meta property=\"og:image:width\" content=\"800\" \/>\n\t<meta property=\"og:image:height\" content=\"640\" \/>\n\t<meta property=\"og:image:type\" content=\"image\/jpeg\" \/>\n<meta name=\"author\" content=\"Jeremy Ahossou\" \/>\n<meta name=\"twitter:card\" content=\"summary_large_image\" \/>\n<meta name=\"twitter:label1\" content=\"\u00c9crit par\" \/>\n\t<meta name=\"twitter:data1\" content=\"Jeremy Ahossou\" \/>\n\t<meta name=\"twitter:label2\" content=\"Dur\u00e9e de lecture estim\u00e9e\" \/>\n\t<meta name=\"twitter:data2\" content=\"2 minutes\" \/>\n<script type=\"application\/ld+json\" class=\"yoast-schema-graph\">{\"@context\":\"https:\/\/schema.org\",\"@graph\":[{\"@type\":\"WebPage\",\"@id\":\"https:\/\/univers.tg\/index.php\/2026\/04\/29\/faure-gnassingbe-en-visite-officielle-au-kirghizistan-pour-renforcer-la-cooperation-bilaterale\/\",\"url\":\"https:\/\/univers.tg\/index.php\/2026\/04\/29\/faure-gnassingbe-en-visite-officielle-au-kirghizistan-pour-renforcer-la-cooperation-bilaterale\/\",\"name\":\"Faure Gnassingb\u00e9 en visite officielle au Kirghizistan pour renforcer la coop\u00e9ration bilat\u00e9rale - UNIVERS.TG\",\"isPartOf\":{\"@id\":\"https:\/\/univers.tg\/#website\"},\"primaryImageOfPage\":{\"@id\":\"https:\/\/univers.tg\/index.php\/2026\/04\/29\/faure-gnassingbe-en-visite-officielle-au-kirghizistan-pour-renforcer-la-cooperation-bilaterale\/#primaryimage\"},\"image\":{\"@id\":\"https:\/\/univers.tg\/index.php\/2026\/04\/29\/faure-gnassingbe-en-visite-officielle-au-kirghizistan-pour-renforcer-la-cooperation-bilaterale\/#primaryimage\"},\"thumbnailUrl\":\"https:\/\/univers.tg\/wp-content\/uploads\/2026\/04\/Visite-officielle-a-Bichkek-pour-le-renforcement-du-partenariat-entre-le-Togo-et-le-Kirghizistan.jpeg?wsr\",\"datePublished\":\"2026-04-29T10:05:05+00:00\",\"dateModified\":\"2026-04-29T10:05:07+00:00\",\"author\":{\"@id\":\"https:\/\/univers.tg\/#\/schema\/person\/7630d7826904ffdd55c0d13d178b97eb\"},\"breadcrumb\":{\"@id\":\"https:\/\/univers.tg\/index.php\/2026\/04\/29\/faure-gnassingbe-en-visite-officielle-au-kirghizistan-pour-renforcer-la-cooperation-bilaterale\/#breadcrumb\"},\"inLanguage\":\"fr-FR\",\"potentialAction\":[{\"@type\":\"ReadAction\",\"target\":[\"https:\/\/univers.tg\/index.php\/2026\/04\/29\/faure-gnassingbe-en-visite-officielle-au-kirghizistan-pour-renforcer-la-cooperation-bilaterale\/\"]}]},{\"@type\":\"ImageObject\",\"inLanguage\":\"fr-FR\",\"@id\":\"https:\/\/univers.tg\/index.php\/2026\/04\/29\/faure-gnassingbe-en-visite-officielle-au-kirghizistan-pour-renforcer-la-cooperation-bilaterale\/#primaryimage\",\"url\":\"https:\/\/univers.tg\/wp-content\/uploads\/2026\/04\/Visite-officielle-a-Bichkek-pour-le-renforcement-du-partenariat-entre-le-Togo-et-le-Kirghizistan.jpeg?wsr\",\"contentUrl\":\"https:\/\/univers.tg\/wp-content\/uploads\/2026\/04\/Visite-officielle-a-Bichkek-pour-le-renforcement-du-partenariat-entre-le-Togo-et-le-Kirghizistan.jpeg?wsr\",\"width\":800,\"height\":640},{\"@type\":\"BreadcrumbList\",\"@id\":\"https:\/\/univers.tg\/index.php\/2026\/04\/29\/faure-gnassingbe-en-visite-officielle-au-kirghizistan-pour-renforcer-la-cooperation-bilaterale\/#breadcrumb\",\"itemListElement\":[{\"@type\":\"ListItem\",\"position\":1,\"name\":\"Accueil\",\"item\":\"https:\/\/univers.tg\/\"},{\"@type\":\"ListItem\",\"position\":2,\"name\":\"Faure Gnassingb\u00e9 en visite officielle au Kirghizistan pour renforcer la coop\u00e9ration bilat\u00e9rale\"}]},{\"@type\":\"WebSite\",\"@id\":\"https:\/\/univers.tg\/#website\",\"url\":\"https:\/\/univers.tg\/\",\"name\":\"UNIVERS.TG\",\"description\":\"AUTORISATION HAAC N\u00b0 0123\/02-2024\/PL\/P\",\"potentialAction\":[{\"@type\":\"SearchAction\",\"target\":{\"@type\":\"EntryPoint\",\"urlTemplate\":\"https:\/\/univers.tg\/?s={search_term_string}\"},\"query-input\":{\"@type\":\"PropertyValueSpecification\",\"valueRequired\":true,\"valueName\":\"search_term_string\"}}],\"inLanguage\":\"fr-FR\"},{\"@type\":\"Person\",\"@id\":\"https:\/\/univers.tg\/#\/schema\/person\/7630d7826904ffdd55c0d13d178b97eb\",\"name\":\"Jeremy Ahossou\",\"image\":{\"@type\":\"ImageObject\",\"inLanguage\":\"fr-FR\",\"@id\":\"https:\/\/univers.tg\/#\/schema\/person\/image\/\",\"url\":\"https:\/\/secure.gravatar.com\/avatar\/b9367486cc4651720458a662d192721c9d7cc1f4afe379e49612ab1a610e08ca?s=96&d=mm&r=g\",\"contentUrl\":\"https:\/\/secure.gravatar.com\/avatar\/b9367486cc4651720458a662d192721c9d7cc1f4afe379e49612ab1a610e08ca?s=96&d=mm&r=g\",\"caption\":\"Jeremy Ahossou\"},\"url\":\"https:\/\/univers.tg\/index.php\/author\/jeremy-ahossou\/\"}]}<\/script>\n<!-- \/ Yoast SEO plugin. -->","yoast_head_json":{"title":"Faure Gnassingb\u00e9 en visite officielle au Kirghizistan pour renforcer la coop\u00e9ration bilat\u00e9rale - UNIVERS.TG","robots":{"index":"index","follow":"follow","max-snippet":"max-snippet:-1","max-image-preview":"max-image-preview:large","max-video-preview":"max-video-preview:-1"},"canonical":"https:\/\/univers.tg\/index.php\/2026\/04\/29\/faure-gnassingbe-en-visite-officielle-au-kirghizistan-pour-renforcer-la-cooperation-bilaterale\/","og_locale":"fr_FR","og_type":"article","og_title":"Faure Gnassingb\u00e9 en visite officielle au Kirghizistan pour renforcer la coop\u00e9ration bilat\u00e9rale - UNIVERS.TG","og_description":"Le Pr\u00e9sident du Conseil, Faure Essozimna Gnassingb\u00e9, est arriv\u00e9 mardi \u00e0 Bichkek, capitale du Kirghizistan, dans le cadre d\u2019une visite de travail effectu\u00e9e \u00e0 l\u2019invitation du pr\u00e9sident kirghize Sadyr Japarov. Cette mission diplomatique vise \u00e0 consolider les relations entre Lom\u00e9 et Bichkek \u00e0 travers plusieurs axes de coop\u00e9ration strat\u00e9gique.\u00c0 son arriv\u00e9e, le dirigeant togolais a","og_url":"https:\/\/univers.tg\/index.php\/2026\/04\/29\/faure-gnassingbe-en-visite-officielle-au-kirghizistan-pour-renforcer-la-cooperation-bilaterale\/","og_site_name":"UNIVERS.TG","article_published_time":"2026-04-29T10:05:05+00:00","article_modified_time":"2026-04-29T10:05:07+00:00","og_image":[{"width":800,"height":640,"url":"https:\/\/univers.tg\/wp-content\/uploads\/2026\/04\/Visite-officielle-a-Bichkek-pour-le-renforcement-du-partenariat-entre-le-Togo-et-le-Kirghizistan.jpeg?wsr","type":"image\/jpeg"}],"author":"Jeremy Ahossou","twitter_card":"summary_large_image","twitter_misc":{"\u00c9crit par":"Jeremy Ahossou","Dur\u00e9e de lecture estim\u00e9e":"2 minutes"},"schema":{"@context":"https:\/\/schema.org","@graph":[{"@type":"WebPage","@id":"https:\/\/univers.tg\/index.php\/2026\/04\/29\/faure-gnassingbe-en-visite-officielle-au-kirghizistan-pour-renforcer-la-cooperation-bilaterale\/","url":"https:\/\/univers.tg\/index.php\/2026\/04\/29\/faure-gnassingbe-en-visite-officielle-au-kirghizistan-pour-renforcer-la-cooperation-bilaterale\/","name":"Faure Gnassingb\u00e9 en visite officielle au Kirghizistan pour renforcer la coop\u00e9ration bilat\u00e9rale - UNIVERS.TG","isPartOf":{"@id":"https:\/\/univers.tg\/#website"},"primaryImageOfPage":{"@id":"https:\/\/univers.tg\/index.php\/2026\/04\/29\/faure-gnassingbe-en-visite-officielle-au-kirghizistan-pour-renforcer-la-cooperation-bilaterale\/#primaryimage"},"image":{"@id":"https:\/\/univers.tg\/index.php\/2026\/04\/29\/faure-gnassingbe-en-visite-officielle-au-kirghizistan-pour-renforcer-la-cooperation-bilaterale\/#primaryimage"},"thumbnailUrl":"https:\/\/univers.tg\/wp-content\/uploads\/2026\/04\/Visite-officielle-a-Bichkek-pour-le-renforcement-du-partenariat-entre-le-Togo-et-le-Kirghizistan.jpeg?wsr","datePublished":"2026-04-29T10:05:05+00:00","dateModified":"2026-04-29T10:05:07+00:00","author":{"@id":"https:\/\/univers.tg\/#\/schema\/person\/7630d7826904ffdd55c0d13d178b97eb"},"breadcrumb":{"@id":"https:\/\/univers.tg\/index.php\/2026\/04\/29\/faure-gnassingbe-en-visite-officielle-au-kirghizistan-pour-renforcer-la-cooperation-bilaterale\/#breadcrumb"},"inLanguage":"fr-FR","potentialAction":[{"@type":"ReadAction","target":["https:\/\/univers.tg\/index.php\/2026\/04\/29\/faure-gnassingbe-en-visite-officielle-au-kirghizistan-pour-renforcer-la-cooperation-bilaterale\/"]}]},{"@type":"ImageObject","inLanguage":"fr-FR","@id":"https:\/\/univers.tg\/index.php\/2026\/04\/29\/faure-gnassingbe-en-visite-officielle-au-kirghizistan-pour-renforcer-la-cooperation-bilaterale\/#primaryimage","url":"https:\/\/univers.tg\/wp-content\/uploads\/2026\/04\/Visite-officielle-a-Bichkek-pour-le-renforcement-du-partenariat-entre-le-Togo-et-le-Kirghizistan.jpeg?wsr","contentUrl":"https:\/\/univers.tg\/wp-content\/uploads\/2026\/04\/Visite-officielle-a-Bichkek-pour-le-renforcement-du-partenariat-entre-le-Togo-et-le-Kirghizistan.jpeg?wsr","width":800,"height":640},{"@type":"BreadcrumbList","@id":"https:\/\/univers.tg\/index.php\/2026\/04\/29\/faure-gnassingbe-en-visite-officielle-au-kirghizistan-pour-renforcer-la-cooperation-bilaterale\/#breadcrumb","itemListElement":[{"@type":"ListItem","position":1,"name":"Accueil","item":"https:\/\/univers.tg\/"},{"@type":"ListItem","position":2,"name":"Faure Gnassingb\u00e9 en visite officielle au Kirghizistan pour renforcer la coop\u00e9ration bilat\u00e9rale"}]},{"@type":"WebSite","@id":"https:\/\/univers.tg\/#website","url":"https:\/\/univers.tg\/","name":"UNIVERS.TG","description":"AUTORISATION HAAC N\u00b0 0123\/02-2024\/PL\/P","potentialAction":[{"@type":"SearchAction","target":{"@type":"EntryPoint","urlTemplate":"https:\/\/univers.tg\/?s={search_term_string}"},"query-input":{"@type":"PropertyValueSpecification","valueRequired":true,"valueName":"search_term_string"}}],"inLanguage":"fr-FR"},{"@type":"Person","@id":"https:\/\/univers.tg\/#\/schema\/person\/7630d7826904ffdd55c0d13d178b97eb","name":"Jeremy Ahossou","image":{"@type":"ImageObject","inLanguage":"fr-FR","@id":"https:\/\/univers.tg\/#\/schema\/person\/image\/","url":"https:\/\/secure.gravatar.com\/avatar\/b9367486cc4651720458a662d192721c9d7cc1f4afe379e49612ab1a610e08ca?s=96&d=mm&r=g","contentUrl":"https:\/\/secure.gravatar.com\/avatar\/b9367486cc4651720458a662d192721c9d7cc1f4afe379e49612ab1a610e08ca?s=96&d=mm&r=g","caption":"Jeremy Ahossou"},"url":"https:\/\/univers.tg\/index.php\/author\/jeremy-ahossou\/"}]}},"_links":{"self":[{"href":"https:\/\/univers.tg\/index.php\/wp-json\/wp\/v2\/posts\/8000","targetHints":{"allow":["GET"]}}],"collection":[{"href":"https:\/\/univers.tg\/index.php\/wp-json\/wp\/v2\/posts"}],"about":[{"href":"https:\/\/univers.tg\/index.php\/wp-json\/wp\/v2\/types\/post"}],"author":[{"embeddable":true,"href":"https:\/\/univers.tg\/index.php\/wp-json\/wp\/v2\/users\/5"}],"replies":[{"embeddable":true,"href":"https:\/\/univers.tg\/index.php\/wp-json\/wp\/v2\/comments?post=8000"}],"version-history":[{"count":1,"href":"https:\/\/univers.tg\/index.php\/wp-json\/wp\/v2\/posts\/8000\/revisions"}],"predecessor-version":[{"id":8002,"href":"https:\/\/univers.tg\/index.php\/wp-json\/wp\/v2\/posts\/8000\/revisions\/8002"}],"wp:featuredmedia":[{"embeddable":true,"href":"https:\/\/univers.tg\/index.php\/wp-json\/wp\/v2\/media\/8001"}],"wp:attachment":[{"href":"https:\/\/univers.tg\/index.php\/wp-json\/wp\/v2\/media?parent=8000"}],"wp:term":[{"taxonomy":"category","embeddable":true,"href":"https:\/\/univers.tg\/index.php\/wp-json\/wp\/v2\/categories?post=8000"},{"taxonomy":"post_tag","embeddable":true,"href":"https:\/\/univers.tg\/index.php\/wp-json\/wp\/v2\/tags?post=8000"}],"curies":[{"name":"wp","href":"https:\/\/api.w.org\/{rel}","templated":true}]}}