{"id":8027,"date":"2026-04-30T13:31:40","date_gmt":"2026-04-30T13:31:40","guid":{"rendered":"https:\/\/univers.tg\/?p=8027"},"modified":"2026-04-30T13:31:42","modified_gmt":"2026-04-30T13:31:42","slug":"togo-kirghizistan-fin-de-visa-pour-les-officiels","status":"publish","type":"post","link":"https:\/\/univers.tg\/index.php\/2026\/04\/30\/togo-kirghizistan-fin-de-visa-pour-les-officiels\/","title":{"rendered":"Togo\u2013Kirghizistan : fin de visa pour les officiels"},"content":{"rendered":"\n<p>Le Togo et le Kirghizistan ont conclu, le 29 avril 2026 \u00e0 Bichkek, un accord d\u2019exemption r\u00e9ciproque de visas destin\u00e9 aux d\u00e9tenteurs de passeports diplomatiques, officiels et de service. Cette signature est intervenue en marge de la visite officielle du Pr\u00e9sident du Conseil, Faure Essozimna Gnassingb\u00e9, marquant une avanc\u00e9e notable dans les relations entre les deux pays.<\/p>\n\n\n\n<p><br>Cet accord vise \u00e0 faciliter les d\u00e9placements des responsables publics en supprimant les formalit\u00e9s de visa pour ces cat\u00e9gories sp\u00e9cifiques. La mesure devrait permettre un gain de temps consid\u00e9rable, une r\u00e9duction des contraintes administratives et une meilleure organisation des missions officielles entre Lom\u00e9 et Bichkek.<\/p>\n\n\n\n<p><br>Port\u00e9e par les pr\u00e9sidents Faure Gnassingb\u00e9 et Sadyr Japarov, cette initiative s\u2019inscrit dans une dynamique de rapprochement diplomatique. Elle accompagne d\u2019autres accords de coop\u00e9ration et constitue un levier important pour fluidifier les \u00e9changes institutionnels et renforcer les engagements bilat\u00e9raux entre les deux \u00c9tats.<\/p>\n","protected":false},"excerpt":{"rendered":"<p>Le Togo et le Kirghizistan ont conclu, le 29 avril 2026 \u00e0 Bichkek, un accord d\u2019exemption r\u00e9ciproque de visas destin\u00e9 aux d\u00e9tenteurs de passeports diplomatiques, officiels et de service. Cette signature est intervenue en marge de la visite officielle du Pr\u00e9sident du Conseil, Faure Essozimna Gnassingb\u00e9, marquant une avanc\u00e9e notable dans les relations entre les<\/p>\n","protected":false},"author":5,"featured_media":8028,"comment_status":"open","ping_status":"open","sticky":false,"template":"","format":"standard","meta":{"footnotes":""},"categories":[8],"tags":[],"class_list":["post-8027","post","type-post","status-publish","format-standard","has-post-thumbnail","hentry","category-diplomatie"],"yoast_head":"<!-- This site is optimized with the Yoast SEO plugin v26.4 - https:\/\/yoast.com\/wordpress\/plugins\/seo\/ -->\n<title>Togo\u2013Kirghizistan : fin de visa pour les officiels - UNIVERS.TG<\/title>\n<meta name=\"robots\" content=\"index, follow, max-snippet:-1, max-image-preview:large, max-video-preview:-1\" \/>\n<link rel=\"canonical\" href=\"https:\/\/univers.tg\/index.php\/2026\/04\/30\/togo-kirghizistan-fin-de-visa-pour-les-officiels\/\" \/>\n<meta property=\"og:locale\" content=\"fr_FR\" \/>\n<meta property=\"og:type\" content=\"article\" \/>\n<meta property=\"og:title\" content=\"Togo\u2013Kirghizistan : fin de visa pour les officiels - UNIVERS.TG\" \/>\n<meta property=\"og:description\" content=\"Le Togo et le Kirghizistan ont conclu, le 29 avril 2026 \u00e0 Bichkek, un accord d\u2019exemption r\u00e9ciproque de visas destin\u00e9 aux d\u00e9tenteurs de passeports diplomatiques, officiels et de service. Cette signature est intervenue en marge de la visite officielle du Pr\u00e9sident du Conseil, Faure Essozimna Gnassingb\u00e9, marquant une avanc\u00e9e notable dans les relations entre les\" \/>\n<meta property=\"og:url\" content=\"https:\/\/univers.tg\/index.php\/2026\/04\/30\/togo-kirghizistan-fin-de-visa-pour-les-officiels\/\" \/>\n<meta property=\"og:site_name\" content=\"UNIVERS.TG\" \/>\n<meta property=\"article:published_time\" content=\"2026-04-30T13:31:40+00:00\" \/>\n<meta property=\"article:modified_time\" content=\"2026-04-30T13:31:42+00:00\" \/>\n<meta property=\"og:image\" content=\"https:\/\/univers.tg\/wp-content\/uploads\/2026\/04\/IMG-20260430-WA0080.jpg?wsr\" \/>\n\t<meta property=\"og:image:width\" content=\"1080\" \/>\n\t<meta property=\"og:image:height\" content=\"864\" \/>\n\t<meta property=\"og:image:type\" content=\"image\/jpeg\" \/>\n<meta name=\"author\" content=\"Jeremy Ahossou\" \/>\n<meta name=\"twitter:card\" content=\"summary_large_image\" \/>\n<meta name=\"twitter:label1\" content=\"\u00c9crit par\" \/>\n\t<meta name=\"twitter:data1\" content=\"Jeremy Ahossou\" \/>\n\t<meta name=\"twitter:label2\" content=\"Dur\u00e9e de lecture estim\u00e9e\" \/>\n\t<meta name=\"twitter:data2\" content=\"1 minute\" \/>\n<script type=\"application\/ld+json\" class=\"yoast-schema-graph\">{\"@context\":\"https:\/\/schema.org\",\"@graph\":[{\"@type\":\"WebPage\",\"@id\":\"https:\/\/univers.tg\/index.php\/2026\/04\/30\/togo-kirghizistan-fin-de-visa-pour-les-officiels\/\",\"url\":\"https:\/\/univers.tg\/index.php\/2026\/04\/30\/togo-kirghizistan-fin-de-visa-pour-les-officiels\/\",\"name\":\"Togo\u2013Kirghizistan : fin de visa pour les officiels - UNIVERS.TG\",\"isPartOf\":{\"@id\":\"https:\/\/univers.tg\/#website\"},\"primaryImageOfPage\":{\"@id\":\"https:\/\/univers.tg\/index.php\/2026\/04\/30\/togo-kirghizistan-fin-de-visa-pour-les-officiels\/#primaryimage\"},\"image\":{\"@id\":\"https:\/\/univers.tg\/index.php\/2026\/04\/30\/togo-kirghizistan-fin-de-visa-pour-les-officiels\/#primaryimage\"},\"thumbnailUrl\":\"https:\/\/univers.tg\/wp-content\/uploads\/2026\/04\/IMG-20260430-WA0080.jpg?wsr\",\"datePublished\":\"2026-04-30T13:31:40+00:00\",\"dateModified\":\"2026-04-30T13:31:42+00:00\",\"author\":{\"@id\":\"https:\/\/univers.tg\/#\/schema\/person\/7630d7826904ffdd55c0d13d178b97eb\"},\"breadcrumb\":{\"@id\":\"https:\/\/univers.tg\/index.php\/2026\/04\/30\/togo-kirghizistan-fin-de-visa-pour-les-officiels\/#breadcrumb\"},\"inLanguage\":\"fr-FR\",\"potentialAction\":[{\"@type\":\"ReadAction\",\"target\":[\"https:\/\/univers.tg\/index.php\/2026\/04\/30\/togo-kirghizistan-fin-de-visa-pour-les-officiels\/\"]}]},{\"@type\":\"ImageObject\",\"inLanguage\":\"fr-FR\",\"@id\":\"https:\/\/univers.tg\/index.php\/2026\/04\/30\/togo-kirghizistan-fin-de-visa-pour-les-officiels\/#primaryimage\",\"url\":\"https:\/\/univers.tg\/wp-content\/uploads\/2026\/04\/IMG-20260430-WA0080.jpg?wsr\",\"contentUrl\":\"https:\/\/univers.tg\/wp-content\/uploads\/2026\/04\/IMG-20260430-WA0080.jpg?wsr\",\"width\":1080,\"height\":864},{\"@type\":\"BreadcrumbList\",\"@id\":\"https:\/\/univers.tg\/index.php\/2026\/04\/30\/togo-kirghizistan-fin-de-visa-pour-les-officiels\/#breadcrumb\",\"itemListElement\":[{\"@type\":\"ListItem\",\"position\":1,\"name\":\"Accueil\",\"item\":\"https:\/\/univers.tg\/\"},{\"@type\":\"ListItem\",\"position\":2,\"name\":\"Togo\u2013Kirghizistan : fin de visa pour les officiels\"}]},{\"@type\":\"WebSite\",\"@id\":\"https:\/\/univers.tg\/#website\",\"url\":\"https:\/\/univers.tg\/\",\"name\":\"UNIVERS.TG\",\"description\":\"AUTORISATION HAAC N\u00b0 0123\/02-2024\/PL\/P\",\"potentialAction\":[{\"@type\":\"SearchAction\",\"target\":{\"@type\":\"EntryPoint\",\"urlTemplate\":\"https:\/\/univers.tg\/?s={search_term_string}\"},\"query-input\":{\"@type\":\"PropertyValueSpecification\",\"valueRequired\":true,\"valueName\":\"search_term_string\"}}],\"inLanguage\":\"fr-FR\"},{\"@type\":\"Person\",\"@id\":\"https:\/\/univers.tg\/#\/schema\/person\/7630d7826904ffdd55c0d13d178b97eb\",\"name\":\"Jeremy Ahossou\",\"image\":{\"@type\":\"ImageObject\",\"inLanguage\":\"fr-FR\",\"@id\":\"https:\/\/univers.tg\/#\/schema\/person\/image\/\",\"url\":\"https:\/\/secure.gravatar.com\/avatar\/b9367486cc4651720458a662d192721c9d7cc1f4afe379e49612ab1a610e08ca?s=96&d=mm&r=g\",\"contentUrl\":\"https:\/\/secure.gravatar.com\/avatar\/b9367486cc4651720458a662d192721c9d7cc1f4afe379e49612ab1a610e08ca?s=96&d=mm&r=g\",\"caption\":\"Jeremy Ahossou\"},\"url\":\"https:\/\/univers.tg\/index.php\/author\/jeremy-ahossou\/\"}]}<\/script>\n<!-- \/ Yoast SEO plugin. -->","yoast_head_json":{"title":"Togo\u2013Kirghizistan : fin de visa pour les officiels - UNIVERS.TG","robots":{"index":"index","follow":"follow","max-snippet":"max-snippet:-1","max-image-preview":"max-image-preview:large","max-video-preview":"max-video-preview:-1"},"canonical":"https:\/\/univers.tg\/index.php\/2026\/04\/30\/togo-kirghizistan-fin-de-visa-pour-les-officiels\/","og_locale":"fr_FR","og_type":"article","og_title":"Togo\u2013Kirghizistan : fin de visa pour les officiels - UNIVERS.TG","og_description":"Le Togo et le Kirghizistan ont conclu, le 29 avril 2026 \u00e0 Bichkek, un accord d\u2019exemption r\u00e9ciproque de visas destin\u00e9 aux d\u00e9tenteurs de passeports diplomatiques, officiels et de service. Cette signature est intervenue en marge de la visite officielle du Pr\u00e9sident du Conseil, Faure Essozimna Gnassingb\u00e9, marquant une avanc\u00e9e notable dans les relations entre les","og_url":"https:\/\/univers.tg\/index.php\/2026\/04\/30\/togo-kirghizistan-fin-de-visa-pour-les-officiels\/","og_site_name":"UNIVERS.TG","article_published_time":"2026-04-30T13:31:40+00:00","article_modified_time":"2026-04-30T13:31:42+00:00","og_image":[{"width":1080,"height":864,"url":"https:\/\/univers.tg\/wp-content\/uploads\/2026\/04\/IMG-20260430-WA0080.jpg?wsr","type":"image\/jpeg"}],"author":"Jeremy Ahossou","twitter_card":"summary_large_image","twitter_misc":{"\u00c9crit par":"Jeremy Ahossou","Dur\u00e9e de lecture estim\u00e9e":"1 minute"},"schema":{"@context":"https:\/\/schema.org","@graph":[{"@type":"WebPage","@id":"https:\/\/univers.tg\/index.php\/2026\/04\/30\/togo-kirghizistan-fin-de-visa-pour-les-officiels\/","url":"https:\/\/univers.tg\/index.php\/2026\/04\/30\/togo-kirghizistan-fin-de-visa-pour-les-officiels\/","name":"Togo\u2013Kirghizistan : fin de visa pour les officiels - UNIVERS.TG","isPartOf":{"@id":"https:\/\/univers.tg\/#website"},"primaryImageOfPage":{"@id":"https:\/\/univers.tg\/index.php\/2026\/04\/30\/togo-kirghizistan-fin-de-visa-pour-les-officiels\/#primaryimage"},"image":{"@id":"https:\/\/univers.tg\/index.php\/2026\/04\/30\/togo-kirghizistan-fin-de-visa-pour-les-officiels\/#primaryimage"},"thumbnailUrl":"https:\/\/univers.tg\/wp-content\/uploads\/2026\/04\/IMG-20260430-WA0080.jpg?wsr","datePublished":"2026-04-30T13:31:40+00:00","dateModified":"2026-04-30T13:31:42+00:00","author":{"@id":"https:\/\/univers.tg\/#\/schema\/person\/7630d7826904ffdd55c0d13d178b97eb"},"breadcrumb":{"@id":"https:\/\/univers.tg\/index.php\/2026\/04\/30\/togo-kirghizistan-fin-de-visa-pour-les-officiels\/#breadcrumb"},"inLanguage":"fr-FR","potentialAction":[{"@type":"ReadAction","target":["https:\/\/univers.tg\/index.php\/2026\/04\/30\/togo-kirghizistan-fin-de-visa-pour-les-officiels\/"]}]},{"@type":"ImageObject","inLanguage":"fr-FR","@id":"https:\/\/univers.tg\/index.php\/2026\/04\/30\/togo-kirghizistan-fin-de-visa-pour-les-officiels\/#primaryimage","url":"https:\/\/univers.tg\/wp-content\/uploads\/2026\/04\/IMG-20260430-WA0080.jpg?wsr","contentUrl":"https:\/\/univers.tg\/wp-content\/uploads\/2026\/04\/IMG-20260430-WA0080.jpg?wsr","width":1080,"height":864},{"@type":"BreadcrumbList","@id":"https:\/\/univers.tg\/index.php\/2026\/04\/30\/togo-kirghizistan-fin-de-visa-pour-les-officiels\/#breadcrumb","itemListElement":[{"@type":"ListItem","position":1,"name":"Accueil","item":"https:\/\/univers.tg\/"},{"@type":"ListItem","position":2,"name":"Togo\u2013Kirghizistan : fin de visa pour les officiels"}]},{"@type":"WebSite","@id":"https:\/\/univers.tg\/#website","url":"https:\/\/univers.tg\/","name":"UNIVERS.TG","description":"AUTORISATION HAAC N\u00b0 0123\/02-2024\/PL\/P","potentialAction":[{"@type":"SearchAction","target":{"@type":"EntryPoint","urlTemplate":"https:\/\/univers.tg\/?s={search_term_string}"},"query-input":{"@type":"PropertyValueSpecification","valueRequired":true,"valueName":"search_term_string"}}],"inLanguage":"fr-FR"},{"@type":"Person","@id":"https:\/\/univers.tg\/#\/schema\/person\/7630d7826904ffdd55c0d13d178b97eb","name":"Jeremy Ahossou","image":{"@type":"ImageObject","inLanguage":"fr-FR","@id":"https:\/\/univers.tg\/#\/schema\/person\/image\/","url":"https:\/\/secure.gravatar.com\/avatar\/b9367486cc4651720458a662d192721c9d7cc1f4afe379e49612ab1a610e08ca?s=96&d=mm&r=g","contentUrl":"https:\/\/secure.gravatar.com\/avatar\/b9367486cc4651720458a662d192721c9d7cc1f4afe379e49612ab1a610e08ca?s=96&d=mm&r=g","caption":"Jeremy Ahossou"},"url":"https:\/\/univers.tg\/index.php\/author\/jeremy-ahossou\/"}]}},"_links":{"self":[{"href":"https:\/\/univers.tg\/index.php\/wp-json\/wp\/v2\/posts\/8027","targetHints":{"allow":["GET"]}}],"collection":[{"href":"https:\/\/univers.tg\/index.php\/wp-json\/wp\/v2\/posts"}],"about":[{"href":"https:\/\/univers.tg\/index.php\/wp-json\/wp\/v2\/types\/post"}],"author":[{"embeddable":true,"href":"https:\/\/univers.tg\/index.php\/wp-json\/wp\/v2\/users\/5"}],"replies":[{"embeddable":true,"href":"https:\/\/univers.tg\/index.php\/wp-json\/wp\/v2\/comments?post=8027"}],"version-history":[{"count":1,"href":"https:\/\/univers.tg\/index.php\/wp-json\/wp\/v2\/posts\/8027\/revisions"}],"predecessor-version":[{"id":8029,"href":"https:\/\/univers.tg\/index.php\/wp-json\/wp\/v2\/posts\/8027\/revisions\/8029"}],"wp:featuredmedia":[{"embeddable":true,"href":"https:\/\/univers.tg\/index.php\/wp-json\/wp\/v2\/media\/8028"}],"wp:attachment":[{"href":"https:\/\/univers.tg\/index.php\/wp-json\/wp\/v2\/media?parent=8027"}],"wp:term":[{"taxonomy":"category","embeddable":true,"href":"https:\/\/univers.tg\/index.php\/wp-json\/wp\/v2\/categories?post=8027"},{"taxonomy":"post_tag","embeddable":true,"href":"https:\/\/univers.tg\/index.php\/wp-json\/wp\/v2\/tags?post=8027"}],"curies":[{"name":"wp","href":"https:\/\/api.w.org\/{rel}","templated":true}]}}