{"id":8047,"date":"2026-05-02T20:49:54","date_gmt":"2026-05-02T20:49:54","guid":{"rendered":"https:\/\/univers.tg\/?p=8047"},"modified":"2026-05-02T20:49:57","modified_gmt":"2026-05-02T20:49:57","slug":"presidence-du-conseil-sandra-ablamba-johnson-celebre-lengagement-des-travailleurs","status":"publish","type":"post","link":"https:\/\/univers.tg\/index.php\/2026\/05\/02\/presidence-du-conseil-sandra-ablamba-johnson-celebre-lengagement-des-travailleurs\/","title":{"rendered":"Pr\u00e9sidence du Conseil : Sandra Ablamba Johnson c\u00e9l\u00e8bre l\u2019engagement des travailleurs"},"content":{"rendered":"\n<p>La c\u00e9l\u00e9bration de la Journ\u00e9e internationale du travail, le 1er mai, \u00e0 la Pr\u00e9sidence du Conseil s\u2019est distingu\u00e9e par une forte charge symbolique. L\u2019\u00e9v\u00e9nement a \u00e9t\u00e9 marqu\u00e9 par un hommage appuy\u00e9 aux travailleurs, consid\u00e9r\u00e9s comme les piliers du d\u00e9veloppement national, ainsi que par une reconnaissance solennelle envers les agents ayant consacr\u00e9 leur carri\u00e8re au service de l\u2019\u00c9tat.<\/p>\n\n\n\n<p><br>L\u2019un des moments marquants de la c\u00e9r\u00e9monie a \u00e9t\u00e9 la distinction des fonctionnaires admis \u00e0 la retraite au titre de l\u2019ann\u00e9e 2025. \u00c0 travers la remise de troph\u00e9es, l\u2019institution a salu\u00e9 leur engagement et leur fid\u00e9lit\u00e9, couronnant ainsi de longues ann\u00e9es de service d\u00e9di\u00e9es \u00e0 la construction et au rayonnement de l\u2019administration publique.<\/p>\n\n\n\n<p><br>Au nom des retrait\u00e9s, leur porte-parole a exprim\u00e9 sa gratitude envers les autorit\u00e9s, notamment le Pr\u00e9sident du Conseil, soulignant \u00ab le sentiment du devoir accompli \u00bb apr\u00e8s avoir servi au c\u0153ur de la plus haute institution du pays. Il a invit\u00e9 les agents en activit\u00e9 \u00e0 poursuivre cet h\u00e9ritage en faisant preuve de rigueur et d\u2019excellence dans l\u2019exercice de leurs fonctions.<\/p>\n\n\n\n<p><br>Repr\u00e9sentant le Pr\u00e9sident du Conseil, la ministre Sandra Ablamba Johnson a rappel\u00e9 l\u2019importance du capital humain dans la strat\u00e9gie nationale, tout en exhortant les agents \u00e0 cultiver patriotisme, discipline et responsabilit\u00e9. Elle a \u00e9galement rassur\u00e9 sur la volont\u00e9 des autorit\u00e9s d\u2019am\u00e9liorer les conditions de vie des travailleurs, dans un contexte o\u00f9 les r\u00e9formes sociales engag\u00e9es, telles que l\u2019Assurance Maladie Universelle, continuent de renforcer la protection des citoyens.<\/p>\n\n\n\n<p><\/p>\n","protected":false},"excerpt":{"rendered":"<p>La c\u00e9l\u00e9bration de la Journ\u00e9e internationale du travail, le 1er mai, \u00e0 la Pr\u00e9sidence du Conseil s\u2019est distingu\u00e9e par une forte charge symbolique. L\u2019\u00e9v\u00e9nement a \u00e9t\u00e9 marqu\u00e9 par un hommage appuy\u00e9 aux travailleurs, consid\u00e9r\u00e9s comme les piliers du d\u00e9veloppement national, ainsi que par une reconnaissance solennelle envers les agents ayant consacr\u00e9 leur carri\u00e8re au service<\/p>\n","protected":false},"author":5,"featured_media":8049,"comment_status":"open","ping_status":"open","sticky":false,"template":"","format":"standard","meta":{"footnotes":""},"categories":[4],"tags":[],"class_list":["post-8047","post","type-post","status-publish","format-standard","has-post-thumbnail","hentry","category-politique"],"yoast_head":"<!-- This site is optimized with the Yoast SEO plugin v26.4 - https:\/\/yoast.com\/wordpress\/plugins\/seo\/ -->\n<title>Pr\u00e9sidence du Conseil : Sandra Ablamba Johnson c\u00e9l\u00e8bre l\u2019engagement des travailleurs - UNIVERS.TG<\/title>\n<meta name=\"robots\" content=\"index, follow, max-snippet:-1, max-image-preview:large, max-video-preview:-1\" \/>\n<link rel=\"canonical\" href=\"https:\/\/univers.tg\/index.php\/2026\/05\/02\/presidence-du-conseil-sandra-ablamba-johnson-celebre-lengagement-des-travailleurs\/\" \/>\n<meta property=\"og:locale\" content=\"fr_FR\" \/>\n<meta property=\"og:type\" content=\"article\" \/>\n<meta property=\"og:title\" content=\"Pr\u00e9sidence du Conseil : Sandra Ablamba Johnson c\u00e9l\u00e8bre l\u2019engagement des travailleurs - UNIVERS.TG\" \/>\n<meta property=\"og:description\" content=\"La c\u00e9l\u00e9bration de la Journ\u00e9e internationale du travail, le 1er mai, \u00e0 la Pr\u00e9sidence du Conseil s\u2019est distingu\u00e9e par une forte charge symbolique. L\u2019\u00e9v\u00e9nement a \u00e9t\u00e9 marqu\u00e9 par un hommage appuy\u00e9 aux travailleurs, consid\u00e9r\u00e9s comme les piliers du d\u00e9veloppement national, ainsi que par une reconnaissance solennelle envers les agents ayant consacr\u00e9 leur carri\u00e8re au service\" \/>\n<meta property=\"og:url\" content=\"https:\/\/univers.tg\/index.php\/2026\/05\/02\/presidence-du-conseil-sandra-ablamba-johnson-celebre-lengagement-des-travailleurs\/\" \/>\n<meta property=\"og:site_name\" content=\"UNIVERS.TG\" \/>\n<meta property=\"article:published_time\" content=\"2026-05-02T20:49:54+00:00\" \/>\n<meta property=\"article:modified_time\" content=\"2026-05-02T20:49:57+00:00\" \/>\n<meta property=\"og:image\" content=\"https:\/\/univers.tg\/wp-content\/uploads\/2026\/05\/IMG-20260502-WA0142.jpg?wsr\" \/>\n\t<meta property=\"og:image:width\" content=\"1280\" \/>\n\t<meta property=\"og:image:height\" content=\"843\" \/>\n\t<meta property=\"og:image:type\" content=\"image\/jpeg\" \/>\n<meta name=\"author\" content=\"Jeremy Ahossou\" \/>\n<meta name=\"twitter:card\" content=\"summary_large_image\" \/>\n<meta name=\"twitter:label1\" content=\"\u00c9crit par\" \/>\n\t<meta name=\"twitter:data1\" content=\"Jeremy Ahossou\" \/>\n\t<meta name=\"twitter:label2\" content=\"Dur\u00e9e de lecture estim\u00e9e\" \/>\n\t<meta name=\"twitter:data2\" content=\"2 minutes\" \/>\n<script type=\"application\/ld+json\" class=\"yoast-schema-graph\">{\"@context\":\"https:\/\/schema.org\",\"@graph\":[{\"@type\":\"WebPage\",\"@id\":\"https:\/\/univers.tg\/index.php\/2026\/05\/02\/presidence-du-conseil-sandra-ablamba-johnson-celebre-lengagement-des-travailleurs\/\",\"url\":\"https:\/\/univers.tg\/index.php\/2026\/05\/02\/presidence-du-conseil-sandra-ablamba-johnson-celebre-lengagement-des-travailleurs\/\",\"name\":\"Pr\u00e9sidence du Conseil : Sandra Ablamba Johnson c\u00e9l\u00e8bre l\u2019engagement des travailleurs - UNIVERS.TG\",\"isPartOf\":{\"@id\":\"https:\/\/univers.tg\/#website\"},\"primaryImageOfPage\":{\"@id\":\"https:\/\/univers.tg\/index.php\/2026\/05\/02\/presidence-du-conseil-sandra-ablamba-johnson-celebre-lengagement-des-travailleurs\/#primaryimage\"},\"image\":{\"@id\":\"https:\/\/univers.tg\/index.php\/2026\/05\/02\/presidence-du-conseil-sandra-ablamba-johnson-celebre-lengagement-des-travailleurs\/#primaryimage\"},\"thumbnailUrl\":\"https:\/\/univers.tg\/wp-content\/uploads\/2026\/05\/IMG-20260502-WA0142.jpg?wsr\",\"datePublished\":\"2026-05-02T20:49:54+00:00\",\"dateModified\":\"2026-05-02T20:49:57+00:00\",\"author\":{\"@id\":\"https:\/\/univers.tg\/#\/schema\/person\/7630d7826904ffdd55c0d13d178b97eb\"},\"breadcrumb\":{\"@id\":\"https:\/\/univers.tg\/index.php\/2026\/05\/02\/presidence-du-conseil-sandra-ablamba-johnson-celebre-lengagement-des-travailleurs\/#breadcrumb\"},\"inLanguage\":\"fr-FR\",\"potentialAction\":[{\"@type\":\"ReadAction\",\"target\":[\"https:\/\/univers.tg\/index.php\/2026\/05\/02\/presidence-du-conseil-sandra-ablamba-johnson-celebre-lengagement-des-travailleurs\/\"]}]},{\"@type\":\"ImageObject\",\"inLanguage\":\"fr-FR\",\"@id\":\"https:\/\/univers.tg\/index.php\/2026\/05\/02\/presidence-du-conseil-sandra-ablamba-johnson-celebre-lengagement-des-travailleurs\/#primaryimage\",\"url\":\"https:\/\/univers.tg\/wp-content\/uploads\/2026\/05\/IMG-20260502-WA0142.jpg?wsr\",\"contentUrl\":\"https:\/\/univers.tg\/wp-content\/uploads\/2026\/05\/IMG-20260502-WA0142.jpg?wsr\",\"width\":1280,\"height\":843},{\"@type\":\"BreadcrumbList\",\"@id\":\"https:\/\/univers.tg\/index.php\/2026\/05\/02\/presidence-du-conseil-sandra-ablamba-johnson-celebre-lengagement-des-travailleurs\/#breadcrumb\",\"itemListElement\":[{\"@type\":\"ListItem\",\"position\":1,\"name\":\"Accueil\",\"item\":\"https:\/\/univers.tg\/\"},{\"@type\":\"ListItem\",\"position\":2,\"name\":\"Pr\u00e9sidence du Conseil : Sandra Ablamba Johnson c\u00e9l\u00e8bre l\u2019engagement des travailleurs\"}]},{\"@type\":\"WebSite\",\"@id\":\"https:\/\/univers.tg\/#website\",\"url\":\"https:\/\/univers.tg\/\",\"name\":\"UNIVERS.TG\",\"description\":\"AUTORISATION HAAC N\u00b0 0123\/02-2024\/PL\/P\",\"potentialAction\":[{\"@type\":\"SearchAction\",\"target\":{\"@type\":\"EntryPoint\",\"urlTemplate\":\"https:\/\/univers.tg\/?s={search_term_string}\"},\"query-input\":{\"@type\":\"PropertyValueSpecification\",\"valueRequired\":true,\"valueName\":\"search_term_string\"}}],\"inLanguage\":\"fr-FR\"},{\"@type\":\"Person\",\"@id\":\"https:\/\/univers.tg\/#\/schema\/person\/7630d7826904ffdd55c0d13d178b97eb\",\"name\":\"Jeremy Ahossou\",\"image\":{\"@type\":\"ImageObject\",\"inLanguage\":\"fr-FR\",\"@id\":\"https:\/\/univers.tg\/#\/schema\/person\/image\/\",\"url\":\"https:\/\/secure.gravatar.com\/avatar\/b9367486cc4651720458a662d192721c9d7cc1f4afe379e49612ab1a610e08ca?s=96&d=mm&r=g\",\"contentUrl\":\"https:\/\/secure.gravatar.com\/avatar\/b9367486cc4651720458a662d192721c9d7cc1f4afe379e49612ab1a610e08ca?s=96&d=mm&r=g\",\"caption\":\"Jeremy Ahossou\"},\"url\":\"https:\/\/univers.tg\/index.php\/author\/jeremy-ahossou\/\"}]}<\/script>\n<!-- \/ Yoast SEO plugin. -->","yoast_head_json":{"title":"Pr\u00e9sidence du Conseil : Sandra Ablamba Johnson c\u00e9l\u00e8bre l\u2019engagement des travailleurs - UNIVERS.TG","robots":{"index":"index","follow":"follow","max-snippet":"max-snippet:-1","max-image-preview":"max-image-preview:large","max-video-preview":"max-video-preview:-1"},"canonical":"https:\/\/univers.tg\/index.php\/2026\/05\/02\/presidence-du-conseil-sandra-ablamba-johnson-celebre-lengagement-des-travailleurs\/","og_locale":"fr_FR","og_type":"article","og_title":"Pr\u00e9sidence du Conseil : Sandra Ablamba Johnson c\u00e9l\u00e8bre l\u2019engagement des travailleurs - UNIVERS.TG","og_description":"La c\u00e9l\u00e9bration de la Journ\u00e9e internationale du travail, le 1er mai, \u00e0 la Pr\u00e9sidence du Conseil s\u2019est distingu\u00e9e par une forte charge symbolique. L\u2019\u00e9v\u00e9nement a \u00e9t\u00e9 marqu\u00e9 par un hommage appuy\u00e9 aux travailleurs, consid\u00e9r\u00e9s comme les piliers du d\u00e9veloppement national, ainsi que par une reconnaissance solennelle envers les agents ayant consacr\u00e9 leur carri\u00e8re au service","og_url":"https:\/\/univers.tg\/index.php\/2026\/05\/02\/presidence-du-conseil-sandra-ablamba-johnson-celebre-lengagement-des-travailleurs\/","og_site_name":"UNIVERS.TG","article_published_time":"2026-05-02T20:49:54+00:00","article_modified_time":"2026-05-02T20:49:57+00:00","og_image":[{"width":1280,"height":843,"url":"https:\/\/univers.tg\/wp-content\/uploads\/2026\/05\/IMG-20260502-WA0142.jpg?wsr","type":"image\/jpeg"}],"author":"Jeremy Ahossou","twitter_card":"summary_large_image","twitter_misc":{"\u00c9crit par":"Jeremy Ahossou","Dur\u00e9e de lecture estim\u00e9e":"2 minutes"},"schema":{"@context":"https:\/\/schema.org","@graph":[{"@type":"WebPage","@id":"https:\/\/univers.tg\/index.php\/2026\/05\/02\/presidence-du-conseil-sandra-ablamba-johnson-celebre-lengagement-des-travailleurs\/","url":"https:\/\/univers.tg\/index.php\/2026\/05\/02\/presidence-du-conseil-sandra-ablamba-johnson-celebre-lengagement-des-travailleurs\/","name":"Pr\u00e9sidence du Conseil : Sandra Ablamba Johnson c\u00e9l\u00e8bre l\u2019engagement des travailleurs - UNIVERS.TG","isPartOf":{"@id":"https:\/\/univers.tg\/#website"},"primaryImageOfPage":{"@id":"https:\/\/univers.tg\/index.php\/2026\/05\/02\/presidence-du-conseil-sandra-ablamba-johnson-celebre-lengagement-des-travailleurs\/#primaryimage"},"image":{"@id":"https:\/\/univers.tg\/index.php\/2026\/05\/02\/presidence-du-conseil-sandra-ablamba-johnson-celebre-lengagement-des-travailleurs\/#primaryimage"},"thumbnailUrl":"https:\/\/univers.tg\/wp-content\/uploads\/2026\/05\/IMG-20260502-WA0142.jpg?wsr","datePublished":"2026-05-02T20:49:54+00:00","dateModified":"2026-05-02T20:49:57+00:00","author":{"@id":"https:\/\/univers.tg\/#\/schema\/person\/7630d7826904ffdd55c0d13d178b97eb"},"breadcrumb":{"@id":"https:\/\/univers.tg\/index.php\/2026\/05\/02\/presidence-du-conseil-sandra-ablamba-johnson-celebre-lengagement-des-travailleurs\/#breadcrumb"},"inLanguage":"fr-FR","potentialAction":[{"@type":"ReadAction","target":["https:\/\/univers.tg\/index.php\/2026\/05\/02\/presidence-du-conseil-sandra-ablamba-johnson-celebre-lengagement-des-travailleurs\/"]}]},{"@type":"ImageObject","inLanguage":"fr-FR","@id":"https:\/\/univers.tg\/index.php\/2026\/05\/02\/presidence-du-conseil-sandra-ablamba-johnson-celebre-lengagement-des-travailleurs\/#primaryimage","url":"https:\/\/univers.tg\/wp-content\/uploads\/2026\/05\/IMG-20260502-WA0142.jpg?wsr","contentUrl":"https:\/\/univers.tg\/wp-content\/uploads\/2026\/05\/IMG-20260502-WA0142.jpg?wsr","width":1280,"height":843},{"@type":"BreadcrumbList","@id":"https:\/\/univers.tg\/index.php\/2026\/05\/02\/presidence-du-conseil-sandra-ablamba-johnson-celebre-lengagement-des-travailleurs\/#breadcrumb","itemListElement":[{"@type":"ListItem","position":1,"name":"Accueil","item":"https:\/\/univers.tg\/"},{"@type":"ListItem","position":2,"name":"Pr\u00e9sidence du Conseil : Sandra Ablamba Johnson c\u00e9l\u00e8bre l\u2019engagement des travailleurs"}]},{"@type":"WebSite","@id":"https:\/\/univers.tg\/#website","url":"https:\/\/univers.tg\/","name":"UNIVERS.TG","description":"AUTORISATION HAAC N\u00b0 0123\/02-2024\/PL\/P","potentialAction":[{"@type":"SearchAction","target":{"@type":"EntryPoint","urlTemplate":"https:\/\/univers.tg\/?s={search_term_string}"},"query-input":{"@type":"PropertyValueSpecification","valueRequired":true,"valueName":"search_term_string"}}],"inLanguage":"fr-FR"},{"@type":"Person","@id":"https:\/\/univers.tg\/#\/schema\/person\/7630d7826904ffdd55c0d13d178b97eb","name":"Jeremy Ahossou","image":{"@type":"ImageObject","inLanguage":"fr-FR","@id":"https:\/\/univers.tg\/#\/schema\/person\/image\/","url":"https:\/\/secure.gravatar.com\/avatar\/b9367486cc4651720458a662d192721c9d7cc1f4afe379e49612ab1a610e08ca?s=96&d=mm&r=g","contentUrl":"https:\/\/secure.gravatar.com\/avatar\/b9367486cc4651720458a662d192721c9d7cc1f4afe379e49612ab1a610e08ca?s=96&d=mm&r=g","caption":"Jeremy Ahossou"},"url":"https:\/\/univers.tg\/index.php\/author\/jeremy-ahossou\/"}]}},"_links":{"self":[{"href":"https:\/\/univers.tg\/index.php\/wp-json\/wp\/v2\/posts\/8047","targetHints":{"allow":["GET"]}}],"collection":[{"href":"https:\/\/univers.tg\/index.php\/wp-json\/wp\/v2\/posts"}],"about":[{"href":"https:\/\/univers.tg\/index.php\/wp-json\/wp\/v2\/types\/post"}],"author":[{"embeddable":true,"href":"https:\/\/univers.tg\/index.php\/wp-json\/wp\/v2\/users\/5"}],"replies":[{"embeddable":true,"href":"https:\/\/univers.tg\/index.php\/wp-json\/wp\/v2\/comments?post=8047"}],"version-history":[{"count":1,"href":"https:\/\/univers.tg\/index.php\/wp-json\/wp\/v2\/posts\/8047\/revisions"}],"predecessor-version":[{"id":8048,"href":"https:\/\/univers.tg\/index.php\/wp-json\/wp\/v2\/posts\/8047\/revisions\/8048"}],"wp:featuredmedia":[{"embeddable":true,"href":"https:\/\/univers.tg\/index.php\/wp-json\/wp\/v2\/media\/8049"}],"wp:attachment":[{"href":"https:\/\/univers.tg\/index.php\/wp-json\/wp\/v2\/media?parent=8047"}],"wp:term":[{"taxonomy":"category","embeddable":true,"href":"https:\/\/univers.tg\/index.php\/wp-json\/wp\/v2\/categories?post=8047"},{"taxonomy":"post_tag","embeddable":true,"href":"https:\/\/univers.tg\/index.php\/wp-json\/wp\/v2\/tags?post=8047"}],"curies":[{"name":"wp","href":"https:\/\/api.w.org\/{rel}","templated":true}]}}