{"id":8051,"date":"2026-05-03T10:26:30","date_gmt":"2026-05-03T10:26:30","guid":{"rendered":"https:\/\/univers.tg\/?p=8051"},"modified":"2026-05-03T10:26:31","modified_gmt":"2026-05-03T10:26:31","slug":"visite-de-faure-gnassingbe-au-kirghizistan-leducation-et-la-sante-au-coeur-des-accords","status":"publish","type":"post","link":"https:\/\/univers.tg\/index.php\/2026\/05\/03\/visite-de-faure-gnassingbe-au-kirghizistan-leducation-et-la-sante-au-coeur-des-accords\/","title":{"rendered":"Visite de Faure Gnassingb\u00e9 au Kirghizistan : l\u2019\u00e9ducation et la sant\u00e9 au c\u0153ur des accords"},"content":{"rendered":"\n<p><br>La visite du Pr\u00e9sident du Conseil, Faure Essozimna Gnassingb\u00e9, au Kirghizistan marque une nouvelle \u00e9tape dans le renforcement de la coop\u00e9ration entre les deux pays. Plusieurs m\u00e9morandums d\u2019entente ont \u00e9t\u00e9 sign\u00e9s dans les secteurs de l\u2019\u00e9ducation et de la sant\u00e9 afin d\u2019encourager le partage d\u2019exp\u00e9riences et le d\u00e9veloppement des comp\u00e9tences.<\/p>\n\n\n\n<p><br>Dans le domaine universitaire, les deux \u00c9tats souhaitent favoriser la mobilit\u00e9 des \u00e9tudiants et des enseignants, la reconnaissance des dipl\u00f4mes et le renforcement des capacit\u00e9s acad\u00e9miques. En sant\u00e9, les accords portent sur la pr\u00e9vention des maladies, les campagnes de vaccination et le partage de savoir-faire entre professionnels m\u00e9dicaux.<\/p>\n\n\n\n<p><br>Ces retomb\u00e9es sont salu\u00e9es comme une avanc\u00e9e importante pour le d\u00e9veloppement humain au Togo. Gr\u00e2ce \u00e0 cette visite, de nouvelles opportunit\u00e9s pourraient s\u2019ouvrir aux \u00e9tudiants, chercheurs et personnels de sant\u00e9 togolais.<\/p>\n\n\n\n<p><\/p>\n","protected":false},"excerpt":{"rendered":"<p>La visite du Pr\u00e9sident du Conseil, Faure Essozimna Gnassingb\u00e9, au Kirghizistan marque une nouvelle \u00e9tape dans le renforcement de la coop\u00e9ration entre les deux pays. Plusieurs m\u00e9morandums d\u2019entente ont \u00e9t\u00e9 sign\u00e9s dans les secteurs de l\u2019\u00e9ducation et de la sant\u00e9 afin d\u2019encourager le partage d\u2019exp\u00e9riences et le d\u00e9veloppement des comp\u00e9tences. Dans le domaine universitaire, les<\/p>\n","protected":false},"author":5,"featured_media":8052,"comment_status":"open","ping_status":"open","sticky":false,"template":"","format":"standard","meta":{"footnotes":""},"categories":[7],"tags":[],"class_list":["post-8051","post","type-post","status-publish","format-standard","has-post-thumbnail","hentry","category-education"],"yoast_head":"<!-- This site is optimized with the Yoast SEO plugin v26.4 - https:\/\/yoast.com\/wordpress\/plugins\/seo\/ -->\n<title>Visite de Faure Gnassingb\u00e9 au Kirghizistan : l\u2019\u00e9ducation et la sant\u00e9 au c\u0153ur des accords - UNIVERS.TG<\/title>\n<meta name=\"robots\" content=\"index, follow, max-snippet:-1, max-image-preview:large, max-video-preview:-1\" \/>\n<link rel=\"canonical\" href=\"https:\/\/univers.tg\/index.php\/2026\/05\/03\/visite-de-faure-gnassingbe-au-kirghizistan-leducation-et-la-sante-au-coeur-des-accords\/\" \/>\n<meta property=\"og:locale\" content=\"fr_FR\" \/>\n<meta property=\"og:type\" content=\"article\" \/>\n<meta property=\"og:title\" content=\"Visite de Faure Gnassingb\u00e9 au Kirghizistan : l\u2019\u00e9ducation et la sant\u00e9 au c\u0153ur des accords - UNIVERS.TG\" \/>\n<meta property=\"og:description\" content=\"La visite du Pr\u00e9sident du Conseil, Faure Essozimna Gnassingb\u00e9, au Kirghizistan marque une nouvelle \u00e9tape dans le renforcement de la coop\u00e9ration entre les deux pays. Plusieurs m\u00e9morandums d\u2019entente ont \u00e9t\u00e9 sign\u00e9s dans les secteurs de l\u2019\u00e9ducation et de la sant\u00e9 afin d\u2019encourager le partage d\u2019exp\u00e9riences et le d\u00e9veloppement des comp\u00e9tences. Dans le domaine universitaire, les\" \/>\n<meta property=\"og:url\" content=\"https:\/\/univers.tg\/index.php\/2026\/05\/03\/visite-de-faure-gnassingbe-au-kirghizistan-leducation-et-la-sante-au-coeur-des-accords\/\" \/>\n<meta property=\"og:site_name\" content=\"UNIVERS.TG\" \/>\n<meta property=\"article:published_time\" content=\"2026-05-03T10:26:30+00:00\" \/>\n<meta property=\"article:modified_time\" content=\"2026-05-03T10:26:31+00:00\" \/>\n<meta property=\"og:image\" content=\"https:\/\/univers.tg\/wp-content\/uploads\/2026\/05\/1777803816954.jpg?wsr\" \/>\n\t<meta property=\"og:image:width\" content=\"720\" \/>\n\t<meta property=\"og:image:height\" content=\"576\" \/>\n\t<meta property=\"og:image:type\" content=\"image\/jpeg\" \/>\n<meta name=\"author\" content=\"Jeremy Ahossou\" \/>\n<meta name=\"twitter:card\" content=\"summary_large_image\" \/>\n<meta name=\"twitter:label1\" content=\"\u00c9crit par\" \/>\n\t<meta name=\"twitter:data1\" content=\"Jeremy Ahossou\" \/>\n\t<meta name=\"twitter:label2\" content=\"Dur\u00e9e de lecture estim\u00e9e\" \/>\n\t<meta name=\"twitter:data2\" content=\"1 minute\" \/>\n<script type=\"application\/ld+json\" class=\"yoast-schema-graph\">{\"@context\":\"https:\/\/schema.org\",\"@graph\":[{\"@type\":\"WebPage\",\"@id\":\"https:\/\/univers.tg\/index.php\/2026\/05\/03\/visite-de-faure-gnassingbe-au-kirghizistan-leducation-et-la-sante-au-coeur-des-accords\/\",\"url\":\"https:\/\/univers.tg\/index.php\/2026\/05\/03\/visite-de-faure-gnassingbe-au-kirghizistan-leducation-et-la-sante-au-coeur-des-accords\/\",\"name\":\"Visite de Faure Gnassingb\u00e9 au Kirghizistan : l\u2019\u00e9ducation et la sant\u00e9 au c\u0153ur des accords - UNIVERS.TG\",\"isPartOf\":{\"@id\":\"https:\/\/univers.tg\/#website\"},\"primaryImageOfPage\":{\"@id\":\"https:\/\/univers.tg\/index.php\/2026\/05\/03\/visite-de-faure-gnassingbe-au-kirghizistan-leducation-et-la-sante-au-coeur-des-accords\/#primaryimage\"},\"image\":{\"@id\":\"https:\/\/univers.tg\/index.php\/2026\/05\/03\/visite-de-faure-gnassingbe-au-kirghizistan-leducation-et-la-sante-au-coeur-des-accords\/#primaryimage\"},\"thumbnailUrl\":\"https:\/\/univers.tg\/wp-content\/uploads\/2026\/05\/1777803816954.jpg?wsr\",\"datePublished\":\"2026-05-03T10:26:30+00:00\",\"dateModified\":\"2026-05-03T10:26:31+00:00\",\"author\":{\"@id\":\"https:\/\/univers.tg\/#\/schema\/person\/7630d7826904ffdd55c0d13d178b97eb\"},\"breadcrumb\":{\"@id\":\"https:\/\/univers.tg\/index.php\/2026\/05\/03\/visite-de-faure-gnassingbe-au-kirghizistan-leducation-et-la-sante-au-coeur-des-accords\/#breadcrumb\"},\"inLanguage\":\"fr-FR\",\"potentialAction\":[{\"@type\":\"ReadAction\",\"target\":[\"https:\/\/univers.tg\/index.php\/2026\/05\/03\/visite-de-faure-gnassingbe-au-kirghizistan-leducation-et-la-sante-au-coeur-des-accords\/\"]}]},{\"@type\":\"ImageObject\",\"inLanguage\":\"fr-FR\",\"@id\":\"https:\/\/univers.tg\/index.php\/2026\/05\/03\/visite-de-faure-gnassingbe-au-kirghizistan-leducation-et-la-sante-au-coeur-des-accords\/#primaryimage\",\"url\":\"https:\/\/univers.tg\/wp-content\/uploads\/2026\/05\/1777803816954.jpg?wsr\",\"contentUrl\":\"https:\/\/univers.tg\/wp-content\/uploads\/2026\/05\/1777803816954.jpg?wsr\",\"width\":720,\"height\":576},{\"@type\":\"BreadcrumbList\",\"@id\":\"https:\/\/univers.tg\/index.php\/2026\/05\/03\/visite-de-faure-gnassingbe-au-kirghizistan-leducation-et-la-sante-au-coeur-des-accords\/#breadcrumb\",\"itemListElement\":[{\"@type\":\"ListItem\",\"position\":1,\"name\":\"Accueil\",\"item\":\"https:\/\/univers.tg\/\"},{\"@type\":\"ListItem\",\"position\":2,\"name\":\"Visite de Faure Gnassingb\u00e9 au Kirghizistan : l\u2019\u00e9ducation et la sant\u00e9 au c\u0153ur des accords\"}]},{\"@type\":\"WebSite\",\"@id\":\"https:\/\/univers.tg\/#website\",\"url\":\"https:\/\/univers.tg\/\",\"name\":\"UNIVERS.TG\",\"description\":\"AUTORISATION HAAC N\u00b0 0123\/02-2024\/PL\/P\",\"potentialAction\":[{\"@type\":\"SearchAction\",\"target\":{\"@type\":\"EntryPoint\",\"urlTemplate\":\"https:\/\/univers.tg\/?s={search_term_string}\"},\"query-input\":{\"@type\":\"PropertyValueSpecification\",\"valueRequired\":true,\"valueName\":\"search_term_string\"}}],\"inLanguage\":\"fr-FR\"},{\"@type\":\"Person\",\"@id\":\"https:\/\/univers.tg\/#\/schema\/person\/7630d7826904ffdd55c0d13d178b97eb\",\"name\":\"Jeremy Ahossou\",\"image\":{\"@type\":\"ImageObject\",\"inLanguage\":\"fr-FR\",\"@id\":\"https:\/\/univers.tg\/#\/schema\/person\/image\/\",\"url\":\"https:\/\/secure.gravatar.com\/avatar\/b9367486cc4651720458a662d192721c9d7cc1f4afe379e49612ab1a610e08ca?s=96&d=mm&r=g\",\"contentUrl\":\"https:\/\/secure.gravatar.com\/avatar\/b9367486cc4651720458a662d192721c9d7cc1f4afe379e49612ab1a610e08ca?s=96&d=mm&r=g\",\"caption\":\"Jeremy Ahossou\"},\"url\":\"https:\/\/univers.tg\/index.php\/author\/jeremy-ahossou\/\"}]}<\/script>\n<!-- \/ Yoast SEO plugin. -->","yoast_head_json":{"title":"Visite de Faure Gnassingb\u00e9 au Kirghizistan : l\u2019\u00e9ducation et la sant\u00e9 au c\u0153ur des accords - UNIVERS.TG","robots":{"index":"index","follow":"follow","max-snippet":"max-snippet:-1","max-image-preview":"max-image-preview:large","max-video-preview":"max-video-preview:-1"},"canonical":"https:\/\/univers.tg\/index.php\/2026\/05\/03\/visite-de-faure-gnassingbe-au-kirghizistan-leducation-et-la-sante-au-coeur-des-accords\/","og_locale":"fr_FR","og_type":"article","og_title":"Visite de Faure Gnassingb\u00e9 au Kirghizistan : l\u2019\u00e9ducation et la sant\u00e9 au c\u0153ur des accords - UNIVERS.TG","og_description":"La visite du Pr\u00e9sident du Conseil, Faure Essozimna Gnassingb\u00e9, au Kirghizistan marque une nouvelle \u00e9tape dans le renforcement de la coop\u00e9ration entre les deux pays. Plusieurs m\u00e9morandums d\u2019entente ont \u00e9t\u00e9 sign\u00e9s dans les secteurs de l\u2019\u00e9ducation et de la sant\u00e9 afin d\u2019encourager le partage d\u2019exp\u00e9riences et le d\u00e9veloppement des comp\u00e9tences. Dans le domaine universitaire, les","og_url":"https:\/\/univers.tg\/index.php\/2026\/05\/03\/visite-de-faure-gnassingbe-au-kirghizistan-leducation-et-la-sante-au-coeur-des-accords\/","og_site_name":"UNIVERS.TG","article_published_time":"2026-05-03T10:26:30+00:00","article_modified_time":"2026-05-03T10:26:31+00:00","og_image":[{"width":720,"height":576,"url":"https:\/\/univers.tg\/wp-content\/uploads\/2026\/05\/1777803816954.jpg?wsr","type":"image\/jpeg"}],"author":"Jeremy Ahossou","twitter_card":"summary_large_image","twitter_misc":{"\u00c9crit par":"Jeremy Ahossou","Dur\u00e9e de lecture estim\u00e9e":"1 minute"},"schema":{"@context":"https:\/\/schema.org","@graph":[{"@type":"WebPage","@id":"https:\/\/univers.tg\/index.php\/2026\/05\/03\/visite-de-faure-gnassingbe-au-kirghizistan-leducation-et-la-sante-au-coeur-des-accords\/","url":"https:\/\/univers.tg\/index.php\/2026\/05\/03\/visite-de-faure-gnassingbe-au-kirghizistan-leducation-et-la-sante-au-coeur-des-accords\/","name":"Visite de Faure Gnassingb\u00e9 au Kirghizistan : l\u2019\u00e9ducation et la sant\u00e9 au c\u0153ur des accords - UNIVERS.TG","isPartOf":{"@id":"https:\/\/univers.tg\/#website"},"primaryImageOfPage":{"@id":"https:\/\/univers.tg\/index.php\/2026\/05\/03\/visite-de-faure-gnassingbe-au-kirghizistan-leducation-et-la-sante-au-coeur-des-accords\/#primaryimage"},"image":{"@id":"https:\/\/univers.tg\/index.php\/2026\/05\/03\/visite-de-faure-gnassingbe-au-kirghizistan-leducation-et-la-sante-au-coeur-des-accords\/#primaryimage"},"thumbnailUrl":"https:\/\/univers.tg\/wp-content\/uploads\/2026\/05\/1777803816954.jpg?wsr","datePublished":"2026-05-03T10:26:30+00:00","dateModified":"2026-05-03T10:26:31+00:00","author":{"@id":"https:\/\/univers.tg\/#\/schema\/person\/7630d7826904ffdd55c0d13d178b97eb"},"breadcrumb":{"@id":"https:\/\/univers.tg\/index.php\/2026\/05\/03\/visite-de-faure-gnassingbe-au-kirghizistan-leducation-et-la-sante-au-coeur-des-accords\/#breadcrumb"},"inLanguage":"fr-FR","potentialAction":[{"@type":"ReadAction","target":["https:\/\/univers.tg\/index.php\/2026\/05\/03\/visite-de-faure-gnassingbe-au-kirghizistan-leducation-et-la-sante-au-coeur-des-accords\/"]}]},{"@type":"ImageObject","inLanguage":"fr-FR","@id":"https:\/\/univers.tg\/index.php\/2026\/05\/03\/visite-de-faure-gnassingbe-au-kirghizistan-leducation-et-la-sante-au-coeur-des-accords\/#primaryimage","url":"https:\/\/univers.tg\/wp-content\/uploads\/2026\/05\/1777803816954.jpg?wsr","contentUrl":"https:\/\/univers.tg\/wp-content\/uploads\/2026\/05\/1777803816954.jpg?wsr","width":720,"height":576},{"@type":"BreadcrumbList","@id":"https:\/\/univers.tg\/index.php\/2026\/05\/03\/visite-de-faure-gnassingbe-au-kirghizistan-leducation-et-la-sante-au-coeur-des-accords\/#breadcrumb","itemListElement":[{"@type":"ListItem","position":1,"name":"Accueil","item":"https:\/\/univers.tg\/"},{"@type":"ListItem","position":2,"name":"Visite de Faure Gnassingb\u00e9 au Kirghizistan : l\u2019\u00e9ducation et la sant\u00e9 au c\u0153ur des accords"}]},{"@type":"WebSite","@id":"https:\/\/univers.tg\/#website","url":"https:\/\/univers.tg\/","name":"UNIVERS.TG","description":"AUTORISATION HAAC N\u00b0 0123\/02-2024\/PL\/P","potentialAction":[{"@type":"SearchAction","target":{"@type":"EntryPoint","urlTemplate":"https:\/\/univers.tg\/?s={search_term_string}"},"query-input":{"@type":"PropertyValueSpecification","valueRequired":true,"valueName":"search_term_string"}}],"inLanguage":"fr-FR"},{"@type":"Person","@id":"https:\/\/univers.tg\/#\/schema\/person\/7630d7826904ffdd55c0d13d178b97eb","name":"Jeremy Ahossou","image":{"@type":"ImageObject","inLanguage":"fr-FR","@id":"https:\/\/univers.tg\/#\/schema\/person\/image\/","url":"https:\/\/secure.gravatar.com\/avatar\/b9367486cc4651720458a662d192721c9d7cc1f4afe379e49612ab1a610e08ca?s=96&d=mm&r=g","contentUrl":"https:\/\/secure.gravatar.com\/avatar\/b9367486cc4651720458a662d192721c9d7cc1f4afe379e49612ab1a610e08ca?s=96&d=mm&r=g","caption":"Jeremy Ahossou"},"url":"https:\/\/univers.tg\/index.php\/author\/jeremy-ahossou\/"}]}},"_links":{"self":[{"href":"https:\/\/univers.tg\/index.php\/wp-json\/wp\/v2\/posts\/8051","targetHints":{"allow":["GET"]}}],"collection":[{"href":"https:\/\/univers.tg\/index.php\/wp-json\/wp\/v2\/posts"}],"about":[{"href":"https:\/\/univers.tg\/index.php\/wp-json\/wp\/v2\/types\/post"}],"author":[{"embeddable":true,"href":"https:\/\/univers.tg\/index.php\/wp-json\/wp\/v2\/users\/5"}],"replies":[{"embeddable":true,"href":"https:\/\/univers.tg\/index.php\/wp-json\/wp\/v2\/comments?post=8051"}],"version-history":[{"count":1,"href":"https:\/\/univers.tg\/index.php\/wp-json\/wp\/v2\/posts\/8051\/revisions"}],"predecessor-version":[{"id":8053,"href":"https:\/\/univers.tg\/index.php\/wp-json\/wp\/v2\/posts\/8051\/revisions\/8053"}],"wp:featuredmedia":[{"embeddable":true,"href":"https:\/\/univers.tg\/index.php\/wp-json\/wp\/v2\/media\/8052"}],"wp:attachment":[{"href":"https:\/\/univers.tg\/index.php\/wp-json\/wp\/v2\/media?parent=8051"}],"wp:term":[{"taxonomy":"category","embeddable":true,"href":"https:\/\/univers.tg\/index.php\/wp-json\/wp\/v2\/categories?post=8051"},{"taxonomy":"post_tag","embeddable":true,"href":"https:\/\/univers.tg\/index.php\/wp-json\/wp\/v2\/tags?post=8051"}],"curies":[{"name":"wp","href":"https:\/\/api.w.org\/{rel}","templated":true}]}}