{"id":9746,"date":"2026-08-31T08:47:56","date_gmt":"2026-08-31T08:47:56","guid":{"rendered":"https:\/\/univers.tg\/?p=9746"},"modified":"2026-08-31T08:47:58","modified_gmt":"2026-08-31T08:47:58","slug":"adzinukuzan-2026-me-paul-dodji-apevon-distingue-comme-modele-de-la-prefecture-de-vo","status":"publish","type":"post","link":"https:\/\/univers.tg\/index.php\/2026\/08\/31\/adzinukuzan-2026-me-paul-dodji-apevon-distingue-comme-modele-de-la-prefecture-de-vo\/","title":{"rendered":"Adzinukuzan 2026 : Me Paul Dodji Ap\u00e9von distingu\u00e9 comme mod\u00e8le de la pr\u00e9fecture de Vo"},"content":{"rendered":"\n<p class=\"wp-block-paragraph\">L\u2019apoth\u00e9ose de la 40\u1d49 \u00e9dition de la f\u00eate traditionnelle Adzinukuzan s\u2019est tenue samedi 29 ao\u00fbt 2026 \u00e0 Vogan, en pr\u00e9sence de nombreuses personnalit\u00e9s, des autorit\u00e9s et des populations de la pr\u00e9fecture de Vo. La c\u00e9r\u00e9monie a \u00e9t\u00e9 marqu\u00e9e par la distinction de Me Paul Dodji Ap\u00e9von, avocat, homme politique et fils de Vo, honor\u00e9 pour son engagement en faveur du d\u00e9veloppement de sa pr\u00e9fecture.<\/p>\n\n\n\n<p class=\"wp-block-paragraph\"><br>Figure de l\u2019opposition togolaise et pr\u00e9sident national du parti FDR, Me Paul Dodji Ap\u00e9von a \u00e9t\u00e9 salu\u00e9 pour son engagement et son d\u00e9vouement envers sa terre natale. Sa distinction a suscit\u00e9 une forte ovation des participants, qui ont ainsi reconnu son parcours et son implication dans la vie de la pr\u00e9fecture.<\/p>\n\n\n\n<p class=\"wp-block-paragraph\"><br>Cette reconnaissance est intervenue dans le cadre des c\u00e9l\u00e9brations de la 40\u1d49 \u00e9dition d\u2019Adzinukuzan, plac\u00e9e sous le signe de l\u2019unit\u00e9 et de la solidarit\u00e9 des filles et fils de Vo. <\/p>\n\n\n\n<p class=\"wp-block-paragraph\">Pour les organisateurs, l\u2019honneur accord\u00e9 \u00e0 Me Paul Dodji Ap\u00e9von constitue une reconnaissance de son attachement \u00e0 sa pr\u00e9fecture et de sa contribution \u00e0 son rayonnement.<\/p>\n\n\n\n<p class=\"wp-block-paragraph\"><\/p>\n","protected":false},"excerpt":{"rendered":"<p>L\u2019apoth\u00e9ose de la 40\u1d49 \u00e9dition de la f\u00eate traditionnelle Adzinukuzan s\u2019est tenue samedi 29 ao\u00fbt 2026 \u00e0 Vogan, en pr\u00e9sence de nombreuses personnalit\u00e9s, des autorit\u00e9s et des populations de la pr\u00e9fecture de Vo. La c\u00e9r\u00e9monie a \u00e9t\u00e9 marqu\u00e9e par la distinction de Me Paul Dodji Ap\u00e9von, avocat, homme politique et fils de Vo, honor\u00e9 pour<\/p>\n","protected":false},"author":5,"featured_media":9747,"comment_status":"open","ping_status":"open","sticky":false,"template":"","format":"standard","meta":{"footnotes":""},"categories":[1],"tags":[],"class_list":["post-9746","post","type-post","status-publish","format-standard","has-post-thumbnail","hentry","category-culture"],"yoast_head":"<!-- This site is optimized with the Yoast SEO plugin v26.4 - https:\/\/yoast.com\/wordpress\/plugins\/seo\/ -->\n<title>Adzinukuzan 2026 : Me Paul Dodji Ap\u00e9von distingu\u00e9 comme mod\u00e8le de la pr\u00e9fecture de Vo - UNIVERS.TG<\/title>\n<meta name=\"robots\" content=\"index, follow, max-snippet:-1, max-image-preview:large, max-video-preview:-1\" \/>\n<link rel=\"canonical\" href=\"https:\/\/univers.tg\/index.php\/2026\/08\/31\/adzinukuzan-2026-me-paul-dodji-apevon-distingue-comme-modele-de-la-prefecture-de-vo\/\" \/>\n<meta property=\"og:locale\" content=\"fr_FR\" \/>\n<meta property=\"og:type\" content=\"article\" \/>\n<meta property=\"og:title\" content=\"Adzinukuzan 2026 : Me Paul Dodji Ap\u00e9von distingu\u00e9 comme mod\u00e8le de la pr\u00e9fecture de Vo - UNIVERS.TG\" \/>\n<meta property=\"og:description\" content=\"L\u2019apoth\u00e9ose de la 40\u1d49 \u00e9dition de la f\u00eate traditionnelle Adzinukuzan s\u2019est tenue samedi 29 ao\u00fbt 2026 \u00e0 Vogan, en pr\u00e9sence de nombreuses personnalit\u00e9s, des autorit\u00e9s et des populations de la pr\u00e9fecture de Vo. La c\u00e9r\u00e9monie a \u00e9t\u00e9 marqu\u00e9e par la distinction de Me Paul Dodji Ap\u00e9von, avocat, homme politique et fils de Vo, honor\u00e9 pour\" \/>\n<meta property=\"og:url\" content=\"https:\/\/univers.tg\/index.php\/2026\/08\/31\/adzinukuzan-2026-me-paul-dodji-apevon-distingue-comme-modele-de-la-prefecture-de-vo\/\" \/>\n<meta property=\"og:site_name\" content=\"UNIVERS.TG\" \/>\n<meta property=\"article:published_time\" content=\"2026-08-31T08:47:56+00:00\" \/>\n<meta property=\"article:modified_time\" content=\"2026-08-31T08:47:58+00:00\" \/>\n<meta property=\"og:image\" content=\"https:\/\/univers.tg\/wp-content\/uploads\/2026\/08\/IMG-20260831-WA0044.jpg?wsr\" \/>\n\t<meta property=\"og:image:width\" content=\"768\" \/>\n\t<meta property=\"og:image:height\" content=\"609\" \/>\n\t<meta property=\"og:image:type\" content=\"image\/jpeg\" \/>\n<meta name=\"author\" content=\"La r\u00e9daction\" \/>\n<meta name=\"twitter:card\" content=\"summary_large_image\" \/>\n<meta name=\"twitter:label1\" content=\"\u00c9crit par\" \/>\n\t<meta name=\"twitter:data1\" content=\"La r\u00e9daction\" \/>\n\t<meta name=\"twitter:label2\" content=\"Dur\u00e9e de lecture estim\u00e9e\" \/>\n\t<meta name=\"twitter:data2\" content=\"2 minutes\" \/>\n<script type=\"application\/ld+json\" class=\"yoast-schema-graph\">{\"@context\":\"https:\/\/schema.org\",\"@graph\":[{\"@type\":\"WebPage\",\"@id\":\"https:\/\/univers.tg\/index.php\/2026\/08\/31\/adzinukuzan-2026-me-paul-dodji-apevon-distingue-comme-modele-de-la-prefecture-de-vo\/\",\"url\":\"https:\/\/univers.tg\/index.php\/2026\/08\/31\/adzinukuzan-2026-me-paul-dodji-apevon-distingue-comme-modele-de-la-prefecture-de-vo\/\",\"name\":\"Adzinukuzan 2026 : Me Paul Dodji Ap\u00e9von distingu\u00e9 comme mod\u00e8le de la pr\u00e9fecture de Vo - UNIVERS.TG\",\"isPartOf\":{\"@id\":\"https:\/\/univers.tg\/#website\"},\"primaryImageOfPage\":{\"@id\":\"https:\/\/univers.tg\/index.php\/2026\/08\/31\/adzinukuzan-2026-me-paul-dodji-apevon-distingue-comme-modele-de-la-prefecture-de-vo\/#primaryimage\"},\"image\":{\"@id\":\"https:\/\/univers.tg\/index.php\/2026\/08\/31\/adzinukuzan-2026-me-paul-dodji-apevon-distingue-comme-modele-de-la-prefecture-de-vo\/#primaryimage\"},\"thumbnailUrl\":\"https:\/\/univers.tg\/wp-content\/uploads\/2026\/08\/IMG-20260831-WA0044.jpg?wsr\",\"datePublished\":\"2026-08-31T08:47:56+00:00\",\"dateModified\":\"2026-08-31T08:47:58+00:00\",\"author\":{\"@id\":\"https:\/\/univers.tg\/#\/schema\/person\/7630d7826904ffdd55c0d13d178b97eb\"},\"breadcrumb\":{\"@id\":\"https:\/\/univers.tg\/index.php\/2026\/08\/31\/adzinukuzan-2026-me-paul-dodji-apevon-distingue-comme-modele-de-la-prefecture-de-vo\/#breadcrumb\"},\"inLanguage\":\"fr-FR\",\"potentialAction\":[{\"@type\":\"ReadAction\",\"target\":[\"https:\/\/univers.tg\/index.php\/2026\/08\/31\/adzinukuzan-2026-me-paul-dodji-apevon-distingue-comme-modele-de-la-prefecture-de-vo\/\"]}]},{\"@type\":\"ImageObject\",\"inLanguage\":\"fr-FR\",\"@id\":\"https:\/\/univers.tg\/index.php\/2026\/08\/31\/adzinukuzan-2026-me-paul-dodji-apevon-distingue-comme-modele-de-la-prefecture-de-vo\/#primaryimage\",\"url\":\"https:\/\/univers.tg\/wp-content\/uploads\/2026\/08\/IMG-20260831-WA0044.jpg?wsr\",\"contentUrl\":\"https:\/\/univers.tg\/wp-content\/uploads\/2026\/08\/IMG-20260831-WA0044.jpg?wsr\",\"width\":768,\"height\":609},{\"@type\":\"BreadcrumbList\",\"@id\":\"https:\/\/univers.tg\/index.php\/2026\/08\/31\/adzinukuzan-2026-me-paul-dodji-apevon-distingue-comme-modele-de-la-prefecture-de-vo\/#breadcrumb\",\"itemListElement\":[{\"@type\":\"ListItem\",\"position\":1,\"name\":\"Accueil\",\"item\":\"https:\/\/univers.tg\/\"},{\"@type\":\"ListItem\",\"position\":2,\"name\":\"Adzinukuzan 2026 : Me Paul Dodji Ap\u00e9von distingu\u00e9 comme mod\u00e8le de la pr\u00e9fecture de Vo\"}]},{\"@type\":\"WebSite\",\"@id\":\"https:\/\/univers.tg\/#website\",\"url\":\"https:\/\/univers.tg\/\",\"name\":\"UNIVERS.TG\",\"description\":\"AUTORISATION HAAC N\u00b0 0123\/02-2024\/PL\/P\",\"potentialAction\":[{\"@type\":\"SearchAction\",\"target\":{\"@type\":\"EntryPoint\",\"urlTemplate\":\"https:\/\/univers.tg\/?s={search_term_string}\"},\"query-input\":{\"@type\":\"PropertyValueSpecification\",\"valueRequired\":true,\"valueName\":\"search_term_string\"}}],\"inLanguage\":\"fr-FR\"},{\"@type\":\"Person\",\"@id\":\"https:\/\/univers.tg\/#\/schema\/person\/7630d7826904ffdd55c0d13d178b97eb\",\"name\":\"La r\u00e9daction\",\"image\":{\"@type\":\"ImageObject\",\"inLanguage\":\"fr-FR\",\"@id\":\"https:\/\/univers.tg\/#\/schema\/person\/image\/\",\"url\":\"https:\/\/secure.gravatar.com\/avatar\/b9367486cc4651720458a662d192721c9d7cc1f4afe379e49612ab1a610e08ca?s=96&d=mm&r=g\",\"contentUrl\":\"https:\/\/secure.gravatar.com\/avatar\/b9367486cc4651720458a662d192721c9d7cc1f4afe379e49612ab1a610e08ca?s=96&d=mm&r=g\",\"caption\":\"La r\u00e9daction\"},\"url\":\"https:\/\/univers.tg\/index.php\/author\/jeremy-ahossou\/\"}]}<\/script>\n<!-- \/ Yoast SEO plugin. -->","yoast_head_json":{"title":"Adzinukuzan 2026 : Me Paul Dodji Ap\u00e9von distingu\u00e9 comme mod\u00e8le de la pr\u00e9fecture de Vo - UNIVERS.TG","robots":{"index":"index","follow":"follow","max-snippet":"max-snippet:-1","max-image-preview":"max-image-preview:large","max-video-preview":"max-video-preview:-1"},"canonical":"https:\/\/univers.tg\/index.php\/2026\/08\/31\/adzinukuzan-2026-me-paul-dodji-apevon-distingue-comme-modele-de-la-prefecture-de-vo\/","og_locale":"fr_FR","og_type":"article","og_title":"Adzinukuzan 2026 : Me Paul Dodji Ap\u00e9von distingu\u00e9 comme mod\u00e8le de la pr\u00e9fecture de Vo - UNIVERS.TG","og_description":"L\u2019apoth\u00e9ose de la 40\u1d49 \u00e9dition de la f\u00eate traditionnelle Adzinukuzan s\u2019est tenue samedi 29 ao\u00fbt 2026 \u00e0 Vogan, en pr\u00e9sence de nombreuses personnalit\u00e9s, des autorit\u00e9s et des populations de la pr\u00e9fecture de Vo. La c\u00e9r\u00e9monie a \u00e9t\u00e9 marqu\u00e9e par la distinction de Me Paul Dodji Ap\u00e9von, avocat, homme politique et fils de Vo, honor\u00e9 pour","og_url":"https:\/\/univers.tg\/index.php\/2026\/08\/31\/adzinukuzan-2026-me-paul-dodji-apevon-distingue-comme-modele-de-la-prefecture-de-vo\/","og_site_name":"UNIVERS.TG","article_published_time":"2026-08-31T08:47:56+00:00","article_modified_time":"2026-08-31T08:47:58+00:00","og_image":[{"width":768,"height":609,"url":"https:\/\/univers.tg\/wp-content\/uploads\/2026\/08\/IMG-20260831-WA0044.jpg?wsr","type":"image\/jpeg"}],"author":"La r\u00e9daction","twitter_card":"summary_large_image","twitter_misc":{"\u00c9crit par":"La r\u00e9daction","Dur\u00e9e de lecture estim\u00e9e":"2 minutes"},"schema":{"@context":"https:\/\/schema.org","@graph":[{"@type":"WebPage","@id":"https:\/\/univers.tg\/index.php\/2026\/08\/31\/adzinukuzan-2026-me-paul-dodji-apevon-distingue-comme-modele-de-la-prefecture-de-vo\/","url":"https:\/\/univers.tg\/index.php\/2026\/08\/31\/adzinukuzan-2026-me-paul-dodji-apevon-distingue-comme-modele-de-la-prefecture-de-vo\/","name":"Adzinukuzan 2026 : Me Paul Dodji Ap\u00e9von distingu\u00e9 comme mod\u00e8le de la pr\u00e9fecture de Vo - UNIVERS.TG","isPartOf":{"@id":"https:\/\/univers.tg\/#website"},"primaryImageOfPage":{"@id":"https:\/\/univers.tg\/index.php\/2026\/08\/31\/adzinukuzan-2026-me-paul-dodji-apevon-distingue-comme-modele-de-la-prefecture-de-vo\/#primaryimage"},"image":{"@id":"https:\/\/univers.tg\/index.php\/2026\/08\/31\/adzinukuzan-2026-me-paul-dodji-apevon-distingue-comme-modele-de-la-prefecture-de-vo\/#primaryimage"},"thumbnailUrl":"https:\/\/univers.tg\/wp-content\/uploads\/2026\/08\/IMG-20260831-WA0044.jpg?wsr","datePublished":"2026-08-31T08:47:56+00:00","dateModified":"2026-08-31T08:47:58+00:00","author":{"@id":"https:\/\/univers.tg\/#\/schema\/person\/7630d7826904ffdd55c0d13d178b97eb"},"breadcrumb":{"@id":"https:\/\/univers.tg\/index.php\/2026\/08\/31\/adzinukuzan-2026-me-paul-dodji-apevon-distingue-comme-modele-de-la-prefecture-de-vo\/#breadcrumb"},"inLanguage":"fr-FR","potentialAction":[{"@type":"ReadAction","target":["https:\/\/univers.tg\/index.php\/2026\/08\/31\/adzinukuzan-2026-me-paul-dodji-apevon-distingue-comme-modele-de-la-prefecture-de-vo\/"]}]},{"@type":"ImageObject","inLanguage":"fr-FR","@id":"https:\/\/univers.tg\/index.php\/2026\/08\/31\/adzinukuzan-2026-me-paul-dodji-apevon-distingue-comme-modele-de-la-prefecture-de-vo\/#primaryimage","url":"https:\/\/univers.tg\/wp-content\/uploads\/2026\/08\/IMG-20260831-WA0044.jpg?wsr","contentUrl":"https:\/\/univers.tg\/wp-content\/uploads\/2026\/08\/IMG-20260831-WA0044.jpg?wsr","width":768,"height":609},{"@type":"BreadcrumbList","@id":"https:\/\/univers.tg\/index.php\/2026\/08\/31\/adzinukuzan-2026-me-paul-dodji-apevon-distingue-comme-modele-de-la-prefecture-de-vo\/#breadcrumb","itemListElement":[{"@type":"ListItem","position":1,"name":"Accueil","item":"https:\/\/univers.tg\/"},{"@type":"ListItem","position":2,"name":"Adzinukuzan 2026 : Me Paul Dodji Ap\u00e9von distingu\u00e9 comme mod\u00e8le de la pr\u00e9fecture de Vo"}]},{"@type":"WebSite","@id":"https:\/\/univers.tg\/#website","url":"https:\/\/univers.tg\/","name":"UNIVERS.TG","description":"AUTORISATION HAAC N\u00b0 0123\/02-2024\/PL\/P","potentialAction":[{"@type":"SearchAction","target":{"@type":"EntryPoint","urlTemplate":"https:\/\/univers.tg\/?s={search_term_string}"},"query-input":{"@type":"PropertyValueSpecification","valueRequired":true,"valueName":"search_term_string"}}],"inLanguage":"fr-FR"},{"@type":"Person","@id":"https:\/\/univers.tg\/#\/schema\/person\/7630d7826904ffdd55c0d13d178b97eb","name":"La r\u00e9daction","image":{"@type":"ImageObject","inLanguage":"fr-FR","@id":"https:\/\/univers.tg\/#\/schema\/person\/image\/","url":"https:\/\/secure.gravatar.com\/avatar\/b9367486cc4651720458a662d192721c9d7cc1f4afe379e49612ab1a610e08ca?s=96&d=mm&r=g","contentUrl":"https:\/\/secure.gravatar.com\/avatar\/b9367486cc4651720458a662d192721c9d7cc1f4afe379e49612ab1a610e08ca?s=96&d=mm&r=g","caption":"La r\u00e9daction"},"url":"https:\/\/univers.tg\/index.php\/author\/jeremy-ahossou\/"}]}},"_links":{"self":[{"href":"https:\/\/univers.tg\/index.php\/wp-json\/wp\/v2\/posts\/9746","targetHints":{"allow":["GET"]}}],"collection":[{"href":"https:\/\/univers.tg\/index.php\/wp-json\/wp\/v2\/posts"}],"about":[{"href":"https:\/\/univers.tg\/index.php\/wp-json\/wp\/v2\/types\/post"}],"author":[{"embeddable":true,"href":"https:\/\/univers.tg\/index.php\/wp-json\/wp\/v2\/users\/5"}],"replies":[{"embeddable":true,"href":"https:\/\/univers.tg\/index.php\/wp-json\/wp\/v2\/comments?post=9746"}],"version-history":[{"count":1,"href":"https:\/\/univers.tg\/index.php\/wp-json\/wp\/v2\/posts\/9746\/revisions"}],"predecessor-version":[{"id":9748,"href":"https:\/\/univers.tg\/index.php\/wp-json\/wp\/v2\/posts\/9746\/revisions\/9748"}],"wp:featuredmedia":[{"embeddable":true,"href":"https:\/\/univers.tg\/index.php\/wp-json\/wp\/v2\/media\/9747"}],"wp:attachment":[{"href":"https:\/\/univers.tg\/index.php\/wp-json\/wp\/v2\/media?parent=9746"}],"wp:term":[{"taxonomy":"category","embeddable":true,"href":"https:\/\/univers.tg\/index.php\/wp-json\/wp\/v2\/categories?post=9746"},{"taxonomy":"post_tag","embeddable":true,"href":"https:\/\/univers.tg\/index.php\/wp-json\/wp\/v2\/tags?post=9746"}],"curies":[{"name":"wp","href":"https:\/\/api.w.org\/{rel}","templated":true}]}}