{"id":9749,"date":"2026-08-31T13:53:41","date_gmt":"2026-08-31T13:53:41","guid":{"rendered":"https:\/\/univers.tg\/?p=9749"},"modified":"2026-08-31T13:53:43","modified_gmt":"2026-08-31T13:53:43","slug":"les-demolitions-des-installations-sur-les-plages-du-grand-lome-debutent-le-1er-septembre","status":"publish","type":"post","link":"https:\/\/univers.tg\/index.php\/2026\/08\/31\/les-demolitions-des-installations-sur-les-plages-du-grand-lome-debutent-le-1er-septembre\/","title":{"rendered":"Les d\u00e9molitions des installations sur les plages du Grand Lom\u00e9 d\u00e9butent le 1er septembre"},"content":{"rendered":"\n<p class=\"wp-block-paragraph\">Le comit\u00e9 ad hoc charg\u00e9 de lutter contre l\u2019occupation anarchique du domaine public maritime annonce le d\u00e9marrage, \u00e0 partir du 1er septembre 2026, des op\u00e9rations de d\u00e9molition et d\u2019enl\u00e8vement des installations pr\u00e9sentes sur les plages du Grand Lom\u00e9 et dans les communes du littoral de la pr\u00e9fecture des Lacs.<\/p>\n\n\n\n<p class=\"wp-block-paragraph\"><br>Cette op\u00e9ration fait suite au marquage effectu\u00e9 le 27 juillet dernier et \u00e0 l\u2019appel lanc\u00e9 aux occupants pour lib\u00e9rer volontairement les sites durant le mois d\u2019ao\u00fbt. Les installations qui seront toujours pr\u00e9sentes sur le domaine public feront d\u00e9sormais l\u2019objet de d\u00e9molitions, suivies de l\u2019\u00e9vacuation des mat\u00e9riaux et d\u00e9chets.<\/p>\n\n\n\n<p class=\"wp-block-paragraph\"><br>Selon le comit\u00e9 ad hoc, l\u2019objectif est de lib\u00e9rer, s\u00e9curiser et pr\u00e9server les plages, garantir leur acc\u00e8s au public et mettre fin aux occupations irr\u00e9guli\u00e8res. Il appelle les populations, collectivit\u00e9s, professionnels et m\u00e9dias \u00e0 accompagner l\u2019op\u00e9ration dans un esprit de civisme et de responsabilit\u00e9.<\/p>\n\n\n\n<p class=\"wp-block-paragraph\"><\/p>\n","protected":false},"excerpt":{"rendered":"<p>Le comit\u00e9 ad hoc charg\u00e9 de lutter contre l\u2019occupation anarchique du domaine public maritime annonce le d\u00e9marrage, \u00e0 partir du 1er septembre 2026, des op\u00e9rations de d\u00e9molition et d\u2019enl\u00e8vement des installations pr\u00e9sentes sur les plages du Grand Lom\u00e9 et dans les communes du littoral de la pr\u00e9fecture des Lacs. Cette op\u00e9ration fait suite au marquage<\/p>\n","protected":false},"author":5,"featured_media":9750,"comment_status":"open","ping_status":"open","sticky":false,"template":"","format":"standard","meta":{"footnotes":""},"categories":[3],"tags":[],"class_list":["post-9749","post","type-post","status-publish","format-standard","has-post-thumbnail","hentry","category-societe"],"yoast_head":"<!-- This site is optimized with the Yoast SEO plugin v26.4 - https:\/\/yoast.com\/wordpress\/plugins\/seo\/ -->\n<title>Les d\u00e9molitions des installations sur les plages du Grand Lom\u00e9 d\u00e9butent le 1er septembre - UNIVERS.TG<\/title>\n<meta name=\"description\" content=\"Le comit\u00e9 ad hoc charg\u00e9 de lutter contre l\u2019occupation anarchique du domaine public maritime annonce le d\u00e9marrage\" \/>\n<meta name=\"robots\" content=\"index, follow, max-snippet:-1, max-image-preview:large, max-video-preview:-1\" \/>\n<link rel=\"canonical\" href=\"https:\/\/univers.tg\/index.php\/2026\/08\/31\/les-demolitions-des-installations-sur-les-plages-du-grand-lome-debutent-le-1er-septembre\/\" \/>\n<meta property=\"og:locale\" content=\"fr_FR\" \/>\n<meta property=\"og:type\" content=\"article\" \/>\n<meta property=\"og:title\" content=\"Les d\u00e9molitions des installations sur les plages du Grand Lom\u00e9 d\u00e9butent le 1er septembre - UNIVERS.TG\" \/>\n<meta property=\"og:description\" content=\"Le comit\u00e9 ad hoc charg\u00e9 de lutter contre l\u2019occupation anarchique du domaine public maritime annonce le d\u00e9marrage\" \/>\n<meta property=\"og:url\" content=\"https:\/\/univers.tg\/index.php\/2026\/08\/31\/les-demolitions-des-installations-sur-les-plages-du-grand-lome-debutent-le-1er-septembre\/\" \/>\n<meta property=\"og:site_name\" content=\"UNIVERS.TG\" \/>\n<meta property=\"article:published_time\" content=\"2026-08-31T13:53:41+00:00\" \/>\n<meta property=\"article:modified_time\" content=\"2026-08-31T13:53:43+00:00\" \/>\n<meta property=\"og:image\" content=\"https:\/\/univers.tg\/wp-content\/uploads\/2026\/08\/Image173075-2.jpg?wsr\" \/>\n\t<meta property=\"og:image:width\" content=\"1215\" \/>\n\t<meta property=\"og:image:height\" content=\"810\" \/>\n\t<meta property=\"og:image:type\" content=\"image\/jpeg\" \/>\n<meta name=\"author\" content=\"La r\u00e9daction\" \/>\n<meta name=\"twitter:card\" content=\"summary_large_image\" \/>\n<meta name=\"twitter:label1\" content=\"\u00c9crit par\" \/>\n\t<meta name=\"twitter:data1\" content=\"La r\u00e9daction\" \/>\n\t<meta name=\"twitter:label2\" content=\"Dur\u00e9e de lecture estim\u00e9e\" \/>\n\t<meta name=\"twitter:data2\" content=\"1 minute\" \/>\n<script type=\"application\/ld+json\" class=\"yoast-schema-graph\">{\"@context\":\"https:\/\/schema.org\",\"@graph\":[{\"@type\":\"WebPage\",\"@id\":\"https:\/\/univers.tg\/index.php\/2026\/08\/31\/les-demolitions-des-installations-sur-les-plages-du-grand-lome-debutent-le-1er-septembre\/\",\"url\":\"https:\/\/univers.tg\/index.php\/2026\/08\/31\/les-demolitions-des-installations-sur-les-plages-du-grand-lome-debutent-le-1er-septembre\/\",\"name\":\"Les d\u00e9molitions des installations sur les plages du Grand Lom\u00e9 d\u00e9butent le 1er septembre - UNIVERS.TG\",\"isPartOf\":{\"@id\":\"https:\/\/univers.tg\/#website\"},\"primaryImageOfPage\":{\"@id\":\"https:\/\/univers.tg\/index.php\/2026\/08\/31\/les-demolitions-des-installations-sur-les-plages-du-grand-lome-debutent-le-1er-septembre\/#primaryimage\"},\"image\":{\"@id\":\"https:\/\/univers.tg\/index.php\/2026\/08\/31\/les-demolitions-des-installations-sur-les-plages-du-grand-lome-debutent-le-1er-septembre\/#primaryimage\"},\"thumbnailUrl\":\"https:\/\/univers.tg\/wp-content\/uploads\/2026\/08\/Image173075-2.jpg?wsr\",\"datePublished\":\"2026-08-31T13:53:41+00:00\",\"dateModified\":\"2026-08-31T13:53:43+00:00\",\"author\":{\"@id\":\"https:\/\/univers.tg\/#\/schema\/person\/7630d7826904ffdd55c0d13d178b97eb\"},\"description\":\"Le comit\u00e9 ad hoc charg\u00e9 de lutter contre l\u2019occupation anarchique du domaine public maritime annonce le d\u00e9marrage\",\"breadcrumb\":{\"@id\":\"https:\/\/univers.tg\/index.php\/2026\/08\/31\/les-demolitions-des-installations-sur-les-plages-du-grand-lome-debutent-le-1er-septembre\/#breadcrumb\"},\"inLanguage\":\"fr-FR\",\"potentialAction\":[{\"@type\":\"ReadAction\",\"target\":[\"https:\/\/univers.tg\/index.php\/2026\/08\/31\/les-demolitions-des-installations-sur-les-plages-du-grand-lome-debutent-le-1er-septembre\/\"]}]},{\"@type\":\"ImageObject\",\"inLanguage\":\"fr-FR\",\"@id\":\"https:\/\/univers.tg\/index.php\/2026\/08\/31\/les-demolitions-des-installations-sur-les-plages-du-grand-lome-debutent-le-1er-septembre\/#primaryimage\",\"url\":\"https:\/\/univers.tg\/wp-content\/uploads\/2026\/08\/Image173075-2.jpg?wsr\",\"contentUrl\":\"https:\/\/univers.tg\/wp-content\/uploads\/2026\/08\/Image173075-2.jpg?wsr\",\"width\":1215,\"height\":810},{\"@type\":\"BreadcrumbList\",\"@id\":\"https:\/\/univers.tg\/index.php\/2026\/08\/31\/les-demolitions-des-installations-sur-les-plages-du-grand-lome-debutent-le-1er-septembre\/#breadcrumb\",\"itemListElement\":[{\"@type\":\"ListItem\",\"position\":1,\"name\":\"Accueil\",\"item\":\"https:\/\/univers.tg\/\"},{\"@type\":\"ListItem\",\"position\":2,\"name\":\"Les d\u00e9molitions des installations sur les plages du Grand Lom\u00e9 d\u00e9butent le 1er septembre\"}]},{\"@type\":\"WebSite\",\"@id\":\"https:\/\/univers.tg\/#website\",\"url\":\"https:\/\/univers.tg\/\",\"name\":\"UNIVERS.TG\",\"description\":\"AUTORISATION HAAC N\u00b0 0123\/02-2024\/PL\/P\",\"potentialAction\":[{\"@type\":\"SearchAction\",\"target\":{\"@type\":\"EntryPoint\",\"urlTemplate\":\"https:\/\/univers.tg\/?s={search_term_string}\"},\"query-input\":{\"@type\":\"PropertyValueSpecification\",\"valueRequired\":true,\"valueName\":\"search_term_string\"}}],\"inLanguage\":\"fr-FR\"},{\"@type\":\"Person\",\"@id\":\"https:\/\/univers.tg\/#\/schema\/person\/7630d7826904ffdd55c0d13d178b97eb\",\"name\":\"La r\u00e9daction\",\"image\":{\"@type\":\"ImageObject\",\"inLanguage\":\"fr-FR\",\"@id\":\"https:\/\/univers.tg\/#\/schema\/person\/image\/\",\"url\":\"https:\/\/secure.gravatar.com\/avatar\/b9367486cc4651720458a662d192721c9d7cc1f4afe379e49612ab1a610e08ca?s=96&d=mm&r=g\",\"contentUrl\":\"https:\/\/secure.gravatar.com\/avatar\/b9367486cc4651720458a662d192721c9d7cc1f4afe379e49612ab1a610e08ca?s=96&d=mm&r=g\",\"caption\":\"La r\u00e9daction\"},\"url\":\"https:\/\/univers.tg\/index.php\/author\/jeremy-ahossou\/\"}]}<\/script>\n<!-- \/ Yoast SEO plugin. -->","yoast_head_json":{"title":"Les d\u00e9molitions des installations sur les plages du Grand Lom\u00e9 d\u00e9butent le 1er septembre - UNIVERS.TG","description":"Le comit\u00e9 ad hoc charg\u00e9 de lutter contre l\u2019occupation anarchique du domaine public maritime annonce le d\u00e9marrage","robots":{"index":"index","follow":"follow","max-snippet":"max-snippet:-1","max-image-preview":"max-image-preview:large","max-video-preview":"max-video-preview:-1"},"canonical":"https:\/\/univers.tg\/index.php\/2026\/08\/31\/les-demolitions-des-installations-sur-les-plages-du-grand-lome-debutent-le-1er-septembre\/","og_locale":"fr_FR","og_type":"article","og_title":"Les d\u00e9molitions des installations sur les plages du Grand Lom\u00e9 d\u00e9butent le 1er septembre - UNIVERS.TG","og_description":"Le comit\u00e9 ad hoc charg\u00e9 de lutter contre l\u2019occupation anarchique du domaine public maritime annonce le d\u00e9marrage","og_url":"https:\/\/univers.tg\/index.php\/2026\/08\/31\/les-demolitions-des-installations-sur-les-plages-du-grand-lome-debutent-le-1er-septembre\/","og_site_name":"UNIVERS.TG","article_published_time":"2026-08-31T13:53:41+00:00","article_modified_time":"2026-08-31T13:53:43+00:00","og_image":[{"width":1215,"height":810,"url":"https:\/\/univers.tg\/wp-content\/uploads\/2026\/08\/Image173075-2.jpg?wsr","type":"image\/jpeg"}],"author":"La r\u00e9daction","twitter_card":"summary_large_image","twitter_misc":{"\u00c9crit par":"La r\u00e9daction","Dur\u00e9e de lecture estim\u00e9e":"1 minute"},"schema":{"@context":"https:\/\/schema.org","@graph":[{"@type":"WebPage","@id":"https:\/\/univers.tg\/index.php\/2026\/08\/31\/les-demolitions-des-installations-sur-les-plages-du-grand-lome-debutent-le-1er-septembre\/","url":"https:\/\/univers.tg\/index.php\/2026\/08\/31\/les-demolitions-des-installations-sur-les-plages-du-grand-lome-debutent-le-1er-septembre\/","name":"Les d\u00e9molitions des installations sur les plages du Grand Lom\u00e9 d\u00e9butent le 1er septembre - UNIVERS.TG","isPartOf":{"@id":"https:\/\/univers.tg\/#website"},"primaryImageOfPage":{"@id":"https:\/\/univers.tg\/index.php\/2026\/08\/31\/les-demolitions-des-installations-sur-les-plages-du-grand-lome-debutent-le-1er-septembre\/#primaryimage"},"image":{"@id":"https:\/\/univers.tg\/index.php\/2026\/08\/31\/les-demolitions-des-installations-sur-les-plages-du-grand-lome-debutent-le-1er-septembre\/#primaryimage"},"thumbnailUrl":"https:\/\/univers.tg\/wp-content\/uploads\/2026\/08\/Image173075-2.jpg?wsr","datePublished":"2026-08-31T13:53:41+00:00","dateModified":"2026-08-31T13:53:43+00:00","author":{"@id":"https:\/\/univers.tg\/#\/schema\/person\/7630d7826904ffdd55c0d13d178b97eb"},"description":"Le comit\u00e9 ad hoc charg\u00e9 de lutter contre l\u2019occupation anarchique du domaine public maritime annonce le d\u00e9marrage","breadcrumb":{"@id":"https:\/\/univers.tg\/index.php\/2026\/08\/31\/les-demolitions-des-installations-sur-les-plages-du-grand-lome-debutent-le-1er-septembre\/#breadcrumb"},"inLanguage":"fr-FR","potentialAction":[{"@type":"ReadAction","target":["https:\/\/univers.tg\/index.php\/2026\/08\/31\/les-demolitions-des-installations-sur-les-plages-du-grand-lome-debutent-le-1er-septembre\/"]}]},{"@type":"ImageObject","inLanguage":"fr-FR","@id":"https:\/\/univers.tg\/index.php\/2026\/08\/31\/les-demolitions-des-installations-sur-les-plages-du-grand-lome-debutent-le-1er-septembre\/#primaryimage","url":"https:\/\/univers.tg\/wp-content\/uploads\/2026\/08\/Image173075-2.jpg?wsr","contentUrl":"https:\/\/univers.tg\/wp-content\/uploads\/2026\/08\/Image173075-2.jpg?wsr","width":1215,"height":810},{"@type":"BreadcrumbList","@id":"https:\/\/univers.tg\/index.php\/2026\/08\/31\/les-demolitions-des-installations-sur-les-plages-du-grand-lome-debutent-le-1er-septembre\/#breadcrumb","itemListElement":[{"@type":"ListItem","position":1,"name":"Accueil","item":"https:\/\/univers.tg\/"},{"@type":"ListItem","position":2,"name":"Les d\u00e9molitions des installations sur les plages du Grand Lom\u00e9 d\u00e9butent le 1er septembre"}]},{"@type":"WebSite","@id":"https:\/\/univers.tg\/#website","url":"https:\/\/univers.tg\/","name":"UNIVERS.TG","description":"AUTORISATION HAAC N\u00b0 0123\/02-2024\/PL\/P","potentialAction":[{"@type":"SearchAction","target":{"@type":"EntryPoint","urlTemplate":"https:\/\/univers.tg\/?s={search_term_string}"},"query-input":{"@type":"PropertyValueSpecification","valueRequired":true,"valueName":"search_term_string"}}],"inLanguage":"fr-FR"},{"@type":"Person","@id":"https:\/\/univers.tg\/#\/schema\/person\/7630d7826904ffdd55c0d13d178b97eb","name":"La r\u00e9daction","image":{"@type":"ImageObject","inLanguage":"fr-FR","@id":"https:\/\/univers.tg\/#\/schema\/person\/image\/","url":"https:\/\/secure.gravatar.com\/avatar\/b9367486cc4651720458a662d192721c9d7cc1f4afe379e49612ab1a610e08ca?s=96&d=mm&r=g","contentUrl":"https:\/\/secure.gravatar.com\/avatar\/b9367486cc4651720458a662d192721c9d7cc1f4afe379e49612ab1a610e08ca?s=96&d=mm&r=g","caption":"La r\u00e9daction"},"url":"https:\/\/univers.tg\/index.php\/author\/jeremy-ahossou\/"}]}},"_links":{"self":[{"href":"https:\/\/univers.tg\/index.php\/wp-json\/wp\/v2\/posts\/9749","targetHints":{"allow":["GET"]}}],"collection":[{"href":"https:\/\/univers.tg\/index.php\/wp-json\/wp\/v2\/posts"}],"about":[{"href":"https:\/\/univers.tg\/index.php\/wp-json\/wp\/v2\/types\/post"}],"author":[{"embeddable":true,"href":"https:\/\/univers.tg\/index.php\/wp-json\/wp\/v2\/users\/5"}],"replies":[{"embeddable":true,"href":"https:\/\/univers.tg\/index.php\/wp-json\/wp\/v2\/comments?post=9749"}],"version-history":[{"count":1,"href":"https:\/\/univers.tg\/index.php\/wp-json\/wp\/v2\/posts\/9749\/revisions"}],"predecessor-version":[{"id":9751,"href":"https:\/\/univers.tg\/index.php\/wp-json\/wp\/v2\/posts\/9749\/revisions\/9751"}],"wp:featuredmedia":[{"embeddable":true,"href":"https:\/\/univers.tg\/index.php\/wp-json\/wp\/v2\/media\/9750"}],"wp:attachment":[{"href":"https:\/\/univers.tg\/index.php\/wp-json\/wp\/v2\/media?parent=9749"}],"wp:term":[{"taxonomy":"category","embeddable":true,"href":"https:\/\/univers.tg\/index.php\/wp-json\/wp\/v2\/categories?post=9749"},{"taxonomy":"post_tag","embeddable":true,"href":"https:\/\/univers.tg\/index.php\/wp-json\/wp\/v2\/tags?post=9749"}],"curies":[{"name":"wp","href":"https:\/\/api.w.org\/{rel}","templated":true}]}}