{"id":9757,"date":"2026-09-01T16:39:54","date_gmt":"2026-09-01T16:39:54","guid":{"rendered":"https:\/\/univers.tg\/?p=9757"},"modified":"2026-09-01T16:39:55","modified_gmt":"2026-09-01T16:39:55","slug":"ooas-le-professeur-palokinam-t-pitche-prend-les-commandes-de-la-sante-ouest-africaine","status":"publish","type":"post","link":"https:\/\/univers.tg\/index.php\/2026\/09\/01\/ooas-le-professeur-palokinam-t-pitche-prend-les-commandes-de-la-sante-ouest-africaine\/","title":{"rendered":"OOAS : le Professeur Palokinam T. Pitche prend les commandes de la sant\u00e9 ouest-africaine"},"content":{"rendered":"\n<p class=\"wp-block-paragraph\">Le Professeur Palokinam T. Pitche est officiellement devenu, ce 1er septembre 2026, le nouveau Directeur G\u00e9n\u00e9ral de l\u2019Organisation Ouest-Africaine de la Sant\u00e9 (OOAS). M\u00e9decin togolais reconnu, il succ\u00e8de au Dr Melchior Athanase Jo\u00ebl A\u00efssi pour un mandat de quatre ans. Sa nomination intervient dans un contexte marqu\u00e9 par la n\u00e9cessit\u00e9 de renforcer la coop\u00e9ration sanitaire entre les \u00c9tats membres de la CEDEAO et de consolider les syst\u00e8mes de sant\u00e9 face aux diff\u00e9rentes crises.<\/p>\n\n\n\n<p class=\"wp-block-paragraph\"><br>Sp\u00e9cialiste en sant\u00e9 publique et en dermato-v\u00e9n\u00e9r\u00e9ologie, le Professeur Pitche poss\u00e8de plus de vingt-cinq ans d\u2019exp\u00e9rience dans le secteur sanitaire. Il a notamment dirig\u00e9 le Programme national de lutte contre le Sida au Togo entre 2007 et 2012, avant de prendre la t\u00eate du Secr\u00e9tariat permanent du Conseil national de lutte contre le Sida et les IST (CNLS-IST). Ces fonctions lui ont permis de d\u00e9velopper une solide exp\u00e9rience dans la coordination des politiques publiques, la mobilisation des financements et la collaboration avec les partenaires sanitaires.<\/p>\n\n\n\n<p class=\"wp-block-paragraph\"><br>Son parcours comprend \u00e9galement de nombreuses missions internationales aupr\u00e8s de l\u2019OMS, de l\u2019ONUSIDA, de l\u2019USAID, du PNUD, de l\u2019UNFPA et de l\u2019OOAS. Enseignant \u00e0 la Facult\u00e9 des Sciences de la Sant\u00e9 de l\u2019Universit\u00e9 de Lom\u00e9 depuis 1997, il dirige \u00e9galement le service de dermato-v\u00e9n\u00e9r\u00e9ologie du CHU Sylvanus Olympio depuis 2015. Professeur titulaire du CAMES depuis 2007, il est l\u2019auteur de plus de 250 publications scientifiques et de plusieurs ouvrages consacr\u00e9s notamment aux maladies infectieuses, aux IST et \u00e0 la sant\u00e9 sexuelle.<\/p>\n\n\n\n<p class=\"wp-block-paragraph\"><br>\u00c0 la t\u00eate de l\u2019OOAS, le Professeur Pitche devra poursuivre les r\u00e9formes engag\u00e9es et renforcer la capacit\u00e9 de l\u2019organisation \u00e0 r\u00e9pondre aux d\u00e9fis sanitaires r\u00e9gionaux. Sa mission portera notamment sur la s\u00e9curit\u00e9 sanitaire, la mobilisation des ressources, l\u2019innovation et le renforcement des syst\u00e8mes de sant\u00e9. Son exp\u00e9rience acad\u00e9mique, scientifique, nationale et internationale constitue ainsi un atout pour conduire l\u2019institution vers une coop\u00e9ration sanitaire ouest-africaine davantage int\u00e9gr\u00e9e et efficace.<\/p>\n","protected":false},"excerpt":{"rendered":"<p>Le Professeur Palokinam T. Pitche est officiellement devenu, ce 1er septembre 2026, le nouveau Directeur G\u00e9n\u00e9ral de l\u2019Organisation Ouest-Africaine de la Sant\u00e9 (OOAS). M\u00e9decin togolais reconnu, il succ\u00e8de au Dr Melchior Athanase Jo\u00ebl A\u00efssi pour un mandat de quatre ans. Sa nomination intervient dans un contexte marqu\u00e9 par la n\u00e9cessit\u00e9 de renforcer la coop\u00e9ration sanitaire<\/p>\n","protected":false},"author":5,"featured_media":9758,"comment_status":"open","ping_status":"open","sticky":false,"template":"","format":"standard","meta":{"footnotes":""},"categories":[10],"tags":[],"class_list":["post-9757","post","type-post","status-publish","format-standard","has-post-thumbnail","hentry","category-sante"],"yoast_head":"<!-- This site is optimized with the Yoast SEO plugin v26.4 - https:\/\/yoast.com\/wordpress\/plugins\/seo\/ -->\n<title>OOAS : le Professeur Palokinam T. Pitche prend les commandes de la sant\u00e9 ouest-africaine - UNIVERS.TG<\/title>\n<meta name=\"description\" content=\"Le Professeur Palokinam T. Pitche est officiellement devenu, ce 1er septembre 2026, le nouveau Directeur G\u00e9n\u00e9ral\" \/>\n<meta name=\"robots\" content=\"index, follow, max-snippet:-1, max-image-preview:large, max-video-preview:-1\" \/>\n<link rel=\"canonical\" href=\"https:\/\/univers.tg\/index.php\/2026\/09\/01\/ooas-le-professeur-palokinam-t-pitche-prend-les-commandes-de-la-sante-ouest-africaine\/\" \/>\n<meta property=\"og:locale\" content=\"fr_FR\" \/>\n<meta property=\"og:type\" content=\"article\" \/>\n<meta property=\"og:title\" content=\"OOAS : le Professeur Palokinam T. Pitche prend les commandes de la sant\u00e9 ouest-africaine - UNIVERS.TG\" \/>\n<meta property=\"og:description\" content=\"Le Professeur Palokinam T. Pitche est officiellement devenu, ce 1er septembre 2026, le nouveau Directeur G\u00e9n\u00e9ral\" \/>\n<meta property=\"og:url\" content=\"https:\/\/univers.tg\/index.php\/2026\/09\/01\/ooas-le-professeur-palokinam-t-pitche-prend-les-commandes-de-la-sante-ouest-africaine\/\" \/>\n<meta property=\"og:site_name\" content=\"UNIVERS.TG\" \/>\n<meta property=\"article:published_time\" content=\"2026-09-01T16:39:54+00:00\" \/>\n<meta property=\"article:modified_time\" content=\"2026-09-01T16:39:55+00:00\" \/>\n<meta property=\"og:image\" content=\"https:\/\/univers.tg\/wp-content\/uploads\/2026\/09\/Professeur-Vincent-Palokinam-Pitche.jpg?wsr\" \/>\n\t<meta property=\"og:image:width\" content=\"800\" \/>\n\t<meta property=\"og:image:height\" content=\"513\" \/>\n\t<meta property=\"og:image:type\" content=\"image\/jpeg\" \/>\n<meta name=\"author\" content=\"La r\u00e9daction\" \/>\n<meta name=\"twitter:card\" content=\"summary_large_image\" \/>\n<meta name=\"twitter:label1\" content=\"\u00c9crit par\" \/>\n\t<meta name=\"twitter:data1\" content=\"La r\u00e9daction\" \/>\n\t<meta name=\"twitter:label2\" content=\"Dur\u00e9e de lecture estim\u00e9e\" \/>\n\t<meta name=\"twitter:data2\" content=\"2 minutes\" \/>\n<script type=\"application\/ld+json\" class=\"yoast-schema-graph\">{\"@context\":\"https:\/\/schema.org\",\"@graph\":[{\"@type\":\"WebPage\",\"@id\":\"https:\/\/univers.tg\/index.php\/2026\/09\/01\/ooas-le-professeur-palokinam-t-pitche-prend-les-commandes-de-la-sante-ouest-africaine\/\",\"url\":\"https:\/\/univers.tg\/index.php\/2026\/09\/01\/ooas-le-professeur-palokinam-t-pitche-prend-les-commandes-de-la-sante-ouest-africaine\/\",\"name\":\"OOAS : le Professeur Palokinam T. Pitche prend les commandes de la sant\u00e9 ouest-africaine - UNIVERS.TG\",\"isPartOf\":{\"@id\":\"https:\/\/univers.tg\/#website\"},\"primaryImageOfPage\":{\"@id\":\"https:\/\/univers.tg\/index.php\/2026\/09\/01\/ooas-le-professeur-palokinam-t-pitche-prend-les-commandes-de-la-sante-ouest-africaine\/#primaryimage\"},\"image\":{\"@id\":\"https:\/\/univers.tg\/index.php\/2026\/09\/01\/ooas-le-professeur-palokinam-t-pitche-prend-les-commandes-de-la-sante-ouest-africaine\/#primaryimage\"},\"thumbnailUrl\":\"https:\/\/univers.tg\/wp-content\/uploads\/2026\/09\/Professeur-Vincent-Palokinam-Pitche.jpg?wsr\",\"datePublished\":\"2026-09-01T16:39:54+00:00\",\"dateModified\":\"2026-09-01T16:39:55+00:00\",\"author\":{\"@id\":\"https:\/\/univers.tg\/#\/schema\/person\/7630d7826904ffdd55c0d13d178b97eb\"},\"description\":\"Le Professeur Palokinam T. Pitche est officiellement devenu, ce 1er septembre 2026, le nouveau Directeur G\u00e9n\u00e9ral\",\"breadcrumb\":{\"@id\":\"https:\/\/univers.tg\/index.php\/2026\/09\/01\/ooas-le-professeur-palokinam-t-pitche-prend-les-commandes-de-la-sante-ouest-africaine\/#breadcrumb\"},\"inLanguage\":\"fr-FR\",\"potentialAction\":[{\"@type\":\"ReadAction\",\"target\":[\"https:\/\/univers.tg\/index.php\/2026\/09\/01\/ooas-le-professeur-palokinam-t-pitche-prend-les-commandes-de-la-sante-ouest-africaine\/\"]}]},{\"@type\":\"ImageObject\",\"inLanguage\":\"fr-FR\",\"@id\":\"https:\/\/univers.tg\/index.php\/2026\/09\/01\/ooas-le-professeur-palokinam-t-pitche-prend-les-commandes-de-la-sante-ouest-africaine\/#primaryimage\",\"url\":\"https:\/\/univers.tg\/wp-content\/uploads\/2026\/09\/Professeur-Vincent-Palokinam-Pitche.jpg?wsr\",\"contentUrl\":\"https:\/\/univers.tg\/wp-content\/uploads\/2026\/09\/Professeur-Vincent-Palokinam-Pitche.jpg?wsr\",\"width\":800,\"height\":513},{\"@type\":\"BreadcrumbList\",\"@id\":\"https:\/\/univers.tg\/index.php\/2026\/09\/01\/ooas-le-professeur-palokinam-t-pitche-prend-les-commandes-de-la-sante-ouest-africaine\/#breadcrumb\",\"itemListElement\":[{\"@type\":\"ListItem\",\"position\":1,\"name\":\"Accueil\",\"item\":\"https:\/\/univers.tg\/\"},{\"@type\":\"ListItem\",\"position\":2,\"name\":\"OOAS : le Professeur Palokinam T. Pitche prend les commandes de la sant\u00e9 ouest-africaine\"}]},{\"@type\":\"WebSite\",\"@id\":\"https:\/\/univers.tg\/#website\",\"url\":\"https:\/\/univers.tg\/\",\"name\":\"UNIVERS.TG\",\"description\":\"AUTORISATION HAAC N\u00b0 0123\/02-2024\/PL\/P\",\"potentialAction\":[{\"@type\":\"SearchAction\",\"target\":{\"@type\":\"EntryPoint\",\"urlTemplate\":\"https:\/\/univers.tg\/?s={search_term_string}\"},\"query-input\":{\"@type\":\"PropertyValueSpecification\",\"valueRequired\":true,\"valueName\":\"search_term_string\"}}],\"inLanguage\":\"fr-FR\"},{\"@type\":\"Person\",\"@id\":\"https:\/\/univers.tg\/#\/schema\/person\/7630d7826904ffdd55c0d13d178b97eb\",\"name\":\"La r\u00e9daction\",\"image\":{\"@type\":\"ImageObject\",\"inLanguage\":\"fr-FR\",\"@id\":\"https:\/\/univers.tg\/#\/schema\/person\/image\/\",\"url\":\"https:\/\/secure.gravatar.com\/avatar\/b9367486cc4651720458a662d192721c9d7cc1f4afe379e49612ab1a610e08ca?s=96&d=mm&r=g\",\"contentUrl\":\"https:\/\/secure.gravatar.com\/avatar\/b9367486cc4651720458a662d192721c9d7cc1f4afe379e49612ab1a610e08ca?s=96&d=mm&r=g\",\"caption\":\"La r\u00e9daction\"},\"url\":\"https:\/\/univers.tg\/index.php\/author\/jeremy-ahossou\/\"}]}<\/script>\n<!-- \/ Yoast SEO plugin. -->","yoast_head_json":{"title":"OOAS : le Professeur Palokinam T. Pitche prend les commandes de la sant\u00e9 ouest-africaine - UNIVERS.TG","description":"Le Professeur Palokinam T. Pitche est officiellement devenu, ce 1er septembre 2026, le nouveau Directeur G\u00e9n\u00e9ral","robots":{"index":"index","follow":"follow","max-snippet":"max-snippet:-1","max-image-preview":"max-image-preview:large","max-video-preview":"max-video-preview:-1"},"canonical":"https:\/\/univers.tg\/index.php\/2026\/09\/01\/ooas-le-professeur-palokinam-t-pitche-prend-les-commandes-de-la-sante-ouest-africaine\/","og_locale":"fr_FR","og_type":"article","og_title":"OOAS : le Professeur Palokinam T. Pitche prend les commandes de la sant\u00e9 ouest-africaine - UNIVERS.TG","og_description":"Le Professeur Palokinam T. Pitche est officiellement devenu, ce 1er septembre 2026, le nouveau Directeur G\u00e9n\u00e9ral","og_url":"https:\/\/univers.tg\/index.php\/2026\/09\/01\/ooas-le-professeur-palokinam-t-pitche-prend-les-commandes-de-la-sante-ouest-africaine\/","og_site_name":"UNIVERS.TG","article_published_time":"2026-09-01T16:39:54+00:00","article_modified_time":"2026-09-01T16:39:55+00:00","og_image":[{"width":800,"height":513,"url":"https:\/\/univers.tg\/wp-content\/uploads\/2026\/09\/Professeur-Vincent-Palokinam-Pitche.jpg?wsr","type":"image\/jpeg"}],"author":"La r\u00e9daction","twitter_card":"summary_large_image","twitter_misc":{"\u00c9crit par":"La r\u00e9daction","Dur\u00e9e de lecture estim\u00e9e":"2 minutes"},"schema":{"@context":"https:\/\/schema.org","@graph":[{"@type":"WebPage","@id":"https:\/\/univers.tg\/index.php\/2026\/09\/01\/ooas-le-professeur-palokinam-t-pitche-prend-les-commandes-de-la-sante-ouest-africaine\/","url":"https:\/\/univers.tg\/index.php\/2026\/09\/01\/ooas-le-professeur-palokinam-t-pitche-prend-les-commandes-de-la-sante-ouest-africaine\/","name":"OOAS : le Professeur Palokinam T. Pitche prend les commandes de la sant\u00e9 ouest-africaine - UNIVERS.TG","isPartOf":{"@id":"https:\/\/univers.tg\/#website"},"primaryImageOfPage":{"@id":"https:\/\/univers.tg\/index.php\/2026\/09\/01\/ooas-le-professeur-palokinam-t-pitche-prend-les-commandes-de-la-sante-ouest-africaine\/#primaryimage"},"image":{"@id":"https:\/\/univers.tg\/index.php\/2026\/09\/01\/ooas-le-professeur-palokinam-t-pitche-prend-les-commandes-de-la-sante-ouest-africaine\/#primaryimage"},"thumbnailUrl":"https:\/\/univers.tg\/wp-content\/uploads\/2026\/09\/Professeur-Vincent-Palokinam-Pitche.jpg?wsr","datePublished":"2026-09-01T16:39:54+00:00","dateModified":"2026-09-01T16:39:55+00:00","author":{"@id":"https:\/\/univers.tg\/#\/schema\/person\/7630d7826904ffdd55c0d13d178b97eb"},"description":"Le Professeur Palokinam T. Pitche est officiellement devenu, ce 1er septembre 2026, le nouveau Directeur G\u00e9n\u00e9ral","breadcrumb":{"@id":"https:\/\/univers.tg\/index.php\/2026\/09\/01\/ooas-le-professeur-palokinam-t-pitche-prend-les-commandes-de-la-sante-ouest-africaine\/#breadcrumb"},"inLanguage":"fr-FR","potentialAction":[{"@type":"ReadAction","target":["https:\/\/univers.tg\/index.php\/2026\/09\/01\/ooas-le-professeur-palokinam-t-pitche-prend-les-commandes-de-la-sante-ouest-africaine\/"]}]},{"@type":"ImageObject","inLanguage":"fr-FR","@id":"https:\/\/univers.tg\/index.php\/2026\/09\/01\/ooas-le-professeur-palokinam-t-pitche-prend-les-commandes-de-la-sante-ouest-africaine\/#primaryimage","url":"https:\/\/univers.tg\/wp-content\/uploads\/2026\/09\/Professeur-Vincent-Palokinam-Pitche.jpg?wsr","contentUrl":"https:\/\/univers.tg\/wp-content\/uploads\/2026\/09\/Professeur-Vincent-Palokinam-Pitche.jpg?wsr","width":800,"height":513},{"@type":"BreadcrumbList","@id":"https:\/\/univers.tg\/index.php\/2026\/09\/01\/ooas-le-professeur-palokinam-t-pitche-prend-les-commandes-de-la-sante-ouest-africaine\/#breadcrumb","itemListElement":[{"@type":"ListItem","position":1,"name":"Accueil","item":"https:\/\/univers.tg\/"},{"@type":"ListItem","position":2,"name":"OOAS : le Professeur Palokinam T. Pitche prend les commandes de la sant\u00e9 ouest-africaine"}]},{"@type":"WebSite","@id":"https:\/\/univers.tg\/#website","url":"https:\/\/univers.tg\/","name":"UNIVERS.TG","description":"AUTORISATION HAAC N\u00b0 0123\/02-2024\/PL\/P","potentialAction":[{"@type":"SearchAction","target":{"@type":"EntryPoint","urlTemplate":"https:\/\/univers.tg\/?s={search_term_string}"},"query-input":{"@type":"PropertyValueSpecification","valueRequired":true,"valueName":"search_term_string"}}],"inLanguage":"fr-FR"},{"@type":"Person","@id":"https:\/\/univers.tg\/#\/schema\/person\/7630d7826904ffdd55c0d13d178b97eb","name":"La r\u00e9daction","image":{"@type":"ImageObject","inLanguage":"fr-FR","@id":"https:\/\/univers.tg\/#\/schema\/person\/image\/","url":"https:\/\/secure.gravatar.com\/avatar\/b9367486cc4651720458a662d192721c9d7cc1f4afe379e49612ab1a610e08ca?s=96&d=mm&r=g","contentUrl":"https:\/\/secure.gravatar.com\/avatar\/b9367486cc4651720458a662d192721c9d7cc1f4afe379e49612ab1a610e08ca?s=96&d=mm&r=g","caption":"La r\u00e9daction"},"url":"https:\/\/univers.tg\/index.php\/author\/jeremy-ahossou\/"}]}},"_links":{"self":[{"href":"https:\/\/univers.tg\/index.php\/wp-json\/wp\/v2\/posts\/9757","targetHints":{"allow":["GET"]}}],"collection":[{"href":"https:\/\/univers.tg\/index.php\/wp-json\/wp\/v2\/posts"}],"about":[{"href":"https:\/\/univers.tg\/index.php\/wp-json\/wp\/v2\/types\/post"}],"author":[{"embeddable":true,"href":"https:\/\/univers.tg\/index.php\/wp-json\/wp\/v2\/users\/5"}],"replies":[{"embeddable":true,"href":"https:\/\/univers.tg\/index.php\/wp-json\/wp\/v2\/comments?post=9757"}],"version-history":[{"count":1,"href":"https:\/\/univers.tg\/index.php\/wp-json\/wp\/v2\/posts\/9757\/revisions"}],"predecessor-version":[{"id":9759,"href":"https:\/\/univers.tg\/index.php\/wp-json\/wp\/v2\/posts\/9757\/revisions\/9759"}],"wp:featuredmedia":[{"embeddable":true,"href":"https:\/\/univers.tg\/index.php\/wp-json\/wp\/v2\/media\/9758"}],"wp:attachment":[{"href":"https:\/\/univers.tg\/index.php\/wp-json\/wp\/v2\/media?parent=9757"}],"wp:term":[{"taxonomy":"category","embeddable":true,"href":"https:\/\/univers.tg\/index.php\/wp-json\/wp\/v2\/categories?post=9757"},{"taxonomy":"post_tag","embeddable":true,"href":"https:\/\/univers.tg\/index.php\/wp-json\/wp\/v2\/tags?post=9757"}],"curies":[{"name":"wp","href":"https:\/\/api.w.org\/{rel}","templated":true}]}}