{"id":9763,"date":"2026-09-02T16:26:52","date_gmt":"2026-09-02T16:26:52","guid":{"rendered":"https:\/\/univers.tg\/?p=9763"},"modified":"2026-09-02T16:26:53","modified_gmt":"2026-09-02T16:26:53","slug":"ocs-faure-gnassingbe-defend-une-afrique-actrice-du-nouvel-ordre-mondial","status":"publish","type":"post","link":"https:\/\/univers.tg\/index.php\/2026\/09\/02\/ocs-faure-gnassingbe-defend-une-afrique-actrice-du-nouvel-ordre-mondial\/","title":{"rendered":"OCS+ : Faure Gnassingb\u00e9 d\u00e9fend une Afrique actrice du nouvel ordre mondial"},"content":{"rendered":"\n<p class=\"wp-block-paragraph\">Le Pr\u00e9sident du Conseil, Faure Essozimna Gnassingb\u00e9, a particip\u00e9 mardi 1er septembre 2026 au 26\u1d49 sommet de l\u2019Organisation de coop\u00e9ration de Shanghai \u00e9largie (OCS+), organis\u00e9 \u00e0 Bichkek. Devant plusieurs dirigeants et repr\u00e9sentants de pays partenaires, il a livr\u00e9 sa lecture des transformations en cours dans les relations internationales, marqu\u00e9es notamment par l\u2019\u00e9mergence de nouvelles puissances et la mont\u00e9e d\u2019un ordre mondial multipolaire.<\/p>\n\n\n\n<p class=\"wp-block-paragraph\">Dans son intervention, le dirigeant togolais a estim\u00e9 que cette \u00e9volution pouvait offrir de nouvelles possibilit\u00e9s au continent africain, \u00e0 condition qu\u2019elle ne cr\u00e9e pas de nouvelles divisions. \u00ab Pour l\u2019Afrique, l\u2019\u00e9mergence de nouveaux partenaires est une opportunit\u00e9. Elle nous permet de diversifier nos relations, de r\u00e9duire certaines d\u00e9pendances et surtout de mieux choisir nos partenariats en fonction de nos propres priorit\u00e9s \u00bb, a-t-il d\u00e9clar\u00e9. Il a cependant pr\u00e9venu que la multiplication des centres de puissance pouvait \u00e9galement renforcer les rivalit\u00e9s et les rapports de force.<\/p>\n\n\n\n<p class=\"wp-block-paragraph\">Faure Gnassingb\u00e9 a par ailleurs appel\u00e9 \u00e0 une adaptation du syst\u00e8me multilat\u00e9ral aux r\u00e9alit\u00e9s du monde actuel. Il consid\u00e8re que l\u2019Organisation des Nations unies demeure essentielle, tout en estimant que son fonctionnement et sa repr\u00e9sentativit\u00e9 doivent \u00e9voluer. \u00ab Nous ne devons pas choisir entre multipolarit\u00e9 et multilat\u00e9ralisme. Nous devons faire de la multipolarit\u00e9 une nouvelle force du multilat\u00e9ralisme \u00bb, a-t-il soulign\u00e9, plaidant notamment pour une meilleure repr\u00e9sentation de l\u2019Afrique dans les instances internationales et pour une coop\u00e9ration renforc\u00e9e entre l\u2019ONU, l\u2019Union africaine et les organisations r\u00e9gionales.<\/p>\n\n\n\n<p class=\"wp-block-paragraph\">Sur le plan \u00e9conomique, le Pr\u00e9sident du Conseil a insist\u00e9 sur la n\u00e9cessit\u00e9 pour les pays africains de renforcer leurs capacit\u00e9s de d\u00e9veloppement et de cr\u00e9er davantage de valeur sur leurs territoires. Il a appel\u00e9 \u00e0 favoriser les investissements productifs, les infrastructures, la transformation locale des mati\u00e8res premi\u00e8res et le transfert de technologies. <\/p>\n\n\n\n<p class=\"wp-block-paragraph\">Pour lui, les relations de l\u2019Afrique doivent pouvoir s\u2019\u00e9tendre \u00e0 l\u2019Asie, \u00e0 l\u2019Europe, aux Am\u00e9riques et au reste du continent, avec pour principe de ne pas \u00eatre oblig\u00e9e de choisir un camp dans les rivalit\u00e9s internationales.<\/p>\n","protected":false},"excerpt":{"rendered":"<p>Le Pr\u00e9sident du Conseil, Faure Essozimna Gnassingb\u00e9, a particip\u00e9 mardi 1er septembre 2026 au 26\u1d49 sommet de l\u2019Organisation de coop\u00e9ration de Shanghai \u00e9largie (OCS+), organis\u00e9 \u00e0 Bichkek. Devant plusieurs dirigeants et repr\u00e9sentants de pays partenaires, il a livr\u00e9 sa lecture des transformations en cours dans les relations internationales, marqu\u00e9es notamment par l\u2019\u00e9mergence de nouvelles puissances<\/p>\n","protected":false},"author":5,"featured_media":9764,"comment_status":"open","ping_status":"open","sticky":false,"template":"","format":"standard","meta":{"footnotes":""},"categories":[8],"tags":[],"class_list":["post-9763","post","type-post","status-publish","format-standard","has-post-thumbnail","hentry","category-diplomatie"],"yoast_head":"<!-- This site is optimized with the Yoast SEO plugin v26.4 - https:\/\/yoast.com\/wordpress\/plugins\/seo\/ -->\n<title>OCS+ : Faure Gnassingb\u00e9 d\u00e9fend une Afrique actrice du nouvel ordre mondial - UNIVERS.TG<\/title>\n<meta name=\"robots\" content=\"index, follow, max-snippet:-1, max-image-preview:large, max-video-preview:-1\" \/>\n<link rel=\"canonical\" href=\"https:\/\/univers.tg\/index.php\/2026\/09\/02\/ocs-faure-gnassingbe-defend-une-afrique-actrice-du-nouvel-ordre-mondial\/\" \/>\n<meta property=\"og:locale\" content=\"fr_FR\" \/>\n<meta property=\"og:type\" content=\"article\" \/>\n<meta property=\"og:title\" content=\"OCS+ : Faure Gnassingb\u00e9 d\u00e9fend une Afrique actrice du nouvel ordre mondial - UNIVERS.TG\" \/>\n<meta property=\"og:description\" content=\"Le Pr\u00e9sident du Conseil, Faure Essozimna Gnassingb\u00e9, a particip\u00e9 mardi 1er septembre 2026 au 26\u1d49 sommet de l\u2019Organisation de coop\u00e9ration de Shanghai \u00e9largie (OCS+), organis\u00e9 \u00e0 Bichkek. Devant plusieurs dirigeants et repr\u00e9sentants de pays partenaires, il a livr\u00e9 sa lecture des transformations en cours dans les relations internationales, marqu\u00e9es notamment par l\u2019\u00e9mergence de nouvelles puissances\" \/>\n<meta property=\"og:url\" content=\"https:\/\/univers.tg\/index.php\/2026\/09\/02\/ocs-faure-gnassingbe-defend-une-afrique-actrice-du-nouvel-ordre-mondial\/\" \/>\n<meta property=\"og:site_name\" content=\"UNIVERS.TG\" \/>\n<meta property=\"article:published_time\" content=\"2026-09-02T16:26:52+00:00\" \/>\n<meta property=\"article:modified_time\" content=\"2026-09-02T16:26:53+00:00\" \/>\n<meta property=\"og:image\" content=\"https:\/\/univers.tg\/wp-content\/uploads\/2026\/09\/1788365938218.jpg?wsr\" \/>\n\t<meta property=\"og:image:width\" content=\"720\" \/>\n\t<meta property=\"og:image:height\" content=\"551\" \/>\n\t<meta property=\"og:image:type\" content=\"image\/jpeg\" \/>\n<meta name=\"author\" content=\"La r\u00e9daction\" \/>\n<meta name=\"twitter:card\" content=\"summary_large_image\" \/>\n<meta name=\"twitter:label1\" content=\"\u00c9crit par\" \/>\n\t<meta name=\"twitter:data1\" content=\"La r\u00e9daction\" \/>\n\t<meta name=\"twitter:label2\" content=\"Dur\u00e9e de lecture estim\u00e9e\" \/>\n\t<meta name=\"twitter:data2\" content=\"2 minutes\" \/>\n<script type=\"application\/ld+json\" class=\"yoast-schema-graph\">{\"@context\":\"https:\/\/schema.org\",\"@graph\":[{\"@type\":\"WebPage\",\"@id\":\"https:\/\/univers.tg\/index.php\/2026\/09\/02\/ocs-faure-gnassingbe-defend-une-afrique-actrice-du-nouvel-ordre-mondial\/\",\"url\":\"https:\/\/univers.tg\/index.php\/2026\/09\/02\/ocs-faure-gnassingbe-defend-une-afrique-actrice-du-nouvel-ordre-mondial\/\",\"name\":\"OCS+ : Faure Gnassingb\u00e9 d\u00e9fend une Afrique actrice du nouvel ordre mondial - UNIVERS.TG\",\"isPartOf\":{\"@id\":\"https:\/\/univers.tg\/#website\"},\"primaryImageOfPage\":{\"@id\":\"https:\/\/univers.tg\/index.php\/2026\/09\/02\/ocs-faure-gnassingbe-defend-une-afrique-actrice-du-nouvel-ordre-mondial\/#primaryimage\"},\"image\":{\"@id\":\"https:\/\/univers.tg\/index.php\/2026\/09\/02\/ocs-faure-gnassingbe-defend-une-afrique-actrice-du-nouvel-ordre-mondial\/#primaryimage\"},\"thumbnailUrl\":\"https:\/\/univers.tg\/wp-content\/uploads\/2026\/09\/1788365938218.jpg?wsr\",\"datePublished\":\"2026-09-02T16:26:52+00:00\",\"dateModified\":\"2026-09-02T16:26:53+00:00\",\"author\":{\"@id\":\"https:\/\/univers.tg\/#\/schema\/person\/7630d7826904ffdd55c0d13d178b97eb\"},\"breadcrumb\":{\"@id\":\"https:\/\/univers.tg\/index.php\/2026\/09\/02\/ocs-faure-gnassingbe-defend-une-afrique-actrice-du-nouvel-ordre-mondial\/#breadcrumb\"},\"inLanguage\":\"fr-FR\",\"potentialAction\":[{\"@type\":\"ReadAction\",\"target\":[\"https:\/\/univers.tg\/index.php\/2026\/09\/02\/ocs-faure-gnassingbe-defend-une-afrique-actrice-du-nouvel-ordre-mondial\/\"]}]},{\"@type\":\"ImageObject\",\"inLanguage\":\"fr-FR\",\"@id\":\"https:\/\/univers.tg\/index.php\/2026\/09\/02\/ocs-faure-gnassingbe-defend-une-afrique-actrice-du-nouvel-ordre-mondial\/#primaryimage\",\"url\":\"https:\/\/univers.tg\/wp-content\/uploads\/2026\/09\/1788365938218.jpg?wsr\",\"contentUrl\":\"https:\/\/univers.tg\/wp-content\/uploads\/2026\/09\/1788365938218.jpg?wsr\",\"width\":720,\"height\":551},{\"@type\":\"BreadcrumbList\",\"@id\":\"https:\/\/univers.tg\/index.php\/2026\/09\/02\/ocs-faure-gnassingbe-defend-une-afrique-actrice-du-nouvel-ordre-mondial\/#breadcrumb\",\"itemListElement\":[{\"@type\":\"ListItem\",\"position\":1,\"name\":\"Accueil\",\"item\":\"https:\/\/univers.tg\/\"},{\"@type\":\"ListItem\",\"position\":2,\"name\":\"OCS+ : Faure Gnassingb\u00e9 d\u00e9fend une Afrique actrice du nouvel ordre mondial\"}]},{\"@type\":\"WebSite\",\"@id\":\"https:\/\/univers.tg\/#website\",\"url\":\"https:\/\/univers.tg\/\",\"name\":\"UNIVERS.TG\",\"description\":\"AUTORISATION HAAC N\u00b0 0123\/02-2024\/PL\/P\",\"potentialAction\":[{\"@type\":\"SearchAction\",\"target\":{\"@type\":\"EntryPoint\",\"urlTemplate\":\"https:\/\/univers.tg\/?s={search_term_string}\"},\"query-input\":{\"@type\":\"PropertyValueSpecification\",\"valueRequired\":true,\"valueName\":\"search_term_string\"}}],\"inLanguage\":\"fr-FR\"},{\"@type\":\"Person\",\"@id\":\"https:\/\/univers.tg\/#\/schema\/person\/7630d7826904ffdd55c0d13d178b97eb\",\"name\":\"La r\u00e9daction\",\"image\":{\"@type\":\"ImageObject\",\"inLanguage\":\"fr-FR\",\"@id\":\"https:\/\/univers.tg\/#\/schema\/person\/image\/\",\"url\":\"https:\/\/secure.gravatar.com\/avatar\/b9367486cc4651720458a662d192721c9d7cc1f4afe379e49612ab1a610e08ca?s=96&d=mm&r=g\",\"contentUrl\":\"https:\/\/secure.gravatar.com\/avatar\/b9367486cc4651720458a662d192721c9d7cc1f4afe379e49612ab1a610e08ca?s=96&d=mm&r=g\",\"caption\":\"La r\u00e9daction\"},\"url\":\"https:\/\/univers.tg\/index.php\/author\/jeremy-ahossou\/\"}]}<\/script>\n<!-- \/ Yoast SEO plugin. -->","yoast_head_json":{"title":"OCS+ : Faure Gnassingb\u00e9 d\u00e9fend une Afrique actrice du nouvel ordre mondial - UNIVERS.TG","robots":{"index":"index","follow":"follow","max-snippet":"max-snippet:-1","max-image-preview":"max-image-preview:large","max-video-preview":"max-video-preview:-1"},"canonical":"https:\/\/univers.tg\/index.php\/2026\/09\/02\/ocs-faure-gnassingbe-defend-une-afrique-actrice-du-nouvel-ordre-mondial\/","og_locale":"fr_FR","og_type":"article","og_title":"OCS+ : Faure Gnassingb\u00e9 d\u00e9fend une Afrique actrice du nouvel ordre mondial - UNIVERS.TG","og_description":"Le Pr\u00e9sident du Conseil, Faure Essozimna Gnassingb\u00e9, a particip\u00e9 mardi 1er septembre 2026 au 26\u1d49 sommet de l\u2019Organisation de coop\u00e9ration de Shanghai \u00e9largie (OCS+), organis\u00e9 \u00e0 Bichkek. Devant plusieurs dirigeants et repr\u00e9sentants de pays partenaires, il a livr\u00e9 sa lecture des transformations en cours dans les relations internationales, marqu\u00e9es notamment par l\u2019\u00e9mergence de nouvelles puissances","og_url":"https:\/\/univers.tg\/index.php\/2026\/09\/02\/ocs-faure-gnassingbe-defend-une-afrique-actrice-du-nouvel-ordre-mondial\/","og_site_name":"UNIVERS.TG","article_published_time":"2026-09-02T16:26:52+00:00","article_modified_time":"2026-09-02T16:26:53+00:00","og_image":[{"width":720,"height":551,"url":"https:\/\/univers.tg\/wp-content\/uploads\/2026\/09\/1788365938218.jpg?wsr","type":"image\/jpeg"}],"author":"La r\u00e9daction","twitter_card":"summary_large_image","twitter_misc":{"\u00c9crit par":"La r\u00e9daction","Dur\u00e9e de lecture estim\u00e9e":"2 minutes"},"schema":{"@context":"https:\/\/schema.org","@graph":[{"@type":"WebPage","@id":"https:\/\/univers.tg\/index.php\/2026\/09\/02\/ocs-faure-gnassingbe-defend-une-afrique-actrice-du-nouvel-ordre-mondial\/","url":"https:\/\/univers.tg\/index.php\/2026\/09\/02\/ocs-faure-gnassingbe-defend-une-afrique-actrice-du-nouvel-ordre-mondial\/","name":"OCS+ : Faure Gnassingb\u00e9 d\u00e9fend une Afrique actrice du nouvel ordre mondial - UNIVERS.TG","isPartOf":{"@id":"https:\/\/univers.tg\/#website"},"primaryImageOfPage":{"@id":"https:\/\/univers.tg\/index.php\/2026\/09\/02\/ocs-faure-gnassingbe-defend-une-afrique-actrice-du-nouvel-ordre-mondial\/#primaryimage"},"image":{"@id":"https:\/\/univers.tg\/index.php\/2026\/09\/02\/ocs-faure-gnassingbe-defend-une-afrique-actrice-du-nouvel-ordre-mondial\/#primaryimage"},"thumbnailUrl":"https:\/\/univers.tg\/wp-content\/uploads\/2026\/09\/1788365938218.jpg?wsr","datePublished":"2026-09-02T16:26:52+00:00","dateModified":"2026-09-02T16:26:53+00:00","author":{"@id":"https:\/\/univers.tg\/#\/schema\/person\/7630d7826904ffdd55c0d13d178b97eb"},"breadcrumb":{"@id":"https:\/\/univers.tg\/index.php\/2026\/09\/02\/ocs-faure-gnassingbe-defend-une-afrique-actrice-du-nouvel-ordre-mondial\/#breadcrumb"},"inLanguage":"fr-FR","potentialAction":[{"@type":"ReadAction","target":["https:\/\/univers.tg\/index.php\/2026\/09\/02\/ocs-faure-gnassingbe-defend-une-afrique-actrice-du-nouvel-ordre-mondial\/"]}]},{"@type":"ImageObject","inLanguage":"fr-FR","@id":"https:\/\/univers.tg\/index.php\/2026\/09\/02\/ocs-faure-gnassingbe-defend-une-afrique-actrice-du-nouvel-ordre-mondial\/#primaryimage","url":"https:\/\/univers.tg\/wp-content\/uploads\/2026\/09\/1788365938218.jpg?wsr","contentUrl":"https:\/\/univers.tg\/wp-content\/uploads\/2026\/09\/1788365938218.jpg?wsr","width":720,"height":551},{"@type":"BreadcrumbList","@id":"https:\/\/univers.tg\/index.php\/2026\/09\/02\/ocs-faure-gnassingbe-defend-une-afrique-actrice-du-nouvel-ordre-mondial\/#breadcrumb","itemListElement":[{"@type":"ListItem","position":1,"name":"Accueil","item":"https:\/\/univers.tg\/"},{"@type":"ListItem","position":2,"name":"OCS+ : Faure Gnassingb\u00e9 d\u00e9fend une Afrique actrice du nouvel ordre mondial"}]},{"@type":"WebSite","@id":"https:\/\/univers.tg\/#website","url":"https:\/\/univers.tg\/","name":"UNIVERS.TG","description":"AUTORISATION HAAC N\u00b0 0123\/02-2024\/PL\/P","potentialAction":[{"@type":"SearchAction","target":{"@type":"EntryPoint","urlTemplate":"https:\/\/univers.tg\/?s={search_term_string}"},"query-input":{"@type":"PropertyValueSpecification","valueRequired":true,"valueName":"search_term_string"}}],"inLanguage":"fr-FR"},{"@type":"Person","@id":"https:\/\/univers.tg\/#\/schema\/person\/7630d7826904ffdd55c0d13d178b97eb","name":"La r\u00e9daction","image":{"@type":"ImageObject","inLanguage":"fr-FR","@id":"https:\/\/univers.tg\/#\/schema\/person\/image\/","url":"https:\/\/secure.gravatar.com\/avatar\/b9367486cc4651720458a662d192721c9d7cc1f4afe379e49612ab1a610e08ca?s=96&d=mm&r=g","contentUrl":"https:\/\/secure.gravatar.com\/avatar\/b9367486cc4651720458a662d192721c9d7cc1f4afe379e49612ab1a610e08ca?s=96&d=mm&r=g","caption":"La r\u00e9daction"},"url":"https:\/\/univers.tg\/index.php\/author\/jeremy-ahossou\/"}]}},"_links":{"self":[{"href":"https:\/\/univers.tg\/index.php\/wp-json\/wp\/v2\/posts\/9763","targetHints":{"allow":["GET"]}}],"collection":[{"href":"https:\/\/univers.tg\/index.php\/wp-json\/wp\/v2\/posts"}],"about":[{"href":"https:\/\/univers.tg\/index.php\/wp-json\/wp\/v2\/types\/post"}],"author":[{"embeddable":true,"href":"https:\/\/univers.tg\/index.php\/wp-json\/wp\/v2\/users\/5"}],"replies":[{"embeddable":true,"href":"https:\/\/univers.tg\/index.php\/wp-json\/wp\/v2\/comments?post=9763"}],"version-history":[{"count":1,"href":"https:\/\/univers.tg\/index.php\/wp-json\/wp\/v2\/posts\/9763\/revisions"}],"predecessor-version":[{"id":9765,"href":"https:\/\/univers.tg\/index.php\/wp-json\/wp\/v2\/posts\/9763\/revisions\/9765"}],"wp:featuredmedia":[{"embeddable":true,"href":"https:\/\/univers.tg\/index.php\/wp-json\/wp\/v2\/media\/9764"}],"wp:attachment":[{"href":"https:\/\/univers.tg\/index.php\/wp-json\/wp\/v2\/media?parent=9763"}],"wp:term":[{"taxonomy":"category","embeddable":true,"href":"https:\/\/univers.tg\/index.php\/wp-json\/wp\/v2\/categories?post=9763"},{"taxonomy":"post_tag","embeddable":true,"href":"https:\/\/univers.tg\/index.php\/wp-json\/wp\/v2\/tags?post=9763"}],"curies":[{"name":"wp","href":"https:\/\/api.w.org\/{rel}","templated":true}]}}