{"id":9769,"date":"2026-09-02T20:45:28","date_gmt":"2026-09-02T20:45:28","guid":{"rendered":"https:\/\/univers.tg\/?p=9769"},"modified":"2026-09-02T20:45:30","modified_gmt":"2026-09-02T20:45:30","slug":"foire-adjafi-2026-les-communes-renforcent-leur-engagement-aux-cotes-des-jeunes-entrepreneurs","status":"publish","type":"post","link":"https:\/\/univers.tg\/index.php\/2026\/09\/02\/foire-adjafi-2026-les-communes-renforcent-leur-engagement-aux-cotes-des-jeunes-entrepreneurs\/","title":{"rendered":"Foire Adjafi 2026 : les communes renforcent leur engagement aux c\u00f4t\u00e9s des jeunes entrepreneurs"},"content":{"rendered":"\n<p class=\"wp-block-paragraph\">La 14e \u00e9dition de la Foire Adjafi a accueilli, mercredi 2 septembre 2026, la quatri\u00e8me Journ\u00e9e des communes, un rendez-vous consacr\u00e9 au rapprochement entre les collectivit\u00e9s locales et les jeunes entrepreneurs. L\u2019initiative vise \u00e0 favoriser un dialogue direct sur les difficult\u00e9s rencontr\u00e9es par les entreprises, mais aussi \u00e0 mieux faire conna\u00eetre les dispositifs que les communes peuvent mettre en place pour faciliter leur d\u00e9veloppement. Des repr\u00e9sentants des communes d\u2019Ago\u00e8-Nyiv\u00e9 1, Golfe 1, Golfe 3, Golfe 6, Zio 1 et Zio 2 ont pris part aux \u00e9changes.<\/p>\n\n\n\n<p class=\"wp-block-paragraph\">Plac\u00e9e sous le th\u00e8me \u00ab Les communes, partenaires strat\u00e9giques des jeunes entrepreneurs pour une agro-transformation comp\u00e9titive, cr\u00e9atrice d\u2019emplois et orient\u00e9e vers l\u2019exportation \u00bb, cette journ\u00e9e a permis d\u2019aborder plusieurs enjeux li\u00e9s \u00e0 l\u2019entrepreneuriat local.<\/p>\n\n\n\n<p class=\"wp-block-paragraph\">Les discussions ont notamment port\u00e9 sur l\u2019accompagnement des jeunes, l\u2019acc\u00e8s aux infrastructures, la simplification des d\u00e9marches administratives, la recherche de financements et la cr\u00e9ation de partenariats avec les banques, les entreprises et les organisations professionnelles.<br><\/p>\n\n\n\n<figure class=\"wp-block-image size-large\"><img loading=\"lazy\" decoding=\"async\" width=\"1024\" height=\"576\" src=\"https:\/\/univers.tg\/wp-content\/uploads\/2026\/09\/1969842-1024x576.jpg?wsr\" alt=\"\" class=\"wp-image-9771\" srcset=\"https:\/\/univers.tg\/wp-content\/uploads\/2026\/09\/1969842-1024x576.jpg 1024w, https:\/\/univers.tg\/wp-content\/uploads\/2026\/09\/1969842-300x169.jpg 300w, https:\/\/univers.tg\/wp-content\/uploads\/2026\/09\/1969842-768x432.jpg 768w, https:\/\/univers.tg\/wp-content\/uploads\/2026\/09\/1969842.jpg 1280w\" sizes=\"auto, (max-width: 1024px) 100vw, 1024px\" \/><\/figure>\n\n\n\n<p class=\"wp-block-paragraph\">Pour Pierre Yaogan Kalevi Akbabu, conseiller municipal \u00e0 Zio 1 et pan\u00e9liste, les collectivit\u00e9s doivent davantage se positionner comme des structures d\u2019accompagnement des jeunes entreprises. \u00ab Les communes peuvent cr\u00e9er des cadres d\u00e9di\u00e9s \u00e0 la formation, faciliter les relations avec les institutions de financement et porter des plaidoyers en faveur d\u2019un environnement fiscal plus adapt\u00e9 aux jeunes entreprises. La mise en place de structures d\u2019accompagnement et d\u2019incubateurs, notamment les SAE, permettrait de consolider l\u2019\u00e9cosyst\u00e8me entrepreneurial au niveau local \u00bb, a-t-il expliqu\u00e9.<\/p>\n\n\n\n<p class=\"wp-block-paragraph\"><br>Le conseiller municipal a \u00e9galement insist\u00e9 sur la n\u00e9cessit\u00e9 pour les jeunes entrepreneurs de renforcer leurs comp\u00e9tences en gestion et de privil\u00e9gier l\u2019investissement dans leurs entreprises. \u00ab Beaucoup d\u2019entrepreneurs rencontrent des difficult\u00e9s parce qu\u2019ils ne ma\u00eetrisent pas suffisamment la gestion de leur activit\u00e9 et ont parfois tendance \u00e0 utiliser trop rapidement leurs premiers revenus pour des d\u00e9penses personnelles. Il faut d\u2019abord consolider l\u2019entreprise, d\u00e9velopper ses capacit\u00e9s manag\u00e9riales et apprendre de ses erreurs. L\u2019innovation est \u00e9galement indispensable, car le simple fait de reproduire les activit\u00e9s qui r\u00e9ussissent d\u00e9j\u00e0 peut rapidement conduire \u00e0 la saturation d\u2019un secteur \u00bb, a-t-il ajout\u00e9.<\/p>\n\n\n\n<figure class=\"wp-block-image size-large\"><img loading=\"lazy\" decoding=\"async\" width=\"1024\" height=\"576\" src=\"https:\/\/univers.tg\/wp-content\/uploads\/2026\/09\/1969852-1024x576.jpg?wsr\" alt=\"\" class=\"wp-image-9772\" srcset=\"https:\/\/univers.tg\/wp-content\/uploads\/2026\/09\/1969852-1024x576.jpg 1024w, https:\/\/univers.tg\/wp-content\/uploads\/2026\/09\/1969852-300x169.jpg 300w, https:\/\/univers.tg\/wp-content\/uploads\/2026\/09\/1969852-768x432.jpg 768w, https:\/\/univers.tg\/wp-content\/uploads\/2026\/09\/1969852.jpg 1280w\" sizes=\"auto, (max-width: 1024px) 100vw, 1024px\" \/><\/figure>\n\n\n\n<p class=\"wp-block-paragraph\"><br>Du c\u00f4t\u00e9 de la commune d\u2019Ago\u00e8-Nyiv\u00e9 1, des initiatives sont d\u00e9j\u00e0 envisag\u00e9es pour cr\u00e9er un environnement plus favorable aux jeunes porteurs de projets. Limazi Peyebinesso, premier adjoint au maire, a indiqu\u00e9 que la commune entend notamment d\u00e9velopper un espace consacr\u00e9 \u00e0 l\u2019entrepreneuriat. \u00ab \u00c0 travers notre plan de d\u00e9veloppement communal, nous avons identifi\u00e9 plusieurs actions en faveur de l\u2019entrepreneuriat des jeunes. Nous travaillons notamment \u00e0 la mise en place d\u2019un centre d\u2019affaires comprenant un espace d\u00e9di\u00e9 \u00e0 la culture entrepreneuriale, qui pourrait servir d\u2019incubateur et permettre aux jeunes de renforcer leurs comp\u00e9tences, de rechercher des financements et de d\u00e9velopper des partenariats \u00bb, a-t-il d\u00e9clar\u00e9.<\/p>\n\n\n\n<p class=\"wp-block-paragraph\">Le responsable communal a toutefois pr\u00e9cis\u00e9 que l\u2019intervention des communes ne se limite pas \u00e0 un appui financier direct. \u00ab Les communes ne sont pas des \u00e9tablissements financiers et n\u2019ont donc pas vocation \u00e0 financer directement les entreprises comme le feraient les banques. Leur r\u00f4le peut davantage consister \u00e0 mettre en place des infrastructures, accompagner la formation, faciliter les partenariats et aider les jeunes \u00e0 acc\u00e9der \u00e0 des d\u00e9bouch\u00e9s pour leurs produits. La construction d\u2019un incubateur constitue d\u00e9j\u00e0, \u00e0 elle seule, une forme concr\u00e8te de soutien \u00e0 l\u2019entrepreneuriat \u00bb, a-t-il soulign\u00e9.<\/p>\n\n\n\n<p class=\"wp-block-paragraph\">Au terme des \u00e9changes, KAYO L\u00e8tou, mod\u00e9rateur du panel, a salu\u00e9 une initiative qui permet de rapprocher les collectivit\u00e9s et le secteur priv\u00e9. \u00ab Cette Journ\u00e9e des communes cr\u00e9e un espace o\u00f9 entrepreneurs et collectivit\u00e9s peuvent enfin \u00e9changer directement sur leurs attentes respectives. Le d\u00e9veloppement des entreprises contribue aussi au d\u00e9veloppement des communes, notamment \u00e0 travers les ressources fiscales. Nous sommes satisfaits des \u00e9changes, m\u00eame si nous \u00e9valuons cette quatri\u00e8me \u00e9dition \u00e0 7 sur 10. Des pr\u00e9occupations ont \u00e9t\u00e9 exprim\u00e9es et plusieurs solutions concr\u00e8tes ont \u00e9t\u00e9 partag\u00e9es. L\u2019enjeu est d\u00e9sormais de faire en sorte que ces propositions soient suivies d\u2019effets et que les exp\u00e9riences pr\u00e9sent\u00e9es puissent \u00eatre reproduites dans d\u2019autres communes \u00bb, a-t-il d\u00e9clar\u00e9.<\/p>\n","protected":false},"excerpt":{"rendered":"<p>La 14e \u00e9dition de la Foire Adjafi a accueilli, mercredi 2 septembre 2026, la quatri\u00e8me Journ\u00e9e des communes, un rendez-vous consacr\u00e9 au rapprochement entre les collectivit\u00e9s locales et les jeunes entrepreneurs. L\u2019initiative vise \u00e0 favoriser un dialogue direct sur les difficult\u00e9s rencontr\u00e9es par les entreprises, mais aussi \u00e0 mieux faire conna\u00eetre les dispositifs que les<\/p>\n","protected":false},"author":5,"featured_media":9770,"comment_status":"open","ping_status":"open","sticky":false,"template":"","format":"standard","meta":{"footnotes":""},"categories":[2],"tags":[],"class_list":["post-9769","post","type-post","status-publish","format-standard","has-post-thumbnail","hentry","category-economie"],"yoast_head":"<!-- This site is optimized with the Yoast SEO plugin v26.4 - https:\/\/yoast.com\/wordpress\/plugins\/seo\/ -->\n<title>Foire Adjafi 2026 : les communes renforcent leur engagement aux c\u00f4t\u00e9s des jeunes entrepreneurs - UNIVERS.TG<\/title>\n<meta name=\"description\" content=\"La 14e \u00e9dition de la Foire Adjafi a accueilli, mercredi 2 septembre 2026, la quatri\u00e8me Journ\u00e9e des communes\" \/>\n<meta name=\"robots\" content=\"index, follow, max-snippet:-1, max-image-preview:large, max-video-preview:-1\" \/>\n<link rel=\"canonical\" href=\"https:\/\/univers.tg\/index.php\/2026\/09\/02\/foire-adjafi-2026-les-communes-renforcent-leur-engagement-aux-cotes-des-jeunes-entrepreneurs\/\" \/>\n<meta property=\"og:locale\" content=\"fr_FR\" \/>\n<meta property=\"og:type\" content=\"article\" \/>\n<meta property=\"og:title\" content=\"Foire Adjafi 2026 : les communes renforcent leur engagement aux c\u00f4t\u00e9s des jeunes entrepreneurs - UNIVERS.TG\" \/>\n<meta property=\"og:description\" content=\"La 14e \u00e9dition de la Foire Adjafi a accueilli, mercredi 2 septembre 2026, la quatri\u00e8me Journ\u00e9e des communes\" \/>\n<meta property=\"og:url\" content=\"https:\/\/univers.tg\/index.php\/2026\/09\/02\/foire-adjafi-2026-les-communes-renforcent-leur-engagement-aux-cotes-des-jeunes-entrepreneurs\/\" \/>\n<meta property=\"og:site_name\" content=\"UNIVERS.TG\" \/>\n<meta property=\"article:published_time\" content=\"2026-09-02T20:45:28+00:00\" \/>\n<meta property=\"article:modified_time\" content=\"2026-09-02T20:45:30+00:00\" \/>\n<meta property=\"og:image\" content=\"https:\/\/univers.tg\/wp-content\/uploads\/2026\/09\/IMG-20260902-WA0086.jpg?wsr\" \/>\n\t<meta property=\"og:image:width\" content=\"1280\" \/>\n\t<meta property=\"og:image:height\" content=\"720\" \/>\n\t<meta property=\"og:image:type\" content=\"image\/jpeg\" \/>\n<meta name=\"author\" content=\"La r\u00e9daction\" \/>\n<meta name=\"twitter:card\" content=\"summary_large_image\" \/>\n<meta name=\"twitter:label1\" content=\"\u00c9crit par\" \/>\n\t<meta name=\"twitter:data1\" content=\"La r\u00e9daction\" \/>\n\t<meta name=\"twitter:label2\" content=\"Dur\u00e9e de lecture estim\u00e9e\" \/>\n\t<meta name=\"twitter:data2\" content=\"4 minutes\" \/>\n<script type=\"application\/ld+json\" class=\"yoast-schema-graph\">{\"@context\":\"https:\/\/schema.org\",\"@graph\":[{\"@type\":\"WebPage\",\"@id\":\"https:\/\/univers.tg\/index.php\/2026\/09\/02\/foire-adjafi-2026-les-communes-renforcent-leur-engagement-aux-cotes-des-jeunes-entrepreneurs\/\",\"url\":\"https:\/\/univers.tg\/index.php\/2026\/09\/02\/foire-adjafi-2026-les-communes-renforcent-leur-engagement-aux-cotes-des-jeunes-entrepreneurs\/\",\"name\":\"Foire Adjafi 2026 : les communes renforcent leur engagement aux c\u00f4t\u00e9s des jeunes entrepreneurs - UNIVERS.TG\",\"isPartOf\":{\"@id\":\"https:\/\/univers.tg\/#website\"},\"primaryImageOfPage\":{\"@id\":\"https:\/\/univers.tg\/index.php\/2026\/09\/02\/foire-adjafi-2026-les-communes-renforcent-leur-engagement-aux-cotes-des-jeunes-entrepreneurs\/#primaryimage\"},\"image\":{\"@id\":\"https:\/\/univers.tg\/index.php\/2026\/09\/02\/foire-adjafi-2026-les-communes-renforcent-leur-engagement-aux-cotes-des-jeunes-entrepreneurs\/#primaryimage\"},\"thumbnailUrl\":\"https:\/\/univers.tg\/wp-content\/uploads\/2026\/09\/IMG-20260902-WA0086.jpg?wsr\",\"datePublished\":\"2026-09-02T20:45:28+00:00\",\"dateModified\":\"2026-09-02T20:45:30+00:00\",\"author\":{\"@id\":\"https:\/\/univers.tg\/#\/schema\/person\/7630d7826904ffdd55c0d13d178b97eb\"},\"description\":\"La 14e \u00e9dition de la Foire Adjafi a accueilli, mercredi 2 septembre 2026, la quatri\u00e8me Journ\u00e9e des communes\",\"breadcrumb\":{\"@id\":\"https:\/\/univers.tg\/index.php\/2026\/09\/02\/foire-adjafi-2026-les-communes-renforcent-leur-engagement-aux-cotes-des-jeunes-entrepreneurs\/#breadcrumb\"},\"inLanguage\":\"fr-FR\",\"potentialAction\":[{\"@type\":\"ReadAction\",\"target\":[\"https:\/\/univers.tg\/index.php\/2026\/09\/02\/foire-adjafi-2026-les-communes-renforcent-leur-engagement-aux-cotes-des-jeunes-entrepreneurs\/\"]}]},{\"@type\":\"ImageObject\",\"inLanguage\":\"fr-FR\",\"@id\":\"https:\/\/univers.tg\/index.php\/2026\/09\/02\/foire-adjafi-2026-les-communes-renforcent-leur-engagement-aux-cotes-des-jeunes-entrepreneurs\/#primaryimage\",\"url\":\"https:\/\/univers.tg\/wp-content\/uploads\/2026\/09\/IMG-20260902-WA0086.jpg?wsr\",\"contentUrl\":\"https:\/\/univers.tg\/wp-content\/uploads\/2026\/09\/IMG-20260902-WA0086.jpg?wsr\",\"width\":1280,\"height\":720},{\"@type\":\"BreadcrumbList\",\"@id\":\"https:\/\/univers.tg\/index.php\/2026\/09\/02\/foire-adjafi-2026-les-communes-renforcent-leur-engagement-aux-cotes-des-jeunes-entrepreneurs\/#breadcrumb\",\"itemListElement\":[{\"@type\":\"ListItem\",\"position\":1,\"name\":\"Accueil\",\"item\":\"https:\/\/univers.tg\/\"},{\"@type\":\"ListItem\",\"position\":2,\"name\":\"Foire Adjafi 2026 : les communes renforcent leur engagement aux c\u00f4t\u00e9s des jeunes entrepreneurs\"}]},{\"@type\":\"WebSite\",\"@id\":\"https:\/\/univers.tg\/#website\",\"url\":\"https:\/\/univers.tg\/\",\"name\":\"UNIVERS.TG\",\"description\":\"AUTORISATION HAAC N\u00b0 0123\/02-2024\/PL\/P\",\"potentialAction\":[{\"@type\":\"SearchAction\",\"target\":{\"@type\":\"EntryPoint\",\"urlTemplate\":\"https:\/\/univers.tg\/?s={search_term_string}\"},\"query-input\":{\"@type\":\"PropertyValueSpecification\",\"valueRequired\":true,\"valueName\":\"search_term_string\"}}],\"inLanguage\":\"fr-FR\"},{\"@type\":\"Person\",\"@id\":\"https:\/\/univers.tg\/#\/schema\/person\/7630d7826904ffdd55c0d13d178b97eb\",\"name\":\"La r\u00e9daction\",\"image\":{\"@type\":\"ImageObject\",\"inLanguage\":\"fr-FR\",\"@id\":\"https:\/\/univers.tg\/#\/schema\/person\/image\/\",\"url\":\"https:\/\/secure.gravatar.com\/avatar\/b9367486cc4651720458a662d192721c9d7cc1f4afe379e49612ab1a610e08ca?s=96&d=mm&r=g\",\"contentUrl\":\"https:\/\/secure.gravatar.com\/avatar\/b9367486cc4651720458a662d192721c9d7cc1f4afe379e49612ab1a610e08ca?s=96&d=mm&r=g\",\"caption\":\"La r\u00e9daction\"},\"url\":\"https:\/\/univers.tg\/index.php\/author\/jeremy-ahossou\/\"}]}<\/script>\n<!-- \/ Yoast SEO plugin. -->","yoast_head_json":{"title":"Foire Adjafi 2026 : les communes renforcent leur engagement aux c\u00f4t\u00e9s des jeunes entrepreneurs - UNIVERS.TG","description":"La 14e \u00e9dition de la Foire Adjafi a accueilli, mercredi 2 septembre 2026, la quatri\u00e8me Journ\u00e9e des communes","robots":{"index":"index","follow":"follow","max-snippet":"max-snippet:-1","max-image-preview":"max-image-preview:large","max-video-preview":"max-video-preview:-1"},"canonical":"https:\/\/univers.tg\/index.php\/2026\/09\/02\/foire-adjafi-2026-les-communes-renforcent-leur-engagement-aux-cotes-des-jeunes-entrepreneurs\/","og_locale":"fr_FR","og_type":"article","og_title":"Foire Adjafi 2026 : les communes renforcent leur engagement aux c\u00f4t\u00e9s des jeunes entrepreneurs - UNIVERS.TG","og_description":"La 14e \u00e9dition de la Foire Adjafi a accueilli, mercredi 2 septembre 2026, la quatri\u00e8me Journ\u00e9e des communes","og_url":"https:\/\/univers.tg\/index.php\/2026\/09\/02\/foire-adjafi-2026-les-communes-renforcent-leur-engagement-aux-cotes-des-jeunes-entrepreneurs\/","og_site_name":"UNIVERS.TG","article_published_time":"2026-09-02T20:45:28+00:00","article_modified_time":"2026-09-02T20:45:30+00:00","og_image":[{"width":1280,"height":720,"url":"https:\/\/univers.tg\/wp-content\/uploads\/2026\/09\/IMG-20260902-WA0086.jpg?wsr","type":"image\/jpeg"}],"author":"La r\u00e9daction","twitter_card":"summary_large_image","twitter_misc":{"\u00c9crit par":"La r\u00e9daction","Dur\u00e9e de lecture estim\u00e9e":"4 minutes"},"schema":{"@context":"https:\/\/schema.org","@graph":[{"@type":"WebPage","@id":"https:\/\/univers.tg\/index.php\/2026\/09\/02\/foire-adjafi-2026-les-communes-renforcent-leur-engagement-aux-cotes-des-jeunes-entrepreneurs\/","url":"https:\/\/univers.tg\/index.php\/2026\/09\/02\/foire-adjafi-2026-les-communes-renforcent-leur-engagement-aux-cotes-des-jeunes-entrepreneurs\/","name":"Foire Adjafi 2026 : les communes renforcent leur engagement aux c\u00f4t\u00e9s des jeunes entrepreneurs - UNIVERS.TG","isPartOf":{"@id":"https:\/\/univers.tg\/#website"},"primaryImageOfPage":{"@id":"https:\/\/univers.tg\/index.php\/2026\/09\/02\/foire-adjafi-2026-les-communes-renforcent-leur-engagement-aux-cotes-des-jeunes-entrepreneurs\/#primaryimage"},"image":{"@id":"https:\/\/univers.tg\/index.php\/2026\/09\/02\/foire-adjafi-2026-les-communes-renforcent-leur-engagement-aux-cotes-des-jeunes-entrepreneurs\/#primaryimage"},"thumbnailUrl":"https:\/\/univers.tg\/wp-content\/uploads\/2026\/09\/IMG-20260902-WA0086.jpg?wsr","datePublished":"2026-09-02T20:45:28+00:00","dateModified":"2026-09-02T20:45:30+00:00","author":{"@id":"https:\/\/univers.tg\/#\/schema\/person\/7630d7826904ffdd55c0d13d178b97eb"},"description":"La 14e \u00e9dition de la Foire Adjafi a accueilli, mercredi 2 septembre 2026, la quatri\u00e8me Journ\u00e9e des communes","breadcrumb":{"@id":"https:\/\/univers.tg\/index.php\/2026\/09\/02\/foire-adjafi-2026-les-communes-renforcent-leur-engagement-aux-cotes-des-jeunes-entrepreneurs\/#breadcrumb"},"inLanguage":"fr-FR","potentialAction":[{"@type":"ReadAction","target":["https:\/\/univers.tg\/index.php\/2026\/09\/02\/foire-adjafi-2026-les-communes-renforcent-leur-engagement-aux-cotes-des-jeunes-entrepreneurs\/"]}]},{"@type":"ImageObject","inLanguage":"fr-FR","@id":"https:\/\/univers.tg\/index.php\/2026\/09\/02\/foire-adjafi-2026-les-communes-renforcent-leur-engagement-aux-cotes-des-jeunes-entrepreneurs\/#primaryimage","url":"https:\/\/univers.tg\/wp-content\/uploads\/2026\/09\/IMG-20260902-WA0086.jpg?wsr","contentUrl":"https:\/\/univers.tg\/wp-content\/uploads\/2026\/09\/IMG-20260902-WA0086.jpg?wsr","width":1280,"height":720},{"@type":"BreadcrumbList","@id":"https:\/\/univers.tg\/index.php\/2026\/09\/02\/foire-adjafi-2026-les-communes-renforcent-leur-engagement-aux-cotes-des-jeunes-entrepreneurs\/#breadcrumb","itemListElement":[{"@type":"ListItem","position":1,"name":"Accueil","item":"https:\/\/univers.tg\/"},{"@type":"ListItem","position":2,"name":"Foire Adjafi 2026 : les communes renforcent leur engagement aux c\u00f4t\u00e9s des jeunes entrepreneurs"}]},{"@type":"WebSite","@id":"https:\/\/univers.tg\/#website","url":"https:\/\/univers.tg\/","name":"UNIVERS.TG","description":"AUTORISATION HAAC N\u00b0 0123\/02-2024\/PL\/P","potentialAction":[{"@type":"SearchAction","target":{"@type":"EntryPoint","urlTemplate":"https:\/\/univers.tg\/?s={search_term_string}"},"query-input":{"@type":"PropertyValueSpecification","valueRequired":true,"valueName":"search_term_string"}}],"inLanguage":"fr-FR"},{"@type":"Person","@id":"https:\/\/univers.tg\/#\/schema\/person\/7630d7826904ffdd55c0d13d178b97eb","name":"La r\u00e9daction","image":{"@type":"ImageObject","inLanguage":"fr-FR","@id":"https:\/\/univers.tg\/#\/schema\/person\/image\/","url":"https:\/\/secure.gravatar.com\/avatar\/b9367486cc4651720458a662d192721c9d7cc1f4afe379e49612ab1a610e08ca?s=96&d=mm&r=g","contentUrl":"https:\/\/secure.gravatar.com\/avatar\/b9367486cc4651720458a662d192721c9d7cc1f4afe379e49612ab1a610e08ca?s=96&d=mm&r=g","caption":"La r\u00e9daction"},"url":"https:\/\/univers.tg\/index.php\/author\/jeremy-ahossou\/"}]}},"_links":{"self":[{"href":"https:\/\/univers.tg\/index.php\/wp-json\/wp\/v2\/posts\/9769","targetHints":{"allow":["GET"]}}],"collection":[{"href":"https:\/\/univers.tg\/index.php\/wp-json\/wp\/v2\/posts"}],"about":[{"href":"https:\/\/univers.tg\/index.php\/wp-json\/wp\/v2\/types\/post"}],"author":[{"embeddable":true,"href":"https:\/\/univers.tg\/index.php\/wp-json\/wp\/v2\/users\/5"}],"replies":[{"embeddable":true,"href":"https:\/\/univers.tg\/index.php\/wp-json\/wp\/v2\/comments?post=9769"}],"version-history":[{"count":1,"href":"https:\/\/univers.tg\/index.php\/wp-json\/wp\/v2\/posts\/9769\/revisions"}],"predecessor-version":[{"id":9773,"href":"https:\/\/univers.tg\/index.php\/wp-json\/wp\/v2\/posts\/9769\/revisions\/9773"}],"wp:featuredmedia":[{"embeddable":true,"href":"https:\/\/univers.tg\/index.php\/wp-json\/wp\/v2\/media\/9770"}],"wp:attachment":[{"href":"https:\/\/univers.tg\/index.php\/wp-json\/wp\/v2\/media?parent=9769"}],"wp:term":[{"taxonomy":"category","embeddable":true,"href":"https:\/\/univers.tg\/index.php\/wp-json\/wp\/v2\/categories?post=9769"},{"taxonomy":"post_tag","embeddable":true,"href":"https:\/\/univers.tg\/index.php\/wp-json\/wp\/v2\/tags?post=9769"}],"curies":[{"name":"wp","href":"https:\/\/api.w.org\/{rel}","templated":true}]}}