{"id":9777,"date":"2026-09-03T10:36:15","date_gmt":"2026-09-03T10:36:15","guid":{"rendered":"https:\/\/univers.tg\/?p=9777"},"modified":"2026-09-03T10:36:16","modified_gmt":"2026-09-03T10:36:16","slug":"togo-unir-clarifie-sa-position-sur-larret-de-la-cour-de-justice-de-la-cedeao","status":"publish","type":"post","link":"https:\/\/univers.tg\/index.php\/2026\/09\/03\/togo-unir-clarifie-sa-position-sur-larret-de-la-cour-de-justice-de-la-cedeao\/","title":{"rendered":"Togo : UNIR clarifie sa position sur l\u2019arr\u00eat de la Cour de justice de la CEDEAO"},"content":{"rendered":"\n<p class=\"wp-block-paragraph\">Le parti au pouvoir, l\u2019Union pour la R\u00e9publique (UNIR), a r\u00e9agi \u00e0 l\u2019arr\u00eat rendu par la Cour de justice de la CEDEAO au sujet de la r\u00e9forme constitutionnelle adopt\u00e9e au Togo en 2024. Par la voix de Kanka-Malik Natchaba, la formation politique estime que cette d\u00e9cision de la juridiction communautaire ne remet pas en cause l\u2019ordre constitutionnel actuellement en vigueur dans le pays.<\/p>\n\n\n\n<p class=\"wp-block-paragraph\"><br>Cette lecture d\u2019UNIR intervient dans un contexte de divergences au sein de la classe politique togolaise. Alors que certains acteurs de l\u2019opposition consid\u00e8rent que l\u2019arr\u00eat pourrait avoir des implications sur la l\u00e9gitimit\u00e9 des institutions mises en place apr\u00e8s la r\u00e9forme constitutionnelle, le parti pr\u00e9sidentiel d\u00e9fend une interpr\u00e9tation diff\u00e9rente de la port\u00e9e de la d\u00e9cision judiciaire.<\/p>\n\n\n\n<p class=\"wp-block-paragraph\"><br>Le d\u00e9bat reste ainsi ouvert sur les cons\u00e9quences concr\u00e8tes de l\u2019arr\u00eat de la Cour de justice de la CEDEAO. Les diff\u00e9rentes sensibilit\u00e9s politiques continuent de s\u2019appuyer sur cette d\u00e9cision pour soutenir leurs analyses respectives de la situation institutionnelle du Togo, faisant de son interpr\u00e9tation un nouveau sujet de d\u00e9bat politique national.<\/p>\n\n\n\n<p class=\"wp-block-paragraph\"><\/p>\n","protected":false},"excerpt":{"rendered":"<p>Le parti au pouvoir, l\u2019Union pour la R\u00e9publique (UNIR), a r\u00e9agi \u00e0 l\u2019arr\u00eat rendu par la Cour de justice de la CEDEAO au sujet de la r\u00e9forme constitutionnelle adopt\u00e9e au Togo en 2024. Par la voix de Kanka-Malik Natchaba, la formation politique estime que cette d\u00e9cision de la juridiction communautaire ne remet pas en cause<\/p>\n","protected":false},"author":5,"featured_media":9778,"comment_status":"open","ping_status":"open","sticky":false,"template":"","format":"standard","meta":{"footnotes":""},"categories":[4],"tags":[],"class_list":["post-9777","post","type-post","status-publish","format-standard","has-post-thumbnail","hentry","category-politique"],"yoast_head":"<!-- This site is optimized with the Yoast SEO plugin v26.4 - https:\/\/yoast.com\/wordpress\/plugins\/seo\/ -->\n<title>Togo : UNIR clarifie sa position sur l\u2019arr\u00eat de la Cour de justice de la CEDEAO - UNIVERS.TG<\/title>\n<meta name=\"description\" content=\"Le parti au pouvoir, l\u2019Union pour la R\u00e9publique (UNIR), a r\u00e9agi \u00e0 l\u2019arr\u00eat rendu par la Cour de justice de la CEDEAO au sujet de la r\u00e9forme constitutionnelle adopt\u00e9e au Togo en 2024\" \/>\n<meta name=\"robots\" content=\"index, follow, max-snippet:-1, max-image-preview:large, max-video-preview:-1\" \/>\n<link rel=\"canonical\" href=\"https:\/\/univers.tg\/index.php\/2026\/09\/03\/togo-unir-clarifie-sa-position-sur-larret-de-la-cour-de-justice-de-la-cedeao\/\" \/>\n<meta property=\"og:locale\" content=\"fr_FR\" \/>\n<meta property=\"og:type\" content=\"article\" \/>\n<meta property=\"og:title\" content=\"Togo : UNIR clarifie sa position sur l\u2019arr\u00eat de la Cour de justice de la CEDEAO - UNIVERS.TG\" \/>\n<meta property=\"og:description\" content=\"Le parti au pouvoir, l\u2019Union pour la R\u00e9publique (UNIR), a r\u00e9agi \u00e0 l\u2019arr\u00eat rendu par la Cour de justice de la CEDEAO au sujet de la r\u00e9forme constitutionnelle adopt\u00e9e au Togo en 2024\" \/>\n<meta property=\"og:url\" content=\"https:\/\/univers.tg\/index.php\/2026\/09\/03\/togo-unir-clarifie-sa-position-sur-larret-de-la-cour-de-justice-de-la-cedeao\/\" \/>\n<meta property=\"og:site_name\" content=\"UNIVERS.TG\" \/>\n<meta property=\"article:published_time\" content=\"2026-09-03T10:36:15+00:00\" \/>\n<meta property=\"article:modified_time\" content=\"2026-09-03T10:36:16+00:00\" \/>\n<meta property=\"og:image\" content=\"https:\/\/univers.tg\/wp-content\/uploads\/2026\/09\/1713020529130.jpeg?wsr\" \/>\n\t<meta property=\"og:image:width\" content=\"800\" \/>\n\t<meta property=\"og:image:height\" content=\"533\" \/>\n\t<meta property=\"og:image:type\" content=\"image\/jpeg\" \/>\n<meta name=\"author\" content=\"La r\u00e9daction\" \/>\n<meta name=\"twitter:card\" content=\"summary_large_image\" \/>\n<meta name=\"twitter:label1\" content=\"\u00c9crit par\" \/>\n\t<meta name=\"twitter:data1\" content=\"La r\u00e9daction\" \/>\n\t<meta name=\"twitter:label2\" content=\"Dur\u00e9e de lecture estim\u00e9e\" \/>\n\t<meta name=\"twitter:data2\" content=\"2 minutes\" \/>\n<script type=\"application\/ld+json\" class=\"yoast-schema-graph\">{\"@context\":\"https:\/\/schema.org\",\"@graph\":[{\"@type\":\"WebPage\",\"@id\":\"https:\/\/univers.tg\/index.php\/2026\/09\/03\/togo-unir-clarifie-sa-position-sur-larret-de-la-cour-de-justice-de-la-cedeao\/\",\"url\":\"https:\/\/univers.tg\/index.php\/2026\/09\/03\/togo-unir-clarifie-sa-position-sur-larret-de-la-cour-de-justice-de-la-cedeao\/\",\"name\":\"Togo : UNIR clarifie sa position sur l\u2019arr\u00eat de la Cour de justice de la CEDEAO - UNIVERS.TG\",\"isPartOf\":{\"@id\":\"https:\/\/univers.tg\/#website\"},\"primaryImageOfPage\":{\"@id\":\"https:\/\/univers.tg\/index.php\/2026\/09\/03\/togo-unir-clarifie-sa-position-sur-larret-de-la-cour-de-justice-de-la-cedeao\/#primaryimage\"},\"image\":{\"@id\":\"https:\/\/univers.tg\/index.php\/2026\/09\/03\/togo-unir-clarifie-sa-position-sur-larret-de-la-cour-de-justice-de-la-cedeao\/#primaryimage\"},\"thumbnailUrl\":\"https:\/\/univers.tg\/wp-content\/uploads\/2026\/09\/1713020529130.jpeg?wsr\",\"datePublished\":\"2026-09-03T10:36:15+00:00\",\"dateModified\":\"2026-09-03T10:36:16+00:00\",\"author\":{\"@id\":\"https:\/\/univers.tg\/#\/schema\/person\/7630d7826904ffdd55c0d13d178b97eb\"},\"description\":\"Le parti au pouvoir, l\u2019Union pour la R\u00e9publique (UNIR), a r\u00e9agi \u00e0 l\u2019arr\u00eat rendu par la Cour de justice de la CEDEAO au sujet de la r\u00e9forme constitutionnelle adopt\u00e9e au Togo en 2024\",\"breadcrumb\":{\"@id\":\"https:\/\/univers.tg\/index.php\/2026\/09\/03\/togo-unir-clarifie-sa-position-sur-larret-de-la-cour-de-justice-de-la-cedeao\/#breadcrumb\"},\"inLanguage\":\"fr-FR\",\"potentialAction\":[{\"@type\":\"ReadAction\",\"target\":[\"https:\/\/univers.tg\/index.php\/2026\/09\/03\/togo-unir-clarifie-sa-position-sur-larret-de-la-cour-de-justice-de-la-cedeao\/\"]}]},{\"@type\":\"ImageObject\",\"inLanguage\":\"fr-FR\",\"@id\":\"https:\/\/univers.tg\/index.php\/2026\/09\/03\/togo-unir-clarifie-sa-position-sur-larret-de-la-cour-de-justice-de-la-cedeao\/#primaryimage\",\"url\":\"https:\/\/univers.tg\/wp-content\/uploads\/2026\/09\/1713020529130.jpeg?wsr\",\"contentUrl\":\"https:\/\/univers.tg\/wp-content\/uploads\/2026\/09\/1713020529130.jpeg?wsr\",\"width\":800,\"height\":533},{\"@type\":\"BreadcrumbList\",\"@id\":\"https:\/\/univers.tg\/index.php\/2026\/09\/03\/togo-unir-clarifie-sa-position-sur-larret-de-la-cour-de-justice-de-la-cedeao\/#breadcrumb\",\"itemListElement\":[{\"@type\":\"ListItem\",\"position\":1,\"name\":\"Accueil\",\"item\":\"https:\/\/univers.tg\/\"},{\"@type\":\"ListItem\",\"position\":2,\"name\":\"Togo : UNIR clarifie sa position sur l\u2019arr\u00eat de la Cour de justice de la CEDEAO\"}]},{\"@type\":\"WebSite\",\"@id\":\"https:\/\/univers.tg\/#website\",\"url\":\"https:\/\/univers.tg\/\",\"name\":\"UNIVERS.TG\",\"description\":\"AUTORISATION HAAC N\u00b0 0123\/02-2024\/PL\/P\",\"potentialAction\":[{\"@type\":\"SearchAction\",\"target\":{\"@type\":\"EntryPoint\",\"urlTemplate\":\"https:\/\/univers.tg\/?s={search_term_string}\"},\"query-input\":{\"@type\":\"PropertyValueSpecification\",\"valueRequired\":true,\"valueName\":\"search_term_string\"}}],\"inLanguage\":\"fr-FR\"},{\"@type\":\"Person\",\"@id\":\"https:\/\/univers.tg\/#\/schema\/person\/7630d7826904ffdd55c0d13d178b97eb\",\"name\":\"La r\u00e9daction\",\"image\":{\"@type\":\"ImageObject\",\"inLanguage\":\"fr-FR\",\"@id\":\"https:\/\/univers.tg\/#\/schema\/person\/image\/\",\"url\":\"https:\/\/secure.gravatar.com\/avatar\/b9367486cc4651720458a662d192721c9d7cc1f4afe379e49612ab1a610e08ca?s=96&d=mm&r=g\",\"contentUrl\":\"https:\/\/secure.gravatar.com\/avatar\/b9367486cc4651720458a662d192721c9d7cc1f4afe379e49612ab1a610e08ca?s=96&d=mm&r=g\",\"caption\":\"La r\u00e9daction\"},\"url\":\"https:\/\/univers.tg\/index.php\/author\/jeremy-ahossou\/\"}]}<\/script>\n<!-- \/ Yoast SEO plugin. -->","yoast_head_json":{"title":"Togo : UNIR clarifie sa position sur l\u2019arr\u00eat de la Cour de justice de la CEDEAO - UNIVERS.TG","description":"Le parti au pouvoir, l\u2019Union pour la R\u00e9publique (UNIR), a r\u00e9agi \u00e0 l\u2019arr\u00eat rendu par la Cour de justice de la CEDEAO au sujet de la r\u00e9forme constitutionnelle adopt\u00e9e au Togo en 2024","robots":{"index":"index","follow":"follow","max-snippet":"max-snippet:-1","max-image-preview":"max-image-preview:large","max-video-preview":"max-video-preview:-1"},"canonical":"https:\/\/univers.tg\/index.php\/2026\/09\/03\/togo-unir-clarifie-sa-position-sur-larret-de-la-cour-de-justice-de-la-cedeao\/","og_locale":"fr_FR","og_type":"article","og_title":"Togo : UNIR clarifie sa position sur l\u2019arr\u00eat de la Cour de justice de la CEDEAO - UNIVERS.TG","og_description":"Le parti au pouvoir, l\u2019Union pour la R\u00e9publique (UNIR), a r\u00e9agi \u00e0 l\u2019arr\u00eat rendu par la Cour de justice de la CEDEAO au sujet de la r\u00e9forme constitutionnelle adopt\u00e9e au Togo en 2024","og_url":"https:\/\/univers.tg\/index.php\/2026\/09\/03\/togo-unir-clarifie-sa-position-sur-larret-de-la-cour-de-justice-de-la-cedeao\/","og_site_name":"UNIVERS.TG","article_published_time":"2026-09-03T10:36:15+00:00","article_modified_time":"2026-09-03T10:36:16+00:00","og_image":[{"width":800,"height":533,"url":"https:\/\/univers.tg\/wp-content\/uploads\/2026\/09\/1713020529130.jpeg?wsr","type":"image\/jpeg"}],"author":"La r\u00e9daction","twitter_card":"summary_large_image","twitter_misc":{"\u00c9crit par":"La r\u00e9daction","Dur\u00e9e de lecture estim\u00e9e":"2 minutes"},"schema":{"@context":"https:\/\/schema.org","@graph":[{"@type":"WebPage","@id":"https:\/\/univers.tg\/index.php\/2026\/09\/03\/togo-unir-clarifie-sa-position-sur-larret-de-la-cour-de-justice-de-la-cedeao\/","url":"https:\/\/univers.tg\/index.php\/2026\/09\/03\/togo-unir-clarifie-sa-position-sur-larret-de-la-cour-de-justice-de-la-cedeao\/","name":"Togo : UNIR clarifie sa position sur l\u2019arr\u00eat de la Cour de justice de la CEDEAO - UNIVERS.TG","isPartOf":{"@id":"https:\/\/univers.tg\/#website"},"primaryImageOfPage":{"@id":"https:\/\/univers.tg\/index.php\/2026\/09\/03\/togo-unir-clarifie-sa-position-sur-larret-de-la-cour-de-justice-de-la-cedeao\/#primaryimage"},"image":{"@id":"https:\/\/univers.tg\/index.php\/2026\/09\/03\/togo-unir-clarifie-sa-position-sur-larret-de-la-cour-de-justice-de-la-cedeao\/#primaryimage"},"thumbnailUrl":"https:\/\/univers.tg\/wp-content\/uploads\/2026\/09\/1713020529130.jpeg?wsr","datePublished":"2026-09-03T10:36:15+00:00","dateModified":"2026-09-03T10:36:16+00:00","author":{"@id":"https:\/\/univers.tg\/#\/schema\/person\/7630d7826904ffdd55c0d13d178b97eb"},"description":"Le parti au pouvoir, l\u2019Union pour la R\u00e9publique (UNIR), a r\u00e9agi \u00e0 l\u2019arr\u00eat rendu par la Cour de justice de la CEDEAO au sujet de la r\u00e9forme constitutionnelle adopt\u00e9e au Togo en 2024","breadcrumb":{"@id":"https:\/\/univers.tg\/index.php\/2026\/09\/03\/togo-unir-clarifie-sa-position-sur-larret-de-la-cour-de-justice-de-la-cedeao\/#breadcrumb"},"inLanguage":"fr-FR","potentialAction":[{"@type":"ReadAction","target":["https:\/\/univers.tg\/index.php\/2026\/09\/03\/togo-unir-clarifie-sa-position-sur-larret-de-la-cour-de-justice-de-la-cedeao\/"]}]},{"@type":"ImageObject","inLanguage":"fr-FR","@id":"https:\/\/univers.tg\/index.php\/2026\/09\/03\/togo-unir-clarifie-sa-position-sur-larret-de-la-cour-de-justice-de-la-cedeao\/#primaryimage","url":"https:\/\/univers.tg\/wp-content\/uploads\/2026\/09\/1713020529130.jpeg?wsr","contentUrl":"https:\/\/univers.tg\/wp-content\/uploads\/2026\/09\/1713020529130.jpeg?wsr","width":800,"height":533},{"@type":"BreadcrumbList","@id":"https:\/\/univers.tg\/index.php\/2026\/09\/03\/togo-unir-clarifie-sa-position-sur-larret-de-la-cour-de-justice-de-la-cedeao\/#breadcrumb","itemListElement":[{"@type":"ListItem","position":1,"name":"Accueil","item":"https:\/\/univers.tg\/"},{"@type":"ListItem","position":2,"name":"Togo : UNIR clarifie sa position sur l\u2019arr\u00eat de la Cour de justice de la CEDEAO"}]},{"@type":"WebSite","@id":"https:\/\/univers.tg\/#website","url":"https:\/\/univers.tg\/","name":"UNIVERS.TG","description":"AUTORISATION HAAC N\u00b0 0123\/02-2024\/PL\/P","potentialAction":[{"@type":"SearchAction","target":{"@type":"EntryPoint","urlTemplate":"https:\/\/univers.tg\/?s={search_term_string}"},"query-input":{"@type":"PropertyValueSpecification","valueRequired":true,"valueName":"search_term_string"}}],"inLanguage":"fr-FR"},{"@type":"Person","@id":"https:\/\/univers.tg\/#\/schema\/person\/7630d7826904ffdd55c0d13d178b97eb","name":"La r\u00e9daction","image":{"@type":"ImageObject","inLanguage":"fr-FR","@id":"https:\/\/univers.tg\/#\/schema\/person\/image\/","url":"https:\/\/secure.gravatar.com\/avatar\/b9367486cc4651720458a662d192721c9d7cc1f4afe379e49612ab1a610e08ca?s=96&d=mm&r=g","contentUrl":"https:\/\/secure.gravatar.com\/avatar\/b9367486cc4651720458a662d192721c9d7cc1f4afe379e49612ab1a610e08ca?s=96&d=mm&r=g","caption":"La r\u00e9daction"},"url":"https:\/\/univers.tg\/index.php\/author\/jeremy-ahossou\/"}]}},"_links":{"self":[{"href":"https:\/\/univers.tg\/index.php\/wp-json\/wp\/v2\/posts\/9777","targetHints":{"allow":["GET"]}}],"collection":[{"href":"https:\/\/univers.tg\/index.php\/wp-json\/wp\/v2\/posts"}],"about":[{"href":"https:\/\/univers.tg\/index.php\/wp-json\/wp\/v2\/types\/post"}],"author":[{"embeddable":true,"href":"https:\/\/univers.tg\/index.php\/wp-json\/wp\/v2\/users\/5"}],"replies":[{"embeddable":true,"href":"https:\/\/univers.tg\/index.php\/wp-json\/wp\/v2\/comments?post=9777"}],"version-history":[{"count":1,"href":"https:\/\/univers.tg\/index.php\/wp-json\/wp\/v2\/posts\/9777\/revisions"}],"predecessor-version":[{"id":9779,"href":"https:\/\/univers.tg\/index.php\/wp-json\/wp\/v2\/posts\/9777\/revisions\/9779"}],"wp:featuredmedia":[{"embeddable":true,"href":"https:\/\/univers.tg\/index.php\/wp-json\/wp\/v2\/media\/9778"}],"wp:attachment":[{"href":"https:\/\/univers.tg\/index.php\/wp-json\/wp\/v2\/media?parent=9777"}],"wp:term":[{"taxonomy":"category","embeddable":true,"href":"https:\/\/univers.tg\/index.php\/wp-json\/wp\/v2\/categories?post=9777"},{"taxonomy":"post_tag","embeddable":true,"href":"https:\/\/univers.tg\/index.php\/wp-json\/wp\/v2\/tags?post=9777"}],"curies":[{"name":"wp","href":"https:\/\/api.w.org\/{rel}","templated":true}]}}