{"id":9780,"date":"2026-09-03T14:49:05","date_gmt":"2026-09-03T14:49:05","guid":{"rendered":"https:\/\/univers.tg\/?p=9780"},"modified":"2026-09-03T14:49:07","modified_gmt":"2026-09-03T14:49:07","slug":"whatsapp-business-meta-annonce-une-nouvelle-tarification-a-partir-du-1er-octobre-2026","status":"publish","type":"post","link":"https:\/\/univers.tg\/index.php\/2026\/09\/03\/whatsapp-business-meta-annonce-une-nouvelle-tarification-a-partir-du-1er-octobre-2026\/","title":{"rendered":"WhatsApp Business : Meta annonce une nouvelle tarification \u00e0 partir du 1er octobre 2026"},"content":{"rendered":"\n<p class=\"wp-block-paragraph\">\u00c0 compter du 1er octobre 2026, Meta pr\u00e9voit de modifier la tarification de WhatsApp Business Platform. Certaines conversations de service client qui b\u00e9n\u00e9ficiaient jusqu\u2019ici de p\u00e9riodes gratuites pourraient d\u00e9sormais \u00eatre factur\u00e9es, notamment pour les entreprises utilisant l\u2019API WhatsApp Business.<\/p>\n\n\n\n<p class=\"wp-block-paragraph\">Cette \u00e9volution concerne principalement les entreprises et leurs outils professionnels, et non les utilisateurs classiques de WhatsApp. Les entreprises qui \u00e9changent quotidiennement avec un grand nombre de clients pourraient ainsi voir leurs co\u00fbts augmenter et \u00eatre amen\u00e9es \u00e0 limiter certains messages automatiques, campagnes ou notifications.<\/p>\n\n\n\n<p class=\"wp-block-paragraph\">Meta poursuit avec cette r\u00e9forme le d\u00e9veloppement de son activit\u00e9 commerciale sur WhatsApp. Toutefois, les petites entreprises utilisant simplement l\u2019application WhatsApp Business pour r\u00e9pondre manuellement \u00e0 leurs clients pourraient \u00eatre moins concern\u00e9es que les grandes structures utilisant l\u2019API \u00e0 grande \u00e9chelle.<\/p>\n\n\n\n<p class=\"wp-block-paragraph\"><\/p>\n","protected":false},"excerpt":{"rendered":"<p>\u00c0 compter du 1er octobre 2026, Meta pr\u00e9voit de modifier la tarification de WhatsApp Business Platform. Certaines conversations de service client qui b\u00e9n\u00e9ficiaient jusqu\u2019ici de p\u00e9riodes gratuites pourraient d\u00e9sormais \u00eatre factur\u00e9es, notamment pour les entreprises utilisant l\u2019API WhatsApp Business. Cette \u00e9volution concerne principalement les entreprises et leurs outils professionnels, et non les utilisateurs classiques de<\/p>\n","protected":false},"author":5,"featured_media":9782,"comment_status":"open","ping_status":"open","sticky":false,"template":"","format":"standard","meta":{"footnotes":""},"categories":[2],"tags":[],"class_list":["post-9780","post","type-post","status-publish","format-standard","has-post-thumbnail","hentry","category-economie"],"yoast_head":"<!-- This site is optimized with the Yoast SEO plugin v26.4 - https:\/\/yoast.com\/wordpress\/plugins\/seo\/ -->\n<title>WhatsApp Business : Meta annonce une nouvelle tarification \u00e0 partir du 1er octobre 2026 - UNIVERS.TG<\/title>\n<meta name=\"robots\" content=\"index, follow, max-snippet:-1, max-image-preview:large, max-video-preview:-1\" \/>\n<link rel=\"canonical\" href=\"https:\/\/univers.tg\/index.php\/2026\/09\/03\/whatsapp-business-meta-annonce-une-nouvelle-tarification-a-partir-du-1er-octobre-2026\/\" \/>\n<meta property=\"og:locale\" content=\"fr_FR\" \/>\n<meta property=\"og:type\" content=\"article\" \/>\n<meta property=\"og:title\" content=\"WhatsApp Business : Meta annonce une nouvelle tarification \u00e0 partir du 1er octobre 2026 - UNIVERS.TG\" \/>\n<meta property=\"og:description\" content=\"\u00c0 compter du 1er octobre 2026, Meta pr\u00e9voit de modifier la tarification de WhatsApp Business Platform. Certaines conversations de service client qui b\u00e9n\u00e9ficiaient jusqu\u2019ici de p\u00e9riodes gratuites pourraient d\u00e9sormais \u00eatre factur\u00e9es, notamment pour les entreprises utilisant l\u2019API WhatsApp Business. Cette \u00e9volution concerne principalement les entreprises et leurs outils professionnels, et non les utilisateurs classiques de\" \/>\n<meta property=\"og:url\" content=\"https:\/\/univers.tg\/index.php\/2026\/09\/03\/whatsapp-business-meta-annonce-une-nouvelle-tarification-a-partir-du-1er-octobre-2026\/\" \/>\n<meta property=\"og:site_name\" content=\"UNIVERS.TG\" \/>\n<meta property=\"article:published_time\" content=\"2026-09-03T14:49:05+00:00\" \/>\n<meta property=\"article:modified_time\" content=\"2026-09-03T14:49:07+00:00\" \/>\n<meta property=\"og:image\" content=\"https:\/\/univers.tg\/wp-content\/uploads\/2026\/09\/l110_14551512746443-1.jpg?wsr\" \/>\n\t<meta property=\"og:image:width\" content=\"960\" \/>\n\t<meta property=\"og:image:height\" content=\"540\" \/>\n\t<meta property=\"og:image:type\" content=\"image\/jpeg\" \/>\n<meta name=\"author\" content=\"La r\u00e9daction\" \/>\n<meta name=\"twitter:card\" content=\"summary_large_image\" \/>\n<meta name=\"twitter:label1\" content=\"\u00c9crit par\" \/>\n\t<meta name=\"twitter:data1\" content=\"La r\u00e9daction\" \/>\n\t<meta name=\"twitter:label2\" content=\"Dur\u00e9e de lecture estim\u00e9e\" \/>\n\t<meta name=\"twitter:data2\" content=\"1 minute\" \/>\n<script type=\"application\/ld+json\" class=\"yoast-schema-graph\">{\"@context\":\"https:\/\/schema.org\",\"@graph\":[{\"@type\":\"WebPage\",\"@id\":\"https:\/\/univers.tg\/index.php\/2026\/09\/03\/whatsapp-business-meta-annonce-une-nouvelle-tarification-a-partir-du-1er-octobre-2026\/\",\"url\":\"https:\/\/univers.tg\/index.php\/2026\/09\/03\/whatsapp-business-meta-annonce-une-nouvelle-tarification-a-partir-du-1er-octobre-2026\/\",\"name\":\"WhatsApp Business : Meta annonce une nouvelle tarification \u00e0 partir du 1er octobre 2026 - UNIVERS.TG\",\"isPartOf\":{\"@id\":\"https:\/\/univers.tg\/#website\"},\"primaryImageOfPage\":{\"@id\":\"https:\/\/univers.tg\/index.php\/2026\/09\/03\/whatsapp-business-meta-annonce-une-nouvelle-tarification-a-partir-du-1er-octobre-2026\/#primaryimage\"},\"image\":{\"@id\":\"https:\/\/univers.tg\/index.php\/2026\/09\/03\/whatsapp-business-meta-annonce-une-nouvelle-tarification-a-partir-du-1er-octobre-2026\/#primaryimage\"},\"thumbnailUrl\":\"https:\/\/univers.tg\/wp-content\/uploads\/2026\/09\/l110_14551512746443-1.jpg?wsr\",\"datePublished\":\"2026-09-03T14:49:05+00:00\",\"dateModified\":\"2026-09-03T14:49:07+00:00\",\"author\":{\"@id\":\"https:\/\/univers.tg\/#\/schema\/person\/7630d7826904ffdd55c0d13d178b97eb\"},\"breadcrumb\":{\"@id\":\"https:\/\/univers.tg\/index.php\/2026\/09\/03\/whatsapp-business-meta-annonce-une-nouvelle-tarification-a-partir-du-1er-octobre-2026\/#breadcrumb\"},\"inLanguage\":\"fr-FR\",\"potentialAction\":[{\"@type\":\"ReadAction\",\"target\":[\"https:\/\/univers.tg\/index.php\/2026\/09\/03\/whatsapp-business-meta-annonce-une-nouvelle-tarification-a-partir-du-1er-octobre-2026\/\"]}]},{\"@type\":\"ImageObject\",\"inLanguage\":\"fr-FR\",\"@id\":\"https:\/\/univers.tg\/index.php\/2026\/09\/03\/whatsapp-business-meta-annonce-une-nouvelle-tarification-a-partir-du-1er-octobre-2026\/#primaryimage\",\"url\":\"https:\/\/univers.tg\/wp-content\/uploads\/2026\/09\/l110_14551512746443-1.jpg?wsr\",\"contentUrl\":\"https:\/\/univers.tg\/wp-content\/uploads\/2026\/09\/l110_14551512746443-1.jpg?wsr\",\"width\":960,\"height\":540},{\"@type\":\"BreadcrumbList\",\"@id\":\"https:\/\/univers.tg\/index.php\/2026\/09\/03\/whatsapp-business-meta-annonce-une-nouvelle-tarification-a-partir-du-1er-octobre-2026\/#breadcrumb\",\"itemListElement\":[{\"@type\":\"ListItem\",\"position\":1,\"name\":\"Accueil\",\"item\":\"https:\/\/univers.tg\/\"},{\"@type\":\"ListItem\",\"position\":2,\"name\":\"WhatsApp Business : Meta annonce une nouvelle tarification \u00e0 partir du 1er octobre 2026\"}]},{\"@type\":\"WebSite\",\"@id\":\"https:\/\/univers.tg\/#website\",\"url\":\"https:\/\/univers.tg\/\",\"name\":\"UNIVERS.TG\",\"description\":\"AUTORISATION HAAC N\u00b0 0123\/02-2024\/PL\/P\",\"potentialAction\":[{\"@type\":\"SearchAction\",\"target\":{\"@type\":\"EntryPoint\",\"urlTemplate\":\"https:\/\/univers.tg\/?s={search_term_string}\"},\"query-input\":{\"@type\":\"PropertyValueSpecification\",\"valueRequired\":true,\"valueName\":\"search_term_string\"}}],\"inLanguage\":\"fr-FR\"},{\"@type\":\"Person\",\"@id\":\"https:\/\/univers.tg\/#\/schema\/person\/7630d7826904ffdd55c0d13d178b97eb\",\"name\":\"La r\u00e9daction\",\"image\":{\"@type\":\"ImageObject\",\"inLanguage\":\"fr-FR\",\"@id\":\"https:\/\/univers.tg\/#\/schema\/person\/image\/\",\"url\":\"https:\/\/secure.gravatar.com\/avatar\/b9367486cc4651720458a662d192721c9d7cc1f4afe379e49612ab1a610e08ca?s=96&d=mm&r=g\",\"contentUrl\":\"https:\/\/secure.gravatar.com\/avatar\/b9367486cc4651720458a662d192721c9d7cc1f4afe379e49612ab1a610e08ca?s=96&d=mm&r=g\",\"caption\":\"La r\u00e9daction\"},\"url\":\"https:\/\/univers.tg\/index.php\/author\/jeremy-ahossou\/\"}]}<\/script>\n<!-- \/ Yoast SEO plugin. -->","yoast_head_json":{"title":"WhatsApp Business : Meta annonce une nouvelle tarification \u00e0 partir du 1er octobre 2026 - UNIVERS.TG","robots":{"index":"index","follow":"follow","max-snippet":"max-snippet:-1","max-image-preview":"max-image-preview:large","max-video-preview":"max-video-preview:-1"},"canonical":"https:\/\/univers.tg\/index.php\/2026\/09\/03\/whatsapp-business-meta-annonce-une-nouvelle-tarification-a-partir-du-1er-octobre-2026\/","og_locale":"fr_FR","og_type":"article","og_title":"WhatsApp Business : Meta annonce une nouvelle tarification \u00e0 partir du 1er octobre 2026 - UNIVERS.TG","og_description":"\u00c0 compter du 1er octobre 2026, Meta pr\u00e9voit de modifier la tarification de WhatsApp Business Platform. Certaines conversations de service client qui b\u00e9n\u00e9ficiaient jusqu\u2019ici de p\u00e9riodes gratuites pourraient d\u00e9sormais \u00eatre factur\u00e9es, notamment pour les entreprises utilisant l\u2019API WhatsApp Business. Cette \u00e9volution concerne principalement les entreprises et leurs outils professionnels, et non les utilisateurs classiques de","og_url":"https:\/\/univers.tg\/index.php\/2026\/09\/03\/whatsapp-business-meta-annonce-une-nouvelle-tarification-a-partir-du-1er-octobre-2026\/","og_site_name":"UNIVERS.TG","article_published_time":"2026-09-03T14:49:05+00:00","article_modified_time":"2026-09-03T14:49:07+00:00","og_image":[{"width":960,"height":540,"url":"https:\/\/univers.tg\/wp-content\/uploads\/2026\/09\/l110_14551512746443-1.jpg?wsr","type":"image\/jpeg"}],"author":"La r\u00e9daction","twitter_card":"summary_large_image","twitter_misc":{"\u00c9crit par":"La r\u00e9daction","Dur\u00e9e de lecture estim\u00e9e":"1 minute"},"schema":{"@context":"https:\/\/schema.org","@graph":[{"@type":"WebPage","@id":"https:\/\/univers.tg\/index.php\/2026\/09\/03\/whatsapp-business-meta-annonce-une-nouvelle-tarification-a-partir-du-1er-octobre-2026\/","url":"https:\/\/univers.tg\/index.php\/2026\/09\/03\/whatsapp-business-meta-annonce-une-nouvelle-tarification-a-partir-du-1er-octobre-2026\/","name":"WhatsApp Business : Meta annonce une nouvelle tarification \u00e0 partir du 1er octobre 2026 - UNIVERS.TG","isPartOf":{"@id":"https:\/\/univers.tg\/#website"},"primaryImageOfPage":{"@id":"https:\/\/univers.tg\/index.php\/2026\/09\/03\/whatsapp-business-meta-annonce-une-nouvelle-tarification-a-partir-du-1er-octobre-2026\/#primaryimage"},"image":{"@id":"https:\/\/univers.tg\/index.php\/2026\/09\/03\/whatsapp-business-meta-annonce-une-nouvelle-tarification-a-partir-du-1er-octobre-2026\/#primaryimage"},"thumbnailUrl":"https:\/\/univers.tg\/wp-content\/uploads\/2026\/09\/l110_14551512746443-1.jpg?wsr","datePublished":"2026-09-03T14:49:05+00:00","dateModified":"2026-09-03T14:49:07+00:00","author":{"@id":"https:\/\/univers.tg\/#\/schema\/person\/7630d7826904ffdd55c0d13d178b97eb"},"breadcrumb":{"@id":"https:\/\/univers.tg\/index.php\/2026\/09\/03\/whatsapp-business-meta-annonce-une-nouvelle-tarification-a-partir-du-1er-octobre-2026\/#breadcrumb"},"inLanguage":"fr-FR","potentialAction":[{"@type":"ReadAction","target":["https:\/\/univers.tg\/index.php\/2026\/09\/03\/whatsapp-business-meta-annonce-une-nouvelle-tarification-a-partir-du-1er-octobre-2026\/"]}]},{"@type":"ImageObject","inLanguage":"fr-FR","@id":"https:\/\/univers.tg\/index.php\/2026\/09\/03\/whatsapp-business-meta-annonce-une-nouvelle-tarification-a-partir-du-1er-octobre-2026\/#primaryimage","url":"https:\/\/univers.tg\/wp-content\/uploads\/2026\/09\/l110_14551512746443-1.jpg?wsr","contentUrl":"https:\/\/univers.tg\/wp-content\/uploads\/2026\/09\/l110_14551512746443-1.jpg?wsr","width":960,"height":540},{"@type":"BreadcrumbList","@id":"https:\/\/univers.tg\/index.php\/2026\/09\/03\/whatsapp-business-meta-annonce-une-nouvelle-tarification-a-partir-du-1er-octobre-2026\/#breadcrumb","itemListElement":[{"@type":"ListItem","position":1,"name":"Accueil","item":"https:\/\/univers.tg\/"},{"@type":"ListItem","position":2,"name":"WhatsApp Business : Meta annonce une nouvelle tarification \u00e0 partir du 1er octobre 2026"}]},{"@type":"WebSite","@id":"https:\/\/univers.tg\/#website","url":"https:\/\/univers.tg\/","name":"UNIVERS.TG","description":"AUTORISATION HAAC N\u00b0 0123\/02-2024\/PL\/P","potentialAction":[{"@type":"SearchAction","target":{"@type":"EntryPoint","urlTemplate":"https:\/\/univers.tg\/?s={search_term_string}"},"query-input":{"@type":"PropertyValueSpecification","valueRequired":true,"valueName":"search_term_string"}}],"inLanguage":"fr-FR"},{"@type":"Person","@id":"https:\/\/univers.tg\/#\/schema\/person\/7630d7826904ffdd55c0d13d178b97eb","name":"La r\u00e9daction","image":{"@type":"ImageObject","inLanguage":"fr-FR","@id":"https:\/\/univers.tg\/#\/schema\/person\/image\/","url":"https:\/\/secure.gravatar.com\/avatar\/b9367486cc4651720458a662d192721c9d7cc1f4afe379e49612ab1a610e08ca?s=96&d=mm&r=g","contentUrl":"https:\/\/secure.gravatar.com\/avatar\/b9367486cc4651720458a662d192721c9d7cc1f4afe379e49612ab1a610e08ca?s=96&d=mm&r=g","caption":"La r\u00e9daction"},"url":"https:\/\/univers.tg\/index.php\/author\/jeremy-ahossou\/"}]}},"_links":{"self":[{"href":"https:\/\/univers.tg\/index.php\/wp-json\/wp\/v2\/posts\/9780","targetHints":{"allow":["GET"]}}],"collection":[{"href":"https:\/\/univers.tg\/index.php\/wp-json\/wp\/v2\/posts"}],"about":[{"href":"https:\/\/univers.tg\/index.php\/wp-json\/wp\/v2\/types\/post"}],"author":[{"embeddable":true,"href":"https:\/\/univers.tg\/index.php\/wp-json\/wp\/v2\/users\/5"}],"replies":[{"embeddable":true,"href":"https:\/\/univers.tg\/index.php\/wp-json\/wp\/v2\/comments?post=9780"}],"version-history":[{"count":1,"href":"https:\/\/univers.tg\/index.php\/wp-json\/wp\/v2\/posts\/9780\/revisions"}],"predecessor-version":[{"id":9781,"href":"https:\/\/univers.tg\/index.php\/wp-json\/wp\/v2\/posts\/9780\/revisions\/9781"}],"wp:featuredmedia":[{"embeddable":true,"href":"https:\/\/univers.tg\/index.php\/wp-json\/wp\/v2\/media\/9782"}],"wp:attachment":[{"href":"https:\/\/univers.tg\/index.php\/wp-json\/wp\/v2\/media?parent=9780"}],"wp:term":[{"taxonomy":"category","embeddable":true,"href":"https:\/\/univers.tg\/index.php\/wp-json\/wp\/v2\/categories?post=9780"},{"taxonomy":"post_tag","embeddable":true,"href":"https:\/\/univers.tg\/index.php\/wp-json\/wp\/v2\/tags?post=9780"}],"curies":[{"name":"wp","href":"https:\/\/api.w.org\/{rel}","templated":true}]}}