{"id":9783,"date":"2026-09-03T17:19:41","date_gmt":"2026-09-03T17:19:41","guid":{"rendered":"https:\/\/univers.tg\/?p=9783"},"modified":"2026-09-03T17:19:43","modified_gmt":"2026-09-03T17:19:43","slug":"epe-ekpe-2026-le-peuple-guin-revele-une-pierre-sacree-de-couleur-blanche","status":"publish","type":"post","link":"https:\/\/univers.tg\/index.php\/2026\/09\/03\/epe-ekpe-2026-le-peuple-guin-revele-une-pierre-sacree-de-couleur-blanche\/","title":{"rendered":"\u00c9p\u00e9-Ekp\u00e9 2026 : le peuple Guin r\u00e9v\u00e8le une pierre sacr\u00e9e de couleur blanche"},"content":{"rendered":"\n<p class=\"wp-block-paragraph\">Le peuple Guin a c\u00e9l\u00e9br\u00e9 ce jeudi 3 septembre 2026, \u00e0 Glidji-Kpodji, dans la pr\u00e9fecture des Lacs, l\u2019un des moments majeurs de son nouvel an traditionnel : la prise de la pierre sacr\u00e9e, connue sous le nom d\u2019\u00c9kp\u00e9ssosso. Cette c\u00e9r\u00e9monie constitue le point culminant de l\u2019\u00c9p\u00e9-Ekp\u00e9, une tradition vieille de plusieurs si\u00e8cles qui rassemble les fils et filles du peuple Guin autour de rites, de pri\u00e8res et de c\u00e9r\u00e9monies culturelles. La 363\u1d49 \u00e9dition avait \u00e9t\u00e9 officiellement fix\u00e9e \u00e0 cette date \u00e0 l\u2019issue du rituel ancestral du d\u00e9compte des 22 graines de ma\u00efs. <\/p>\n\n\n\n<p class=\"wp-block-paragraph\"><br>\u00c0 l\u2019issue du rituel effectu\u00e9 dans la for\u00eat sacr\u00e9e, la pierre sortie cette ann\u00e9e est de couleur blanche. Dans la tradition Guin, la couleur de la pierre sacr\u00e9e est consid\u00e9r\u00e9e comme porteuse d\u2019un message et d\u2019indications pour l\u2019ann\u00e9e qui commence. L\u2019\u00c9kp\u00e9ssosso est ainsi \u00e0 la fois un acte spirituel et un important marqueur de l\u2019identit\u00e9 culturelle du peuple Guin. La c\u00e9r\u00e9monie intervient apr\u00e8s plusieurs jours de rites de purification, de r\u00e9conciliation et de pr\u00e9paration spirituelle. <\/p>\n\n\n\n<p class=\"wp-block-paragraph\"><br>La signification pr\u00e9cise de cette pierre blanche pour l\u2019ann\u00e9e 2026-2027 devrait \u00eatre expliqu\u00e9e par les autorit\u00e9s traditionnelles et les gardiens de la tradition. Lors d\u2019une pr\u00e9c\u00e9dente \u00e9dition, en 2022, une pierre blanche avait notamment \u00e9t\u00e9 pr\u00e9sent\u00e9e comme un symbole de prosp\u00e9rit\u00e9, de bonheur et de paix, avec des recommandations rituelles particuli\u00e8res. <\/p>\n\n\n\n<p class=\"wp-block-paragraph\">Il convient toutefois de distinguer cette interpr\u00e9tation de celle qui sera officiellement donn\u00e9e pour la 363\u1d49 \u00e9dition. <\/p>\n","protected":false},"excerpt":{"rendered":"<p>Le peuple Guin a c\u00e9l\u00e9br\u00e9 ce jeudi 3 septembre 2026, \u00e0 Glidji-Kpodji, dans la pr\u00e9fecture des Lacs, l\u2019un des moments majeurs de son nouvel an traditionnel : la prise de la pierre sacr\u00e9e, connue sous le nom d\u2019\u00c9kp\u00e9ssosso. Cette c\u00e9r\u00e9monie constitue le point culminant de l\u2019\u00c9p\u00e9-Ekp\u00e9, une tradition vieille de plusieurs si\u00e8cles qui rassemble les<\/p>\n","protected":false},"author":5,"featured_media":9784,"comment_status":"open","ping_status":"open","sticky":false,"template":"","format":"standard","meta":{"footnotes":""},"categories":[3],"tags":[],"class_list":["post-9783","post","type-post","status-publish","format-standard","has-post-thumbnail","hentry","category-societe"],"yoast_head":"<!-- This site is optimized with the Yoast SEO plugin v26.4 - https:\/\/yoast.com\/wordpress\/plugins\/seo\/ -->\n<title>\u00c9p\u00e9-Ekp\u00e9 2026 : le peuple Guin r\u00e9v\u00e8le une pierre sacr\u00e9e de couleur blanche - UNIVERS.TG<\/title>\n<meta name=\"description\" content=\"Le peuple Guin a c\u00e9l\u00e9br\u00e9 ce jeudi 3 septembre 2026, \u00e0 Glidji-Kpodji, dans la pr\u00e9fecture des Lacs\" \/>\n<meta name=\"robots\" content=\"index, follow, max-snippet:-1, max-image-preview:large, max-video-preview:-1\" \/>\n<link rel=\"canonical\" href=\"https:\/\/univers.tg\/index.php\/2026\/09\/03\/epe-ekpe-2026-le-peuple-guin-revele-une-pierre-sacree-de-couleur-blanche\/\" \/>\n<meta property=\"og:locale\" content=\"fr_FR\" \/>\n<meta property=\"og:type\" content=\"article\" \/>\n<meta property=\"og:title\" content=\"\u00c9p\u00e9-Ekp\u00e9 2026 : le peuple Guin r\u00e9v\u00e8le une pierre sacr\u00e9e de couleur blanche - UNIVERS.TG\" \/>\n<meta property=\"og:description\" content=\"Le peuple Guin a c\u00e9l\u00e9br\u00e9 ce jeudi 3 septembre 2026, \u00e0 Glidji-Kpodji, dans la pr\u00e9fecture des Lacs\" \/>\n<meta property=\"og:url\" content=\"https:\/\/univers.tg\/index.php\/2026\/09\/03\/epe-ekpe-2026-le-peuple-guin-revele-une-pierre-sacree-de-couleur-blanche\/\" \/>\n<meta property=\"og:site_name\" content=\"UNIVERS.TG\" \/>\n<meta property=\"article:published_time\" content=\"2026-09-03T17:19:41+00:00\" \/>\n<meta property=\"article:modified_time\" content=\"2026-09-03T17:19:43+00:00\" \/>\n<meta property=\"og:image\" content=\"https:\/\/univers.tg\/wp-content\/uploads\/2026\/09\/IMG-20260903-WA0061.jpg?wsr\" \/>\n\t<meta property=\"og:image:width\" content=\"637\" \/>\n\t<meta property=\"og:image:height\" content=\"660\" \/>\n\t<meta property=\"og:image:type\" content=\"image\/jpeg\" \/>\n<meta name=\"author\" content=\"La r\u00e9daction\" \/>\n<meta name=\"twitter:card\" content=\"summary_large_image\" \/>\n<meta name=\"twitter:label1\" content=\"\u00c9crit par\" \/>\n\t<meta name=\"twitter:data1\" content=\"La r\u00e9daction\" \/>\n\t<meta name=\"twitter:label2\" content=\"Dur\u00e9e de lecture estim\u00e9e\" \/>\n\t<meta name=\"twitter:data2\" content=\"2 minutes\" \/>\n<script type=\"application\/ld+json\" class=\"yoast-schema-graph\">{\"@context\":\"https:\/\/schema.org\",\"@graph\":[{\"@type\":\"WebPage\",\"@id\":\"https:\/\/univers.tg\/index.php\/2026\/09\/03\/epe-ekpe-2026-le-peuple-guin-revele-une-pierre-sacree-de-couleur-blanche\/\",\"url\":\"https:\/\/univers.tg\/index.php\/2026\/09\/03\/epe-ekpe-2026-le-peuple-guin-revele-une-pierre-sacree-de-couleur-blanche\/\",\"name\":\"\u00c9p\u00e9-Ekp\u00e9 2026 : le peuple Guin r\u00e9v\u00e8le une pierre sacr\u00e9e de couleur blanche - UNIVERS.TG\",\"isPartOf\":{\"@id\":\"https:\/\/univers.tg\/#website\"},\"primaryImageOfPage\":{\"@id\":\"https:\/\/univers.tg\/index.php\/2026\/09\/03\/epe-ekpe-2026-le-peuple-guin-revele-une-pierre-sacree-de-couleur-blanche\/#primaryimage\"},\"image\":{\"@id\":\"https:\/\/univers.tg\/index.php\/2026\/09\/03\/epe-ekpe-2026-le-peuple-guin-revele-une-pierre-sacree-de-couleur-blanche\/#primaryimage\"},\"thumbnailUrl\":\"https:\/\/univers.tg\/wp-content\/uploads\/2026\/09\/IMG-20260903-WA0061.jpg?wsr\",\"datePublished\":\"2026-09-03T17:19:41+00:00\",\"dateModified\":\"2026-09-03T17:19:43+00:00\",\"author\":{\"@id\":\"https:\/\/univers.tg\/#\/schema\/person\/7630d7826904ffdd55c0d13d178b97eb\"},\"description\":\"Le peuple Guin a c\u00e9l\u00e9br\u00e9 ce jeudi 3 septembre 2026, \u00e0 Glidji-Kpodji, dans la pr\u00e9fecture des Lacs\",\"breadcrumb\":{\"@id\":\"https:\/\/univers.tg\/index.php\/2026\/09\/03\/epe-ekpe-2026-le-peuple-guin-revele-une-pierre-sacree-de-couleur-blanche\/#breadcrumb\"},\"inLanguage\":\"fr-FR\",\"potentialAction\":[{\"@type\":\"ReadAction\",\"target\":[\"https:\/\/univers.tg\/index.php\/2026\/09\/03\/epe-ekpe-2026-le-peuple-guin-revele-une-pierre-sacree-de-couleur-blanche\/\"]}]},{\"@type\":\"ImageObject\",\"inLanguage\":\"fr-FR\",\"@id\":\"https:\/\/univers.tg\/index.php\/2026\/09\/03\/epe-ekpe-2026-le-peuple-guin-revele-une-pierre-sacree-de-couleur-blanche\/#primaryimage\",\"url\":\"https:\/\/univers.tg\/wp-content\/uploads\/2026\/09\/IMG-20260903-WA0061.jpg?wsr\",\"contentUrl\":\"https:\/\/univers.tg\/wp-content\/uploads\/2026\/09\/IMG-20260903-WA0061.jpg?wsr\",\"width\":637,\"height\":660},{\"@type\":\"BreadcrumbList\",\"@id\":\"https:\/\/univers.tg\/index.php\/2026\/09\/03\/epe-ekpe-2026-le-peuple-guin-revele-une-pierre-sacree-de-couleur-blanche\/#breadcrumb\",\"itemListElement\":[{\"@type\":\"ListItem\",\"position\":1,\"name\":\"Accueil\",\"item\":\"https:\/\/univers.tg\/\"},{\"@type\":\"ListItem\",\"position\":2,\"name\":\"\u00c9p\u00e9-Ekp\u00e9 2026 : le peuple Guin r\u00e9v\u00e8le une pierre sacr\u00e9e de couleur blanche\"}]},{\"@type\":\"WebSite\",\"@id\":\"https:\/\/univers.tg\/#website\",\"url\":\"https:\/\/univers.tg\/\",\"name\":\"UNIVERS.TG\",\"description\":\"AUTORISATION HAAC N\u00b0 0123\/02-2024\/PL\/P\",\"potentialAction\":[{\"@type\":\"SearchAction\",\"target\":{\"@type\":\"EntryPoint\",\"urlTemplate\":\"https:\/\/univers.tg\/?s={search_term_string}\"},\"query-input\":{\"@type\":\"PropertyValueSpecification\",\"valueRequired\":true,\"valueName\":\"search_term_string\"}}],\"inLanguage\":\"fr-FR\"},{\"@type\":\"Person\",\"@id\":\"https:\/\/univers.tg\/#\/schema\/person\/7630d7826904ffdd55c0d13d178b97eb\",\"name\":\"La r\u00e9daction\",\"image\":{\"@type\":\"ImageObject\",\"inLanguage\":\"fr-FR\",\"@id\":\"https:\/\/univers.tg\/#\/schema\/person\/image\/\",\"url\":\"https:\/\/secure.gravatar.com\/avatar\/b9367486cc4651720458a662d192721c9d7cc1f4afe379e49612ab1a610e08ca?s=96&d=mm&r=g\",\"contentUrl\":\"https:\/\/secure.gravatar.com\/avatar\/b9367486cc4651720458a662d192721c9d7cc1f4afe379e49612ab1a610e08ca?s=96&d=mm&r=g\",\"caption\":\"La r\u00e9daction\"},\"url\":\"https:\/\/univers.tg\/index.php\/author\/jeremy-ahossou\/\"}]}<\/script>\n<!-- \/ Yoast SEO plugin. -->","yoast_head_json":{"title":"\u00c9p\u00e9-Ekp\u00e9 2026 : le peuple Guin r\u00e9v\u00e8le une pierre sacr\u00e9e de couleur blanche - UNIVERS.TG","description":"Le peuple Guin a c\u00e9l\u00e9br\u00e9 ce jeudi 3 septembre 2026, \u00e0 Glidji-Kpodji, dans la pr\u00e9fecture des Lacs","robots":{"index":"index","follow":"follow","max-snippet":"max-snippet:-1","max-image-preview":"max-image-preview:large","max-video-preview":"max-video-preview:-1"},"canonical":"https:\/\/univers.tg\/index.php\/2026\/09\/03\/epe-ekpe-2026-le-peuple-guin-revele-une-pierre-sacree-de-couleur-blanche\/","og_locale":"fr_FR","og_type":"article","og_title":"\u00c9p\u00e9-Ekp\u00e9 2026 : le peuple Guin r\u00e9v\u00e8le une pierre sacr\u00e9e de couleur blanche - UNIVERS.TG","og_description":"Le peuple Guin a c\u00e9l\u00e9br\u00e9 ce jeudi 3 septembre 2026, \u00e0 Glidji-Kpodji, dans la pr\u00e9fecture des Lacs","og_url":"https:\/\/univers.tg\/index.php\/2026\/09\/03\/epe-ekpe-2026-le-peuple-guin-revele-une-pierre-sacree-de-couleur-blanche\/","og_site_name":"UNIVERS.TG","article_published_time":"2026-09-03T17:19:41+00:00","article_modified_time":"2026-09-03T17:19:43+00:00","og_image":[{"width":637,"height":660,"url":"https:\/\/univers.tg\/wp-content\/uploads\/2026\/09\/IMG-20260903-WA0061.jpg?wsr","type":"image\/jpeg"}],"author":"La r\u00e9daction","twitter_card":"summary_large_image","twitter_misc":{"\u00c9crit par":"La r\u00e9daction","Dur\u00e9e de lecture estim\u00e9e":"2 minutes"},"schema":{"@context":"https:\/\/schema.org","@graph":[{"@type":"WebPage","@id":"https:\/\/univers.tg\/index.php\/2026\/09\/03\/epe-ekpe-2026-le-peuple-guin-revele-une-pierre-sacree-de-couleur-blanche\/","url":"https:\/\/univers.tg\/index.php\/2026\/09\/03\/epe-ekpe-2026-le-peuple-guin-revele-une-pierre-sacree-de-couleur-blanche\/","name":"\u00c9p\u00e9-Ekp\u00e9 2026 : le peuple Guin r\u00e9v\u00e8le une pierre sacr\u00e9e de couleur blanche - UNIVERS.TG","isPartOf":{"@id":"https:\/\/univers.tg\/#website"},"primaryImageOfPage":{"@id":"https:\/\/univers.tg\/index.php\/2026\/09\/03\/epe-ekpe-2026-le-peuple-guin-revele-une-pierre-sacree-de-couleur-blanche\/#primaryimage"},"image":{"@id":"https:\/\/univers.tg\/index.php\/2026\/09\/03\/epe-ekpe-2026-le-peuple-guin-revele-une-pierre-sacree-de-couleur-blanche\/#primaryimage"},"thumbnailUrl":"https:\/\/univers.tg\/wp-content\/uploads\/2026\/09\/IMG-20260903-WA0061.jpg?wsr","datePublished":"2026-09-03T17:19:41+00:00","dateModified":"2026-09-03T17:19:43+00:00","author":{"@id":"https:\/\/univers.tg\/#\/schema\/person\/7630d7826904ffdd55c0d13d178b97eb"},"description":"Le peuple Guin a c\u00e9l\u00e9br\u00e9 ce jeudi 3 septembre 2026, \u00e0 Glidji-Kpodji, dans la pr\u00e9fecture des Lacs","breadcrumb":{"@id":"https:\/\/univers.tg\/index.php\/2026\/09\/03\/epe-ekpe-2026-le-peuple-guin-revele-une-pierre-sacree-de-couleur-blanche\/#breadcrumb"},"inLanguage":"fr-FR","potentialAction":[{"@type":"ReadAction","target":["https:\/\/univers.tg\/index.php\/2026\/09\/03\/epe-ekpe-2026-le-peuple-guin-revele-une-pierre-sacree-de-couleur-blanche\/"]}]},{"@type":"ImageObject","inLanguage":"fr-FR","@id":"https:\/\/univers.tg\/index.php\/2026\/09\/03\/epe-ekpe-2026-le-peuple-guin-revele-une-pierre-sacree-de-couleur-blanche\/#primaryimage","url":"https:\/\/univers.tg\/wp-content\/uploads\/2026\/09\/IMG-20260903-WA0061.jpg?wsr","contentUrl":"https:\/\/univers.tg\/wp-content\/uploads\/2026\/09\/IMG-20260903-WA0061.jpg?wsr","width":637,"height":660},{"@type":"BreadcrumbList","@id":"https:\/\/univers.tg\/index.php\/2026\/09\/03\/epe-ekpe-2026-le-peuple-guin-revele-une-pierre-sacree-de-couleur-blanche\/#breadcrumb","itemListElement":[{"@type":"ListItem","position":1,"name":"Accueil","item":"https:\/\/univers.tg\/"},{"@type":"ListItem","position":2,"name":"\u00c9p\u00e9-Ekp\u00e9 2026 : le peuple Guin r\u00e9v\u00e8le une pierre sacr\u00e9e de couleur blanche"}]},{"@type":"WebSite","@id":"https:\/\/univers.tg\/#website","url":"https:\/\/univers.tg\/","name":"UNIVERS.TG","description":"AUTORISATION HAAC N\u00b0 0123\/02-2024\/PL\/P","potentialAction":[{"@type":"SearchAction","target":{"@type":"EntryPoint","urlTemplate":"https:\/\/univers.tg\/?s={search_term_string}"},"query-input":{"@type":"PropertyValueSpecification","valueRequired":true,"valueName":"search_term_string"}}],"inLanguage":"fr-FR"},{"@type":"Person","@id":"https:\/\/univers.tg\/#\/schema\/person\/7630d7826904ffdd55c0d13d178b97eb","name":"La r\u00e9daction","image":{"@type":"ImageObject","inLanguage":"fr-FR","@id":"https:\/\/univers.tg\/#\/schema\/person\/image\/","url":"https:\/\/secure.gravatar.com\/avatar\/b9367486cc4651720458a662d192721c9d7cc1f4afe379e49612ab1a610e08ca?s=96&d=mm&r=g","contentUrl":"https:\/\/secure.gravatar.com\/avatar\/b9367486cc4651720458a662d192721c9d7cc1f4afe379e49612ab1a610e08ca?s=96&d=mm&r=g","caption":"La r\u00e9daction"},"url":"https:\/\/univers.tg\/index.php\/author\/jeremy-ahossou\/"}]}},"_links":{"self":[{"href":"https:\/\/univers.tg\/index.php\/wp-json\/wp\/v2\/posts\/9783","targetHints":{"allow":["GET"]}}],"collection":[{"href":"https:\/\/univers.tg\/index.php\/wp-json\/wp\/v2\/posts"}],"about":[{"href":"https:\/\/univers.tg\/index.php\/wp-json\/wp\/v2\/types\/post"}],"author":[{"embeddable":true,"href":"https:\/\/univers.tg\/index.php\/wp-json\/wp\/v2\/users\/5"}],"replies":[{"embeddable":true,"href":"https:\/\/univers.tg\/index.php\/wp-json\/wp\/v2\/comments?post=9783"}],"version-history":[{"count":1,"href":"https:\/\/univers.tg\/index.php\/wp-json\/wp\/v2\/posts\/9783\/revisions"}],"predecessor-version":[{"id":9785,"href":"https:\/\/univers.tg\/index.php\/wp-json\/wp\/v2\/posts\/9783\/revisions\/9785"}],"wp:featuredmedia":[{"embeddable":true,"href":"https:\/\/univers.tg\/index.php\/wp-json\/wp\/v2\/media\/9784"}],"wp:attachment":[{"href":"https:\/\/univers.tg\/index.php\/wp-json\/wp\/v2\/media?parent=9783"}],"wp:term":[{"taxonomy":"category","embeddable":true,"href":"https:\/\/univers.tg\/index.php\/wp-json\/wp\/v2\/categories?post=9783"},{"taxonomy":"post_tag","embeddable":true,"href":"https:\/\/univers.tg\/index.php\/wp-json\/wp\/v2\/tags?post=9783"}],"curies":[{"name":"wp","href":"https:\/\/api.w.org\/{rel}","templated":true}]}}