{"id":9790,"date":"2026-09-04T08:06:23","date_gmt":"2026-09-04T08:06:23","guid":{"rendered":"https:\/\/univers.tg\/?p=9790"},"modified":"2026-09-04T08:06:24","modified_gmt":"2026-09-04T08:06:24","slug":"adjafi-fashion-day-2026-la-mode-togolaise-soffre-une-belle-vitrine","status":"publish","type":"post","link":"https:\/\/univers.tg\/index.php\/2026\/09\/04\/adjafi-fashion-day-2026-la-mode-togolaise-soffre-une-belle-vitrine\/","title":{"rendered":"Adjafi Fashion Day 2026 : la mode togolaise s\u2019offre une belle vitrine"},"content":{"rendered":"\n<p class=\"wp-block-paragraph\">La 8\u1d49 \u00e9dition de l\u2019Adjafi Fashion Day s\u2019est tenue jeudi 3 septembre 2026 sur le site de la Foire Adjafi, \u00e0 l\u2019aire de jeux du lyc\u00e9e d\u2019Ago\u00e8-Nyiv\u00e9. Plac\u00e9e sous le signe de la mode et des textiles togolais, cette rencontre a offert une vitrine aux cr\u00e9ateurs locaux et aux acteurs de la mode africaine, devant un public venu appr\u00e9cier les diff\u00e9rentes cr\u00e9ations pr\u00e9sent\u00e9es.<\/p>\n\n\n\n<figure class=\"wp-block-image size-large\"><img loading=\"lazy\" decoding=\"async\" width=\"1024\" height=\"576\" src=\"https:\/\/univers.tg\/wp-content\/uploads\/2026\/09\/1977524-1024x576.jpg?wsr\" alt=\"\" class=\"wp-image-9792\" srcset=\"https:\/\/univers.tg\/wp-content\/uploads\/2026\/09\/1977524-1024x576.jpg 1024w, https:\/\/univers.tg\/wp-content\/uploads\/2026\/09\/1977524-300x169.jpg 300w, https:\/\/univers.tg\/wp-content\/uploads\/2026\/09\/1977524-768x432.jpg 768w, https:\/\/univers.tg\/wp-content\/uploads\/2026\/09\/1977524-1536x864.jpg 1536w, https:\/\/univers.tg\/wp-content\/uploads\/2026\/09\/1977524-2048x1152.jpg 2048w\" sizes=\"auto, (max-width: 1024px) 100vw, 1024px\" \/><\/figure>\n\n\n\n<p class=\"wp-block-paragraph\"><br>La soir\u00e9e a \u00e9t\u00e9 rythm\u00e9e par plusieurs tableaux de d\u00e9fil\u00e9, anim\u00e9s par des mannequins exp\u00e9riment\u00e9s. Sept passages ont permis de mettre en lumi\u00e8re le savoir-faire de huit stylistes issus du Togo et de la sous-r\u00e9gion. Les diff\u00e9rentes pr\u00e9sentations ont notamment valoris\u00e9 la cr\u00e9ativit\u00e9, la diversit\u00e9 des styles et l\u2019utilisation de mati\u00e8res inspir\u00e9es du patrimoine textile africain.<\/p>\n\n\n\n<figure class=\"wp-block-image size-large\"><img loading=\"lazy\" decoding=\"async\" width=\"1024\" height=\"576\" src=\"https:\/\/univers.tg\/wp-content\/uploads\/2026\/09\/1977533-1024x576.jpg?wsr\" alt=\"\" class=\"wp-image-9793\" srcset=\"https:\/\/univers.tg\/wp-content\/uploads\/2026\/09\/1977533-1024x576.jpg 1024w, https:\/\/univers.tg\/wp-content\/uploads\/2026\/09\/1977533-300x169.jpg 300w, https:\/\/univers.tg\/wp-content\/uploads\/2026\/09\/1977533-768x432.jpg 768w, https:\/\/univers.tg\/wp-content\/uploads\/2026\/09\/1977533-1536x864.jpg 1536w, https:\/\/univers.tg\/wp-content\/uploads\/2026\/09\/1977533-2048x1152.jpg 2048w\" sizes=\"auto, (max-width: 1024px) 100vw, 1024px\" \/><\/figure>\n\n\n\n<p class=\"wp-block-paragraph\">Pour Leslie Oneney, promotrice de l\u2019Adjafi Fashion Day, cette \u00e9dition avait pour objectif de rapprocher les diff\u00e9rents acteurs de la foire autour de la mode. \u00ab On a voulu simplement faire une f\u00eate de la mode. On a tenu \u00e0 faire une union des entrepreneurs de la foire de fa\u00e7on g\u00e9n\u00e9rale avec les entrepreneurs de la mode \u00bb, a-t-elle expliqu\u00e9. Elle a ajout\u00e9 que le premier tableau avait permis de mettre en lumi\u00e8re des entrepreneurs de l\u2019agroalimentaire, de la cosm\u00e9tique et des boutiques de mode avant le d\u00e9but du d\u00e9fil\u00e9.<\/p>\n\n\n\n<figure class=\"wp-block-gallery has-nested-images columns-default is-cropped wp-block-gallery-1 is-layout-flex wp-block-gallery-is-layout-flex\">\n<figure class=\"wp-block-image size-large\"><img loading=\"lazy\" decoding=\"async\" width=\"1024\" height=\"576\" data-id=\"9797\" src=\"https:\/\/univers.tg\/wp-content\/uploads\/2026\/09\/1977532-1024x576.jpg?wsr\" alt=\"\" class=\"wp-image-9797\" srcset=\"https:\/\/univers.tg\/wp-content\/uploads\/2026\/09\/1977532-1024x576.jpg 1024w, https:\/\/univers.tg\/wp-content\/uploads\/2026\/09\/1977532-300x169.jpg 300w, https:\/\/univers.tg\/wp-content\/uploads\/2026\/09\/1977532-768x432.jpg 768w, https:\/\/univers.tg\/wp-content\/uploads\/2026\/09\/1977532-1536x864.jpg 1536w, https:\/\/univers.tg\/wp-content\/uploads\/2026\/09\/1977532-2048x1152.jpg 2048w\" sizes=\"auto, (max-width: 1024px) 100vw, 1024px\" \/><\/figure>\n\n\n\n<figure class=\"wp-block-image size-large\"><img loading=\"lazy\" decoding=\"async\" width=\"1024\" height=\"576\" data-id=\"9794\" src=\"https:\/\/univers.tg\/wp-content\/uploads\/2026\/09\/1977534-1024x576.jpg?wsr\" alt=\"\" class=\"wp-image-9794\" srcset=\"https:\/\/univers.tg\/wp-content\/uploads\/2026\/09\/1977534-1024x576.jpg 1024w, https:\/\/univers.tg\/wp-content\/uploads\/2026\/09\/1977534-300x169.jpg 300w, https:\/\/univers.tg\/wp-content\/uploads\/2026\/09\/1977534-768x432.jpg 768w, https:\/\/univers.tg\/wp-content\/uploads\/2026\/09\/1977534-1536x864.jpg 1536w, https:\/\/univers.tg\/wp-content\/uploads\/2026\/09\/1977534-2048x1152.jpg 2048w\" sizes=\"auto, (max-width: 1024px) 100vw, 1024px\" \/><\/figure>\n\n\n\n<figure class=\"wp-block-image size-large\"><img loading=\"lazy\" decoding=\"async\" width=\"1024\" height=\"576\" data-id=\"9796\" src=\"https:\/\/univers.tg\/wp-content\/uploads\/2026\/09\/1977527-1024x576.jpg?wsr\" alt=\"\" class=\"wp-image-9796\" srcset=\"https:\/\/univers.tg\/wp-content\/uploads\/2026\/09\/1977527-1024x576.jpg 1024w, https:\/\/univers.tg\/wp-content\/uploads\/2026\/09\/1977527-300x169.jpg 300w, https:\/\/univers.tg\/wp-content\/uploads\/2026\/09\/1977527-768x432.jpg 768w, https:\/\/univers.tg\/wp-content\/uploads\/2026\/09\/1977527-1536x864.jpg 1536w, https:\/\/univers.tg\/wp-content\/uploads\/2026\/09\/1977527-2048x1152.jpg 2048w\" sizes=\"auto, (max-width: 1024px) 100vw, 1024px\" \/><\/figure>\n\n\n\n<figure class=\"wp-block-image size-large\"><img loading=\"lazy\" decoding=\"async\" width=\"1024\" height=\"576\" data-id=\"9795\" src=\"https:\/\/univers.tg\/wp-content\/uploads\/2026\/09\/1977526-1024x576.jpg?wsr\" alt=\"\" class=\"wp-image-9795\" srcset=\"https:\/\/univers.tg\/wp-content\/uploads\/2026\/09\/1977526-1024x576.jpg 1024w, https:\/\/univers.tg\/wp-content\/uploads\/2026\/09\/1977526-300x169.jpg 300w, https:\/\/univers.tg\/wp-content\/uploads\/2026\/09\/1977526-768x432.jpg 768w, https:\/\/univers.tg\/wp-content\/uploads\/2026\/09\/1977526-1536x864.jpg 1536w, https:\/\/univers.tg\/wp-content\/uploads\/2026\/09\/1977526-2048x1152.jpg 2048w\" sizes=\"auto, (max-width: 1024px) 100vw, 1024px\" \/><\/figure>\n<\/figure>\n\n\n\n<p class=\"wp-block-paragraph\">La promotrice a \u00e9galement insist\u00e9 sur l\u2019importance accord\u00e9e cette ann\u00e9e aux cr\u00e9ateurs locaux. \u00ab Cette ann\u00e9e, c\u2019\u00e9tait vraiment d\u00e9di\u00e9 aux promoteurs locaux. Le th\u00e8me, c\u2019\u00e9tait mode et textiles togolais. C\u2019\u00e9tait d\u2019abord de mettre en lumi\u00e8re les Togolais, nos cr\u00e9ateurs \u00bb, a-t-elle soulign\u00e9. Elle a toutefois pr\u00e9cis\u00e9 que l\u2019\u00e9v\u00e9nement reste ouvert aux cr\u00e9ateurs venus d\u2019autres pays, estimant qu\u2019il est \u00e9galement important de leur offrir une visibilit\u00e9.<\/p>\n\n\n\n<p class=\"wp-block-paragraph\">Au-del\u00e0 du spectacle, l\u2019Adjafi Fashion Day s\u2019inscrit dans la dynamique de promotion de l\u2019entrepreneuriat des jeunes port\u00e9e par la Foire Adjafi. L\u2019\u00e9v\u00e9nement entend ainsi contribuer \u00e0 la visibilit\u00e9 des acteurs de la mode, encourager la cr\u00e9ativit\u00e9 et favoriser la mise en valeur du savoir-faire local. La mode appara\u00eet ainsi comme un secteur pouvant offrir des opportunit\u00e9s \u00e9conomiques et professionnelles aux jeunes.<br>.<br>\u00c0 travers cette 8\u1d49 \u00e9dition, l\u2019Adjafi Fashion Day confirme donc sa volont\u00e9 de faire de la mode un v\u00e9ritable levier de promotion de l\u2019entrepreneuriat et du patrimoine textile togolais. La rencontre a permis aux cr\u00e9ateurs de pr\u00e9senter leur savoir-faire tout en renfor\u00e7ant les liens entre les diff\u00e9rents entrepreneurs pr\u00e9sents sur le site de la Foire Adjafi.<\/p>\n\n\n\n<p class=\"wp-block-paragraph\">.<\/p>\n","protected":false},"excerpt":{"rendered":"<p>La 8\u1d49 \u00e9dition de l\u2019Adjafi Fashion Day s\u2019est tenue jeudi 3 septembre 2026 sur le site de la Foire Adjafi, \u00e0 l\u2019aire de jeux du lyc\u00e9e d\u2019Ago\u00e8-Nyiv\u00e9. Plac\u00e9e sous le signe de la mode et des textiles togolais, cette rencontre a offert une vitrine aux cr\u00e9ateurs locaux et aux acteurs de la mode africaine, devant<\/p>\n","protected":false},"author":5,"featured_media":9791,"comment_status":"open","ping_status":"open","sticky":false,"template":"","format":"standard","meta":{"footnotes":""},"categories":[382],"tags":[],"class_list":["post-9790","post","type-post","status-publish","format-standard","has-post-thumbnail","hentry","category-artisanat"],"yoast_head":"<!-- This site is optimized with the Yoast SEO plugin v26.4 - https:\/\/yoast.com\/wordpress\/plugins\/seo\/ -->\n<title>Adjafi Fashion Day 2026 : la mode togolaise s\u2019offre une belle vitrine - UNIVERS.TG<\/title>\n<meta name=\"description\" content=\"La 8\u1d49 \u00e9dition de l\u2019Adjafi Fashion Day s\u2019est tenue jeudi 3 septembre 2026 sur le site de la Foire Adjafi, \u00e0 l\u2019aire de jeux du lyc\u00e9e d\u2019Ago\u00e8-Nyiv\u00e9\" \/>\n<meta name=\"robots\" content=\"index, follow, max-snippet:-1, max-image-preview:large, max-video-preview:-1\" \/>\n<link rel=\"canonical\" href=\"https:\/\/univers.tg\/index.php\/2026\/09\/04\/adjafi-fashion-day-2026-la-mode-togolaise-soffre-une-belle-vitrine\/\" \/>\n<meta property=\"og:locale\" content=\"fr_FR\" \/>\n<meta property=\"og:type\" content=\"article\" \/>\n<meta property=\"og:title\" content=\"Adjafi Fashion Day 2026 : la mode togolaise s\u2019offre une belle vitrine - UNIVERS.TG\" \/>\n<meta property=\"og:description\" content=\"La 8\u1d49 \u00e9dition de l\u2019Adjafi Fashion Day s\u2019est tenue jeudi 3 septembre 2026 sur le site de la Foire Adjafi, \u00e0 l\u2019aire de jeux du lyc\u00e9e d\u2019Ago\u00e8-Nyiv\u00e9\" \/>\n<meta property=\"og:url\" content=\"https:\/\/univers.tg\/index.php\/2026\/09\/04\/adjafi-fashion-day-2026-la-mode-togolaise-soffre-une-belle-vitrine\/\" \/>\n<meta property=\"og:site_name\" content=\"UNIVERS.TG\" \/>\n<meta property=\"article:published_time\" content=\"2026-09-04T08:06:23+00:00\" \/>\n<meta property=\"article:modified_time\" content=\"2026-09-04T08:06:24+00:00\" \/>\n<meta property=\"og:image\" content=\"https:\/\/univers.tg\/wp-content\/uploads\/2026\/09\/IMG-20260904-WA0041.jpg?wsr\" \/>\n\t<meta property=\"og:image:width\" content=\"2560\" \/>\n\t<meta property=\"og:image:height\" content=\"1440\" \/>\n\t<meta property=\"og:image:type\" content=\"image\/jpeg\" \/>\n<meta name=\"author\" content=\"La r\u00e9daction\" \/>\n<meta name=\"twitter:card\" content=\"summary_large_image\" \/>\n<meta name=\"twitter:label1\" content=\"\u00c9crit par\" \/>\n\t<meta name=\"twitter:data1\" content=\"La r\u00e9daction\" \/>\n\t<meta name=\"twitter:label2\" content=\"Dur\u00e9e de lecture estim\u00e9e\" \/>\n\t<meta name=\"twitter:data2\" content=\"4 minutes\" \/>\n<script type=\"application\/ld+json\" class=\"yoast-schema-graph\">{\"@context\":\"https:\/\/schema.org\",\"@graph\":[{\"@type\":\"WebPage\",\"@id\":\"https:\/\/univers.tg\/index.php\/2026\/09\/04\/adjafi-fashion-day-2026-la-mode-togolaise-soffre-une-belle-vitrine\/\",\"url\":\"https:\/\/univers.tg\/index.php\/2026\/09\/04\/adjafi-fashion-day-2026-la-mode-togolaise-soffre-une-belle-vitrine\/\",\"name\":\"Adjafi Fashion Day 2026 : la mode togolaise s\u2019offre une belle vitrine - UNIVERS.TG\",\"isPartOf\":{\"@id\":\"https:\/\/univers.tg\/#website\"},\"primaryImageOfPage\":{\"@id\":\"https:\/\/univers.tg\/index.php\/2026\/09\/04\/adjafi-fashion-day-2026-la-mode-togolaise-soffre-une-belle-vitrine\/#primaryimage\"},\"image\":{\"@id\":\"https:\/\/univers.tg\/index.php\/2026\/09\/04\/adjafi-fashion-day-2026-la-mode-togolaise-soffre-une-belle-vitrine\/#primaryimage\"},\"thumbnailUrl\":\"https:\/\/univers.tg\/wp-content\/uploads\/2026\/09\/IMG-20260904-WA0041.jpg?wsr\",\"datePublished\":\"2026-09-04T08:06:23+00:00\",\"dateModified\":\"2026-09-04T08:06:24+00:00\",\"author\":{\"@id\":\"https:\/\/univers.tg\/#\/schema\/person\/7630d7826904ffdd55c0d13d178b97eb\"},\"description\":\"La 8\u1d49 \u00e9dition de l\u2019Adjafi Fashion Day s\u2019est tenue jeudi 3 septembre 2026 sur le site de la Foire Adjafi, \u00e0 l\u2019aire de jeux du lyc\u00e9e d\u2019Ago\u00e8-Nyiv\u00e9\",\"breadcrumb\":{\"@id\":\"https:\/\/univers.tg\/index.php\/2026\/09\/04\/adjafi-fashion-day-2026-la-mode-togolaise-soffre-une-belle-vitrine\/#breadcrumb\"},\"inLanguage\":\"fr-FR\",\"potentialAction\":[{\"@type\":\"ReadAction\",\"target\":[\"https:\/\/univers.tg\/index.php\/2026\/09\/04\/adjafi-fashion-day-2026-la-mode-togolaise-soffre-une-belle-vitrine\/\"]}]},{\"@type\":\"ImageObject\",\"inLanguage\":\"fr-FR\",\"@id\":\"https:\/\/univers.tg\/index.php\/2026\/09\/04\/adjafi-fashion-day-2026-la-mode-togolaise-soffre-une-belle-vitrine\/#primaryimage\",\"url\":\"https:\/\/univers.tg\/wp-content\/uploads\/2026\/09\/IMG-20260904-WA0041.jpg?wsr\",\"contentUrl\":\"https:\/\/univers.tg\/wp-content\/uploads\/2026\/09\/IMG-20260904-WA0041.jpg?wsr\",\"width\":2560,\"height\":1440},{\"@type\":\"BreadcrumbList\",\"@id\":\"https:\/\/univers.tg\/index.php\/2026\/09\/04\/adjafi-fashion-day-2026-la-mode-togolaise-soffre-une-belle-vitrine\/#breadcrumb\",\"itemListElement\":[{\"@type\":\"ListItem\",\"position\":1,\"name\":\"Accueil\",\"item\":\"https:\/\/univers.tg\/\"},{\"@type\":\"ListItem\",\"position\":2,\"name\":\"Adjafi Fashion Day 2026 : la mode togolaise s\u2019offre une belle vitrine\"}]},{\"@type\":\"WebSite\",\"@id\":\"https:\/\/univers.tg\/#website\",\"url\":\"https:\/\/univers.tg\/\",\"name\":\"UNIVERS.TG\",\"description\":\"AUTORISATION HAAC N\u00b0 0123\/02-2024\/PL\/P\",\"potentialAction\":[{\"@type\":\"SearchAction\",\"target\":{\"@type\":\"EntryPoint\",\"urlTemplate\":\"https:\/\/univers.tg\/?s={search_term_string}\"},\"query-input\":{\"@type\":\"PropertyValueSpecification\",\"valueRequired\":true,\"valueName\":\"search_term_string\"}}],\"inLanguage\":\"fr-FR\"},{\"@type\":\"Person\",\"@id\":\"https:\/\/univers.tg\/#\/schema\/person\/7630d7826904ffdd55c0d13d178b97eb\",\"name\":\"La r\u00e9daction\",\"image\":{\"@type\":\"ImageObject\",\"inLanguage\":\"fr-FR\",\"@id\":\"https:\/\/univers.tg\/#\/schema\/person\/image\/\",\"url\":\"https:\/\/secure.gravatar.com\/avatar\/b9367486cc4651720458a662d192721c9d7cc1f4afe379e49612ab1a610e08ca?s=96&d=mm&r=g\",\"contentUrl\":\"https:\/\/secure.gravatar.com\/avatar\/b9367486cc4651720458a662d192721c9d7cc1f4afe379e49612ab1a610e08ca?s=96&d=mm&r=g\",\"caption\":\"La r\u00e9daction\"},\"url\":\"https:\/\/univers.tg\/index.php\/author\/jeremy-ahossou\/\"}]}<\/script>\n<!-- \/ Yoast SEO plugin. -->","yoast_head_json":{"title":"Adjafi Fashion Day 2026 : la mode togolaise s\u2019offre une belle vitrine - UNIVERS.TG","description":"La 8\u1d49 \u00e9dition de l\u2019Adjafi Fashion Day s\u2019est tenue jeudi 3 septembre 2026 sur le site de la Foire Adjafi, \u00e0 l\u2019aire de jeux du lyc\u00e9e d\u2019Ago\u00e8-Nyiv\u00e9","robots":{"index":"index","follow":"follow","max-snippet":"max-snippet:-1","max-image-preview":"max-image-preview:large","max-video-preview":"max-video-preview:-1"},"canonical":"https:\/\/univers.tg\/index.php\/2026\/09\/04\/adjafi-fashion-day-2026-la-mode-togolaise-soffre-une-belle-vitrine\/","og_locale":"fr_FR","og_type":"article","og_title":"Adjafi Fashion Day 2026 : la mode togolaise s\u2019offre une belle vitrine - UNIVERS.TG","og_description":"La 8\u1d49 \u00e9dition de l\u2019Adjafi Fashion Day s\u2019est tenue jeudi 3 septembre 2026 sur le site de la Foire Adjafi, \u00e0 l\u2019aire de jeux du lyc\u00e9e d\u2019Ago\u00e8-Nyiv\u00e9","og_url":"https:\/\/univers.tg\/index.php\/2026\/09\/04\/adjafi-fashion-day-2026-la-mode-togolaise-soffre-une-belle-vitrine\/","og_site_name":"UNIVERS.TG","article_published_time":"2026-09-04T08:06:23+00:00","article_modified_time":"2026-09-04T08:06:24+00:00","og_image":[{"width":2560,"height":1440,"url":"https:\/\/univers.tg\/wp-content\/uploads\/2026\/09\/IMG-20260904-WA0041.jpg?wsr","type":"image\/jpeg"}],"author":"La r\u00e9daction","twitter_card":"summary_large_image","twitter_misc":{"\u00c9crit par":"La r\u00e9daction","Dur\u00e9e de lecture estim\u00e9e":"4 minutes"},"schema":{"@context":"https:\/\/schema.org","@graph":[{"@type":"WebPage","@id":"https:\/\/univers.tg\/index.php\/2026\/09\/04\/adjafi-fashion-day-2026-la-mode-togolaise-soffre-une-belle-vitrine\/","url":"https:\/\/univers.tg\/index.php\/2026\/09\/04\/adjafi-fashion-day-2026-la-mode-togolaise-soffre-une-belle-vitrine\/","name":"Adjafi Fashion Day 2026 : la mode togolaise s\u2019offre une belle vitrine - UNIVERS.TG","isPartOf":{"@id":"https:\/\/univers.tg\/#website"},"primaryImageOfPage":{"@id":"https:\/\/univers.tg\/index.php\/2026\/09\/04\/adjafi-fashion-day-2026-la-mode-togolaise-soffre-une-belle-vitrine\/#primaryimage"},"image":{"@id":"https:\/\/univers.tg\/index.php\/2026\/09\/04\/adjafi-fashion-day-2026-la-mode-togolaise-soffre-une-belle-vitrine\/#primaryimage"},"thumbnailUrl":"https:\/\/univers.tg\/wp-content\/uploads\/2026\/09\/IMG-20260904-WA0041.jpg?wsr","datePublished":"2026-09-04T08:06:23+00:00","dateModified":"2026-09-04T08:06:24+00:00","author":{"@id":"https:\/\/univers.tg\/#\/schema\/person\/7630d7826904ffdd55c0d13d178b97eb"},"description":"La 8\u1d49 \u00e9dition de l\u2019Adjafi Fashion Day s\u2019est tenue jeudi 3 septembre 2026 sur le site de la Foire Adjafi, \u00e0 l\u2019aire de jeux du lyc\u00e9e d\u2019Ago\u00e8-Nyiv\u00e9","breadcrumb":{"@id":"https:\/\/univers.tg\/index.php\/2026\/09\/04\/adjafi-fashion-day-2026-la-mode-togolaise-soffre-une-belle-vitrine\/#breadcrumb"},"inLanguage":"fr-FR","potentialAction":[{"@type":"ReadAction","target":["https:\/\/univers.tg\/index.php\/2026\/09\/04\/adjafi-fashion-day-2026-la-mode-togolaise-soffre-une-belle-vitrine\/"]}]},{"@type":"ImageObject","inLanguage":"fr-FR","@id":"https:\/\/univers.tg\/index.php\/2026\/09\/04\/adjafi-fashion-day-2026-la-mode-togolaise-soffre-une-belle-vitrine\/#primaryimage","url":"https:\/\/univers.tg\/wp-content\/uploads\/2026\/09\/IMG-20260904-WA0041.jpg?wsr","contentUrl":"https:\/\/univers.tg\/wp-content\/uploads\/2026\/09\/IMG-20260904-WA0041.jpg?wsr","width":2560,"height":1440},{"@type":"BreadcrumbList","@id":"https:\/\/univers.tg\/index.php\/2026\/09\/04\/adjafi-fashion-day-2026-la-mode-togolaise-soffre-une-belle-vitrine\/#breadcrumb","itemListElement":[{"@type":"ListItem","position":1,"name":"Accueil","item":"https:\/\/univers.tg\/"},{"@type":"ListItem","position":2,"name":"Adjafi Fashion Day 2026 : la mode togolaise s\u2019offre une belle vitrine"}]},{"@type":"WebSite","@id":"https:\/\/univers.tg\/#website","url":"https:\/\/univers.tg\/","name":"UNIVERS.TG","description":"AUTORISATION HAAC N\u00b0 0123\/02-2024\/PL\/P","potentialAction":[{"@type":"SearchAction","target":{"@type":"EntryPoint","urlTemplate":"https:\/\/univers.tg\/?s={search_term_string}"},"query-input":{"@type":"PropertyValueSpecification","valueRequired":true,"valueName":"search_term_string"}}],"inLanguage":"fr-FR"},{"@type":"Person","@id":"https:\/\/univers.tg\/#\/schema\/person\/7630d7826904ffdd55c0d13d178b97eb","name":"La r\u00e9daction","image":{"@type":"ImageObject","inLanguage":"fr-FR","@id":"https:\/\/univers.tg\/#\/schema\/person\/image\/","url":"https:\/\/secure.gravatar.com\/avatar\/b9367486cc4651720458a662d192721c9d7cc1f4afe379e49612ab1a610e08ca?s=96&d=mm&r=g","contentUrl":"https:\/\/secure.gravatar.com\/avatar\/b9367486cc4651720458a662d192721c9d7cc1f4afe379e49612ab1a610e08ca?s=96&d=mm&r=g","caption":"La r\u00e9daction"},"url":"https:\/\/univers.tg\/index.php\/author\/jeremy-ahossou\/"}]}},"_links":{"self":[{"href":"https:\/\/univers.tg\/index.php\/wp-json\/wp\/v2\/posts\/9790","targetHints":{"allow":["GET"]}}],"collection":[{"href":"https:\/\/univers.tg\/index.php\/wp-json\/wp\/v2\/posts"}],"about":[{"href":"https:\/\/univers.tg\/index.php\/wp-json\/wp\/v2\/types\/post"}],"author":[{"embeddable":true,"href":"https:\/\/univers.tg\/index.php\/wp-json\/wp\/v2\/users\/5"}],"replies":[{"embeddable":true,"href":"https:\/\/univers.tg\/index.php\/wp-json\/wp\/v2\/comments?post=9790"}],"version-history":[{"count":1,"href":"https:\/\/univers.tg\/index.php\/wp-json\/wp\/v2\/posts\/9790\/revisions"}],"predecessor-version":[{"id":9798,"href":"https:\/\/univers.tg\/index.php\/wp-json\/wp\/v2\/posts\/9790\/revisions\/9798"}],"wp:featuredmedia":[{"embeddable":true,"href":"https:\/\/univers.tg\/index.php\/wp-json\/wp\/v2\/media\/9791"}],"wp:attachment":[{"href":"https:\/\/univers.tg\/index.php\/wp-json\/wp\/v2\/media?parent=9790"}],"wp:term":[{"taxonomy":"category","embeddable":true,"href":"https:\/\/univers.tg\/index.php\/wp-json\/wp\/v2\/categories?post=9790"},{"taxonomy":"post_tag","embeddable":true,"href":"https:\/\/univers.tg\/index.php\/wp-json\/wp\/v2\/tags?post=9790"}],"curies":[{"name":"wp","href":"https:\/\/api.w.org\/{rel}","templated":true}]}}